{"id":2097653,"date":"2026-08-14T10:13:18","date_gmt":"2026-08-14T07:13:18","guid":{"rendered":"https:\/\/analyse.optim.biz\/?p=2097653"},"modified":"2026-08-14T10:13:18","modified_gmt":"2026-08-14T07:13:18","slug":"calea-timisoarei-se-inchide-pentru-trei-luni-se-construiesc-doua-sensuri-giratorii-la-giroc","status":"publish","type":"post","link":"https:\/\/analyse.optim.biz\/?p=2097653","title":{"rendered":"Calea Timi\u0219oarei se \u00eenchide pentru trei luni. Se construiesc dou\u0103 sensuri giratorii la Giroc"},"content":{"rendered":"<p>[analyse_image type=&#8221;featured&#8221; src=&#8221;https:\/\/www.tion.ro\/wp-content\/uploads\/2026\/08\/+otf\/1200&#215;630\/sh3R__rRbKehixMv3IYWYOE5PVF9WRVJZX1NFQ1IBsXStcZlf__YtplCUVOaH4IBbviaoaIpueFEjhb+qOtCRQVRr8m+67nSn22z4zNow6sIg06yUEo4DHhr7K2A0=\/6702196caleatimisoareigiroc.jpg&#8221;]<\/p>\n<article id=\"post-2334042\" class>\n<div class=\"entry-content clearfix\">\n<div class=\"enewsArticleContent\">\n<p>Potrivit Prim\u0103riei Comunei Giroc, circula\u021bia rutier\u0103 pe Calea Timi\u0219oarei va fi \u00eenchis\u0103 pentru o perioad\u0103 estimat\u0103 la aproximativ trei luni. Lucr\u0103rile sunt realizate de Consiliul Jude\u021bean Timi\u0219 \u0219i presupun interven\u021bii ample asupra infrastructurii rutiere.<\/p>\n<p>Vor fi amenajate dou\u0103 sensuri giratorii, unul la intersec\u021bia C\u0103ii Timi\u0219oarei cu strada Jupiter, iar cel de-al doilea la intersec\u021bia cu Bulevardul Soarelui.<\/p>\n<p>Lucr\u0103rile presupun s\u0103p\u0103turi pe suprafe\u021be extinse \u0219i interven\u021bii complexe asupra drumului, motiv pentru care autorit\u0103\u021bile spun c\u0103 \u00eenchiderea complet\u0103 a circula\u021biei este necesar\u0103 pentru desf\u0103\u0219urarea lucr\u0103rilor \u00een condi\u021bii de siguran\u021b\u0103.<\/p>\n<p>Pe toat\u0103 perioada lucr\u0103rilor, traficul rutier va fi deviat pe traseele stabilite de autorit\u0103\u021bi. Schema de deviere anun\u021bat\u0103 de Prim\u0103ria Giroc va fi valabil\u0103 p\u00e2n\u0103 la \u00eenceperea noului an \u0219colar.<\/p>\n<p>Restric\u021biile \u00eei vor afecta \u0219i pe cei care folosesc transportul public. Traseele autobuzelor vor fi deviate pe durata lucr\u0103rilor, iar ruta temporar\u0103 destinat\u0103 transportului public va fi utilizat\u0103 at\u00e2t pentru deplasarea spre Giroc, c\u00e2t \u0219i pentru retur.<\/p>\n<p>Odat\u0103 cu \u00eenceperea anului \u0219colar, traseul de deviere va fi modificat. Decizia este motivat\u0103 de faptul c\u0103 \u00een zona str\u0103zii Libert\u0103\u021bii se afl\u0103 o \u0219coal\u0103 \u0219i o gr\u0103dini\u021b\u0103, iar autorit\u0103\u021bile vor s\u0103 evite formarea unor ambuteiaje \u00een aceast\u0103 zon\u0103 \u0219i s\u0103 asigure condi\u021bii de siguran\u021b\u0103 pentru copii.<\/p>\n<p>Autorit\u0103\u021bile le recomand\u0103 \u0219oferilor s\u0103 \u021bin\u0103 cont de noile restric\u021bii \u0219i s\u0103 \u00ee\u0219i planifice din timp deplas\u0103rile \u00een zona Giroc \u2013 Timi\u0219oara, \u00een special \u00een orele de v\u00e2rf.<\/p>\n<div class=\"fbShareLikeTwitterAndEmailContainer\">\n<div class=\"wrapper\">\n<div class=\"email\">\n<div id=\"mailto-pop\" class=\"pop-form pop-form-mailto\">\n<div class=\"pop-form-header\">\n<h4>Trimite articolul<\/h4>\n<p><a class=\"pop-form-close\">X<\/a><\/div>\n<\/div>\n<\/div>\n<\/div>\n<\/div>\n<div class=\"tagsContainer\">\n<div class=\"tagsLabel\">Taguri:<\/div>\n<div class=\"tags\">\n<div class=\"tag\"><a href=\"https:\/\/www.tion.ro\/cimke\/calea-timisoarei\" rel=\"tag\"><span class=\"link\">calea timisoarei<\/span><span class=\"separator\">,<\/span><\/a><\/div>\n<div class=\"tag\"><a href=\"https:\/\/www.tion.ro\/cimke\/giroc\" rel=\"tag\"><span class=\"link\">giroc<\/span><span class=\"separator\">,<\/span><\/a><\/div>\n<div class=\"tag\"><a href=\"https:\/\/www.tion.ro\/cimke\/inchidere\" rel=\"tag\"><span class=\"link\">inchidere<\/span><\/a><\/div>\n<\/div>\n<\/div>\n<div class=\"comments\">\n<div class=\"top\">\n<div class=\"commentsNumber\"><span class=\"number\">19<\/span><span class=\"text\">Comentarii<\/span><\/div>\n<\/div>\n<div class=\"center\">\n<div id=\"respond\" class=\"comment-respond\">\n<h3 id=\"reply-title\" class=\"comment-reply-title\"><small><a rel=\"nofollow\" id=\"cancel-comment-reply-link\" href=\"https:\/\/www.tion.ro\/stirile-judetului-timis\/calea-timisoarei-se-inchide-pentru-trei-luni-se-construiesc-doua-sensuri-giratorii-la-giroc-2334042\/#respond\">Cancel reply<\/a><\/small><\/h3>\n<p class=\"comment-notes\"><span id=\"email-notes\">Your email address will not be published.<\/span><span class=\"required-field-message\">Required fields are marked <span class=\"required\">*<\/span><\/span><\/p>\n<p class=\"commentFormComment\"><span id=\"commentFormCount\"><br \/>\n                            inca<br \/>\n                            <span id=\"countCommentText\">1000<\/span><br \/>\n                            caractere ramase<br \/>\n                        <\/span><\/p>\n<\/div>\n<\/div>\n<div class=\"bottom\">\n<p class=\"forumDisclaimerHuRo\">\n            Citi\u021bi principiile noastre de moderare <a href=\"https:\/\/www.tion.ro\/reguli-postare-comentarii\/\" target=\"_blank\">aici<\/a>!\n        <\/p>\n<\/div>\n<\/div>\n<div id=\"forum\">\n<li class=\"comment even thread-even depth-1\" id=\"comment-1014888\">\n<div id=\"div-comment-1014888\" class=\"comment-body\">\n<div class=\"comment-author vcard\"><img decoding=\"async\" alt src=\"https:\/\/secure.gravatar.com\/avatar\/80512058636a93a3775dac8a70f8cd76?s=32&amp;d=mm&amp;r=g\" class=\"avatar avatar-32 photo\" height=\"32\" width=\"32\" loading=\"lazy\"><cite class=\"fn\">schnapps<\/cite><span class=\"says\">says:<\/span><\/div>\n<div class=\"comment-meta commentmetadata\"><a href=\"https:\/\/www.tion.ro\/stirile-judetului-timis\/calea-timisoarei-se-inchide-pentru-trei-luni-se-construiesc-doua-sensuri-giratorii-la-giroc-2334042\/#comment-1014888\">August 14, 2026 at 1:34 pm<\/a><\/div>\n<p>Fredy, gandeste-te tu macar ca mai trebuie drumuri alternative  spre TM, al nostru e preocupat de organizarea Rugilor, cu cantaretii cei mai scumpi de pe piata<\/p>\n<div class=\"reply\"><a rel=\"nofollow\" class=\"comment-reply-link\" href=\"https:\/\/www.tion.ro\/stirile-judetului-timis\/calea-timisoarei-se-inchide-pentru-trei-luni-se-construiesc-doua-sensuri-giratorii-la-giroc-2334042\/#comment-1014888\" data-commentid=\"1014888\" data-postid=\"2334042\" data-belowelement=\"div-comment-1014888\" data-respondelement=\"respond\" data-replyto=\"Reply to schnapps\" aria-label=\"Reply to schnapps\">Reply<\/a><\/div>\n<\/div>\n<\/li>\n<li class=\"comment odd alt thread-odd thread-alt depth-1 parent\" id=\"comment-1014900\">\n<div id=\"div-comment-1014900\" class=\"comment-body\">\n<div class=\"comment-author vcard\"><img decoding=\"async\" alt src=\"https:\/\/secure.gravatar.com\/avatar\/48f1caf8c86c05eb4798e9da1e6b4c5f?s=32&amp;d=mm&amp;r=g\" class=\"avatar avatar-32 photo\" height=\"32\" width=\"32\" loading=\"lazy\"><cite class=\"fn\">dap<\/cite><span class=\"says\">says:<\/span><\/div>\n<div class=\"comment-meta commentmetadata\"><a href=\"https:\/\/www.tion.ro\/stirile-judetului-timis\/calea-timisoarei-se-inchide-pentru-trei-luni-se-construiesc-doua-sensuri-giratorii-la-giroc-2334042\/#comment-1014900\">August 14, 2026 at 1:50 pm<\/a><\/div>\n<p>dap, bataie de joc cat dureaza orice flecustetz de lucrare. CJ Timis a vazut ca fraierii aplauda debandada lucrarilor de la PMT, deci ar fi si pacat sa nu faca la fel. Nu stiu de ce, dar imi aduc aminte de reclama care se termina cu \u201cPentru ca meritati\u201d.<\/p>\n<p>Slava!<\/p>\n<div class=\"reply\"><a rel=\"nofollow\" class=\"comment-reply-link\" href=\"https:\/\/www.tion.ro\/stirile-judetului-timis\/calea-timisoarei-se-inchide-pentru-trei-luni-se-construiesc-doua-sensuri-giratorii-la-giroc-2334042\/#comment-1014900\" data-commentid=\"1014900\" data-postid=\"2334042\" data-belowelement=\"div-comment-1014900\" data-respondelement=\"respond\" data-replyto=\"Reply to dap\" aria-label=\"Reply to dap\">Reply<\/a><\/div>\n<\/div>\n<ul class=\"children\">\n<li class=\"comment even depth-2\" id=\"comment-1015029\">\n<div id=\"div-comment-1015029\" class=\"comment-body\">\n<div class=\"comment-author vcard\"><img decoding=\"async\" alt src=\"https:\/\/secure.gravatar.com\/avatar\/2c2df3c6791678f93b3dad8afe669159?s=32&amp;d=mm&amp;r=g\" class=\"avatar avatar-32 photo\" height=\"32\" width=\"32\" loading=\"lazy\"><cite class=\"fn\">anton<\/cite><span class=\"says\">says:<\/span><\/div>\n<div class=\"comment-meta commentmetadata\"><a href=\"https:\/\/www.tion.ro\/stirile-judetului-timis\/calea-timisoarei-se-inchide-pentru-trei-luni-se-construiesc-doua-sensuri-giratorii-la-giroc-2334042\/#comment-1015029\">August 14, 2026 at 7:27 pm<\/a><\/div>\n<p>Slava Ukraini!<\/p>\n<div class=\"reply\"><a rel=\"nofollow\" class=\"comment-reply-link\" href=\"https:\/\/www.tion.ro\/stirile-judetului-timis\/calea-timisoarei-se-inchide-pentru-trei-luni-se-construiesc-doua-sensuri-giratorii-la-giroc-2334042\/#comment-1015029\" data-commentid=\"1015029\" data-postid=\"2334042\" data-belowelement=\"div-comment-1015029\" data-respondelement=\"respond\" data-replyto=\"Reply to anton\" aria-label=\"Reply to anton\">Reply<\/a><\/div>\n<\/div>\n<\/li>\n<\/ul>\n<\/li>\n<li class=\"comment odd alt thread-even depth-1\" id=\"comment-1014972\">\n<div id=\"div-comment-1014972\" class=\"comment-body\">\n<div class=\"comment-author vcard\"><img decoding=\"async\" alt src=\"https:\/\/secure.gravatar.com\/avatar\/6152710276a39de56fd2f079e6ba5732?s=32&amp;d=mm&amp;r=g\" class=\"avatar avatar-32 photo\" height=\"32\" width=\"32\" loading=\"lazy\"><cite class=\"fn\">Roxana<\/cite><span class=\"says\">says:<\/span><\/div>\n<div class=\"comment-meta commentmetadata\"><a href=\"https:\/\/www.tion.ro\/stirile-judetului-timis\/calea-timisoarei-se-inchide-pentru-trei-luni-se-construiesc-doua-sensuri-giratorii-la-giroc-2334042\/#comment-1014972\">August 14, 2026 at 5:05 pm<\/a><\/div>\n<p>Toata vara nu se putea face? Vai si amar si bataie de joc<\/p>\n<div class=\"reply\"><a rel=\"nofollow\" class=\"comment-reply-link\" href=\"https:\/\/www.tion.ro\/stirile-judetului-timis\/calea-timisoarei-se-inchide-pentru-trei-luni-se-construiesc-doua-sensuri-giratorii-la-giroc-2334042\/#comment-1014972\" data-commentid=\"1014972\" data-postid=\"2334042\" data-belowelement=\"div-comment-1014972\" data-respondelement=\"respond\" data-replyto=\"Reply to Roxana\" aria-label=\"Reply to Roxana\">Reply<\/a><\/div>\n<\/div>\n<\/li>\n<li class=\"comment even thread-odd thread-alt depth-1\" id=\"comment-1014993\">\n<div id=\"div-comment-1014993\" class=\"comment-body\">\n<div class=\"comment-author vcard\"><img decoding=\"async\" alt src=\"https:\/\/secure.gravatar.com\/avatar\/90b3bad35155e11b7dfd2d5880efa837?s=32&amp;d=mm&amp;r=g\" class=\"avatar avatar-32 photo\" height=\"32\" width=\"32\" loading=\"lazy\"><cite class=\"fn\">paraschiv<\/cite><span class=\"says\">says:<\/span><\/div>\n<div class=\"comment-meta commentmetadata\"><a href=\"https:\/\/www.tion.ro\/stirile-judetului-timis\/calea-timisoarei-se-inchide-pentru-trei-luni-se-construiesc-doua-sensuri-giratorii-la-giroc-2334042\/#comment-1014993\">August 14, 2026 at 6:03 pm<\/a><\/div>\n<p>Pai in 3 luni incepe scoala?<\/p>\n<div class=\"reply\"><a rel=\"nofollow\" class=\"comment-reply-link\" href=\"https:\/\/www.tion.ro\/stirile-judetului-timis\/calea-timisoarei-se-inchide-pentru-trei-luni-se-construiesc-doua-sensuri-giratorii-la-giroc-2334042\/#comment-1014993\" data-commentid=\"1014993\" data-postid=\"2334042\" data-belowelement=\"div-comment-1014993\" data-respondelement=\"respond\" data-replyto=\"Reply to paraschiv\" aria-label=\"Reply to paraschiv\">Reply<\/a><\/div>\n<\/div>\n<\/li>\n<li class=\"comment odd alt thread-even depth-1 parent\" id=\"comment-1014996\">\n<div id=\"div-comment-1014996\" class=\"comment-body\">\n<div class=\"comment-author vcard\"><img decoding=\"async\" alt src=\"https:\/\/secure.gravatar.com\/avatar\/0b2e349f4b0d519a764f20e2a3460d12?s=32&amp;d=mm&amp;r=g\" class=\"avatar avatar-32 photo\" height=\"32\" width=\"32\" loading=\"lazy\"><cite class=\"fn\">sss<\/cite><span class=\"says\">says:<\/span><\/div>\n<div class=\"comment-meta commentmetadata\"><a href=\"https:\/\/www.tion.ro\/stirile-judetului-timis\/calea-timisoarei-se-inchide-pentru-trei-luni-se-construiesc-doua-sensuri-giratorii-la-giroc-2334042\/#comment-1014996\">August 14, 2026 at 6:08 pm<\/a><\/div>\n<p>sa imi *** ceva in parul lui blond, incrediibil<\/p>\n<div class=\"reply\"><a rel=\"nofollow\" class=\"comment-reply-link\" href=\"https:\/\/www.tion.ro\/stirile-judetului-timis\/calea-timisoarei-se-inchide-pentru-trei-luni-se-construiesc-doua-sensuri-giratorii-la-giroc-2334042\/#comment-1014996\" data-commentid=\"1014996\" data-postid=\"2334042\" data-belowelement=\"div-comment-1014996\" data-respondelement=\"respond\" data-replyto=\"Reply to sss\" aria-label=\"Reply to sss\">Reply<\/a><\/div>\n<\/div>\n<ul class=\"children\">\n<li class=\"comment even depth-2\" id=\"comment-1015209\">\n<div id=\"div-comment-1015209\" class=\"comment-body\">\n<div class=\"comment-author vcard\"><img decoding=\"async\" alt src=\"https:\/\/secure.gravatar.com\/avatar\/e75d895882decfb7328bb89f21d7ca82?s=32&amp;d=mm&amp;r=g\" class=\"avatar avatar-32 photo\" height=\"32\" width=\"32\" loading=\"lazy\"><cite class=\"fn\">Cetatean<\/cite><span class=\"says\">says:<\/span><\/div>\n<div class=\"comment-meta commentmetadata\"><a href=\"https:\/\/www.tion.ro\/stirile-judetului-timis\/calea-timisoarei-se-inchide-pentru-trei-luni-se-construiesc-doua-sensuri-giratorii-la-giroc-2334042\/#comment-1015209\">August 15, 2026 at 7:36 am<\/a><\/div>\n<p>Saracu de tine, nici nu intelegi cine e la conducerea cjt si cine la primarie\u2026 el are o treaba cu unu singur si indiferent de ce se intampla in oras el e de vina.<br \/>\nLa fel cum multi il injurau si pe iohannis pt absolut orice sau acum pe nicusor, chiar daca nu e in atributiile lor acel lucru pentru care erau injurati :))))<\/p>\n<div class=\"reply\"><a rel=\"nofollow\" class=\"comment-reply-link\" href=\"https:\/\/www.tion.ro\/stirile-judetului-timis\/calea-timisoarei-se-inchide-pentru-trei-luni-se-construiesc-doua-sensuri-giratorii-la-giroc-2334042\/#comment-1015209\" data-commentid=\"1015209\" data-postid=\"2334042\" data-belowelement=\"div-comment-1015209\" data-respondelement=\"respond\" data-replyto=\"Reply to Cetatean\" aria-label=\"Reply to Cetatean\">Reply<\/a><\/div>\n<\/div>\n<\/li>\n<\/ul>\n<\/li>\n<li class=\"comment odd alt thread-odd thread-alt depth-1\" id=\"comment-1015032\">\n<div id=\"div-comment-1015032\" class=\"comment-body\">\n<div class=\"comment-author vcard\"><img decoding=\"async\" alt src=\"https:\/\/secure.gravatar.com\/avatar\/a289707a914222067191e6c88289c43f?s=32&amp;d=mm&amp;r=g\" class=\"avatar avatar-32 photo\" height=\"32\" width=\"32\" loading=\"lazy\"><cite class=\"fn\">Florin<\/cite><span class=\"says\">says:<\/span><\/div>\n<div class=\"comment-meta commentmetadata\"><a href=\"https:\/\/www.tion.ro\/stirile-judetului-timis\/calea-timisoarei-se-inchide-pentru-trei-luni-se-construiesc-doua-sensuri-giratorii-la-giroc-2334042\/#comment-1015032\">August 14, 2026 at 7:39 pm<\/a><\/div>\n<p>Luati-va elicopter!<\/p>\n<div class=\"reply\"><a rel=\"nofollow\" class=\"comment-reply-link\" href=\"https:\/\/www.tion.ro\/stirile-judetului-timis\/calea-timisoarei-se-inchide-pentru-trei-luni-se-construiesc-doua-sensuri-giratorii-la-giroc-2334042\/#comment-1015032\" data-commentid=\"1015032\" data-postid=\"2334042\" data-belowelement=\"div-comment-1015032\" data-respondelement=\"respond\" data-replyto=\"Reply to Florin\" aria-label=\"Reply to Florin\">Reply<\/a><\/div>\n<\/div>\n<\/li>\n<li class=\"comment even thread-even depth-1\" id=\"comment-1015047\">\n<div id=\"div-comment-1015047\" class=\"comment-body\">\n<div class=\"comment-author vcard\"><img decoding=\"async\" alt src=\"https:\/\/secure.gravatar.com\/avatar\/aa5a85fd7fac6278ce04a93641628849?s=32&amp;d=mm&amp;r=g\" class=\"avatar avatar-32 photo\" height=\"32\" width=\"32\" loading=\"lazy\"><cite class=\"fn\">Girocan<\/cite><span class=\"says\">says:<\/span><\/div>\n<div class=\"comment-meta commentmetadata\"><a href=\"https:\/\/www.tion.ro\/stirile-judetului-timis\/calea-timisoarei-se-inchide-pentru-trei-luni-se-construiesc-doua-sensuri-giratorii-la-giroc-2334042\/#comment-1015047\">August 14, 2026 at 9:12 pm<\/a><\/div>\n<p>3 luni pentru 2 sensuri giratorii? Se fac suspendate , sau ? Aaa, lucreaza doar 5 oameni! Am inteles!<\/p>\n<div class=\"reply\"><a rel=\"nofollow\" class=\"comment-reply-link\" href=\"https:\/\/www.tion.ro\/stirile-judetului-timis\/calea-timisoarei-se-inchide-pentru-trei-luni-se-construiesc-doua-sensuri-giratorii-la-giroc-2334042\/#comment-1015047\" data-commentid=\"1015047\" data-postid=\"2334042\" data-belowelement=\"div-comment-1015047\" data-respondelement=\"respond\" data-replyto=\"Reply to Girocan\" aria-label=\"Reply to Girocan\">Reply<\/a><\/div>\n<\/div>\n<\/li>\n<li class=\"comment odd alt thread-odd thread-alt depth-1 parent\" id=\"comment-1015134\">\n<div id=\"div-comment-1015134\" class=\"comment-body\">\n<div class=\"comment-author vcard\"><img decoding=\"async\" alt src=\"https:\/\/secure.gravatar.com\/avatar\/a32033ba5426cc887c4d40fe4feb3fbb?s=32&amp;d=mm&amp;r=g\" class=\"avatar avatar-32 photo\" height=\"32\" width=\"32\" loading=\"lazy\"><cite class=\"fn\">oaia roz<\/cite><span class=\"says\">says:<\/span><\/div>\n<div class=\"comment-meta commentmetadata\"><a href=\"https:\/\/www.tion.ro\/stirile-judetului-timis\/calea-timisoarei-se-inchide-pentru-trei-luni-se-construiesc-doua-sensuri-giratorii-la-giroc-2334042\/#comment-1015134\">August 14, 2026 at 11:21 pm<\/a><\/div>\n<p>Bihor: inaugureaz\u0103 al patrulea pasaj tram-tren pe centura Oradea (patru benzi pe sen)<br \/>\nTimi\u0219: \u00eencep lucr\u0103rile la dou\u0103 giratorii prin mijlocul satului<\/p>\n<p>Ave\u021bi ce-a\u021bi votat la Consiliul Jude\u021bean<\/p>\n<div class=\"reply\"><a rel=\"nofollow\" class=\"comment-reply-link\" href=\"https:\/\/www.tion.ro\/stirile-judetului-timis\/calea-timisoarei-se-inchide-pentru-trei-luni-se-construiesc-doua-sensuri-giratorii-la-giroc-2334042\/#comment-1015134\" data-commentid=\"1015134\" data-postid=\"2334042\" data-belowelement=\"div-comment-1015134\" data-respondelement=\"respond\" data-replyto=\"Reply to oaia roz\" aria-label=\"Reply to oaia roz\">Reply<\/a><\/div>\n<\/div>\n<ul class=\"children\">\n<li class=\"comment even depth-2\" id=\"comment-1015248\">\n<div id=\"div-comment-1015248\" class=\"comment-body\">\n<div class=\"comment-author vcard\"><img decoding=\"async\" alt src=\"https:\/\/secure.gravatar.com\/avatar\/48f1caf8c86c05eb4798e9da1e6b4c5f?s=32&amp;d=mm&amp;r=g\" class=\"avatar avatar-32 photo\" height=\"32\" width=\"32\" loading=\"lazy\"><cite class=\"fn\">dap<\/cite><span class=\"says\">says:<\/span><\/div>\n<div class=\"comment-meta commentmetadata\"><a href=\"https:\/\/www.tion.ro\/stirile-judetului-timis\/calea-timisoarei-se-inchide-pentru-trei-luni-se-construiesc-doua-sensuri-giratorii-la-giroc-2334042\/#comment-1015248\">August 15, 2026 at 11:23 am<\/a><\/div>\n<p>dap, ce e cel mai fain e ca avem si la PMT ce s-a votat, asa cum am tot avut fix  e s-a votat, si Robu a fost votat, si Ciuhandu a fost votat (cu repetitie!), si la CJ a fost Nica cu maaaari realizari, ba chiar si la presedintie avem pe cel dorit majoritar asa cum si in trecut au castigat \u201cai nostri\u201d gen Iohannis ori Basescu\u2026 Toti astia au fost\u2026 \u201cla fix\u201d cu multe si marete realizari, pentru ca unii sunt\u2026 adica au diverse culori, inclusiv culoarea roz iar \u201clogica\u201d lor e \u201cdar cu ceilalti ar fi fost mai bine?\u201d Eu nu am raspunsul la intrebarea lor \u201cinteligenta\u201d, dar nici ei nu au raspunsul la intrebarea mea stupida de ce suntem praf pe orice indicatori obiectivi daca ei au ales asa \u201cinteligent\u201d. <\/p>\n<p>Slava!<\/p>\n<div class=\"reply\"><a rel=\"nofollow\" class=\"comment-reply-link\" href=\"https:\/\/www.tion.ro\/stirile-judetului-timis\/calea-timisoarei-se-inchide-pentru-trei-luni-se-construiesc-doua-sensuri-giratorii-la-giroc-2334042\/#comment-1015248\" data-commentid=\"1015248\" data-postid=\"2334042\" data-belowelement=\"div-comment-1015248\" data-respondelement=\"respond\" data-replyto=\"Reply to dap\" aria-label=\"Reply to dap\">Reply<\/a><\/div>\n<\/div>\n<\/li>\n<li class=\"comment odd alt depth-2 parent\" id=\"comment-1015299\">\n<div id=\"div-comment-1015299\" class=\"comment-body\">\n<div class=\"comment-author vcard\"><img decoding=\"async\" alt src=\"https:\/\/secure.gravatar.com\/avatar\/b96a6f588483e4739b7e1091304682e6?s=32&amp;d=mm&amp;r=g\" class=\"avatar avatar-32 photo\" height=\"32\" width=\"32\" loading=\"lazy\"><cite class=\"fn\">cigus-migus<\/cite><span class=\"says\">says:<\/span><\/div>\n<div class=\"comment-meta commentmetadata\"><a href=\"https:\/\/www.tion.ro\/stirile-judetului-timis\/calea-timisoarei-se-inchide-pentru-trei-luni-se-construiesc-doua-sensuri-giratorii-la-giroc-2334042\/#comment-1015299\">August 15, 2026 at 1:41 pm<\/a><\/div>\n<p>@ oaia roz, na ca ti-a servit-o admiratorul psd dap\u2026a mai primit niste like-uri pentru critici aduse celor care nu-s fanii partidului cu trandafirii ofiliti, iar Tion il sustine\u2026<\/p>\n<div class=\"reply\"><a rel=\"nofollow\" class=\"comment-reply-link\" href=\"https:\/\/www.tion.ro\/stirile-judetului-timis\/calea-timisoarei-se-inchide-pentru-trei-luni-se-construiesc-doua-sensuri-giratorii-la-giroc-2334042\/#comment-1015299\" data-commentid=\"1015299\" data-postid=\"2334042\" data-belowelement=\"div-comment-1015299\" data-respondelement=\"respond\" data-replyto=\"Reply to cigus-migus\" aria-label=\"Reply to cigus-migus\">Reply<\/a><\/div>\n<\/div>\n<ul class=\"children\">\n<li class=\"comment even depth-3\" id=\"comment-1015404\">\n<div id=\"div-comment-1015404\" class=\"comment-body\">\n<div class=\"comment-author vcard\"><img decoding=\"async\" alt src=\"https:\/\/secure.gravatar.com\/avatar\/48f1caf8c86c05eb4798e9da1e6b4c5f?s=32&amp;d=mm&amp;r=g\" class=\"avatar avatar-32 photo\" height=\"32\" width=\"32\" loading=\"lazy\"><cite class=\"fn\">dap<\/cite><span class=\"says\">says:<\/span><\/div>\n<div class=\"comment-meta commentmetadata\"><a href=\"https:\/\/www.tion.ro\/stirile-judetului-timis\/calea-timisoarei-se-inchide-pentru-trei-luni-se-construiesc-doua-sensuri-giratorii-la-giroc-2334042\/#comment-1015404\">August 15, 2026 at 9:23 pm<\/a><\/div>\n<p>dap, tu nu prea pricepi ce citesti, este?  asa-s useristii, singurele lor \u201cargumente\u201d vonstau in lipit de etichete. Cat despre \u201csustinere\u201d, te rog frumos, pe mine ma sustine insusi Putin, zilnic imi trimite un sac de ruble! Cu drona imi trimite!<br \/>\nTu esti un adept al cenzurii, este? Uite niste crampeie de citate din.. nu conteaza cine:<\/p>\n<p>Solu\u021bia fascistului \u0219i a bol\u0219evicului e mereu aceea\u0219i: S\u0103 se aresteze \u0219i s\u0103 se interzic\u0103! S\u0103 se dea o lege care s\u0103 permit\u0103 persecutarea tuturor celor care nu cred \u00een narativ<\/p>\n<p>Neav\u00e2nd capacitatea mental\u0103 de a combate o minciun\u0103 cu un simplu adev\u0103r, prefer\u0103 s\u0103 reduc\u0103 la t\u0103cere pentru ca minciuna lor s\u0103 poat\u0103 domina. De-a lungul timpului, ni\u0219te oameni mult mai inteligen\u021bi dec\u00e2t noi au decis c\u0103 libertatea de exprimare este esen\u021bial\u0103. Nu pentru a proteja minciunile, ci pentru a proteja cr\u00e2mpeiele incomode de adev\u0103r. <\/p>\n<p>Slava si tie!<\/p>\n<div class=\"reply\"><a rel=\"nofollow\" class=\"comment-reply-link\" href=\"https:\/\/www.tion.ro\/stirile-judetului-timis\/calea-timisoarei-se-inchide-pentru-trei-luni-se-construiesc-doua-sensuri-giratorii-la-giroc-2334042\/#comment-1015404\" data-commentid=\"1015404\" data-postid=\"2334042\" data-belowelement=\"div-comment-1015404\" data-respondelement=\"respond\" data-replyto=\"Reply to dap\" aria-label=\"Reply to dap\">Reply<\/a><\/div>\n<\/div>\n<\/li>\n<\/ul>\n<\/li>\n<\/ul>\n<\/li>\n<li class=\"comment odd alt thread-even depth-1 parent\" id=\"comment-1015347\">\n<div id=\"div-comment-1015347\" class=\"comment-body\">\n<div class=\"comment-author vcard\"><img decoding=\"async\" alt src=\"https:\/\/secure.gravatar.com\/avatar\/828c0673aa8c14642ccb972d344d076f?s=32&amp;d=mm&amp;r=g\" class=\"avatar avatar-32 photo\" height=\"32\" width=\"32\" loading=\"lazy\"><cite class=\"fn\">Aaa<\/cite><span class=\"says\">says:<\/span><\/div>\n<div class=\"comment-meta commentmetadata\"><a href=\"https:\/\/www.tion.ro\/stirile-judetului-timis\/calea-timisoarei-se-inchide-pentru-trei-luni-se-construiesc-doua-sensuri-giratorii-la-giroc-2334042\/#comment-1015347\">August 15, 2026 at 5:35 pm<\/a><\/div>\n<p>Pai si daca se inchide complet, noi cei din zona Planetelor ramanem sechestrati timp de 3 luni? \ud83e\udd23<\/p>\n<p>Ca nu vad cum altcumva putem ajunge fie in sat, fie in Tm, fara Calea Timisoarei\u2026 ah sau o luam cu miile pe strazile alea late cat pentru o masina? \ud83e\udd14<\/p>\n<div class=\"reply\"><a rel=\"nofollow\" class=\"comment-reply-link\" href=\"https:\/\/www.tion.ro\/stirile-judetului-timis\/calea-timisoarei-se-inchide-pentru-trei-luni-se-construiesc-doua-sensuri-giratorii-la-giroc-2334042\/#comment-1015347\" data-commentid=\"1015347\" data-postid=\"2334042\" data-belowelement=\"div-comment-1015347\" data-respondelement=\"respond\" data-replyto=\"Reply to Aaa\" aria-label=\"Reply to Aaa\">Reply<\/a><\/div>\n<\/div>\n<ul class=\"children\">\n<li class=\"comment even depth-2 parent\" id=\"comment-1015575\">\n<div id=\"div-comment-1015575\" class=\"comment-body\">\n<div class=\"comment-author vcard\"><img decoding=\"async\" alt src=\"https:\/\/secure.gravatar.com\/avatar\/48f1caf8c86c05eb4798e9da1e6b4c5f?s=32&amp;d=mm&amp;r=g\" class=\"avatar avatar-32 photo\" height=\"32\" width=\"32\" loading=\"lazy\"><cite class=\"fn\">dap<\/cite><span class=\"says\">says:<\/span><\/div>\n<div class=\"comment-meta commentmetadata\"><a href=\"https:\/\/www.tion.ro\/stirile-judetului-timis\/calea-timisoarei-se-inchide-pentru-trei-luni-se-construiesc-doua-sensuri-giratorii-la-giroc-2334042\/#comment-1015575\">August 16, 2026 at 1:36 pm<\/a><\/div>\n<p>dap, ocoliti pe centura si veniti pe Buziasului unde\u2026 dati de lucrarile lui Frigz, pe langa cat de aglomerat o fi dimineatza dinspre Mosnitza.<\/p>\n<p>Slava!<\/p>\n<div class=\"reply\"><a rel=\"nofollow\" class=\"comment-reply-link\" href=\"https:\/\/www.tion.ro\/stirile-judetului-timis\/calea-timisoarei-se-inchide-pentru-trei-luni-se-construiesc-doua-sensuri-giratorii-la-giroc-2334042\/#comment-1015575\" data-commentid=\"1015575\" data-postid=\"2334042\" data-belowelement=\"div-comment-1015575\" data-respondelement=\"respond\" data-replyto=\"Reply to dap\" aria-label=\"Reply to dap\">Reply<\/a><\/div>\n<\/div>\n<ul class=\"children\">\n<li class=\"comment odd alt depth-3 parent\" id=\"comment-1015587\">\n<div id=\"div-comment-1015587\" class=\"comment-body\">\n<div class=\"comment-author vcard\"><img decoding=\"async\" alt src=\"https:\/\/secure.gravatar.com\/avatar\/828d5b8124847eedd7c40b6b1f8f6757?s=32&amp;d=mm&amp;r=g\" class=\"avatar avatar-32 photo\" height=\"32\" width=\"32\" loading=\"lazy\"><cite class=\"fn\">nap<\/cite><span class=\"says\">says:<\/span><\/div>\n<div class=\"comment-meta commentmetadata\"><a href=\"https:\/\/www.tion.ro\/stirile-judetului-timis\/calea-timisoarei-se-inchide-pentru-trei-luni-se-construiesc-doua-sensuri-giratorii-la-giroc-2334042\/#comment-1015587\">August 16, 2026 at 2:21 pm<\/a><\/div>\n<p>sa ghicim \u2013 esti noul sef serviciu propaganda aur?<\/p>\n<div class=\"reply\"><a rel=\"nofollow\" class=\"comment-reply-link\" href=\"https:\/\/www.tion.ro\/stirile-judetului-timis\/calea-timisoarei-se-inchide-pentru-trei-luni-se-construiesc-doua-sensuri-giratorii-la-giroc-2334042\/#comment-1015587\" data-commentid=\"1015587\" data-postid=\"2334042\" data-belowelement=\"div-comment-1015587\" data-respondelement=\"respond\" data-replyto=\"Reply to nap\" aria-label=\"Reply to nap\">Reply<\/a><\/div>\n<\/div>\n<ul class=\"children\">\n<li class=\"comment even depth-4\" id=\"comment-1015893\">\n<div id=\"div-comment-1015893\" class=\"comment-body\">\n<div class=\"comment-author vcard\"><img decoding=\"async\" alt src=\"https:\/\/secure.gravatar.com\/avatar\/48f1caf8c86c05eb4798e9da1e6b4c5f?s=32&amp;d=mm&amp;r=g\" class=\"avatar avatar-32 photo\" height=\"32\" width=\"32\" loading=\"lazy\"><cite class=\"fn\">dap<\/cite><span class=\"says\">says:<\/span><\/div>\n<div class=\"comment-meta commentmetadata\"><a href=\"https:\/\/www.tion.ro\/stirile-judetului-timis\/calea-timisoarei-se-inchide-pentru-trei-luni-se-construiesc-doua-sensuri-giratorii-la-giroc-2334042\/#comment-1015893\">August 17, 2026 at 1:52 pm<\/a><\/div>\n<p>dap, ai ghicit\u2026 cum esti.<br \/>\nCe-a decazut usr-ul, a ajuns sa aiba troli zici ca-s luati de pe Temu\u2026<\/p>\n<p>Slava!<\/p>\n<div class=\"reply\"><a rel=\"nofollow\" class=\"comment-reply-link\" href=\"https:\/\/www.tion.ro\/stirile-judetului-timis\/calea-timisoarei-se-inchide-pentru-trei-luni-se-construiesc-doua-sensuri-giratorii-la-giroc-2334042\/#comment-1015893\" data-commentid=\"1015893\" data-postid=\"2334042\" data-belowelement=\"div-comment-1015893\" data-respondelement=\"respond\" data-replyto=\"Reply to dap\" aria-label=\"Reply to dap\">Reply<\/a><\/div>\n<\/div>\n<\/li>\n<\/ul>\n<\/li>\n<\/ul>\n<\/li>\n<li class=\"comment odd alt depth-2\" id=\"comment-1015794\">\n<div id=\"div-comment-1015794\" class=\"comment-body\">\n<div class=\"comment-author vcard\"><img decoding=\"async\" alt src=\"https:\/\/secure.gravatar.com\/avatar\/9a01e3ed59d0faf872d9ea3ea41138c8?s=32&amp;d=mm&amp;r=g\" class=\"avatar avatar-32 photo\" height=\"32\" width=\"32\" loading=\"lazy\"><cite class=\"fn\">Viorica<\/cite><span class=\"says\">says:<\/span><\/div>\n<div class=\"comment-meta commentmetadata\"><a href=\"https:\/\/www.tion.ro\/stirile-judetului-timis\/calea-timisoarei-se-inchide-pentru-trei-luni-se-construiesc-doua-sensuri-giratorii-la-giroc-2334042\/#comment-1015794\">August 17, 2026 at 7:48 am<\/a><\/div>\n<p>variante ajutatoare pe la Belgrad sau Budapestea<\/p>\n<div class=\"reply\"><a rel=\"nofollow\" class=\"comment-reply-link\" href=\"https:\/\/www.tion.ro\/stirile-judetului-timis\/calea-timisoarei-se-inchide-pentru-trei-luni-se-construiesc-doua-sensuri-giratorii-la-giroc-2334042\/#comment-1015794\" data-commentid=\"1015794\" data-postid=\"2334042\" data-belowelement=\"div-comment-1015794\" data-respondelement=\"respond\" data-replyto=\"Reply to Viorica\" aria-label=\"Reply to Viorica\">Reply<\/a><\/div>\n<\/div>\n<\/li>\n<\/ul>\n<\/li>\n<li class=\"comment even thread-odd thread-alt depth-1\" id=\"comment-1015602\">\n<div id=\"div-comment-1015602\" class=\"comment-body\">\n<div class=\"comment-author vcard\"><img decoding=\"async\" alt src=\"https:\/\/secure.gravatar.com\/avatar\/bf3587b9e39232892da5ce83083700a2?s=32&amp;d=mm&amp;r=g\" class=\"avatar avatar-32 photo\" height=\"32\" width=\"32\" loading=\"lazy\"><cite class=\"fn\">B\u0103nescu Dan<\/cite><span class=\"says\">says:<\/span><\/div>\n<div class=\"comment-meta commentmetadata\"><a href=\"https:\/\/www.tion.ro\/stirile-judetului-timis\/calea-timisoarei-se-inchide-pentru-trei-luni-se-construiesc-doua-sensuri-giratorii-la-giroc-2334042\/#comment-1015602\">August 16, 2026 at 3:53 pm<\/a><\/div>\n<p>Am \u0219i eu de schimbat 100euro, \u0219tie cineva unde as putea schimba ace\u0219ti bani ?<\/p>\n<div class=\"reply\"><a rel=\"nofollow\" class=\"comment-reply-link\" href=\"https:\/\/www.tion.ro\/stirile-judetului-timis\/calea-timisoarei-se-inchide-pentru-trei-luni-se-construiesc-doua-sensuri-giratorii-la-giroc-2334042\/#comment-1015602\" data-commentid=\"1015602\" data-postid=\"2334042\" data-belowelement=\"div-comment-1015602\" data-respondelement=\"respond\" data-replyto=\"Reply to B\u0103nescu Dan\" aria-label=\"Reply to B\u0103nescu Dan\">Reply<\/a><\/div>\n<\/div>\n<\/li>\n<\/div>\n<\/div>\n<\/div>\n<\/article>\n<div class=\"entry-content clearfix\">\n<div class=\"enewsArticleContent\">\n<p>Potrivit Prim\u0103riei Comunei Giroc, circula\u021bia rutier\u0103 pe Calea Timi\u0219oarei va fi \u00eenchis\u0103 pentru o perioad\u0103 estimat\u0103 la aproximativ trei luni. Lucr\u0103rile sunt realizate de Consiliul Jude\u021bean Timi\u0219 \u0219i presupun interven\u021bii ample asupra infrastructurii rutiere.<\/p>\n<p>Vor fi amenajate dou\u0103 sensuri giratorii, unul la intersec\u021bia C\u0103ii Timi\u0219oarei cu strada Jupiter, iar cel de-al doilea la intersec\u021bia cu Bulevardul Soarelui.<\/p>\n<p>Lucr\u0103rile presupun s\u0103p\u0103turi pe suprafe\u021be extinse \u0219i interven\u021bii complexe asupra drumului, motiv pentru care autorit\u0103\u021bile spun c\u0103 \u00eenchiderea complet\u0103 a circula\u021biei este necesar\u0103 pentru desf\u0103\u0219urarea lucr\u0103rilor \u00een condi\u021bii de siguran\u021b\u0103.<\/p>\n<p>Pe toat\u0103 perioada lucr\u0103rilor, traficul rutier va fi deviat pe traseele stabilite de autorit\u0103\u021bi. Schema de deviere anun\u021bat\u0103 de Prim\u0103ria Giroc va fi valabil\u0103 p\u00e2n\u0103 la \u00eenceperea noului an \u0219colar.<\/p>\n<p>Restric\u021biile \u00eei vor afecta \u0219i pe cei care folosesc transportul public. Traseele autobuzelor vor fi deviate pe durata lucr\u0103rilor, iar ruta temporar\u0103 destinat\u0103 transportului public va fi utilizat\u0103 at\u00e2t pentru deplasarea spre Giroc, c\u00e2t \u0219i pentru retur.<\/p>\n<p>Odat\u0103 cu \u00eenceperea anului \u0219colar, traseul de deviere va fi modificat. Decizia este motivat\u0103 de faptul c\u0103 \u00een zona str\u0103zii Libert\u0103\u021bii se afl\u0103 o \u0219coal\u0103 \u0219i o gr\u0103dini\u021b\u0103, iar autorit\u0103\u021bile vor s\u0103 evite formarea unor ambuteiaje \u00een aceast\u0103 zon\u0103 \u0219i s\u0103 asigure condi\u021bii de siguran\u021b\u0103 pentru copii.<\/p>\n<p>Autorit\u0103\u021bile le recomand\u0103 \u0219oferilor s\u0103 \u021bin\u0103 cont de noile restric\u021bii \u0219i s\u0103 \u00ee\u0219i planifice din timp deplas\u0103rile \u00een zona Giroc \u2013 Timi\u0219oara, \u00een special \u00een orele de v\u00e2rf.<\/p>\n<div class=\"fbShareLikeTwitterAndEmailContainer\">\n<div class=\"wrapper\">\n<div class=\"email\">\n<div id=\"mailto-pop\" class=\"pop-form pop-form-mailto\">\n<div class=\"pop-form-header\">\n<h4>Trimite articolul<\/h4>\n<p><a class=\"pop-form-close\">X<\/a><\/div>\n<\/div>\n<\/div>\n<\/div>\n<\/div>\n<div class=\"tagsContainer\">\n<div class=\"tagsLabel\">Taguri:<\/div>\n<div class=\"tags\">\n<div class=\"tag\"><a href=\"https:\/\/www.tion.ro\/cimke\/calea-timisoarei\" rel=\"tag\"><span class=\"link\">calea timisoarei<\/span><span class=\"separator\">,<\/span><\/a><\/div>\n<div class=\"tag\"><a href=\"https:\/\/www.tion.ro\/cimke\/giroc\" rel=\"tag\"><span class=\"link\">giroc<\/span><span class=\"separator\">,<\/span><\/a><\/div>\n<div class=\"tag\"><a href=\"https:\/\/www.tion.ro\/cimke\/inchidere\" rel=\"tag\"><span class=\"link\">inchidere<\/span><\/a><\/div>\n<\/div>\n<\/div>\n<div class=\"comments\">\n<div class=\"top\">\n<div class=\"commentsNumber\"><span class=\"number\">19<\/span><span class=\"text\">Comentarii<\/span><\/div>\n<\/div>\n<div class=\"center\">\n<div id=\"respond\" class=\"comment-respond\">\n<h3 id=\"reply-title\" class=\"comment-reply-title\"><small><a rel=\"nofollow\" id=\"cancel-comment-reply-link\" href=\"https:\/\/www.tion.ro\/stirile-judetului-timis\/calea-timisoarei-se-inchide-pentru-trei-luni-se-construiesc-doua-sensuri-giratorii-la-giroc-2334042\/#respond\">Cancel reply<\/a><\/small><\/h3>\n<p class=\"comment-notes\"><span id=\"email-notes\">Your email address will not be published.<\/span><span class=\"required-field-message\">Required fields are marked <span class=\"required\">*<\/span><\/span><\/p>\n<p class=\"commentFormComment\"><span id=\"commentFormCount\"><br \/>\n                            inca<br \/>\n                            <span id=\"countCommentText\">1000<\/span><br \/>\n                            caractere ramase<br \/>\n                        <\/span><\/p>\n<\/div>\n<\/div>\n<div class=\"bottom\">\n<p class=\"forumDisclaimerHuRo\">\n            Citi\u021bi principiile noastre de moderare <a href=\"https:\/\/www.tion.ro\/reguli-postare-comentarii\/\" target=\"_blank\">aici<\/a>!\n        <\/p>\n<\/div>\n<\/div>\n<div id=\"forum\">\n<li class=\"comment even thread-even depth-1\" id=\"comment-1014888\">\n<div id=\"div-comment-1014888\" class=\"comment-body\">\n<div class=\"comment-author vcard\"><img decoding=\"async\" alt src=\"https:\/\/secure.gravatar.com\/avatar\/80512058636a93a3775dac8a70f8cd76?s=32&amp;d=mm&amp;r=g\" class=\"avatar avatar-32 photo\" height=\"32\" width=\"32\" loading=\"lazy\"><cite class=\"fn\">schnapps<\/cite><span class=\"says\">says:<\/span><\/div>\n<div class=\"comment-meta commentmetadata\"><a href=\"https:\/\/www.tion.ro\/stirile-judetului-timis\/calea-timisoarei-se-inchide-pentru-trei-luni-se-construiesc-doua-sensuri-giratorii-la-giroc-2334042\/#comment-1014888\">August 14, 2026 at 1:34 pm<\/a><\/div>\n<p>Fredy, gandeste-te tu macar ca mai trebuie drumuri alternative  spre TM, al nostru e preocupat de organizarea Rugilor, cu cantaretii cei mai scumpi de pe piata<\/p>\n<div class=\"reply\"><a rel=\"nofollow\" class=\"comment-reply-link\" href=\"https:\/\/www.tion.ro\/stirile-judetului-timis\/calea-timisoarei-se-inchide-pentru-trei-luni-se-construiesc-doua-sensuri-giratorii-la-giroc-2334042\/#comment-1014888\" data-commentid=\"1014888\" data-postid=\"2334042\" data-belowelement=\"div-comment-1014888\" data-respondelement=\"respond\" data-replyto=\"Reply to schnapps\" aria-label=\"Reply to schnapps\">Reply<\/a><\/div>\n<\/div>\n<\/li>\n<li class=\"comment odd alt thread-odd thread-alt depth-1 parent\" id=\"comment-1014900\">\n<div id=\"div-comment-1014900\" class=\"comment-body\">\n<div class=\"comment-author vcard\"><img decoding=\"async\" alt src=\"https:\/\/secure.gravatar.com\/avatar\/48f1caf8c86c05eb4798e9da1e6b4c5f?s=32&amp;d=mm&amp;r=g\" class=\"avatar avatar-32 photo\" height=\"32\" width=\"32\" loading=\"lazy\"><cite class=\"fn\">dap<\/cite><span class=\"says\">says:<\/span><\/div>\n<div class=\"comment-meta commentmetadata\"><a href=\"https:\/\/www.tion.ro\/stirile-judetului-timis\/calea-timisoarei-se-inchide-pentru-trei-luni-se-construiesc-doua-sensuri-giratorii-la-giroc-2334042\/#comment-1014900\">August 14, 2026 at 1:50 pm<\/a><\/div>\n<p>dap, bataie de joc cat dureaza orice flecustetz de lucrare. CJ Timis a vazut ca fraierii aplauda debandada lucrarilor de la PMT, deci ar fi si pacat sa nu faca la fel. Nu stiu de ce, dar imi aduc aminte de reclama care se termina cu \u201cPentru ca meritati\u201d.<\/p>\n<p>Slava!<\/p>\n<div class=\"reply\"><a rel=\"nofollow\" class=\"comment-reply-link\" href=\"https:\/\/www.tion.ro\/stirile-judetului-timis\/calea-timisoarei-se-inchide-pentru-trei-luni-se-construiesc-doua-sensuri-giratorii-la-giroc-2334042\/#comment-1014900\" data-commentid=\"1014900\" data-postid=\"2334042\" data-belowelement=\"div-comment-1014900\" data-respondelement=\"respond\" data-replyto=\"Reply to dap\" aria-label=\"Reply to dap\">Reply<\/a><\/div>\n<\/div>\n<ul class=\"children\">\n<li class=\"comment even depth-2\" id=\"comment-1015029\">\n<div id=\"div-comment-1015029\" class=\"comment-body\">\n<div class=\"comment-author vcard\"><img decoding=\"async\" alt src=\"https:\/\/secure.gravatar.com\/avatar\/2c2df3c6791678f93b3dad8afe669159?s=32&amp;d=mm&amp;r=g\" class=\"avatar avatar-32 photo\" height=\"32\" width=\"32\" loading=\"lazy\"><cite class=\"fn\">anton<\/cite><span class=\"says\">says:<\/span><\/div>\n<div class=\"comment-meta commentmetadata\"><a href=\"https:\/\/www.tion.ro\/stirile-judetului-timis\/calea-timisoarei-se-inchide-pentru-trei-luni-se-construiesc-doua-sensuri-giratorii-la-giroc-2334042\/#comment-1015029\">August 14, 2026 at 7:27 pm<\/a><\/div>\n<p>Slava Ukraini!<\/p>\n<div class=\"reply\"><a rel=\"nofollow\" class=\"comment-reply-link\" href=\"https:\/\/www.tion.ro\/stirile-judetului-timis\/calea-timisoarei-se-inchide-pentru-trei-luni-se-construiesc-doua-sensuri-giratorii-la-giroc-2334042\/#comment-1015029\" data-commentid=\"1015029\" data-postid=\"2334042\" data-belowelement=\"div-comment-1015029\" data-respondelement=\"respond\" data-replyto=\"Reply to anton\" aria-label=\"Reply to anton\">Reply<\/a><\/div>\n<\/div>\n<\/li>\n<\/ul>\n<\/li>\n<li class=\"comment odd alt thread-even depth-1\" id=\"comment-1014972\">\n<div id=\"div-comment-1014972\" class=\"comment-body\">\n<div class=\"comment-author vcard\"><img decoding=\"async\" alt src=\"https:\/\/secure.gravatar.com\/avatar\/6152710276a39de56fd2f079e6ba5732?s=32&amp;d=mm&amp;r=g\" class=\"avatar avatar-32 photo\" height=\"32\" width=\"32\" loading=\"lazy\"><cite class=\"fn\">Roxana<\/cite><span class=\"says\">says:<\/span><\/div>\n<div class=\"comment-meta commentmetadata\"><a href=\"https:\/\/www.tion.ro\/stirile-judetului-timis\/calea-timisoarei-se-inchide-pentru-trei-luni-se-construiesc-doua-sensuri-giratorii-la-giroc-2334042\/#comment-1014972\">August 14, 2026 at 5:05 pm<\/a><\/div>\n<p>Toata vara nu se putea face? Vai si amar si bataie de joc<\/p>\n<div class=\"reply\"><a rel=\"nofollow\" class=\"comment-reply-link\" href=\"https:\/\/www.tion.ro\/stirile-judetului-timis\/calea-timisoarei-se-inchide-pentru-trei-luni-se-construiesc-doua-sensuri-giratorii-la-giroc-2334042\/#comment-1014972\" data-commentid=\"1014972\" data-postid=\"2334042\" data-belowelement=\"div-comment-1014972\" data-respondelement=\"respond\" data-replyto=\"Reply to Roxana\" aria-label=\"Reply to Roxana\">Reply<\/a><\/div>\n<\/div>\n<\/li>\n<li class=\"comment even thread-odd thread-alt depth-1\" id=\"comment-1014993\">\n<div id=\"div-comment-1014993\" class=\"comment-body\">\n<div class=\"comment-author vcard\"><img decoding=\"async\" alt src=\"https:\/\/secure.gravatar.com\/avatar\/90b3bad35155e11b7dfd2d5880efa837?s=32&amp;d=mm&amp;r=g\" class=\"avatar avatar-32 photo\" height=\"32\" width=\"32\" loading=\"lazy\"><cite class=\"fn\">paraschiv<\/cite><span class=\"says\">says:<\/span><\/div>\n<div class=\"comment-meta commentmetadata\"><a href=\"https:\/\/www.tion.ro\/stirile-judetului-timis\/calea-timisoarei-se-inchide-pentru-trei-luni-se-construiesc-doua-sensuri-giratorii-la-giroc-2334042\/#comment-1014993\">August 14, 2026 at 6:03 pm<\/a><\/div>\n<p>Pai in 3 luni incepe scoala?<\/p>\n<div class=\"reply\"><a rel=\"nofollow\" class=\"comment-reply-link\" href=\"https:\/\/www.tion.ro\/stirile-judetului-timis\/calea-timisoarei-se-inchide-pentru-trei-luni-se-construiesc-doua-sensuri-giratorii-la-giroc-2334042\/#comment-1014993\" data-commentid=\"1014993\" data-postid=\"2334042\" data-belowelement=\"div-comment-1014993\" data-respondelement=\"respond\" data-replyto=\"Reply to paraschiv\" aria-label=\"Reply to paraschiv\">Reply<\/a><\/div>\n<\/div>\n<\/li>\n<li class=\"comment odd alt thread-even depth-1 parent\" id=\"comment-1014996\">\n<div id=\"div-comment-1014996\" class=\"comment-body\">\n<div class=\"comment-author vcard\"><img decoding=\"async\" alt src=\"https:\/\/secure.gravatar.com\/avatar\/0b2e349f4b0d519a764f20e2a3460d12?s=32&amp;d=mm&amp;r=g\" class=\"avatar avatar-32 photo\" height=\"32\" width=\"32\" loading=\"lazy\"><cite class=\"fn\">sss<\/cite><span class=\"says\">says:<\/span><\/div>\n<div class=\"comment-meta commentmetadata\"><a href=\"https:\/\/www.tion.ro\/stirile-judetului-timis\/calea-timisoarei-se-inchide-pentru-trei-luni-se-construiesc-doua-sensuri-giratorii-la-giroc-2334042\/#comment-1014996\">August 14, 2026 at 6:08 pm<\/a><\/div>\n<p>sa imi *** ceva in parul lui blond, incrediibil<\/p>\n<div class=\"reply\"><a rel=\"nofollow\" class=\"comment-reply-link\" href=\"https:\/\/www.tion.ro\/stirile-judetului-timis\/calea-timisoarei-se-inchide-pentru-trei-luni-se-construiesc-doua-sensuri-giratorii-la-giroc-2334042\/#comment-1014996\" data-commentid=\"1014996\" data-postid=\"2334042\" data-belowelement=\"div-comment-1014996\" data-respondelement=\"respond\" data-replyto=\"Reply to sss\" aria-label=\"Reply to sss\">Reply<\/a><\/div>\n<\/div>\n<ul class=\"children\">\n<li class=\"comment even depth-2\" id=\"comment-1015209\">\n<div id=\"div-comment-1015209\" class=\"comment-body\">\n<div class=\"comment-author vcard\"><img decoding=\"async\" alt src=\"https:\/\/secure.gravatar.com\/avatar\/e75d895882decfb7328bb89f21d7ca82?s=32&amp;d=mm&amp;r=g\" class=\"avatar avatar-32 photo\" height=\"32\" width=\"32\" loading=\"lazy\"><cite class=\"fn\">Cetatean<\/cite><span class=\"says\">says:<\/span><\/div>\n<div class=\"comment-meta commentmetadata\"><a href=\"https:\/\/www.tion.ro\/stirile-judetului-timis\/calea-timisoarei-se-inchide-pentru-trei-luni-se-construiesc-doua-sensuri-giratorii-la-giroc-2334042\/#comment-1015209\">August 15, 2026 at 7:36 am<\/a><\/div>\n<p>Saracu de tine, nici nu intelegi cine e la conducerea cjt si cine la primarie\u2026 el are o treaba cu unu singur si indiferent de ce se intampla in oras el e de vina.<br \/>\nLa fel cum multi il injurau si pe iohannis pt absolut orice sau acum pe nicusor, chiar daca nu e in atributiile lor acel lucru pentru care erau injurati :))))<\/p>\n<div class=\"reply\"><a rel=\"nofollow\" class=\"comment-reply-link\" href=\"https:\/\/www.tion.ro\/stirile-judetului-timis\/calea-timisoarei-se-inchide-pentru-trei-luni-se-construiesc-doua-sensuri-giratorii-la-giroc-2334042\/#comment-1015209\" data-commentid=\"1015209\" data-postid=\"2334042\" data-belowelement=\"div-comment-1015209\" data-respondelement=\"respond\" data-replyto=\"Reply to Cetatean\" aria-label=\"Reply to Cetatean\">Reply<\/a><\/div>\n<\/div>\n<\/li>\n<\/ul>\n<\/li>\n<li class=\"comment odd alt thread-odd thread-alt depth-1\" id=\"comment-1015032\">\n<div id=\"div-comment-1015032\" class=\"comment-body\">\n<div class=\"comment-author vcard\"><img decoding=\"async\" alt src=\"https:\/\/secure.gravatar.com\/avatar\/a289707a914222067191e6c88289c43f?s=32&amp;d=mm&amp;r=g\" class=\"avatar avatar-32 photo\" height=\"32\" width=\"32\" loading=\"lazy\"><cite class=\"fn\">Florin<\/cite><span class=\"says\">says:<\/span><\/div>\n<div class=\"comment-meta commentmetadata\"><a href=\"https:\/\/www.tion.ro\/stirile-judetului-timis\/calea-timisoarei-se-inchide-pentru-trei-luni-se-construiesc-doua-sensuri-giratorii-la-giroc-2334042\/#comment-1015032\">August 14, 2026 at 7:39 pm<\/a><\/div>\n<p>Luati-va elicopter!<\/p>\n<div class=\"reply\"><a rel=\"nofollow\" class=\"comment-reply-link\" href=\"https:\/\/www.tion.ro\/stirile-judetului-timis\/calea-timisoarei-se-inchide-pentru-trei-luni-se-construiesc-doua-sensuri-giratorii-la-giroc-2334042\/#comment-1015032\" data-commentid=\"1015032\" data-postid=\"2334042\" data-belowelement=\"div-comment-1015032\" data-respondelement=\"respond\" data-replyto=\"Reply to Florin\" aria-label=\"Reply to Florin\">Reply<\/a><\/div>\n<\/div>\n<\/li>\n<li class=\"comment even thread-even depth-1\" id=\"comment-1015047\">\n<div id=\"div-comment-1015047\" class=\"comment-body\">\n<div class=\"comment-author vcard\"><img decoding=\"async\" alt src=\"https:\/\/secure.gravatar.com\/avatar\/aa5a85fd7fac6278ce04a93641628849?s=32&amp;d=mm&amp;r=g\" class=\"avatar avatar-32 photo\" height=\"32\" width=\"32\" loading=\"lazy\"><cite class=\"fn\">Girocan<\/cite><span class=\"says\">says:<\/span><\/div>\n<div class=\"comment-meta commentmetadata\"><a href=\"https:\/\/www.tion.ro\/stirile-judetului-timis\/calea-timisoarei-se-inchide-pentru-trei-luni-se-construiesc-doua-sensuri-giratorii-la-giroc-2334042\/#comment-1015047\">August 14, 2026 at 9:12 pm<\/a><\/div>\n<p>3 luni pentru 2 sensuri giratorii? Se fac suspendate , sau ? Aaa, lucreaza doar 5 oameni! Am inteles!<\/p>\n<div class=\"reply\"><a rel=\"nofollow\" class=\"comment-reply-link\" href=\"https:\/\/www.tion.ro\/stirile-judetului-timis\/calea-timisoarei-se-inchide-pentru-trei-luni-se-construiesc-doua-sensuri-giratorii-la-giroc-2334042\/#comment-1015047\" data-commentid=\"1015047\" data-postid=\"2334042\" data-belowelement=\"div-comment-1015047\" data-respondelement=\"respond\" data-replyto=\"Reply to Girocan\" aria-label=\"Reply to Girocan\">Reply<\/a><\/div>\n<\/div>\n<\/li>\n<li class=\"comment odd alt thread-odd thread-alt depth-1 parent\" id=\"comment-1015134\">\n<div id=\"div-comment-1015134\" class=\"comment-body\">\n<div class=\"comment-author vcard\"><img decoding=\"async\" alt src=\"https:\/\/secure.gravatar.com\/avatar\/a32033ba5426cc887c4d40fe4feb3fbb?s=32&amp;d=mm&amp;r=g\" class=\"avatar avatar-32 photo\" height=\"32\" width=\"32\" loading=\"lazy\"><cite class=\"fn\">oaia roz<\/cite><span class=\"says\">says:<\/span><\/div>\n<div class=\"comment-meta commentmetadata\"><a href=\"https:\/\/www.tion.ro\/stirile-judetului-timis\/calea-timisoarei-se-inchide-pentru-trei-luni-se-construiesc-doua-sensuri-giratorii-la-giroc-2334042\/#comment-1015134\">August 14, 2026 at 11:21 pm<\/a><\/div>\n<p>Bihor: inaugureaz\u0103 al patrulea pasaj tram-tren pe centura Oradea (patru benzi pe sen)<br \/>\nTimi\u0219: \u00eencep lucr\u0103rile la dou\u0103 giratorii prin mijlocul satului<\/p>\n<p>Ave\u021bi ce-a\u021bi votat la Consiliul Jude\u021bean<\/p>\n<div class=\"reply\"><a rel=\"nofollow\" class=\"comment-reply-link\" href=\"https:\/\/www.tion.ro\/stirile-judetului-timis\/calea-timisoarei-se-inchide-pentru-trei-luni-se-construiesc-doua-sensuri-giratorii-la-giroc-2334042\/#comment-1015134\" data-commentid=\"1015134\" data-postid=\"2334042\" data-belowelement=\"div-comment-1015134\" data-respondelement=\"respond\" data-replyto=\"Reply to oaia roz\" aria-label=\"Reply to oaia roz\">Reply<\/a><\/div>\n<\/div>\n<ul class=\"children\">\n<li class=\"comment even depth-2\" id=\"comment-1015248\">\n<div id=\"div-comment-1015248\" class=\"comment-body\">\n<div class=\"comment-author vcard\"><img decoding=\"async\" alt src=\"https:\/\/secure.gravatar.com\/avatar\/48f1caf8c86c05eb4798e9da1e6b4c5f?s=32&amp;d=mm&amp;r=g\" class=\"avatar avatar-32 photo\" height=\"32\" width=\"32\" loading=\"lazy\"><cite class=\"fn\">dap<\/cite><span class=\"says\">says:<\/span><\/div>\n<div class=\"comment-meta commentmetadata\"><a href=\"https:\/\/www.tion.ro\/stirile-judetului-timis\/calea-timisoarei-se-inchide-pentru-trei-luni-se-construiesc-doua-sensuri-giratorii-la-giroc-2334042\/#comment-1015248\">August 15, 2026 at 11:23 am<\/a><\/div>\n<p>dap, ce e cel mai fain e ca avem si la PMT ce s-a votat, asa cum am tot avut fix  e s-a votat, si Robu a fost votat, si Ciuhandu a fost votat (cu repetitie!), si la CJ a fost Nica cu maaaari realizari, ba chiar si la presedintie avem pe cel dorit majoritar asa cum si in trecut au castigat \u201cai nostri\u201d gen Iohannis ori Basescu\u2026 Toti astia au fost\u2026 \u201cla fix\u201d cu multe si marete realizari, pentru ca unii sunt\u2026 adica au diverse culori, inclusiv culoarea roz iar \u201clogica\u201d lor e \u201cdar cu ceilalti ar fi fost mai bine?\u201d Eu nu am raspunsul la intrebarea lor \u201cinteligenta\u201d, dar nici ei nu au raspunsul la intrebarea mea stupida de ce suntem praf pe orice indicatori obiectivi daca ei au ales asa \u201cinteligent\u201d. <\/p>\n<p>Slava!<\/p>\n<div class=\"reply\"><a rel=\"nofollow\" class=\"comment-reply-link\" href=\"https:\/\/www.tion.ro\/stirile-judetului-timis\/calea-timisoarei-se-inchide-pentru-trei-luni-se-construiesc-doua-sensuri-giratorii-la-giroc-2334042\/#comment-1015248\" data-commentid=\"1015248\" data-postid=\"2334042\" data-belowelement=\"div-comment-1015248\" data-respondelement=\"respond\" data-replyto=\"Reply to dap\" aria-label=\"Reply to dap\">Reply<\/a><\/div>\n<\/div>\n<\/li>\n<li class=\"comment odd alt depth-2 parent\" id=\"comment-1015299\">\n<div id=\"div-comment-1015299\" class=\"comment-body\">\n<div class=\"comment-author vcard\"><img decoding=\"async\" alt src=\"https:\/\/secure.gravatar.com\/avatar\/b96a6f588483e4739b7e1091304682e6?s=32&amp;d=mm&amp;r=g\" class=\"avatar avatar-32 photo\" height=\"32\" width=\"32\" loading=\"lazy\"><cite class=\"fn\">cigus-migus<\/cite><span class=\"says\">says:<\/span><\/div>\n<div class=\"comment-meta commentmetadata\"><a href=\"https:\/\/www.tion.ro\/stirile-judetului-timis\/calea-timisoarei-se-inchide-pentru-trei-luni-se-construiesc-doua-sensuri-giratorii-la-giroc-2334042\/#comment-1015299\">August 15, 2026 at 1:41 pm<\/a><\/div>\n<p>@ oaia roz, na ca ti-a servit-o admiratorul psd dap\u2026a mai primit niste like-uri pentru critici aduse celor care nu-s fanii partidului cu trandafirii ofiliti, iar Tion il sustine\u2026<\/p>\n<div class=\"reply\"><a rel=\"nofollow\" class=\"comment-reply-link\" href=\"https:\/\/www.tion.ro\/stirile-judetului-timis\/calea-timisoarei-se-inchide-pentru-trei-luni-se-construiesc-doua-sensuri-giratorii-la-giroc-2334042\/#comment-1015299\" data-commentid=\"1015299\" data-postid=\"2334042\" data-belowelement=\"div-comment-1015299\" data-respondelement=\"respond\" data-replyto=\"Reply to cigus-migus\" aria-label=\"Reply to cigus-migus\">Reply<\/a><\/div>\n<\/div>\n<ul class=\"children\">\n<li class=\"comment even depth-3\" id=\"comment-1015404\">\n<div id=\"div-comment-1015404\" class=\"comment-body\">\n<div class=\"comment-author vcard\"><img decoding=\"async\" alt src=\"https:\/\/secure.gravatar.com\/avatar\/48f1caf8c86c05eb4798e9da1e6b4c5f?s=32&amp;d=mm&amp;r=g\" class=\"avatar avatar-32 photo\" height=\"32\" width=\"32\" loading=\"lazy\"><cite class=\"fn\">dap<\/cite><span class=\"says\">says:<\/span><\/div>\n<div class=\"comment-meta commentmetadata\"><a href=\"https:\/\/www.tion.ro\/stirile-judetului-timis\/calea-timisoarei-se-inchide-pentru-trei-luni-se-construiesc-doua-sensuri-giratorii-la-giroc-2334042\/#comment-1015404\">August 15, 2026 at 9:23 pm<\/a><\/div>\n<p>dap, tu nu prea pricepi ce citesti, este?  asa-s useristii, singurele lor \u201cargumente\u201d vonstau in lipit de etichete. Cat despre \u201csustinere\u201d, te rog frumos, pe mine ma sustine insusi Putin, zilnic imi trimite un sac de ruble! Cu drona imi trimite!<br \/>\nTu esti un adept al cenzurii, este? Uite niste crampeie de citate din.. nu conteaza cine:<\/p>\n<p>Solu\u021bia fascistului \u0219i a bol\u0219evicului e mereu aceea\u0219i: S\u0103 se aresteze \u0219i s\u0103 se interzic\u0103! S\u0103 se dea o lege care s\u0103 permit\u0103 persecutarea tuturor celor care nu cred \u00een narativ<\/p>\n<p>Neav\u00e2nd capacitatea mental\u0103 de a combate o minciun\u0103 cu un simplu adev\u0103r, prefer\u0103 s\u0103 reduc\u0103 la t\u0103cere pentru ca minciuna lor s\u0103 poat\u0103 domina. De-a lungul timpului, ni\u0219te oameni mult mai inteligen\u021bi dec\u00e2t noi au decis c\u0103 libertatea de exprimare este esen\u021bial\u0103. Nu pentru a proteja minciunile, ci pentru a proteja cr\u00e2mpeiele incomode de adev\u0103r. <\/p>\n<p>Slava si tie!<\/p>\n<div class=\"reply\"><a rel=\"nofollow\" class=\"comment-reply-link\" href=\"https:\/\/www.tion.ro\/stirile-judetului-timis\/calea-timisoarei-se-inchide-pentru-trei-luni-se-construiesc-doua-sensuri-giratorii-la-giroc-2334042\/#comment-1015404\" data-commentid=\"1015404\" data-postid=\"2334042\" data-belowelement=\"div-comment-1015404\" data-respondelement=\"respond\" data-replyto=\"Reply to dap\" aria-label=\"Reply to dap\">Reply<\/a><\/div>\n<\/div>\n<\/li>\n<\/ul>\n<\/li>\n<\/ul>\n<\/li>\n<li class=\"comment odd alt thread-even depth-1 parent\" id=\"comment-1015347\">\n<div id=\"div-comment-1015347\" class=\"comment-body\">\n<div class=\"comment-author vcard\"><img decoding=\"async\" alt src=\"https:\/\/secure.gravatar.com\/avatar\/828c0673aa8c14642ccb972d344d076f?s=32&amp;d=mm&amp;r=g\" class=\"avatar avatar-32 photo\" height=\"32\" width=\"32\" loading=\"lazy\"><cite class=\"fn\">Aaa<\/cite><span class=\"says\">says:<\/span><\/div>\n<div class=\"comment-meta commentmetadata\"><a href=\"https:\/\/www.tion.ro\/stirile-judetului-timis\/calea-timisoarei-se-inchide-pentru-trei-luni-se-construiesc-doua-sensuri-giratorii-la-giroc-2334042\/#comment-1015347\">August 15, 2026 at 5:35 pm<\/a><\/div>\n<p>Pai si daca se inchide complet, noi cei din zona Planetelor ramanem sechestrati timp de 3 luni? \ud83e\udd23<\/p>\n<p>Ca nu vad cum altcumva putem ajunge fie in sat, fie in Tm, fara Calea Timisoarei\u2026 ah sau o luam cu miile pe strazile alea late cat pentru o masina? \ud83e\udd14<\/p>\n<div class=\"reply\"><a rel=\"nofollow\" class=\"comment-reply-link\" href=\"https:\/\/www.tion.ro\/stirile-judetului-timis\/calea-timisoarei-se-inchide-pentru-trei-luni-se-construiesc-doua-sensuri-giratorii-la-giroc-2334042\/#comment-1015347\" data-commentid=\"1015347\" data-postid=\"2334042\" data-belowelement=\"div-comment-1015347\" data-respondelement=\"respond\" data-replyto=\"Reply to Aaa\" aria-label=\"Reply to Aaa\">Reply<\/a><\/div>\n<\/div>\n<ul class=\"children\">\n<li class=\"comment even depth-2 parent\" id=\"comment-1015575\">\n<div id=\"div-comment-1015575\" class=\"comment-body\">\n<div class=\"comment-author vcard\"><img decoding=\"async\" alt src=\"https:\/\/secure.gravatar.com\/avatar\/48f1caf8c86c05eb4798e9da1e6b4c5f?s=32&amp;d=mm&amp;r=g\" class=\"avatar avatar-32 photo\" height=\"32\" width=\"32\" loading=\"lazy\"><cite class=\"fn\">dap<\/cite><span class=\"says\">says:<\/span><\/div>\n<div class=\"comment-meta commentmetadata\"><a href=\"https:\/\/www.tion.ro\/stirile-judetului-timis\/calea-timisoarei-se-inchide-pentru-trei-luni-se-construiesc-doua-sensuri-giratorii-la-giroc-2334042\/#comment-1015575\">August 16, 2026 at 1:36 pm<\/a><\/div>\n<p>dap, ocoliti pe centura si veniti pe Buziasului unde\u2026 dati de lucrarile lui Frigz, pe langa cat de aglomerat o fi dimineatza dinspre Mosnitza.<\/p>\n<p>Slava!<\/p>\n<div class=\"reply\"><a rel=\"nofollow\" class=\"comment-reply-link\" href=\"https:\/\/www.tion.ro\/stirile-judetului-timis\/calea-timisoarei-se-inchide-pentru-trei-luni-se-construiesc-doua-sensuri-giratorii-la-giroc-2334042\/#comment-1015575\" data-commentid=\"1015575\" data-postid=\"2334042\" data-belowelement=\"div-comment-1015575\" data-respondelement=\"respond\" data-replyto=\"Reply to dap\" aria-label=\"Reply to dap\">Reply<\/a><\/div>\n<\/div>\n<ul class=\"children\">\n<li class=\"comment odd alt depth-3 parent\" id=\"comment-1015587\">\n<div id=\"div-comment-1015587\" class=\"comment-body\">\n<div class=\"comment-author vcard\"><img decoding=\"async\" alt src=\"https:\/\/secure.gravatar.com\/avatar\/828d5b8124847eedd7c40b6b1f8f6757?s=32&amp;d=mm&amp;r=g\" class=\"avatar avatar-32 photo\" height=\"32\" width=\"32\" loading=\"lazy\"><cite class=\"fn\">nap<\/cite><span class=\"says\">says:<\/span><\/div>\n<div class=\"comment-meta commentmetadata\"><a href=\"https:\/\/www.tion.ro\/stirile-judetului-timis\/calea-timisoarei-se-inchide-pentru-trei-luni-se-construiesc-doua-sensuri-giratorii-la-giroc-2334042\/#comment-1015587\">August 16, 2026 at 2:21 pm<\/a><\/div>\n<p>sa ghicim \u2013 esti noul sef serviciu propaganda aur?<\/p>\n<div class=\"reply\"><a rel=\"nofollow\" class=\"comment-reply-link\" href=\"https:\/\/www.tion.ro\/stirile-judetului-timis\/calea-timisoarei-se-inchide-pentru-trei-luni-se-construiesc-doua-sensuri-giratorii-la-giroc-2334042\/#comment-1015587\" data-commentid=\"1015587\" data-postid=\"2334042\" data-belowelement=\"div-comment-1015587\" data-respondelement=\"respond\" data-replyto=\"Reply to nap\" aria-label=\"Reply to nap\">Reply<\/a><\/div>\n<\/div>\n<ul class=\"children\">\n<li class=\"comment even depth-4\" id=\"comment-1015893\">\n<div id=\"div-comment-1015893\" class=\"comment-body\">\n<div class=\"comment-author vcard\"><img decoding=\"async\" alt src=\"https:\/\/secure.gravatar.com\/avatar\/48f1caf8c86c05eb4798e9da1e6b4c5f?s=32&amp;d=mm&amp;r=g\" class=\"avatar avatar-32 photo\" height=\"32\" width=\"32\" loading=\"lazy\"><cite class=\"fn\">dap<\/cite><span class=\"says\">says:<\/span><\/div>\n<div class=\"comment-meta commentmetadata\"><a href=\"https:\/\/www.tion.ro\/stirile-judetului-timis\/calea-timisoarei-se-inchide-pentru-trei-luni-se-construiesc-doua-sensuri-giratorii-la-giroc-2334042\/#comment-1015893\">August 17, 2026 at 1:52 pm<\/a><\/div>\n<p>dap, ai ghicit\u2026 cum esti.<br \/>\nCe-a decazut usr-ul, a ajuns sa aiba troli zici ca-s luati de pe Temu\u2026<\/p>\n<p>Slava!<\/p>\n<div class=\"reply\"><a rel=\"nofollow\" class=\"comment-reply-link\" href=\"https:\/\/www.tion.ro\/stirile-judetului-timis\/calea-timisoarei-se-inchide-pentru-trei-luni-se-construiesc-doua-sensuri-giratorii-la-giroc-2334042\/#comment-1015893\" data-commentid=\"1015893\" data-postid=\"2334042\" data-belowelement=\"div-comment-1015893\" data-respondelement=\"respond\" data-replyto=\"Reply to dap\" aria-label=\"Reply to dap\">Reply<\/a><\/div>\n<\/div>\n<\/li>\n<\/ul>\n<\/li>\n<\/ul>\n<\/li>\n<li class=\"comment odd alt depth-2\" id=\"comment-1015794\">\n<div id=\"div-comment-1015794\" class=\"comment-body\">\n<div class=\"comment-author vcard\"><img decoding=\"async\" alt src=\"https:\/\/secure.gravatar.com\/avatar\/9a01e3ed59d0faf872d9ea3ea41138c8?s=32&amp;d=mm&amp;r=g\" class=\"avatar avatar-32 photo\" height=\"32\" width=\"32\" loading=\"lazy\"><cite class=\"fn\">Viorica<\/cite><span class=\"says\">says:<\/span><\/div>\n<div class=\"comment-meta commentmetadata\"><a href=\"https:\/\/www.tion.ro\/stirile-judetului-timis\/calea-timisoarei-se-inchide-pentru-trei-luni-se-construiesc-doua-sensuri-giratorii-la-giroc-2334042\/#comment-1015794\">August 17, 2026 at 7:48 am<\/a><\/div>\n<p>variante ajutatoare pe la Belgrad sau Budapestea<\/p>\n<div class=\"reply\"><a rel=\"nofollow\" class=\"comment-reply-link\" href=\"https:\/\/www.tion.ro\/stirile-judetului-timis\/calea-timisoarei-se-inchide-pentru-trei-luni-se-construiesc-doua-sensuri-giratorii-la-giroc-2334042\/#comment-1015794\" data-commentid=\"1015794\" data-postid=\"2334042\" data-belowelement=\"div-comment-1015794\" data-respondelement=\"respond\" data-replyto=\"Reply to Viorica\" aria-label=\"Reply to Viorica\">Reply<\/a><\/div>\n<\/div>\n<\/li>\n<\/ul>\n<\/li>\n<li class=\"comment even thread-odd thread-alt depth-1\" id=\"comment-1015602\">\n<div id=\"div-comment-1015602\" class=\"comment-body\">\n<div class=\"comment-author vcard\"><img decoding=\"async\" alt src=\"https:\/\/secure.gravatar.com\/avatar\/bf3587b9e39232892da5ce83083700a2?s=32&amp;d=mm&amp;r=g\" class=\"avatar avatar-32 photo\" height=\"32\" width=\"32\" loading=\"lazy\"><cite class=\"fn\">B\u0103nescu Dan<\/cite><span class=\"says\">says:<\/span><\/div>\n<div class=\"comment-meta commentmetadata\"><a href=\"https:\/\/www.tion.ro\/stirile-judetului-timis\/calea-timisoarei-se-inchide-pentru-trei-luni-se-construiesc-doua-sensuri-giratorii-la-giroc-2334042\/#comment-1015602\">August 16, 2026 at 3:53 pm<\/a><\/div>\n<p>Am \u0219i eu de schimbat 100euro, \u0219tie cineva unde as putea schimba ace\u0219ti bani ?<\/p>\n<div class=\"reply\"><a rel=\"nofollow\" class=\"comment-reply-link\" href=\"https:\/\/www.tion.ro\/stirile-judetului-timis\/calea-timisoarei-se-inchide-pentru-trei-luni-se-construiesc-doua-sensuri-giratorii-la-giroc-2334042\/#comment-1015602\" data-commentid=\"1015602\" data-postid=\"2334042\" data-belowelement=\"div-comment-1015602\" data-respondelement=\"respond\" data-replyto=\"Reply to B\u0103nescu Dan\" aria-label=\"Reply to B\u0103nescu Dan\">Reply<\/a><\/div>\n<\/div>\n<\/li>\n<\/div>\n<\/div>\n<\/div>\n<p>[analyse_source url=&#8221;https:\/\/www.tion.ro\/stirile-judetului-timis\/calea-timisoarei-se-inchide-pentru-trei-luni-se-construiesc-doua-sensuri-giratorii-la-giroc-2334042\/&#8221;]<\/p>\n","protected":false},"excerpt":{"rendered":"<p>[analyse_image type=&#8221;featured&#8221; src=&#8221;https:\/\/www.tion.ro\/wp-content\/uploads\/2026\/08\/+otf\/1200&#215;630\/sh3R__rRbKehixMv3IYWYOE5PVF9WRVJZX1NFQ1IBsXStcZlf__YtplCUVOaH4IBbviaoaIpueFEjhb+qOtCRQVRr8m+67nSn22z4zNow6sIg06yUEo4DHhr7K2A0=\/6702196caleatimisoareigiroc.jpg&#8221;] Potrivit Prim\u0103riei Comunei Giroc, circula\u021bia rutier\u0103 pe Calea Timi\u0219oarei va fi \u00eenchis\u0103 pentru o perioad\u0103 estimat\u0103 la aproximativ trei luni. Lucr\u0103rile sunt realizate de Consiliul Jude\u021bean Timi\u0219 \u0219i presupun interven\u021bii ample asupra infrastructurii rutiere. Vor fi amenajate dou\u0103 sensuri giratorii, unul la intersec\u021bia C\u0103ii Timi\u0219oarei cu strada Jupiter, iar cel de-al doilea [&hellip;]<\/p>\n","protected":false},"author":1,"featured_media":0,"comment_status":"open","ping_status":"","sticky":false,"template":"","format":"standard","meta":{"footnotes":""},"categories":[89],"tags":[226,191],"class_list":["post-2097653","post","type-post","status-publish","format-standard","hentry","category-romania","tag-crawlmanager","tag-tion-ro"],"_links":{"self":[{"href":"https:\/\/analyse.optim.biz\/index.php?rest_route=\/wp\/v2\/posts\/2097653","targetHints":{"allow":["GET"]}}],"collection":[{"href":"https:\/\/analyse.optim.biz\/index.php?rest_route=\/wp\/v2\/posts"}],"about":[{"href":"https:\/\/analyse.optim.biz\/index.php?rest_route=\/wp\/v2\/types\/post"}],"author":[{"embeddable":true,"href":"https:\/\/analyse.optim.biz\/index.php?rest_route=\/wp\/v2\/users\/1"}],"replies":[{"embeddable":true,"href":"https:\/\/analyse.optim.biz\/index.php?rest_route=%2Fwp%2Fv2%2Fcomments&post=2097653"}],"version-history":[{"count":0,"href":"https:\/\/analyse.optim.biz\/index.php?rest_route=\/wp\/v2\/posts\/2097653\/revisions"}],"wp:attachment":[{"href":"https:\/\/analyse.optim.biz\/index.php?rest_route=%2Fwp%2Fv2%2Fmedia&parent=2097653"}],"wp:term":[{"taxonomy":"category","embeddable":true,"href":"https:\/\/analyse.optim.biz\/index.php?rest_route=%2Fwp%2Fv2%2Fcategories&post=2097653"},{"taxonomy":"post_tag","embeddable":true,"href":"https:\/\/analyse.optim.biz\/index.php?rest_route=%2Fwp%2Fv2%2Ftags&post=2097653"}],"curies":[{"name":"wp","href":"https:\/\/api.w.org\/{rel}","templated":true}]}}