{"id":2097650,"date":"2026-08-14T10:07:19","date_gmt":"2026-08-14T07:07:19","guid":{"rendered":"https:\/\/analyse.optim.biz\/?p=2097650"},"modified":"2026-08-14T10:07:19","modified_gmt":"2026-08-14T07:07:19","slug":"contract-de-peste-850-000-de-euro-pentru-un-sens-giratoriu-la-intersectia-mortii-de-langa-lugoj","status":"publish","type":"post","link":"https:\/\/analyse.optim.biz\/?p=2097650","title":{"rendered":"Contract de peste 850.000 de euro pentru un sens giratoriu la \u201eintersec\u021bia mor\u021bii\u201d de l\u00e2ng\u0103 Lugoj"},"content":{"rendered":"<p>[analyse_image type=&#8221;featured&#8221; src=&#8221;https:\/\/www.tion.ro\/wp-content\/uploads\/2026\/08\/+otf\/1200&#215;630\/b6OTHX1PN99g5E6HZ8l7o05PVF9WRVJZX1NFQ0mhas7KF6IIX7Z3ItSHttDfOcqBN5rMmByePURXLjX3JV4ZTSIucjYOxI4rbyXiv3Aoeg8QB9VseJLjvIq7d50=\/670182177415726129309242372453362075983924250333224n.jpg&#8221;]<\/p>\n<article id=\"post-2334045\" class>\n<div class=\"entry-content clearfix\">\n<div class=\"enewsArticleContent\">\n<p>Direc\u021bia Regional\u0103 de Drumuri \u0219i Poduri (DRDP) Timi\u0219oara anun\u021b\u0103 c\u0103 a fost g\u0103sit constructor pentru amenajarea unui sens giratoriu pe DN 6, la km 495+000, la intersec\u021bia cu strada Tapiei \u0219i DJ 680, a\u0219a-zisa \u201eintersec\u021bia a mor\u021bii\u201d de pe Centura Lugojului. Vineri, 14 august, a fost semnat \u0219i contractul.<\/p>\n<blockquote>\n<p>\u201eIntersec\u021bia existent\u0103 este una de tip \u00ab\u00een cruce\u00bb, iar separarea sensurilor de circula\u021bie se realizeaz\u0103 prin marcaj rutier. Accesul din \u0219i spre DN 6, pe DJ 680, c\u0103tre municipiul Lugoj, se desf\u0103\u0219oar\u0103 acum cu dificultate, favoriz\u00e2nd formarea ambuteiajelor \u0219i sporind riscul de accidente. Av\u00e2nd \u00een vedere intensificarea traficului rutier \u0219i dezvoltarea localit\u0103\u021bilor din zon\u0103, reconfigurarea intersec\u021biei era necesar\u0103 pentru \u00eembun\u0103t\u0103\u021birea condi\u021biilor de circula\u021bie\u201d, anun\u021b\u0103 reprezentan\u021bii DRDP Timi\u0219oara.<\/p>\n<\/blockquote>\n<p>\u00cen urma licita\u021biei, c\u00e2\u0219tig\u0103toare a contractului a fost desemnat\u0103 asocierea EBENS BLUE BAU S.R.L. \u2013 CML.RO S.R.L., la o valoare de 3,7 milioane de lei, f\u0103r\u0103 TVA \u2013 adic\u0103 4,5 milioane de lei sau aproximativ 865.000 de euro, cu TVA. Lucr\u0103rile ar trebui s\u0103 fie finalizate \u00een jum\u0103tate de an de la emiterea ordinului de \u00eencepere.<\/p>\n<p><img decoding=\"async\" loading=\"lazy\" class=\"size-full wp-image-2269831 aligncenter\" src=\"https:\/\/www.tion.ro\/wp-content\/uploads\/2026\/05\/762249068492281912723759083173007380091136672656906n.jpg\" alt width=\"1440\" height=\"1152\"><\/p>\n<p>V\u0103 amintim, sensul giratoriu a fost proiectat \u00een cadrul unui <strong><a href=\"https:\/\/www.tion.ro\/stirile-judetului-timis\/sensul-giratoriu-de-la-intersectia-mortii-de-pe-centura-lugojului-scos-la-licitatie-pentru-proiectare-cu-intarziere-de-peste-o-luna-1892255\/\" target=\"_blank\" rel=\"noopener\">contract mai mare atribuit anul trecut de CNAIR<\/a><\/strong>, care prevedea peste 30 de intersec\u021bii din \u021bar\u0103. Atunci, primarul Lugojului, C\u0103lin Dobra, acuza indolen\u021ba cu care a fost tratat\u0103 investi\u021bia \u00een ultimii ani. \u00cen mai a fost lansat\u0103 \u0219i <strong><a href=\"https:\/\/www.tion.ro\/stirile-judetului-timis\/sens-giratoriu-de-peste-un-milion-de-euro-la-intersectia-mortii-de-pe-centura-lugojului-se-cauta-constructor-2269829\/\" target=\"_blank\" rel=\"noopener\">licita\u021bia pentru execu\u021bia lucr\u0103rilor.<\/a><\/strong><\/p>\n<div class=\"fbShareLikeTwitterAndEmailContainer\">\n<div class=\"wrapper\">\n<div class=\"email\">\n<div id=\"mailto-pop\" class=\"pop-form pop-form-mailto\">\n<div class=\"pop-form-header\">\n<h4>Trimite articolul<\/h4>\n<p><a class=\"pop-form-close\">X<\/a><\/div>\n<\/div>\n<\/div>\n<\/div>\n<\/div>\n<div class=\"tagsContainer\">\n<div class=\"tagsLabel\">Taguri:<\/div>\n<div class=\"tags\">\n<div class=\"tag\"><a href=\"https:\/\/www.tion.ro\/cimke\/centura-lugoj\" rel=\"tag\"><span class=\"link\">centura lugoj<\/span><span class=\"separator\">,<\/span><\/a><\/div>\n<div class=\"tag\"><a href=\"https:\/\/www.tion.ro\/cimke\/intersectia-mortii\" rel=\"tag\"><span class=\"link\">intersec\u021bia mor\u021bii<\/span><span class=\"separator\">,<\/span><\/a><\/div>\n<div class=\"tag\"><a href=\"https:\/\/www.tion.ro\/cimke\/strada-tapiei\" rel=\"tag\"><span class=\"link\">strada tapiei<\/span><\/a><\/div>\n<\/div>\n<\/div>\n<div class=\"comments\">\n<div class=\"top\">\n<div class=\"commentsNumber\"><span class=\"number\">0<\/span><span class=\"text\">Comentarii<\/span><\/div>\n<\/div>\n<div class=\"center\">\n<div id=\"respond\" class=\"comment-respond\">\n<h3 id=\"reply-title\" class=\"comment-reply-title\"><small><a rel=\"nofollow\" id=\"cancel-comment-reply-link\" href=\"https:\/\/www.tion.ro\/stirile-judetului-timis\/contract-de-peste-850-000-de-euro-pentru-un-sens-giratoriu-la-intersectia-mortii-de-langa-lugoj-2334045\/#respond\">Cancel reply<\/a><\/small><\/h3>\n<p class=\"comment-notes\"><span id=\"email-notes\">Your email address will not be published.<\/span><span class=\"required-field-message\">Required fields are marked <span class=\"required\">*<\/span><\/span><\/p>\n<p class=\"commentFormComment\"><span id=\"commentFormCount\"><br \/>\n                            inca<br \/>\n                            <span id=\"countCommentText\">1000<\/span><br \/>\n                            caractere ramase<br \/>\n                        <\/span><\/p>\n<\/div>\n<\/div>\n<div class=\"bottom\">\n<p class=\"forumDisclaimerHuRo\">\n            Citi\u021bi principiile noastre de moderare <a href=\"https:\/\/www.tion.ro\/reguli-postare-comentarii\/\" target=\"_blank\">aici<\/a>!\n        <\/p>\n<\/div>\n<\/div>\n<\/div>\n<\/div>\n<\/article>\n<div class=\"entry-content clearfix\">\n<div class=\"enewsArticleContent\">\n<p>Direc\u021bia Regional\u0103 de Drumuri \u0219i Poduri (DRDP) Timi\u0219oara anun\u021b\u0103 c\u0103 a fost g\u0103sit constructor pentru amenajarea unui sens giratoriu pe DN 6, la km 495+000, la intersec\u021bia cu strada Tapiei \u0219i DJ 680, a\u0219a-zisa \u201eintersec\u021bia a mor\u021bii\u201d de pe Centura Lugojului. Vineri, 14 august, a fost semnat \u0219i contractul.<\/p>\n<blockquote>\n<p>\u201eIntersec\u021bia existent\u0103 este una de tip \u00ab\u00een cruce\u00bb, iar separarea sensurilor de circula\u021bie se realizeaz\u0103 prin marcaj rutier. Accesul din \u0219i spre DN 6, pe DJ 680, c\u0103tre municipiul Lugoj, se desf\u0103\u0219oar\u0103 acum cu dificultate, favoriz\u00e2nd formarea ambuteiajelor \u0219i sporind riscul de accidente. Av\u00e2nd \u00een vedere intensificarea traficului rutier \u0219i dezvoltarea localit\u0103\u021bilor din zon\u0103, reconfigurarea intersec\u021biei era necesar\u0103 pentru \u00eembun\u0103t\u0103\u021birea condi\u021biilor de circula\u021bie\u201d, anun\u021b\u0103 reprezentan\u021bii DRDP Timi\u0219oara.<\/p>\n<\/blockquote>\n<p>\u00cen urma licita\u021biei, c\u00e2\u0219tig\u0103toare a contractului a fost desemnat\u0103 asocierea EBENS BLUE BAU S.R.L. \u2013 CML.RO S.R.L., la o valoare de 3,7 milioane de lei, f\u0103r\u0103 TVA \u2013 adic\u0103 4,5 milioane de lei sau aproximativ 865.000 de euro, cu TVA. Lucr\u0103rile ar trebui s\u0103 fie finalizate \u00een jum\u0103tate de an de la emiterea ordinului de \u00eencepere.<\/p>\n<p><img decoding=\"async\" loading=\"lazy\" class=\"size-full wp-image-2269831 aligncenter\" src=\"https:\/\/www.tion.ro\/wp-content\/uploads\/2026\/05\/762249068492281912723759083173007380091136672656906n.jpg\" alt width=\"1440\" height=\"1152\"><\/p>\n<p>V\u0103 amintim, sensul giratoriu a fost proiectat \u00een cadrul unui <strong><a href=\"https:\/\/www.tion.ro\/stirile-judetului-timis\/sensul-giratoriu-de-la-intersectia-mortii-de-pe-centura-lugojului-scos-la-licitatie-pentru-proiectare-cu-intarziere-de-peste-o-luna-1892255\/\" target=\"_blank\" rel=\"noopener\">contract mai mare atribuit anul trecut de CNAIR<\/a><\/strong>, care prevedea peste 30 de intersec\u021bii din \u021bar\u0103. Atunci, primarul Lugojului, C\u0103lin Dobra, acuza indolen\u021ba cu care a fost tratat\u0103 investi\u021bia \u00een ultimii ani. \u00cen mai a fost lansat\u0103 \u0219i <strong><a href=\"https:\/\/www.tion.ro\/stirile-judetului-timis\/sens-giratoriu-de-peste-un-milion-de-euro-la-intersectia-mortii-de-pe-centura-lugojului-se-cauta-constructor-2269829\/\" target=\"_blank\" rel=\"noopener\">licita\u021bia pentru execu\u021bia lucr\u0103rilor.<\/a><\/strong><\/p>\n<div class=\"fbShareLikeTwitterAndEmailContainer\">\n<div class=\"wrapper\">\n<div class=\"email\">\n<div id=\"mailto-pop\" class=\"pop-form pop-form-mailto\">\n<div class=\"pop-form-header\">\n<h4>Trimite articolul<\/h4>\n<p><a class=\"pop-form-close\">X<\/a><\/div>\n<\/div>\n<\/div>\n<\/div>\n<\/div>\n<div class=\"tagsContainer\">\n<div class=\"tagsLabel\">Taguri:<\/div>\n<div class=\"tags\">\n<div class=\"tag\"><a href=\"https:\/\/www.tion.ro\/cimke\/centura-lugoj\" rel=\"tag\"><span class=\"link\">centura lugoj<\/span><span class=\"separator\">,<\/span><\/a><\/div>\n<div class=\"tag\"><a href=\"https:\/\/www.tion.ro\/cimke\/intersectia-mortii\" rel=\"tag\"><span class=\"link\">intersec\u021bia mor\u021bii<\/span><span class=\"separator\">,<\/span><\/a><\/div>\n<div class=\"tag\"><a href=\"https:\/\/www.tion.ro\/cimke\/strada-tapiei\" rel=\"tag\"><span class=\"link\">strada tapiei<\/span><\/a><\/div>\n<\/div>\n<\/div>\n<div class=\"comments\">\n<div class=\"top\">\n<div class=\"commentsNumber\"><span class=\"number\">0<\/span><span class=\"text\">Comentarii<\/span><\/div>\n<\/div>\n<div class=\"center\">\n<div id=\"respond\" class=\"comment-respond\">\n<h3 id=\"reply-title\" class=\"comment-reply-title\"><small><a rel=\"nofollow\" id=\"cancel-comment-reply-link\" href=\"https:\/\/www.tion.ro\/stirile-judetului-timis\/contract-de-peste-850-000-de-euro-pentru-un-sens-giratoriu-la-intersectia-mortii-de-langa-lugoj-2334045\/#respond\">Cancel reply<\/a><\/small><\/h3>\n<p class=\"comment-notes\"><span id=\"email-notes\">Your email address will not be published.<\/span><span class=\"required-field-message\">Required fields are marked <span class=\"required\">*<\/span><\/span><\/p>\n<p class=\"commentFormComment\"><span id=\"commentFormCount\"><br \/>\n                            inca<br \/>\n                            <span id=\"countCommentText\">1000<\/span><br \/>\n                            caractere ramase<br \/>\n                        <\/span><\/p>\n<\/div>\n<\/div>\n<div class=\"bottom\">\n<p class=\"forumDisclaimerHuRo\">\n            Citi\u021bi principiile noastre de moderare <a href=\"https:\/\/www.tion.ro\/reguli-postare-comentarii\/\" target=\"_blank\">aici<\/a>!\n        <\/p>\n<\/div>\n<\/div>\n<\/div>\n<\/div>\n<p>[analyse_source url=&#8221;https:\/\/www.tion.ro\/stirile-judetului-timis\/contract-de-peste-850-000-de-euro-pentru-un-sens-giratoriu-la-intersectia-mortii-de-langa-lugoj-2334045\/&#8221;]<\/p>\n","protected":false},"excerpt":{"rendered":"<p>[analyse_image type=&#8221;featured&#8221; src=&#8221;https:\/\/www.tion.ro\/wp-content\/uploads\/2026\/08\/+otf\/1200&#215;630\/b6OTHX1PN99g5E6HZ8l7o05PVF9WRVJZX1NFQ0mhas7KF6IIX7Z3ItSHttDfOcqBN5rMmByePURXLjX3JV4ZTSIucjYOxI4rbyXiv3Aoeg8QB9VseJLjvIq7d50=\/670182177415726129309242372453362075983924250333224n.jpg&#8221;] Direc\u021bia Regional\u0103 de Drumuri \u0219i Poduri (DRDP) Timi\u0219oara anun\u021b\u0103 c\u0103 a fost g\u0103sit constructor pentru amenajarea unui sens giratoriu pe DN 6, la km 495+000, la intersec\u021bia cu strada Tapiei \u0219i DJ 680, a\u0219a-zisa \u201eintersec\u021bia a mor\u021bii\u201d de pe Centura Lugojului. Vineri, 14 august, a fost semnat \u0219i contractul. \u201eIntersec\u021bia existent\u0103 este [&hellip;]<\/p>\n","protected":false},"author":1,"featured_media":0,"comment_status":"open","ping_status":"","sticky":false,"template":"","format":"standard","meta":{"footnotes":""},"categories":[89],"tags":[226,191],"class_list":["post-2097650","post","type-post","status-publish","format-standard","hentry","category-romania","tag-crawlmanager","tag-tion-ro"],"_links":{"self":[{"href":"https:\/\/analyse.optim.biz\/index.php?rest_route=\/wp\/v2\/posts\/2097650","targetHints":{"allow":["GET"]}}],"collection":[{"href":"https:\/\/analyse.optim.biz\/index.php?rest_route=\/wp\/v2\/posts"}],"about":[{"href":"https:\/\/analyse.optim.biz\/index.php?rest_route=\/wp\/v2\/types\/post"}],"author":[{"embeddable":true,"href":"https:\/\/analyse.optim.biz\/index.php?rest_route=\/wp\/v2\/users\/1"}],"replies":[{"embeddable":true,"href":"https:\/\/analyse.optim.biz\/index.php?rest_route=%2Fwp%2Fv2%2Fcomments&post=2097650"}],"version-history":[{"count":0,"href":"https:\/\/analyse.optim.biz\/index.php?rest_route=\/wp\/v2\/posts\/2097650\/revisions"}],"wp:attachment":[{"href":"https:\/\/analyse.optim.biz\/index.php?rest_route=%2Fwp%2Fv2%2Fmedia&parent=2097650"}],"wp:term":[{"taxonomy":"category","embeddable":true,"href":"https:\/\/analyse.optim.biz\/index.php?rest_route=%2Fwp%2Fv2%2Fcategories&post=2097650"},{"taxonomy":"post_tag","embeddable":true,"href":"https:\/\/analyse.optim.biz\/index.php?rest_route=%2Fwp%2Fv2%2Ftags&post=2097650"}],"curies":[{"name":"wp","href":"https:\/\/api.w.org\/{rel}","templated":true}]}}