{"id":2097647,"date":"2026-08-14T09:10:04","date_gmt":"2026-08-14T06:10:04","guid":{"rendered":"https:\/\/analyse.optim.biz\/?p=2097647"},"modified":"2026-08-14T09:10:04","modified_gmt":"2026-08-14T06:10:04","slug":"simonis-guvernul-a-deblocat-proiectul-noului-stadion-dan-paltinisanu-cj-timis-va-suporta-costurile-lucrarilor-pana-la-finalul-lui-2027","status":"publish","type":"post","link":"https:\/\/analyse.optim.biz\/?p=2097647","title":{"rendered":"Simonis: Guvernul a deblocat proiectul noului stadion \u201eDan P\u0103ltini\u0219anu\u201d. CJ Timi\u0219 va suporta costurile lucr\u0103rilor p\u00e2n\u0103 la finalul lui 2027"},"content":{"rendered":"<p>[analyse_image type=&#8221;featured&#8221; src=&#8221;https:\/\/www.tion.ro\/wp-content\/uploads\/2026\/08\/+otf\/1200&#215;630\/mAux9Tob6wImvx1IVfamXk5PVF9WRVJZX1NFQ59zVE5__gg5xBUrzCQv43HOuadO__+kxbvtynmY0YomMosOToaICOpRkK4SbJmVo+pHYfdRiLr04X0qW7Xf5GaY8=\/6698490WhatsAppImage20260814at120521.jpeg&#8221;]<\/p>\n<article id=\"post-2334030\" class>\n<div class=\"entry-content clearfix\">\n<div class=\"enewsArticleContent\">\n<p>Potrivit lui Simonis, dup\u0103 aprobarea documentului de c\u0103tre Guvern, Compania Na\u021bional\u0103 de Investi\u021bii (CNI) poate semna contractul de proiectare \u0219i execu\u021bie cu asocierea desemnat\u0103 c\u00e2\u0219tig\u0103toare \u00een urma licita\u021biei.<\/p>\n<h3><strong>CJ Timi\u0219 aloc\u0103 126 de milioane de lei p\u00e2n\u0103 la finalul lui 2027<\/strong><\/h3>\n<p>Conform declara\u021biei pre\u0219edintelui CJ Timi\u0219, administra\u021bia jude\u021bean\u0103 va pune la dispozi\u021bie p\u00e2n\u0103 la finalul anului viitor suma de 126 de milioane de lei pentru lucr\u0103rile la stadion.<\/p>\n<blockquote>\n<p>\u201eAm spus \u00een repetate r\u00e2nduri c\u0103 aceast\u0103 investi\u021bie nu mai poate fi oprit\u0103, indiferent de numele sau culoarea politic\u0103 a deciden\u021bilor na\u021bionali. Da, e adev\u0103rat, lucrurile au fost t\u0103r\u0103g\u0103nate \u0219i s-a creat o stare de tensiune deloc necesar\u0103 pe acest subiect. Dar lucrurile intr\u0103 de azi pe un f\u0103ga\u0219 normal.<\/p>\n<p>Odat\u0103 aprobat acest document al Guvernului, Compania Na\u021bional\u0103 de Investi\u021bii poate semna contractul de proiectare \u0219i execu\u021bie cu societatea care a c\u00e2\u0219tigat licita\u021bia \u0219i ne apuc\u0103m de treab\u0103. Noi, la Consiliul Jude\u021bean, suntem preg\u0103ti\u021bi! Avem banii, de\u0219i unii politicieni locali declarau c\u0103 nu dispunem de sumele necesare, \u0219tim exact ce avem de f\u0103cut \u0219i vom face! Punem la b\u0103taie 126 de milioane de lei p\u00e2n\u0103 la finalul anului viitor, iar diferen\u021ba, p\u00e2n\u0103 la 603 milioane, va fi suportat\u0103 de CNI din 2028\u201d, a transmis Alfred Simonis.<\/p>\n<\/blockquote>\n<p>Astfel, finan\u021barea lucr\u0103rilor ar urma s\u0103 fie \u00eemp\u0103r\u021bit\u0103 \u00eentre Consiliul Jude\u021bean Timi\u0219 \u0219i CNI, cu plata de c\u0103tre administra\u021bia jude\u021bean\u0103 a lucr\u0103rilor realizate p\u00e2n\u0103 la sf\u00e2r\u0219itul lui 2027 \u0219i preluarea finan\u021b\u0103rii de c\u0103tre CNI \u00eencep\u00e2nd din 2028, potrivit declara\u021biilor lui Simonis.<\/p>\n<h3><strong> Contractul poate fi semnat dup\u0103 deblocarea proiectului<\/strong><\/h3>\n<p>Licita\u021bia pentru construirea noului stadion a trecut prin mai multe etape \u0219i contesta\u021bii. \u00cen martie 2026, dup\u0103 reevaluarea ofertelor \u00een urma unei decizii a instan\u021bei, CNI a desemnat c\u00e2\u0219tig\u0103toare asocierea format\u0103 din CONCELEX, \u00een calitate de lider, Construc\u021bii Erba\u0219u, Concelex Engineering \u0219i Terra Gaz Construct.<\/p>\n<p>La acel moment, dup\u0103 expirarea perioadei \u00een care puteau fi depuse contesta\u021bii,<strong><a href=\"https:\/\/www.tion.ro\/stirile-judetului-timis\/cj-timis-a-aprobat-cofinantarea-pentru-construirea-stadionului-dan-paltinisanu-din-timisoara-2249917\/\" target=\"_blank\" rel=\"noopener\"> Consiliul Jude\u021bean Timi\u0219 a aprobat cofinan\u021barea proiectului<\/a><\/strong>, \u00een valoare de aproximativ 126 de milioane de lei. Proiectul este derulat prin Compania Na\u021bional\u0103 de Investi\u021bii, iar stadionul urmeaz\u0103 s\u0103 fie construit tot pe amplasamentul fostei arene.<\/p>\n<p><strong><a href=\"https:\/\/www.tion.ro\/stirile-judetului-timis\/s-a-incheiat-etapa-demolarilor-la-stadionul-dan-paltinisanu-lucrarile-incep-anul-acesta-2248765\/\" target=\"_blank\" rel=\"noopener\">Demolarea vechiului stadion a fost finalizat\u0103 \u00een luna martie<\/a><\/strong>. Etapa de demolare a costat peste 12 milioane de lei \u0219i a fost finan\u021bat\u0103 de Consiliul Jude\u021bean Timi\u0219.<\/p>\n<p>\u00cen luna iulie, de Ziua Jude\u021bului Timi\u0219, Simonis anun\u021ba c\u0103 la nivelul Guvernului se discut\u0103 modificarea memorandumului privind finan\u021barea ultimelor trei stadioane care urmau s\u0103 fie construite prin CNI, printre care \u0219i cel din Timi\u0219oara.<\/p>\n<blockquote>\n<p>\u201e\u00cen aceste clipe se discut\u0103 la Bucure\u0219ti modificarea memorandumului astfel \u00eenc\u00e2t s\u0103 fie deblocate \u0219i ultimele trei stadioane din Rom\u00e2nia: din Timi\u0219oara, Bra\u0219ov \u0219i Oradea. Deci este o veste bun\u0103. \u00cen urm\u0103toarele zile, Guvernul va debloca \u0219i aceast\u0103 investi\u021bie\u201d, declara atunci pre\u0219edintele CJ Timi\u0219.<\/p>\n<\/blockquote>\n<p>Noul stadion este prev\u0103zut cu o capacitate de aproximativ 30.000 de locuri, iar documenta\u021bia tehnic\u0103 indic\u0103 o suprafa\u021b\u0103 construit\u0103 de aproximativ 28.800 de metri p\u0103tra\u021bi. Valoarea men\u021bionat\u0103 de Simonis pentru \u00eentreaga investi\u021bie este de 603 milioane de lei.<\/p>\n<div class=\"fbShareLikeTwitterAndEmailContainer\">\n<div class=\"wrapper\">\n<div class=\"email\">\n<div id=\"mailto-pop\" class=\"pop-form pop-form-mailto\">\n<div class=\"pop-form-header\">\n<h4>Trimite articolul<\/h4>\n<p><a class=\"pop-form-close\">X<\/a><\/div>\n<\/div>\n<\/div>\n<\/div>\n<\/div>\n<div class=\"comments\">\n<div class=\"top\">\n<div class=\"commentsNumber\"><span class=\"number\">36<\/span><span class=\"text\">Comentarii<\/span><\/div>\n<\/div>\n<div class=\"center\">\n<div id=\"respond\" class=\"comment-respond\">\n<h3 id=\"reply-title\" class=\"comment-reply-title\"><small><a rel=\"nofollow\" id=\"cancel-comment-reply-link\" href=\"https:\/\/www.tion.ro\/stirile-judetului-timis\/simonis-guvernul-a-deblocat-proiectul-noului-stadion-dan-paltinisanu-cj-timis-va-suporta-costurile-lucrarilor-pana-la-finalul-lui-2027-2334030\/#respond\">Cancel reply<\/a><\/small><\/h3>\n<p class=\"comment-notes\"><span id=\"email-notes\">Your email address will not be published.<\/span><span class=\"required-field-message\">Required fields are marked <span class=\"required\">*<\/span><\/span><\/p>\n<p class=\"commentFormComment\"><span id=\"commentFormCount\"><br \/>\n                            inca<br \/>\n                            <span id=\"countCommentText\">1000<\/span><br \/>\n                            caractere ramase<br \/>\n                        <\/span><\/p>\n<\/div>\n<\/div>\n<div class=\"bottom\">\n<p class=\"forumDisclaimerHuRo\">\n            Citi\u021bi principiile noastre de moderare <a href=\"https:\/\/www.tion.ro\/reguli-postare-comentarii\/\" target=\"_blank\">aici<\/a>!\n        <\/p>\n<\/div>\n<\/div>\n<div id=\"forum\">\n<li class=\"comment even thread-even depth-1\" id=\"comment-1014840\">\n<div id=\"div-comment-1014840\" class=\"comment-body\">\n<div class=\"comment-author vcard\"><img decoding=\"async\" alt src=\"https:\/\/secure.gravatar.com\/avatar\/d71f5711f058f90917a193a1cddb25c1?s=32&amp;d=mm&amp;r=g\" class=\"avatar avatar-32 photo\" height=\"32\" width=\"32\" loading=\"lazy\"><cite class=\"fn\">Romania<\/cite><span class=\"says\">says:<\/span><\/div>\n<div class=\"comment-meta commentmetadata\"><a href=\"https:\/\/www.tion.ro\/stirile-judetului-timis\/simonis-guvernul-a-deblocat-proiectul-noului-stadion-dan-paltinisanu-cj-timis-va-suporta-costurile-lucrarilor-pana-la-finalul-lui-2027-2334030\/#comment-1014840\">August 14, 2026 at 12:17 pm<\/a><\/div>\n<p>Asa mincinos nu am vazut in viata mea<\/p>\n<div class=\"reply\"><a rel=\"nofollow\" class=\"comment-reply-link\" href=\"https:\/\/www.tion.ro\/stirile-judetului-timis\/simonis-guvernul-a-deblocat-proiectul-noului-stadion-dan-paltinisanu-cj-timis-va-suporta-costurile-lucrarilor-pana-la-finalul-lui-2027-2334030\/#comment-1014840\" data-commentid=\"1014840\" data-postid=\"2334030\" data-belowelement=\"div-comment-1014840\" data-respondelement=\"respond\" data-replyto=\"Reply to Romania\" aria-label=\"Reply to Romania\">Reply<\/a><\/div>\n<\/div>\n<\/li>\n<li class=\"comment odd alt thread-odd thread-alt depth-1 parent\" id=\"comment-1014843\">\n<div id=\"div-comment-1014843\" class=\"comment-body\">\n<div class=\"comment-author vcard\"><img decoding=\"async\" alt src=\"https:\/\/secure.gravatar.com\/avatar\/5770420a0174a5071c14be323016c9f0?s=32&amp;d=mm&amp;r=g\" class=\"avatar avatar-32 photo\" height=\"32\" width=\"32\" loading=\"lazy\"><cite class=\"fn\">Euro 6<\/cite><span class=\"says\">says:<\/span><\/div>\n<div class=\"comment-meta commentmetadata\"><a href=\"https:\/\/www.tion.ro\/stirile-judetului-timis\/simonis-guvernul-a-deblocat-proiectul-noului-stadion-dan-paltinisanu-cj-timis-va-suporta-costurile-lucrarilor-pana-la-finalul-lui-2027-2334030\/#comment-1014843\">August 14, 2026 at 12:20 pm<\/a><\/div>\n<p>Acum, la modul serios : de ce trebuia demolat fostul Stadion ??? Avea tot ce trebuia !!! Construc\u021bia Stadioanelor, e ultima ,,mod\u0103\u201d de-a face ni\u0219te (mul\u021bi) bani !!!!!!!!<\/p>\n<div class=\"reply\"><a rel=\"nofollow\" class=\"comment-reply-link\" href=\"https:\/\/www.tion.ro\/stirile-judetului-timis\/simonis-guvernul-a-deblocat-proiectul-noului-stadion-dan-paltinisanu-cj-timis-va-suporta-costurile-lucrarilor-pana-la-finalul-lui-2027-2334030\/#comment-1014843\" data-commentid=\"1014843\" data-postid=\"2334030\" data-belowelement=\"div-comment-1014843\" data-respondelement=\"respond\" data-replyto=\"Reply to Euro 6\" aria-label=\"Reply to Euro 6\">Reply<\/a><\/div>\n<\/div>\n<ul class=\"children\">\n<li class=\"comment even depth-2 parent\" id=\"comment-1014858\">\n<div id=\"div-comment-1014858\" class=\"comment-body\">\n<div class=\"comment-author vcard\"><img decoding=\"async\" alt src=\"https:\/\/secure.gravatar.com\/avatar\/d71f5711f058f90917a193a1cddb25c1?s=32&amp;d=mm&amp;r=g\" class=\"avatar avatar-32 photo\" height=\"32\" width=\"32\" loading=\"lazy\"><cite class=\"fn\">Romania<\/cite><span class=\"says\">says:<\/span><\/div>\n<div class=\"comment-meta commentmetadata\"><a href=\"https:\/\/www.tion.ro\/stirile-judetului-timis\/simonis-guvernul-a-deblocat-proiectul-noului-stadion-dan-paltinisanu-cj-timis-va-suporta-costurile-lucrarilor-pana-la-finalul-lui-2027-2334030\/#comment-1014858\">August 14, 2026 at 12:33 pm<\/a><\/div>\n<p>@neurorusia: 63 de ani de viata! Nu avea nimic! Era o ruina care punea in pericol viata celor care utilizau acel stadion! Pentru cei care nu sunt fani industriei calului dintre nebun (kremlingescu) si tura (semiom-anomalia-\u0219ovac\u0103-\u0219trulea-pedofileiu-poponeia), lumea avanseaza!<\/p>\n<div class=\"reply\"><a rel=\"nofollow\" class=\"comment-reply-link\" href=\"https:\/\/www.tion.ro\/stirile-judetului-timis\/simonis-guvernul-a-deblocat-proiectul-noului-stadion-dan-paltinisanu-cj-timis-va-suporta-costurile-lucrarilor-pana-la-finalul-lui-2027-2334030\/#comment-1014858\" data-commentid=\"1014858\" data-postid=\"2334030\" data-belowelement=\"div-comment-1014858\" data-respondelement=\"respond\" data-replyto=\"Reply to Romania\" aria-label=\"Reply to Romania\">Reply<\/a><\/div>\n<\/div>\n<ul class=\"children\">\n<li class=\"comment odd alt depth-3\" id=\"comment-1015230\">\n<div id=\"div-comment-1015230\" class=\"comment-body\">\n<div class=\"comment-author vcard\"><img decoding=\"async\" alt src=\"https:\/\/secure.gravatar.com\/avatar\/80c461512e544ec48ce814a4eb005f16?s=32&amp;d=mm&amp;r=g\" class=\"avatar avatar-32 photo\" height=\"32\" width=\"32\" loading=\"lazy\"><cite class=\"fn\">Timisorean<\/cite><span class=\"says\">says:<\/span><\/div>\n<div class=\"comment-meta commentmetadata\"><a href=\"https:\/\/www.tion.ro\/stirile-judetului-timis\/simonis-guvernul-a-deblocat-proiectul-noului-stadion-dan-paltinisanu-cj-timis-va-suporta-costurile-lucrarilor-pana-la-finalul-lui-2027-2334030\/#comment-1015230\">August 15, 2026 at 10:00 am<\/a><\/div>\n<p>Dac\u0103 ai renun\u021ba la ochelarii de cal \u0219i ai trage cu ochiul c\u0103tre occident ai vedea c\u0103 noul trend este reutilizarea structurilor existente.<br \/>\nDa, lumea avanseaz\u0103 \u0219i s-a constatat c\u0103 e inclusiv mai bine pentru mediu s\u0103 nu irose\u0219ti carbon incorporat intr-o structur\u0103 pe care deja o ai. Toate se pot consolida \u0219i refinisa<\/p>\n<p>Pana una-alta la industria calului ne aduce regimul Nicu-Bolovan\u2026 Dac\u0103 nu au fost in stare s\u0103 \u00eentre\u021bin\u0103 produc\u021bia de energie electric\u0103 a Rom\u00e2niei singura solu\u021bie e industria calului. Doar de ce crezi ca au f\u0103cut liste cu industria\u0219ii din Rom\u00e2nia sa le \u201ccear\u0103\u201d economii? Ghinion.<\/p>\n<div class=\"reply\"><a rel=\"nofollow\" class=\"comment-reply-link\" href=\"https:\/\/www.tion.ro\/stirile-judetului-timis\/simonis-guvernul-a-deblocat-proiectul-noului-stadion-dan-paltinisanu-cj-timis-va-suporta-costurile-lucrarilor-pana-la-finalul-lui-2027-2334030\/#comment-1015230\" data-commentid=\"1015230\" data-postid=\"2334030\" data-belowelement=\"div-comment-1015230\" data-respondelement=\"respond\" data-replyto=\"Reply to Timisorean\" aria-label=\"Reply to Timisorean\">Reply<\/a><\/div>\n<\/div>\n<\/li>\n<li class=\"comment even depth-3\" id=\"comment-1015428\">\n<div id=\"div-comment-1015428\" class=\"comment-body\">\n<div class=\"comment-author vcard\"><img decoding=\"async\" alt src=\"https:\/\/secure.gravatar.com\/avatar\/898f9e28b63cb26288196219370473b6?s=32&amp;d=mm&amp;r=g\" class=\"avatar avatar-32 photo\" height=\"32\" width=\"32\" loading=\"lazy\"><cite class=\"fn\">doarobserv<\/cite><span class=\"says\">says:<\/span><\/div>\n<div class=\"comment-meta commentmetadata\"><a href=\"https:\/\/www.tion.ro\/stirile-judetului-timis\/simonis-guvernul-a-deblocat-proiectul-noului-stadion-dan-paltinisanu-cj-timis-va-suporta-costurile-lucrarilor-pana-la-finalul-lui-2027-2334030\/#comment-1015428\">August 15, 2026 at 10:55 pm<\/a><\/div>\n<p>S\u0103-\u021bi fie ru\u0219ine de imbecilitatea din cap \ud83e\udd2e Halal mod de g\u00e2ndire \u00een 2026<\/p>\n<div class=\"reply\"><a rel=\"nofollow\" class=\"comment-reply-link\" href=\"https:\/\/www.tion.ro\/stirile-judetului-timis\/simonis-guvernul-a-deblocat-proiectul-noului-stadion-dan-paltinisanu-cj-timis-va-suporta-costurile-lucrarilor-pana-la-finalul-lui-2027-2334030\/#comment-1015428\" data-commentid=\"1015428\" data-postid=\"2334030\" data-belowelement=\"div-comment-1015428\" data-respondelement=\"respond\" data-replyto=\"Reply to doarobserv\" aria-label=\"Reply to doarobserv\">Reply<\/a><\/div>\n<\/div>\n<\/li>\n<\/ul>\n<\/li>\n<\/ul>\n<\/li>\n<li class=\"comment odd alt thread-even depth-1 parent\" id=\"comment-1014870\">\n<div id=\"div-comment-1014870\" class=\"comment-body\">\n<div class=\"comment-author vcard\"><img decoding=\"async\" alt src=\"https:\/\/secure.gravatar.com\/avatar\/22051349e2a093e94bedcbd80adf6795?s=32&amp;d=mm&amp;r=g\" class=\"avatar avatar-32 photo\" height=\"32\" width=\"32\" loading=\"lazy\"><cite class=\"fn\">SadPaw<\/cite><span class=\"says\">says:<\/span><\/div>\n<div class=\"comment-meta commentmetadata\"><a href=\"https:\/\/www.tion.ro\/stirile-judetului-timis\/simonis-guvernul-a-deblocat-proiectul-noului-stadion-dan-paltinisanu-cj-timis-va-suporta-costurile-lucrarilor-pana-la-finalul-lui-2027-2334030\/#comment-1014870\">August 14, 2026 at 12:52 pm<\/a><\/div>\n<p>mai bine lasa terenul asa cum e si planteaza cativa copaci \/ mese de tenis de masa si e ok ba.<br \/>\n\u26bd= \ud83c\udf46\ud83e\udd0f &amp; \ud83e\udde0\ud83e\udd0f + \ud83d\udcb0&amp;\u23f1\ufe0f\u27a1\ufe0f\ud83d\uddd1\ufe0f<br \/>\n\ud83d\udc8b<br \/>\nSAU<br \/>\nsa organizam acolo concerte,maratoane,zilele orasului si alte bazaconii<\/p>\n<div class=\"reply\"><a rel=\"nofollow\" class=\"comment-reply-link\" href=\"https:\/\/www.tion.ro\/stirile-judetului-timis\/simonis-guvernul-a-deblocat-proiectul-noului-stadion-dan-paltinisanu-cj-timis-va-suporta-costurile-lucrarilor-pana-la-finalul-lui-2027-2334030\/#comment-1014870\" data-commentid=\"1014870\" data-postid=\"2334030\" data-belowelement=\"div-comment-1014870\" data-respondelement=\"respond\" data-replyto=\"Reply to SadPaw\" aria-label=\"Reply to SadPaw\">Reply<\/a><\/div>\n<\/div>\n<ul class=\"children\">\n<li class=\"comment even depth-2 parent\" id=\"comment-1014960\">\n<div id=\"div-comment-1014960\" class=\"comment-body\">\n<div class=\"comment-author vcard\"><img decoding=\"async\" alt src=\"https:\/\/secure.gravatar.com\/avatar\/9a491fd9f8aca79e636bee60f12ed38e?s=32&amp;d=mm&amp;r=g\" class=\"avatar avatar-32 photo\" height=\"32\" width=\"32\" loading=\"lazy\"><cite class=\"fn\">Cristi<\/cite><span class=\"says\">says:<\/span><\/div>\n<div class=\"comment-meta commentmetadata\"><a href=\"https:\/\/www.tion.ro\/stirile-judetului-timis\/simonis-guvernul-a-deblocat-proiectul-noului-stadion-dan-paltinisanu-cj-timis-va-suporta-costurile-lucrarilor-pana-la-finalul-lui-2027-2334030\/#comment-1014960\">August 14, 2026 at 4:51 pm<\/a><\/div>\n<p>Exact, 150 milioane de euro atuncate pe fereastra! Spitalul Daruieste viata a costat 55 milioane .<\/p>\n<div class=\"reply\"><a rel=\"nofollow\" class=\"comment-reply-link\" href=\"https:\/\/www.tion.ro\/stirile-judetului-timis\/simonis-guvernul-a-deblocat-proiectul-noului-stadion-dan-paltinisanu-cj-timis-va-suporta-costurile-lucrarilor-pana-la-finalul-lui-2027-2334030\/#comment-1014960\" data-commentid=\"1014960\" data-postid=\"2334030\" data-belowelement=\"div-comment-1014960\" data-respondelement=\"respond\" data-replyto=\"Reply to Cristi\" aria-label=\"Reply to Cristi\">Reply<\/a><\/div>\n<\/div>\n<ul class=\"children\">\n<li class=\"comment odd alt depth-3\" id=\"comment-1015017\">\n<div id=\"div-comment-1015017\" class=\"comment-body\">\n<div class=\"comment-author vcard\"><img decoding=\"async\" alt src=\"https:\/\/secure.gravatar.com\/avatar\/c17f9fc480eead9a537f60981d0e2f34?s=32&amp;d=mm&amp;r=g\" class=\"avatar avatar-32 photo\" height=\"32\" width=\"32\" loading=\"lazy\"><cite class=\"fn\">SadPaw<\/cite><span class=\"says\">says:<\/span><\/div>\n<div class=\"comment-meta commentmetadata\"><a href=\"https:\/\/www.tion.ro\/stirile-judetului-timis\/simonis-guvernul-a-deblocat-proiectul-noului-stadion-dan-paltinisanu-cj-timis-va-suporta-costurile-lucrarilor-pana-la-finalul-lui-2027-2334030\/#comment-1015017\">August 14, 2026 at 7:08 pm<\/a><\/div>\n<p>da bre dar spitalul nu e in folosul industriei pariurilor nu?<br \/>\npaine si circ<br \/>\ndivide si cucereste<br \/>\naceleasi tactici folosite de cand \u271d<\/p>\n<div class=\"reply\"><a rel=\"nofollow\" class=\"comment-reply-link\" href=\"https:\/\/www.tion.ro\/stirile-judetului-timis\/simonis-guvernul-a-deblocat-proiectul-noului-stadion-dan-paltinisanu-cj-timis-va-suporta-costurile-lucrarilor-pana-la-finalul-lui-2027-2334030\/#comment-1015017\" data-commentid=\"1015017\" data-postid=\"2334030\" data-belowelement=\"div-comment-1015017\" data-respondelement=\"respond\" data-replyto=\"Reply to SadPaw\" aria-label=\"Reply to SadPaw\">Reply<\/a><\/div>\n<\/div>\n<\/li>\n<li class=\"comment even depth-3\" id=\"comment-1015344\">\n<div id=\"div-comment-1015344\" class=\"comment-body\">\n<div class=\"comment-author vcard\"><img decoding=\"async\" alt src=\"https:\/\/secure.gravatar.com\/avatar\/770e78ee65c0361c746020d6d7174e82?s=32&amp;d=mm&amp;r=g\" class=\"avatar avatar-32 photo\" height=\"32\" width=\"32\" loading=\"lazy\"><cite class=\"fn\">Dfg<\/cite><span class=\"says\">says:<\/span><\/div>\n<div class=\"comment-meta commentmetadata\"><a href=\"https:\/\/www.tion.ro\/stirile-judetului-timis\/simonis-guvernul-a-deblocat-proiectul-noului-stadion-dan-paltinisanu-cj-timis-va-suporta-costurile-lucrarilor-pana-la-finalul-lui-2027-2334030\/#comment-1015344\">August 15, 2026 at 5:29 pm<\/a><\/div>\n<p>Daca nici spitale nu ai in timi, sincer acuma! In orice discutie o toti dati cu spitalele. Timisoara are suficiente spitale si paturi, alte localitati nu au si e treaba lor sa isi faca. Nu e treaba noastra sa mai facem 10 spitale ca sa aducem bolnavi din toata tara. Daca mergi acu la judeteana jumatate din internati sunt din cu totul alte judete.<\/p>\n<div class=\"reply\"><a rel=\"nofollow\" class=\"comment-reply-link\" href=\"https:\/\/www.tion.ro\/stirile-judetului-timis\/simonis-guvernul-a-deblocat-proiectul-noului-stadion-dan-paltinisanu-cj-timis-va-suporta-costurile-lucrarilor-pana-la-finalul-lui-2027-2334030\/#comment-1015344\" data-commentid=\"1015344\" data-postid=\"2334030\" data-belowelement=\"div-comment-1015344\" data-respondelement=\"respond\" data-replyto=\"Reply to Dfg\" aria-label=\"Reply to Dfg\">Reply<\/a><\/div>\n<\/div>\n<\/li>\n<\/ul>\n<\/li>\n<\/ul>\n<\/li>\n<li class=\"comment odd alt thread-odd thread-alt depth-1 parent\" id=\"comment-1014873\">\n<div id=\"div-comment-1014873\" class=\"comment-body\">\n<div class=\"comment-author vcard\"><img decoding=\"async\" alt src=\"https:\/\/secure.gravatar.com\/avatar\/25f877f3c48638be9b0fef06ceb11ce1?s=32&amp;d=mm&amp;r=g\" class=\"avatar avatar-32 photo\" height=\"32\" width=\"32\" loading=\"lazy\"><cite class=\"fn\">nWue usr<\/cite><span class=\"says\">says:<\/span><\/div>\n<div class=\"comment-meta commentmetadata\"><a href=\"https:\/\/www.tion.ro\/stirile-judetului-timis\/simonis-guvernul-a-deblocat-proiectul-noului-stadion-dan-paltinisanu-cj-timis-va-suporta-costurile-lucrarilor-pana-la-finalul-lui-2027-2334030\/#comment-1014873\">August 14, 2026 at 12:57 pm<\/a><\/div>\n<p>Toti usr-istii sunt contra a tot ce fac cei din PSD sau din AUR sau vor sa faca! Ei saracii in atatia ani de mandat Fritzist nu au fost in stare sa faca un proiect propriu! zero barat, spui usr si tragi apa.<\/p>\n<div class=\"reply\"><a rel=\"nofollow\" class=\"comment-reply-link\" href=\"https:\/\/www.tion.ro\/stirile-judetului-timis\/simonis-guvernul-a-deblocat-proiectul-noului-stadion-dan-paltinisanu-cj-timis-va-suporta-costurile-lucrarilor-pana-la-finalul-lui-2027-2334030\/#comment-1014873\" data-commentid=\"1014873\" data-postid=\"2334030\" data-belowelement=\"div-comment-1014873\" data-respondelement=\"respond\" data-replyto=\"Reply to nWue usr\" aria-label=\"Reply to nWue usr\">Reply<\/a><\/div>\n<\/div>\n<ul class=\"children\">\n<li class=\"comment even depth-2 parent\" id=\"comment-1014924\">\n<div id=\"div-comment-1014924\" class=\"comment-body\">\n<div class=\"comment-author vcard\"><img decoding=\"async\" alt src=\"https:\/\/secure.gravatar.com\/avatar\/bf6c98d72c91fa1496f99e8228d7c2ec?s=32&amp;d=mm&amp;r=g\" class=\"avatar avatar-32 photo\" height=\"32\" width=\"32\" loading=\"lazy\"><cite class=\"fn\">Adi<\/cite><span class=\"says\">says:<\/span><\/div>\n<div class=\"comment-meta commentmetadata\"><a href=\"https:\/\/www.tion.ro\/stirile-judetului-timis\/simonis-guvernul-a-deblocat-proiectul-noului-stadion-dan-paltinisanu-cj-timis-va-suporta-costurile-lucrarilor-pana-la-finalul-lui-2027-2334030\/#comment-1014924\">August 14, 2026 at 3:20 pm<\/a><\/div>\n<p>Stai calm nu e nimeni \u00eempotriva dar de atia ani ne minte c acest stadion c\u0103 nu mai crede nimeni \ud83e\udd23<\/p>\n<div class=\"reply\"><a rel=\"nofollow\" class=\"comment-reply-link\" href=\"https:\/\/www.tion.ro\/stirile-judetului-timis\/simonis-guvernul-a-deblocat-proiectul-noului-stadion-dan-paltinisanu-cj-timis-va-suporta-costurile-lucrarilor-pana-la-finalul-lui-2027-2334030\/#comment-1014924\" data-commentid=\"1014924\" data-postid=\"2334030\" data-belowelement=\"div-comment-1014924\" data-respondelement=\"respond\" data-replyto=\"Reply to Adi\" aria-label=\"Reply to Adi\">Reply<\/a><\/div>\n<\/div>\n<ul class=\"children\">\n<li class=\"comment odd alt depth-3\" id=\"comment-1015440\">\n<div id=\"div-comment-1015440\" class=\"comment-body\">\n<div class=\"comment-author vcard\"><img decoding=\"async\" alt src=\"https:\/\/secure.gravatar.com\/avatar\/898f9e28b63cb26288196219370473b6?s=32&amp;d=mm&amp;r=g\" class=\"avatar avatar-32 photo\" height=\"32\" width=\"32\" loading=\"lazy\"><cite class=\"fn\">doarobserv<\/cite><span class=\"says\">says:<\/span><\/div>\n<div class=\"comment-meta commentmetadata\"><a href=\"https:\/\/www.tion.ro\/stirile-judetului-timis\/simonis-guvernul-a-deblocat-proiectul-noului-stadion-dan-paltinisanu-cj-timis-va-suporta-costurile-lucrarilor-pana-la-finalul-lui-2027-2334030\/#comment-1015440\">August 15, 2026 at 11:01 pm<\/a><\/div>\n<p>Ce alege\u021bi \u0219i sus\u021bine\u021bi, \u0103ia ave\u021bi \u270c\ufe0f<\/p>\n<div class=\"reply\"><a rel=\"nofollow\" class=\"comment-reply-link\" href=\"https:\/\/www.tion.ro\/stirile-judetului-timis\/simonis-guvernul-a-deblocat-proiectul-noului-stadion-dan-paltinisanu-cj-timis-va-suporta-costurile-lucrarilor-pana-la-finalul-lui-2027-2334030\/#comment-1015440\" data-commentid=\"1015440\" data-postid=\"2334030\" data-belowelement=\"div-comment-1015440\" data-respondelement=\"respond\" data-replyto=\"Reply to doarobserv\" aria-label=\"Reply to doarobserv\">Reply<\/a><\/div>\n<\/div>\n<\/li>\n<\/ul>\n<\/li>\n<li class=\"comment even depth-2\" id=\"comment-1014963\">\n<div id=\"div-comment-1014963\" class=\"comment-body\">\n<div class=\"comment-author vcard\"><img decoding=\"async\" alt src=\"https:\/\/secure.gravatar.com\/avatar\/9a491fd9f8aca79e636bee60f12ed38e?s=32&amp;d=mm&amp;r=g\" class=\"avatar avatar-32 photo\" height=\"32\" width=\"32\" loading=\"lazy\"><cite class=\"fn\">Guru<\/cite><span class=\"says\">says:<\/span><\/div>\n<div class=\"comment-meta commentmetadata\"><a href=\"https:\/\/www.tion.ro\/stirile-judetului-timis\/simonis-guvernul-a-deblocat-proiectul-noului-stadion-dan-paltinisanu-cj-timis-va-suporta-costurile-lucrarilor-pana-la-finalul-lui-2027-2334030\/#comment-1014963\">August 14, 2026 at 4:54 pm<\/a><\/div>\n<p>Cred doar ca nu este util acest stadion in conditiile in care este aproape finalizat celalalt. Tu pt ce ai nevoie de inca un stadion?? Concert la guru georgica?<\/p>\n<div class=\"reply\"><a rel=\"nofollow\" class=\"comment-reply-link\" href=\"https:\/\/www.tion.ro\/stirile-judetului-timis\/simonis-guvernul-a-deblocat-proiectul-noului-stadion-dan-paltinisanu-cj-timis-va-suporta-costurile-lucrarilor-pana-la-finalul-lui-2027-2334030\/#comment-1014963\" data-commentid=\"1014963\" data-postid=\"2334030\" data-belowelement=\"div-comment-1014963\" data-respondelement=\"respond\" data-replyto=\"Reply to Guru\" aria-label=\"Reply to Guru\">Reply<\/a><\/div>\n<\/div>\n<\/li>\n<\/ul>\n<\/li>\n<li class=\"comment odd alt thread-even depth-1\" id=\"comment-1014903\">\n<div id=\"div-comment-1014903\" class=\"comment-body\">\n<div class=\"comment-author vcard\"><img decoding=\"async\" alt src=\"https:\/\/secure.gravatar.com\/avatar\/50639c16a67ec91dcf10107c382211de?s=32&amp;d=mm&amp;r=g\" class=\"avatar avatar-32 photo\" height=\"32\" width=\"32\" loading=\"lazy\"><cite class=\"fn\">Alexander<\/cite><span class=\"says\">says:<\/span><\/div>\n<div class=\"comment-meta commentmetadata\"><a href=\"https:\/\/www.tion.ro\/stirile-judetului-timis\/simonis-guvernul-a-deblocat-proiectul-noului-stadion-dan-paltinisanu-cj-timis-va-suporta-costurile-lucrarilor-pana-la-finalul-lui-2027-2334030\/#comment-1014903\">August 14, 2026 at 1:52 pm<\/a><\/div>\n<p>Prin 2080 va face simonis cu CNI \u0219i acest stadion vr\u0103jeal\u0103 de doi lei,ba c\u0103 guvernu nu vrea sa de-a banii:))<\/p>\n<div class=\"reply\"><a rel=\"nofollow\" class=\"comment-reply-link\" href=\"https:\/\/www.tion.ro\/stirile-judetului-timis\/simonis-guvernul-a-deblocat-proiectul-noului-stadion-dan-paltinisanu-cj-timis-va-suporta-costurile-lucrarilor-pana-la-finalul-lui-2027-2334030\/#comment-1014903\" data-commentid=\"1014903\" data-postid=\"2334030\" data-belowelement=\"div-comment-1014903\" data-respondelement=\"respond\" data-replyto=\"Reply to Alexander\" aria-label=\"Reply to Alexander\">Reply<\/a><\/div>\n<\/div>\n<\/li>\n<li class=\"comment even thread-odd thread-alt depth-1\" id=\"comment-1014930\">\n<div id=\"div-comment-1014930\" class=\"comment-body\">\n<div class=\"comment-author vcard\"><img decoding=\"async\" alt src=\"https:\/\/secure.gravatar.com\/avatar\/b8e4a4991d5b621100c94504864a1398?s=32&amp;d=mm&amp;r=g\" class=\"avatar avatar-32 photo\" height=\"32\" width=\"32\" loading=\"lazy\"><cite class=\"fn\">Grigore<\/cite><span class=\"says\">says:<\/span><\/div>\n<div class=\"comment-meta commentmetadata\"><a href=\"https:\/\/www.tion.ro\/stirile-judetului-timis\/simonis-guvernul-a-deblocat-proiectul-noului-stadion-dan-paltinisanu-cj-timis-va-suporta-costurile-lucrarilor-pana-la-finalul-lui-2027-2334030\/#comment-1014930\">August 14, 2026 at 3:32 pm<\/a><\/div>\n<p>Am \u00een\u021beles- cei ce lucreaz\u0103 la  CJ Timis aduc bani de acas\u0103 si finan\u021beaz\u0103- asa da prioritate pentru judet<\/p>\n<div class=\"reply\"><a rel=\"nofollow\" class=\"comment-reply-link\" href=\"https:\/\/www.tion.ro\/stirile-judetului-timis\/simonis-guvernul-a-deblocat-proiectul-noului-stadion-dan-paltinisanu-cj-timis-va-suporta-costurile-lucrarilor-pana-la-finalul-lui-2027-2334030\/#comment-1014930\" data-commentid=\"1014930\" data-postid=\"2334030\" data-belowelement=\"div-comment-1014930\" data-respondelement=\"respond\" data-replyto=\"Reply to Grigore\" aria-label=\"Reply to Grigore\">Reply<\/a><\/div>\n<\/div>\n<\/li>\n<li class=\"comment odd alt thread-even depth-1\" id=\"comment-1014942\">\n<div id=\"div-comment-1014942\" class=\"comment-body\">\n<div class=\"comment-author vcard\"><img decoding=\"async\" alt src=\"https:\/\/secure.gravatar.com\/avatar\/58a6369f466c3fa04e91eed9bf3679ca?s=32&amp;d=mm&amp;r=g\" class=\"avatar avatar-32 photo\" height=\"32\" width=\"32\" loading=\"lazy\"><cite class=\"fn\">Daniel Laurentiu<\/cite><span class=\"says\">says:<\/span><\/div>\n<div class=\"comment-meta commentmetadata\"><a href=\"https:\/\/www.tion.ro\/stirile-judetului-timis\/simonis-guvernul-a-deblocat-proiectul-noului-stadion-dan-paltinisanu-cj-timis-va-suporta-costurile-lucrarilor-pana-la-finalul-lui-2027-2334030\/#comment-1014942\">August 14, 2026 at 3:51 pm<\/a><\/div>\n<p>\u201d mai usor cu pianul pe scari\u201d, apropo de minciuni. Cu 7 ani in urma o tara era \u201d tigrul europei\u201d , cu o cre\u0219tere economica de 3,5%. Va mai aminti\u021bi? Si totu\u0219i, premierul care conducea guvernul \u201d a fost trantit\u201d, ca vezi Doamne, nu era\u2026..performant,sic ! Ast\u0103zi,\u2026\u2026..alta i realitatea, p\u0103cat.<\/p>\n<div class=\"reply\"><a rel=\"nofollow\" class=\"comment-reply-link\" href=\"https:\/\/www.tion.ro\/stirile-judetului-timis\/simonis-guvernul-a-deblocat-proiectul-noului-stadion-dan-paltinisanu-cj-timis-va-suporta-costurile-lucrarilor-pana-la-finalul-lui-2027-2334030\/#comment-1014942\" data-commentid=\"1014942\" data-postid=\"2334030\" data-belowelement=\"div-comment-1014942\" data-respondelement=\"respond\" data-replyto=\"Reply to Daniel Laurentiu\" aria-label=\"Reply to Daniel Laurentiu\">Reply<\/a><\/div>\n<\/div>\n<\/li>\n<li class=\"comment even thread-odd thread-alt depth-1\" id=\"comment-1014951\">\n<div id=\"div-comment-1014951\" class=\"comment-body\">\n<div class=\"comment-author vcard\"><img decoding=\"async\" alt src=\"https:\/\/secure.gravatar.com\/avatar\/2b2a240ab006092d49de0a0be67cc24f?s=32&amp;d=mm&amp;r=g\" class=\"avatar avatar-32 photo\" height=\"32\" width=\"32\" loading=\"lazy\"><cite class=\"fn\">poli89<\/cite><span class=\"says\">says:<\/span><\/div>\n<div class=\"comment-meta commentmetadata\"><a href=\"https:\/\/www.tion.ro\/stirile-judetului-timis\/simonis-guvernul-a-deblocat-proiectul-noului-stadion-dan-paltinisanu-cj-timis-va-suporta-costurile-lucrarilor-pana-la-finalul-lui-2027-2334030\/#comment-1014951\">August 14, 2026 at 4:24 pm<\/a><\/div>\n<p>Opriti acest proiect dement, de \u2018falosenie\u2019 !  Sport nu inseamna sa stai 2 ore la meci ci sa il PRACTICI de cateva ori pe saptamana!<\/p>\n<p>Faceti ceva pentru OAMENI, nu pentru pseudo-evenimente. Pentru asta e suficient cel din Buziasului<\/p>\n<div class=\"reply\"><a rel=\"nofollow\" class=\"comment-reply-link\" href=\"https:\/\/www.tion.ro\/stirile-judetului-timis\/simonis-guvernul-a-deblocat-proiectul-noului-stadion-dan-paltinisanu-cj-timis-va-suporta-costurile-lucrarilor-pana-la-finalul-lui-2027-2334030\/#comment-1014951\" data-commentid=\"1014951\" data-postid=\"2334030\" data-belowelement=\"div-comment-1014951\" data-respondelement=\"respond\" data-replyto=\"Reply to poli89\" aria-label=\"Reply to poli89\">Reply<\/a><\/div>\n<\/div>\n<\/li>\n<li class=\"comment odd alt thread-even depth-1 parent\" id=\"comment-1014975\">\n<div id=\"div-comment-1014975\" class=\"comment-body\">\n<div class=\"comment-author vcard\"><img decoding=\"async\" alt src=\"https:\/\/secure.gravatar.com\/avatar\/04b414754b37af8eb016d40b34a3b2d5?s=32&amp;d=mm&amp;r=g\" class=\"avatar avatar-32 photo\" height=\"32\" width=\"32\" loading=\"lazy\"><cite class=\"fn\">Emy<\/cite><span class=\"says\">says:<\/span><\/div>\n<div class=\"comment-meta commentmetadata\"><a href=\"https:\/\/www.tion.ro\/stirile-judetului-timis\/simonis-guvernul-a-deblocat-proiectul-noului-stadion-dan-paltinisanu-cj-timis-va-suporta-costurile-lucrarilor-pana-la-finalul-lui-2027-2334030\/#comment-1014975\">August 14, 2026 at 5:06 pm<\/a><\/div>\n<p>Afar\u0103 din ora\u0219. F\u0103r\u0103 scandal l\u00e2ng\u0103 spitale.<\/p>\n<div class=\"reply\"><a rel=\"nofollow\" class=\"comment-reply-link\" href=\"https:\/\/www.tion.ro\/stirile-judetului-timis\/simonis-guvernul-a-deblocat-proiectul-noului-stadion-dan-paltinisanu-cj-timis-va-suporta-costurile-lucrarilor-pana-la-finalul-lui-2027-2334030\/#comment-1014975\" data-commentid=\"1014975\" data-postid=\"2334030\" data-belowelement=\"div-comment-1014975\" data-respondelement=\"respond\" data-replyto=\"Reply to Emy\" aria-label=\"Reply to Emy\">Reply<\/a><\/div>\n<\/div>\n<ul class=\"children\">\n<li class=\"comment even depth-2\" id=\"comment-1015131\">\n<div id=\"div-comment-1015131\" class=\"comment-body\">\n<div class=\"comment-author vcard\"><img decoding=\"async\" alt src=\"https:\/\/secure.gravatar.com\/avatar\/4c4c1253982963b8ce46dc458a57ddd4?s=32&amp;d=mm&amp;r=g\" class=\"avatar avatar-32 photo\" height=\"32\" width=\"32\" loading=\"lazy\"><cite class=\"fn\">ss<\/cite><span class=\"says\">says:<\/span><\/div>\n<div class=\"comment-meta commentmetadata\"><a href=\"https:\/\/www.tion.ro\/stirile-judetului-timis\/simonis-guvernul-a-deblocat-proiectul-noului-stadion-dan-paltinisanu-cj-timis-va-suporta-costurile-lucrarilor-pana-la-finalul-lui-2027-2334030\/#comment-1015131\">August 14, 2026 at 11:20 pm<\/a><\/div>\n<p>sincer. mai bine se face centrul oncologic in locul stadionului si stadionul in afara pe torontal.<\/p>\n<div class=\"reply\"><a rel=\"nofollow\" class=\"comment-reply-link\" href=\"https:\/\/www.tion.ro\/stirile-judetului-timis\/simonis-guvernul-a-deblocat-proiectul-noului-stadion-dan-paltinisanu-cj-timis-va-suporta-costurile-lucrarilor-pana-la-finalul-lui-2027-2334030\/#comment-1015131\" data-commentid=\"1015131\" data-postid=\"2334030\" data-belowelement=\"div-comment-1015131\" data-respondelement=\"respond\" data-replyto=\"Reply to ss\" aria-label=\"Reply to ss\">Reply<\/a><\/div>\n<\/div>\n<\/li>\n<\/ul>\n<\/li>\n<li class=\"comment odd alt thread-odd thread-alt depth-1\" id=\"comment-1014987\">\n<div id=\"div-comment-1014987\" class=\"comment-body\">\n<div class=\"comment-author vcard\"><img decoding=\"async\" alt src=\"https:\/\/secure.gravatar.com\/avatar\/dd5ec5e42cfd56b4321f642550bca2bf?s=32&amp;d=mm&amp;r=g\" class=\"avatar avatar-32 photo\" height=\"32\" width=\"32\" loading=\"lazy\"><cite class=\"fn\">Iuda<\/cite><span class=\"says\">says:<\/span><\/div>\n<div class=\"comment-meta commentmetadata\"><a href=\"https:\/\/www.tion.ro\/stirile-judetului-timis\/simonis-guvernul-a-deblocat-proiectul-noului-stadion-dan-paltinisanu-cj-timis-va-suporta-costurile-lucrarilor-pana-la-finalul-lui-2027-2334030\/#comment-1014987\">August 14, 2026 at 5:50 pm<\/a><\/div>\n<p>Crapat-ar pipota in Fritz.<\/p>\n<div class=\"reply\"><a rel=\"nofollow\" class=\"comment-reply-link\" href=\"https:\/\/www.tion.ro\/stirile-judetului-timis\/simonis-guvernul-a-deblocat-proiectul-noului-stadion-dan-paltinisanu-cj-timis-va-suporta-costurile-lucrarilor-pana-la-finalul-lui-2027-2334030\/#comment-1014987\" data-commentid=\"1014987\" data-postid=\"2334030\" data-belowelement=\"div-comment-1014987\" data-respondelement=\"respond\" data-replyto=\"Reply to Iuda\" aria-label=\"Reply to Iuda\">Reply<\/a><\/div>\n<\/div>\n<\/li>\n<li class=\"comment even thread-even depth-1 parent\" id=\"comment-1015014\">\n<div id=\"div-comment-1015014\" class=\"comment-body\">\n<div class=\"comment-author vcard\"><img decoding=\"async\" alt src=\"https:\/\/secure.gravatar.com\/avatar\/670f981b5211e52d85e665e290660080?s=32&amp;d=mm&amp;r=g\" class=\"avatar avatar-32 photo\" height=\"32\" width=\"32\" loading=\"lazy\"><cite class=\"fn\">Polist B\u0103n\u0103\u021bean, nu un oltean obosit ca restu&#8217;\ud83d\ude01<\/cite><span class=\"says\">says:<\/span><\/div>\n<div class=\"comment-meta commentmetadata\"><a href=\"https:\/\/www.tion.ro\/stirile-judetului-timis\/simonis-guvernul-a-deblocat-proiectul-noului-stadion-dan-paltinisanu-cj-timis-va-suporta-costurile-lucrarilor-pana-la-finalul-lui-2027-2334030\/#comment-1015014\">August 14, 2026 at 7:04 pm<\/a><\/div>\n<p>A\u0219a ni\u0219te oameni plictisi\u021bi, r\u0103ut\u0103cio\u0219i \u0219i de ce nu, pro\u0219ti, nu am mai vazut de mult timp. C\u00e2nd nu se face, de ce nu se face. C\u00e2nd se face, de ce se face\u2026<\/p>\n<div class=\"reply\"><a rel=\"nofollow\" class=\"comment-reply-link\" href=\"https:\/\/www.tion.ro\/stirile-judetului-timis\/simonis-guvernul-a-deblocat-proiectul-noului-stadion-dan-paltinisanu-cj-timis-va-suporta-costurile-lucrarilor-pana-la-finalul-lui-2027-2334030\/#comment-1015014\" data-commentid=\"1015014\" data-postid=\"2334030\" data-belowelement=\"div-comment-1015014\" data-respondelement=\"respond\" data-replyto=\"Reply to Polist B\u0103n\u0103\u021bean, nu un oltean obosit ca restu&apos;\ud83d\ude01\" aria-label=\"Reply to Polist B\u0103n\u0103\u021bean, nu un oltean obosit ca restu&apos;\ud83d\ude01\">Reply<\/a><\/div>\n<\/div>\n<ul class=\"children\">\n<li class=\"comment odd alt depth-2\" id=\"comment-1015062\">\n<div id=\"div-comment-1015062\" class=\"comment-body\">\n<div class=\"comment-author vcard\"><img decoding=\"async\" alt src=\"https:\/\/secure.gravatar.com\/avatar\/48f1caf8c86c05eb4798e9da1e6b4c5f?s=32&amp;d=mm&amp;r=g\" class=\"avatar avatar-32 photo\" height=\"32\" width=\"32\" loading=\"lazy\"><cite class=\"fn\">dap<\/cite><span class=\"says\">says:<\/span><\/div>\n<div class=\"comment-meta commentmetadata\"><a href=\"https:\/\/www.tion.ro\/stirile-judetului-timis\/simonis-guvernul-a-deblocat-proiectul-noului-stadion-dan-paltinisanu-cj-timis-va-suporta-costurile-lucrarilor-pana-la-finalul-lui-2027-2334030\/#comment-1015062\">August 14, 2026 at 9:38 pm<\/a><\/div>\n<p>dap, ce-ar fi sa se faca cu cap? Cred ca ar fi\u2026 imposibil cu asa politruci si asa votanti.<br \/>\nDe exemplu sa se faca intr-o alta locatie, ce zici? Si la un pret decent, nu la sume de-astea absurde. Vezi si tu cat au costat alte stadioane de la noi sau de la altii (de dimensiuni comparabile), ajusteaza preturile cu inflatia si\/sau cu costul fortei de munca si vezi ce-ti da ca suma. Ai voie sa folosesti Inteligenta artificiala. Ba chiar cred dupa cum pui problema in alb \u2013 negru ca chiar ai nevoie. Nu exista doar \u201cse face\u201d si \u201cnu se face\u201d, exista alb, negru, verde, rosu, galben , chiar si\u2026 violet! Adica se face mai bine, mai rau, de nota 3, de nota 7, de nota 10\u2026 Adica cu\/fara pista de atletism, cu\/fara parcare, intr-o zona unde deranjeaza sau unde nu deranjeaza( ma gandesc ca ar putea fi si concerte pe un asa stadion, deci n-are ce cauta langa spital judetean, maternitate, spital de arsi\u2026<\/p>\n<p>Ai inteles, suporterule? Replica asta cu daca se face vs daca nu se face e demna de useristi fanatici. Daca nu intelegi cat de stupid e \u201cargumentul\u201d asta pe care l-ai scris.. atunci vezi-ti de microbism si zi doar ca tu esti de acord asa cum e proiectul, doara ai dreptul ca oricine altcineva sa vrei orice, inclusiv prostii, dar nu incerca sa \u201cargumentezi\u201d precum useristii fanatici pe paginile idolilor lor cand ii critica cineva.<\/p>\n<p>Cat despre exprimarea cu \u201coltean obosit\u201d, e de un prost gust desavarsit, daca tu crezi ca asta defineste un banatean\u2026 eu ma dezic de asa banatenism. Nu, un banatean nu are pareri tampite despre altii din alta regiune, asa cum un oltean nu are pareri tampite despre banateni, doar un om cu grave carente educationale si grave probleme emotionale catalogheaza pe altii pe criterii de locul nasterii, rasa, religie etc.<\/p>\n<p>Slava!<\/p>\n<div class=\"reply\"><a rel=\"nofollow\" class=\"comment-reply-link\" href=\"https:\/\/www.tion.ro\/stirile-judetului-timis\/simonis-guvernul-a-deblocat-proiectul-noului-stadion-dan-paltinisanu-cj-timis-va-suporta-costurile-lucrarilor-pana-la-finalul-lui-2027-2334030\/#comment-1015062\" data-commentid=\"1015062\" data-postid=\"2334030\" data-belowelement=\"div-comment-1015062\" data-respondelement=\"respond\" data-replyto=\"Reply to dap\" aria-label=\"Reply to dap\">Reply<\/a><\/div>\n<\/div>\n<\/li>\n<li class=\"comment even depth-2\" id=\"comment-1015305\">\n<div id=\"div-comment-1015305\" class=\"comment-body\">\n<div class=\"comment-author vcard\"><img decoding=\"async\" alt src=\"https:\/\/secure.gravatar.com\/avatar\/b96a6f588483e4739b7e1091304682e6?s=32&amp;d=mm&amp;r=g\" class=\"avatar avatar-32 photo\" height=\"32\" width=\"32\" loading=\"lazy\"><cite class=\"fn\">cigus-migus<\/cite><span class=\"says\">says:<\/span><\/div>\n<div class=\"comment-meta commentmetadata\"><a href=\"https:\/\/www.tion.ro\/stirile-judetului-timis\/simonis-guvernul-a-deblocat-proiectul-noului-stadion-dan-paltinisanu-cj-timis-va-suporta-costurile-lucrarilor-pana-la-finalul-lui-2027-2334030\/#comment-1015305\">August 15, 2026 at 1:51 pm<\/a><\/div>\n<p>@politist\u2026na ca ti-ai furat-o si tu de la \u201ccriticul orasului\u201d, aasta ti-a trebuit asta ai primit\u2026nici un cuvant nasol, nici o critica pentru Simonis\u2026crezi ca ar fi de acord sa ajunga Rogobete sau bisnitarul de la Mosnita Noua primar la TM ?, puschea pe limba\u2026<\/p>\n<div class=\"reply\"><a rel=\"nofollow\" class=\"comment-reply-link\" href=\"https:\/\/www.tion.ro\/stirile-judetului-timis\/simonis-guvernul-a-deblocat-proiectul-noului-stadion-dan-paltinisanu-cj-timis-va-suporta-costurile-lucrarilor-pana-la-finalul-lui-2027-2334030\/#comment-1015305\" data-commentid=\"1015305\" data-postid=\"2334030\" data-belowelement=\"div-comment-1015305\" data-respondelement=\"respond\" data-replyto=\"Reply to cigus-migus\" aria-label=\"Reply to cigus-migus\">Reply<\/a><\/div>\n<\/div>\n<\/li>\n<li class=\"comment odd alt depth-2\" id=\"comment-1015446\">\n<div id=\"div-comment-1015446\" class=\"comment-body\">\n<div class=\"comment-author vcard\"><img decoding=\"async\" alt src=\"https:\/\/secure.gravatar.com\/avatar\/898f9e28b63cb26288196219370473b6?s=32&amp;d=mm&amp;r=g\" class=\"avatar avatar-32 photo\" height=\"32\" width=\"32\" loading=\"lazy\"><cite class=\"fn\">doarobserv<\/cite><span class=\"says\">says:<\/span><\/div>\n<div class=\"comment-meta commentmetadata\"><a href=\"https:\/\/www.tion.ro\/stirile-judetului-timis\/simonis-guvernul-a-deblocat-proiectul-noului-stadion-dan-paltinisanu-cj-timis-va-suporta-costurile-lucrarilor-pana-la-finalul-lui-2027-2334030\/#comment-1015446\">August 15, 2026 at 11:04 pm<\/a><\/div>\n<p>Pentru ce \u0219i pentru \u0219i pentru cu cine at\u00e2\u021bia bani irosi\u021bi, this is the question<\/p>\n<div class=\"reply\"><a rel=\"nofollow\" class=\"comment-reply-link\" href=\"https:\/\/www.tion.ro\/stirile-judetului-timis\/simonis-guvernul-a-deblocat-proiectul-noului-stadion-dan-paltinisanu-cj-timis-va-suporta-costurile-lucrarilor-pana-la-finalul-lui-2027-2334030\/#comment-1015446\" data-commentid=\"1015446\" data-postid=\"2334030\" data-belowelement=\"div-comment-1015446\" data-respondelement=\"respond\" data-replyto=\"Reply to doarobserv\" aria-label=\"Reply to doarobserv\">Reply<\/a><\/div>\n<\/div>\n<\/li>\n<\/ul>\n<\/li>\n<li class=\"comment even thread-odd thread-alt depth-1\" id=\"comment-1015080\">\n<div id=\"div-comment-1015080\" class=\"comment-body\">\n<div class=\"comment-author vcard\"><img decoding=\"async\" alt src=\"https:\/\/secure.gravatar.com\/avatar\/4859fd5f34fc05ab730cd0f4a9d983f5?s=32&amp;d=mm&amp;r=g\" class=\"avatar avatar-32 photo\" height=\"32\" width=\"32\" loading=\"lazy\"><cite class=\"fn\">Clau<\/cite><span class=\"says\">says:<\/span><\/div>\n<div class=\"comment-meta commentmetadata\"><a href=\"https:\/\/www.tion.ro\/stirile-judetului-timis\/simonis-guvernul-a-deblocat-proiectul-noului-stadion-dan-paltinisanu-cj-timis-va-suporta-costurile-lucrarilor-pana-la-finalul-lui-2027-2334030\/#comment-1015080\">August 14, 2026 at 10:15 pm<\/a><\/div>\n<p>Felicitari!<\/p>\n<div class=\"reply\"><a rel=\"nofollow\" class=\"comment-reply-link\" href=\"https:\/\/www.tion.ro\/stirile-judetului-timis\/simonis-guvernul-a-deblocat-proiectul-noului-stadion-dan-paltinisanu-cj-timis-va-suporta-costurile-lucrarilor-pana-la-finalul-lui-2027-2334030\/#comment-1015080\" data-commentid=\"1015080\" data-postid=\"2334030\" data-belowelement=\"div-comment-1015080\" data-respondelement=\"respond\" data-replyto=\"Reply to Clau\" aria-label=\"Reply to Clau\">Reply<\/a><\/div>\n<\/div>\n<\/li>\n<li class=\"comment odd alt thread-even depth-1 parent\" id=\"comment-1015098\">\n<div id=\"div-comment-1015098\" class=\"comment-body\">\n<div class=\"comment-author vcard\"><img decoding=\"async\" alt src=\"https:\/\/secure.gravatar.com\/avatar\/d1361b16fddc87981d13c43857a6d21a?s=32&amp;d=mm&amp;r=g\" class=\"avatar avatar-32 photo\" height=\"32\" width=\"32\" loading=\"lazy\"><cite class=\"fn\">Djdjd<\/cite><span class=\"says\">says:<\/span><\/div>\n<div class=\"comment-meta commentmetadata\"><a href=\"https:\/\/www.tion.ro\/stirile-judetului-timis\/simonis-guvernul-a-deblocat-proiectul-noului-stadion-dan-paltinisanu-cj-timis-va-suporta-costurile-lucrarilor-pana-la-finalul-lui-2027-2334030\/#comment-1015098\">August 14, 2026 at 11:00 pm<\/a><\/div>\n<p>Clujul o s\u0103 aib\u0103 metrou<\/p>\n<div class=\"reply\"><a rel=\"nofollow\" class=\"comment-reply-link\" href=\"https:\/\/www.tion.ro\/stirile-judetului-timis\/simonis-guvernul-a-deblocat-proiectul-noului-stadion-dan-paltinisanu-cj-timis-va-suporta-costurile-lucrarilor-pana-la-finalul-lui-2027-2334030\/#comment-1015098\" data-commentid=\"1015098\" data-postid=\"2334030\" data-belowelement=\"div-comment-1015098\" data-respondelement=\"respond\" data-replyto=\"Reply to Djdjd\" aria-label=\"Reply to Djdjd\">Reply<\/a><\/div>\n<\/div>\n<ul class=\"children\">\n<li class=\"comment even depth-2\" id=\"comment-1015233\">\n<div id=\"div-comment-1015233\" class=\"comment-body\">\n<div class=\"comment-author vcard\"><img decoding=\"async\" alt src=\"https:\/\/secure.gravatar.com\/avatar\/63a7f0faf9620a58c13b2c96199a979b?s=32&amp;d=mm&amp;r=g\" class=\"avatar avatar-32 photo\" height=\"32\" width=\"32\" loading=\"lazy\"><cite class=\"fn\">Timisorean<\/cite><span class=\"says\">says:<\/span><\/div>\n<div class=\"comment-meta commentmetadata\"><a href=\"https:\/\/www.tion.ro\/stirile-judetului-timis\/simonis-guvernul-a-deblocat-proiectul-noului-stadion-dan-paltinisanu-cj-timis-va-suporta-costurile-lucrarilor-pana-la-finalul-lui-2027-2334030\/#comment-1015233\">August 15, 2026 at 10:05 am<\/a><\/div>\n<p>Cu siguran\u021b\u0103. Magistrala Cluj1 alc\u0103tuit\u0103 din sta\u021bia piata Unirii. Nu vezi c\u0103 performan\u021bele politice penelisto-useriste deja \u00ee\u0219i arat\u0103 limitele la cateva santiere din oras pe care nu le mai finalizeaz\u0103?<\/p>\n<div class=\"reply\"><a rel=\"nofollow\" class=\"comment-reply-link\" href=\"https:\/\/www.tion.ro\/stirile-judetului-timis\/simonis-guvernul-a-deblocat-proiectul-noului-stadion-dan-paltinisanu-cj-timis-va-suporta-costurile-lucrarilor-pana-la-finalul-lui-2027-2334030\/#comment-1015233\" data-commentid=\"1015233\" data-postid=\"2334030\" data-belowelement=\"div-comment-1015233\" data-respondelement=\"respond\" data-replyto=\"Reply to Timisorean\" aria-label=\"Reply to Timisorean\">Reply<\/a><\/div>\n<\/div>\n<\/li>\n<li class=\"comment odd alt depth-2\" id=\"comment-1015266\">\n<div id=\"div-comment-1015266\" class=\"comment-body\">\n<div class=\"comment-author vcard\"><img decoding=\"async\" alt src=\"https:\/\/secure.gravatar.com\/avatar\/48f1caf8c86c05eb4798e9da1e6b4c5f?s=32&amp;d=mm&amp;r=g\" class=\"avatar avatar-32 photo\" height=\"32\" width=\"32\" loading=\"lazy\"><cite class=\"fn\">dap<\/cite><span class=\"says\">says:<\/span><\/div>\n<div class=\"comment-meta commentmetadata\"><a href=\"https:\/\/www.tion.ro\/stirile-judetului-timis\/simonis-guvernul-a-deblocat-proiectul-noului-stadion-dan-paltinisanu-cj-timis-va-suporta-costurile-lucrarilor-pana-la-finalul-lui-2027-2334030\/#comment-1015266\">August 15, 2026 at 12:23 pm<\/a><\/div>\n<p>dap, am mai auzit asta de multe ori, ba chiar suma aparea si in bugetul Clujului ca semn ca ce bun\ud83d\ude01\ud83d\ude01 primar ar fi Boc si toti botanistii considerau acel buget inchipuit ca fiind o dovada. Pai daca alta n-aveau\u2026 buna si aia.<\/p>\n<p>Slava!<\/p>\n<div class=\"reply\"><a rel=\"nofollow\" class=\"comment-reply-link\" href=\"https:\/\/www.tion.ro\/stirile-judetului-timis\/simonis-guvernul-a-deblocat-proiectul-noului-stadion-dan-paltinisanu-cj-timis-va-suporta-costurile-lucrarilor-pana-la-finalul-lui-2027-2334030\/#comment-1015266\" data-commentid=\"1015266\" data-postid=\"2334030\" data-belowelement=\"div-comment-1015266\" data-respondelement=\"respond\" data-replyto=\"Reply to dap\" aria-label=\"Reply to dap\">Reply<\/a><\/div>\n<\/div>\n<\/li>\n<li class=\"comment even depth-2\" id=\"comment-1015284\">\n<div id=\"div-comment-1015284\" class=\"comment-body\">\n<div class=\"comment-author vcard\"><img decoding=\"async\" alt src=\"https:\/\/secure.gravatar.com\/avatar\/75bc4faccc24757689af9100f754bf0b?s=32&amp;d=mm&amp;r=g\" class=\"avatar avatar-32 photo\" height=\"32\" width=\"32\" loading=\"lazy\"><cite class=\"fn\">Moise<\/cite><span class=\"says\">says:<\/span><\/div>\n<div class=\"comment-meta commentmetadata\"><a href=\"https:\/\/www.tion.ro\/stirile-judetului-timis\/simonis-guvernul-a-deblocat-proiectul-noului-stadion-dan-paltinisanu-cj-timis-va-suporta-costurile-lucrarilor-pana-la-finalul-lui-2027-2334030\/#comment-1015284\">August 15, 2026 at 1:04 pm<\/a><\/div>\n<p>Pai Clujul are 2 stadione de nivel european. Tu joci pe un stadion de  comuna, Electrica<\/p>\n<div class=\"reply\"><a rel=\"nofollow\" class=\"comment-reply-link\" href=\"https:\/\/www.tion.ro\/stirile-judetului-timis\/simonis-guvernul-a-deblocat-proiectul-noului-stadion-dan-paltinisanu-cj-timis-va-suporta-costurile-lucrarilor-pana-la-finalul-lui-2027-2334030\/#comment-1015284\" data-commentid=\"1015284\" data-postid=\"2334030\" data-belowelement=\"div-comment-1015284\" data-respondelement=\"respond\" data-replyto=\"Reply to Moise\" aria-label=\"Reply to Moise\">Reply<\/a><\/div>\n<\/div>\n<\/li>\n<li class=\"comment odd alt depth-2\" id=\"comment-1015416\">\n<div id=\"div-comment-1015416\" class=\"comment-body\">\n<div class=\"comment-author vcard\"><img decoding=\"async\" alt src=\"https:\/\/secure.gravatar.com\/avatar\/af2d9c566ac0fd5aed8c4f73a2e599db?s=32&amp;d=mm&amp;r=g\" class=\"avatar avatar-32 photo\" height=\"32\" width=\"32\" loading=\"lazy\"><cite class=\"fn\">Superb<\/cite><span class=\"says\">says:<\/span><\/div>\n<div class=\"comment-meta commentmetadata\"><a href=\"https:\/\/www.tion.ro\/stirile-judetului-timis\/simonis-guvernul-a-deblocat-proiectul-noului-stadion-dan-paltinisanu-cj-timis-va-suporta-costurile-lucrarilor-pana-la-finalul-lui-2027-2334030\/#comment-1015416\">August 15, 2026 at 10:28 pm<\/a><\/div>\n<p>Ai nostri sunt in urma cu sala polivalenta pe care Robu o facea in primii 2 ani de mandat\u2026nu e gata dupa 8 plus vreo 6 ai lui fritz. La stadion la fel. Dar ce fac ei cu banii? Ii dau pe magistrala verde. Prostia verde. C banii aia faceau un spital,modernizau scoli etc. Multumim Paola si Fritz,dar si PSDului,PNLului si celorlalti, mai ales Ciuhandu care scapa ca Iliescu\u2026Stie Ciuhandu ce a facut.mai stii cand te laudai in campanie ca ai un ap cu 3 camere? Acum tot cu el te lauzi?<\/p>\n<div class=\"reply\"><a rel=\"nofollow\" class=\"comment-reply-link\" href=\"https:\/\/www.tion.ro\/stirile-judetului-timis\/simonis-guvernul-a-deblocat-proiectul-noului-stadion-dan-paltinisanu-cj-timis-va-suporta-costurile-lucrarilor-pana-la-finalul-lui-2027-2334030\/#comment-1015416\" data-commentid=\"1015416\" data-postid=\"2334030\" data-belowelement=\"div-comment-1015416\" data-respondelement=\"respond\" data-replyto=\"Reply to Superb\" aria-label=\"Reply to Superb\">Reply<\/a><\/div>\n<\/div>\n<\/li>\n<\/ul>\n<\/li>\n<li class=\"comment even thread-odd thread-alt depth-1 parent\" id=\"comment-1015263\">\n<div id=\"div-comment-1015263\" class=\"comment-body\">\n<div class=\"comment-author vcard\"><img decoding=\"async\" alt src=\"https:\/\/secure.gravatar.com\/avatar\/cfddc2dc9c7a40c9c8ad26ff808689e1?s=32&amp;d=mm&amp;r=g\" class=\"avatar avatar-32 photo\" height=\"32\" width=\"32\" loading=\"lazy\"><cite class=\"fn\">klaus<\/cite><span class=\"says\">says:<\/span><\/div>\n<div class=\"comment-meta commentmetadata\"><a href=\"https:\/\/www.tion.ro\/stirile-judetului-timis\/simonis-guvernul-a-deblocat-proiectul-noului-stadion-dan-paltinisanu-cj-timis-va-suporta-costurile-lucrarilor-pana-la-finalul-lui-2027-2334030\/#comment-1015263\">August 15, 2026 at 12:19 pm<\/a><\/div>\n<p>De ce sa faci un spital sau un centru de ajutor pentru cei cu probleme sociale ? Pentru asa ceva nu sant bani ! Si meritam asta ca doar noi i-am ales !<\/p>\n<div class=\"reply\"><a rel=\"nofollow\" class=\"comment-reply-link\" href=\"https:\/\/www.tion.ro\/stirile-judetului-timis\/simonis-guvernul-a-deblocat-proiectul-noului-stadion-dan-paltinisanu-cj-timis-va-suporta-costurile-lucrarilor-pana-la-finalul-lui-2027-2334030\/#comment-1015263\" data-commentid=\"1015263\" data-postid=\"2334030\" data-belowelement=\"div-comment-1015263\" data-respondelement=\"respond\" data-replyto=\"Reply to klaus\" aria-label=\"Reply to klaus\">Reply<\/a><\/div>\n<\/div>\n<ul class=\"children\">\n<li class=\"comment odd alt depth-2\" id=\"comment-1015461\">\n<div id=\"div-comment-1015461\" class=\"comment-body\">\n<div class=\"comment-author vcard\"><img decoding=\"async\" alt src=\"https:\/\/secure.gravatar.com\/avatar\/bf6c98d72c91fa1496f99e8228d7c2ec?s=32&amp;d=mm&amp;r=g\" class=\"avatar avatar-32 photo\" height=\"32\" width=\"32\" loading=\"lazy\"><cite class=\"fn\">Florin Spreitzer<\/cite><span class=\"says\">says:<\/span><\/div>\n<div class=\"comment-meta commentmetadata\"><a href=\"https:\/\/www.tion.ro\/stirile-judetului-timis\/simonis-guvernul-a-deblocat-proiectul-noului-stadion-dan-paltinisanu-cj-timis-va-suporta-costurile-lucrarilor-pana-la-finalul-lui-2027-2334030\/#comment-1015461\">August 16, 2026 at 12:11 am<\/a><\/div>\n<p>se fac 3 spitale \u00een Timi\u0219oara \u0219i unul e ap gata la Giroc<\/p>\n<div class=\"reply\"><a rel=\"nofollow\" class=\"comment-reply-link\" href=\"https:\/\/www.tion.ro\/stirile-judetului-timis\/simonis-guvernul-a-deblocat-proiectul-noului-stadion-dan-paltinisanu-cj-timis-va-suporta-costurile-lucrarilor-pana-la-finalul-lui-2027-2334030\/#comment-1015461\" data-commentid=\"1015461\" data-postid=\"2334030\" data-belowelement=\"div-comment-1015461\" data-respondelement=\"respond\" data-replyto=\"Reply to Florin Spreitzer\" aria-label=\"Reply to Florin Spreitzer\">Reply<\/a><\/div>\n<\/div>\n<\/li>\n<\/ul>\n<\/li>\n<li class=\"comment even thread-even depth-1\" id=\"comment-1015290\">\n<div id=\"div-comment-1015290\" class=\"comment-body\">\n<div class=\"comment-author vcard\"><img decoding=\"async\" alt src=\"https:\/\/secure.gravatar.com\/avatar\/c37d43cbe7355b2c3179b5aad03b4c01?s=32&amp;d=mm&amp;r=g\" class=\"avatar avatar-32 photo\" height=\"32\" width=\"32\" loading=\"lazy\"><cite class=\"fn\">Adrian Plesa<\/cite><span class=\"says\">says:<\/span><\/div>\n<div class=\"comment-meta commentmetadata\"><a href=\"https:\/\/www.tion.ro\/stirile-judetului-timis\/simonis-guvernul-a-deblocat-proiectul-noului-stadion-dan-paltinisanu-cj-timis-va-suporta-costurile-lucrarilor-pana-la-finalul-lui-2027-2334030\/#comment-1015290\">August 15, 2026 at 1:15 pm<\/a><\/div>\n<p>Nou\u0103 ne trebuie pasaje , stadion pentru ce , ptr oi probabil. Nu avem echip\u0103 in \u021bar\u0103 nici pentru calific\u0103ri intr-o competi\u021bie europeana.<\/p>\n<div class=\"reply\"><a rel=\"nofollow\" class=\"comment-reply-link\" href=\"https:\/\/www.tion.ro\/stirile-judetului-timis\/simonis-guvernul-a-deblocat-proiectul-noului-stadion-dan-paltinisanu-cj-timis-va-suporta-costurile-lucrarilor-pana-la-finalul-lui-2027-2334030\/#comment-1015290\" data-commentid=\"1015290\" data-postid=\"2334030\" data-belowelement=\"div-comment-1015290\" data-respondelement=\"respond\" data-replyto=\"Reply to Adrian Plesa\" aria-label=\"Reply to Adrian Plesa\">Reply<\/a><\/div>\n<\/div>\n<\/li>\n<\/div>\n<\/div>\n<\/div>\n<\/article>\n<div class=\"entry-content clearfix\">\n<div class=\"enewsArticleContent\">\n<p>Potrivit lui Simonis, dup\u0103 aprobarea documentului de c\u0103tre Guvern, Compania Na\u021bional\u0103 de Investi\u021bii (CNI) poate semna contractul de proiectare \u0219i execu\u021bie cu asocierea desemnat\u0103 c\u00e2\u0219tig\u0103toare \u00een urma licita\u021biei.<\/p>\n<h3><strong>CJ Timi\u0219 aloc\u0103 126 de milioane de lei p\u00e2n\u0103 la finalul lui 2027<\/strong><\/h3>\n<p>Conform declara\u021biei pre\u0219edintelui CJ Timi\u0219, administra\u021bia jude\u021bean\u0103 va pune la dispozi\u021bie p\u00e2n\u0103 la finalul anului viitor suma de 126 de milioane de lei pentru lucr\u0103rile la stadion.<\/p>\n<blockquote>\n<p>\u201eAm spus \u00een repetate r\u00e2nduri c\u0103 aceast\u0103 investi\u021bie nu mai poate fi oprit\u0103, indiferent de numele sau culoarea politic\u0103 a deciden\u021bilor na\u021bionali. Da, e adev\u0103rat, lucrurile au fost t\u0103r\u0103g\u0103nate \u0219i s-a creat o stare de tensiune deloc necesar\u0103 pe acest subiect. Dar lucrurile intr\u0103 de azi pe un f\u0103ga\u0219 normal.<\/p>\n<p>Odat\u0103 aprobat acest document al Guvernului, Compania Na\u021bional\u0103 de Investi\u021bii poate semna contractul de proiectare \u0219i execu\u021bie cu societatea care a c\u00e2\u0219tigat licita\u021bia \u0219i ne apuc\u0103m de treab\u0103. Noi, la Consiliul Jude\u021bean, suntem preg\u0103ti\u021bi! Avem banii, de\u0219i unii politicieni locali declarau c\u0103 nu dispunem de sumele necesare, \u0219tim exact ce avem de f\u0103cut \u0219i vom face! Punem la b\u0103taie 126 de milioane de lei p\u00e2n\u0103 la finalul anului viitor, iar diferen\u021ba, p\u00e2n\u0103 la 603 milioane, va fi suportat\u0103 de CNI din 2028\u201d, a transmis Alfred Simonis.<\/p>\n<\/blockquote>\n<p>Astfel, finan\u021barea lucr\u0103rilor ar urma s\u0103 fie \u00eemp\u0103r\u021bit\u0103 \u00eentre Consiliul Jude\u021bean Timi\u0219 \u0219i CNI, cu plata de c\u0103tre administra\u021bia jude\u021bean\u0103 a lucr\u0103rilor realizate p\u00e2n\u0103 la sf\u00e2r\u0219itul lui 2027 \u0219i preluarea finan\u021b\u0103rii de c\u0103tre CNI \u00eencep\u00e2nd din 2028, potrivit declara\u021biilor lui Simonis.<\/p>\n<h3><strong> Contractul poate fi semnat dup\u0103 deblocarea proiectului<\/strong><\/h3>\n<p>Licita\u021bia pentru construirea noului stadion a trecut prin mai multe etape \u0219i contesta\u021bii. \u00cen martie 2026, dup\u0103 reevaluarea ofertelor \u00een urma unei decizii a instan\u021bei, CNI a desemnat c\u00e2\u0219tig\u0103toare asocierea format\u0103 din CONCELEX, \u00een calitate de lider, Construc\u021bii Erba\u0219u, Concelex Engineering \u0219i Terra Gaz Construct.<\/p>\n<p>La acel moment, dup\u0103 expirarea perioadei \u00een care puteau fi depuse contesta\u021bii,<strong><a href=\"https:\/\/www.tion.ro\/stirile-judetului-timis\/cj-timis-a-aprobat-cofinantarea-pentru-construirea-stadionului-dan-paltinisanu-din-timisoara-2249917\/\" target=\"_blank\" rel=\"noopener\"> Consiliul Jude\u021bean Timi\u0219 a aprobat cofinan\u021barea proiectului<\/a><\/strong>, \u00een valoare de aproximativ 126 de milioane de lei. Proiectul este derulat prin Compania Na\u021bional\u0103 de Investi\u021bii, iar stadionul urmeaz\u0103 s\u0103 fie construit tot pe amplasamentul fostei arene.<\/p>\n<p><strong><a href=\"https:\/\/www.tion.ro\/stirile-judetului-timis\/s-a-incheiat-etapa-demolarilor-la-stadionul-dan-paltinisanu-lucrarile-incep-anul-acesta-2248765\/\" target=\"_blank\" rel=\"noopener\">Demolarea vechiului stadion a fost finalizat\u0103 \u00een luna martie<\/a><\/strong>. Etapa de demolare a costat peste 12 milioane de lei \u0219i a fost finan\u021bat\u0103 de Consiliul Jude\u021bean Timi\u0219.<\/p>\n<p>\u00cen luna iulie, de Ziua Jude\u021bului Timi\u0219, Simonis anun\u021ba c\u0103 la nivelul Guvernului se discut\u0103 modificarea memorandumului privind finan\u021barea ultimelor trei stadioane care urmau s\u0103 fie construite prin CNI, printre care \u0219i cel din Timi\u0219oara.<\/p>\n<blockquote>\n<p>\u201e\u00cen aceste clipe se discut\u0103 la Bucure\u0219ti modificarea memorandumului astfel \u00eenc\u00e2t s\u0103 fie deblocate \u0219i ultimele trei stadioane din Rom\u00e2nia: din Timi\u0219oara, Bra\u0219ov \u0219i Oradea. Deci este o veste bun\u0103. \u00cen urm\u0103toarele zile, Guvernul va debloca \u0219i aceast\u0103 investi\u021bie\u201d, declara atunci pre\u0219edintele CJ Timi\u0219.<\/p>\n<\/blockquote>\n<p>Noul stadion este prev\u0103zut cu o capacitate de aproximativ 30.000 de locuri, iar documenta\u021bia tehnic\u0103 indic\u0103 o suprafa\u021b\u0103 construit\u0103 de aproximativ 28.800 de metri p\u0103tra\u021bi. Valoarea men\u021bionat\u0103 de Simonis pentru \u00eentreaga investi\u021bie este de 603 milioane de lei.<\/p>\n<div class=\"fbShareLikeTwitterAndEmailContainer\">\n<div class=\"wrapper\">\n<div class=\"email\">\n<div id=\"mailto-pop\" class=\"pop-form pop-form-mailto\">\n<div class=\"pop-form-header\">\n<h4>Trimite articolul<\/h4>\n<p><a class=\"pop-form-close\">X<\/a><\/div>\n<\/div>\n<\/div>\n<\/div>\n<\/div>\n<div class=\"comments\">\n<div class=\"top\">\n<div class=\"commentsNumber\"><span class=\"number\">36<\/span><span class=\"text\">Comentarii<\/span><\/div>\n<\/div>\n<div class=\"center\">\n<div id=\"respond\" class=\"comment-respond\">\n<h3 id=\"reply-title\" class=\"comment-reply-title\"><small><a rel=\"nofollow\" id=\"cancel-comment-reply-link\" href=\"https:\/\/www.tion.ro\/stirile-judetului-timis\/simonis-guvernul-a-deblocat-proiectul-noului-stadion-dan-paltinisanu-cj-timis-va-suporta-costurile-lucrarilor-pana-la-finalul-lui-2027-2334030\/#respond\">Cancel reply<\/a><\/small><\/h3>\n<p class=\"comment-notes\"><span id=\"email-notes\">Your email address will not be published.<\/span><span class=\"required-field-message\">Required fields are marked <span class=\"required\">*<\/span><\/span><\/p>\n<p class=\"commentFormComment\"><span id=\"commentFormCount\"><br \/>\n                            inca<br \/>\n                            <span id=\"countCommentText\">1000<\/span><br \/>\n                            caractere ramase<br \/>\n                        <\/span><\/p>\n<\/div>\n<\/div>\n<div class=\"bottom\">\n<p class=\"forumDisclaimerHuRo\">\n            Citi\u021bi principiile noastre de moderare <a href=\"https:\/\/www.tion.ro\/reguli-postare-comentarii\/\" target=\"_blank\">aici<\/a>!\n        <\/p>\n<\/div>\n<\/div>\n<div id=\"forum\">\n<li class=\"comment even thread-even depth-1\" id=\"comment-1014840\">\n<div id=\"div-comment-1014840\" class=\"comment-body\">\n<div class=\"comment-author vcard\"><img decoding=\"async\" alt src=\"https:\/\/secure.gravatar.com\/avatar\/d71f5711f058f90917a193a1cddb25c1?s=32&amp;d=mm&amp;r=g\" class=\"avatar avatar-32 photo\" height=\"32\" width=\"32\" loading=\"lazy\"><cite class=\"fn\">Romania<\/cite><span class=\"says\">says:<\/span><\/div>\n<div class=\"comment-meta commentmetadata\"><a href=\"https:\/\/www.tion.ro\/stirile-judetului-timis\/simonis-guvernul-a-deblocat-proiectul-noului-stadion-dan-paltinisanu-cj-timis-va-suporta-costurile-lucrarilor-pana-la-finalul-lui-2027-2334030\/#comment-1014840\">August 14, 2026 at 12:17 pm<\/a><\/div>\n<p>Asa mincinos nu am vazut in viata mea<\/p>\n<div class=\"reply\"><a rel=\"nofollow\" class=\"comment-reply-link\" href=\"https:\/\/www.tion.ro\/stirile-judetului-timis\/simonis-guvernul-a-deblocat-proiectul-noului-stadion-dan-paltinisanu-cj-timis-va-suporta-costurile-lucrarilor-pana-la-finalul-lui-2027-2334030\/#comment-1014840\" data-commentid=\"1014840\" data-postid=\"2334030\" data-belowelement=\"div-comment-1014840\" data-respondelement=\"respond\" data-replyto=\"Reply to Romania\" aria-label=\"Reply to Romania\">Reply<\/a><\/div>\n<\/div>\n<\/li>\n<li class=\"comment odd alt thread-odd thread-alt depth-1 parent\" id=\"comment-1014843\">\n<div id=\"div-comment-1014843\" class=\"comment-body\">\n<div class=\"comment-author vcard\"><img decoding=\"async\" alt src=\"https:\/\/secure.gravatar.com\/avatar\/5770420a0174a5071c14be323016c9f0?s=32&amp;d=mm&amp;r=g\" class=\"avatar avatar-32 photo\" height=\"32\" width=\"32\" loading=\"lazy\"><cite class=\"fn\">Euro 6<\/cite><span class=\"says\">says:<\/span><\/div>\n<div class=\"comment-meta commentmetadata\"><a href=\"https:\/\/www.tion.ro\/stirile-judetului-timis\/simonis-guvernul-a-deblocat-proiectul-noului-stadion-dan-paltinisanu-cj-timis-va-suporta-costurile-lucrarilor-pana-la-finalul-lui-2027-2334030\/#comment-1014843\">August 14, 2026 at 12:20 pm<\/a><\/div>\n<p>Acum, la modul serios : de ce trebuia demolat fostul Stadion ??? Avea tot ce trebuia !!! Construc\u021bia Stadioanelor, e ultima ,,mod\u0103\u201d de-a face ni\u0219te (mul\u021bi) bani !!!!!!!!<\/p>\n<div class=\"reply\"><a rel=\"nofollow\" class=\"comment-reply-link\" href=\"https:\/\/www.tion.ro\/stirile-judetului-timis\/simonis-guvernul-a-deblocat-proiectul-noului-stadion-dan-paltinisanu-cj-timis-va-suporta-costurile-lucrarilor-pana-la-finalul-lui-2027-2334030\/#comment-1014843\" data-commentid=\"1014843\" data-postid=\"2334030\" data-belowelement=\"div-comment-1014843\" data-respondelement=\"respond\" data-replyto=\"Reply to Euro 6\" aria-label=\"Reply to Euro 6\">Reply<\/a><\/div>\n<\/div>\n<ul class=\"children\">\n<li class=\"comment even depth-2 parent\" id=\"comment-1014858\">\n<div id=\"div-comment-1014858\" class=\"comment-body\">\n<div class=\"comment-author vcard\"><img decoding=\"async\" alt src=\"https:\/\/secure.gravatar.com\/avatar\/d71f5711f058f90917a193a1cddb25c1?s=32&amp;d=mm&amp;r=g\" class=\"avatar avatar-32 photo\" height=\"32\" width=\"32\" loading=\"lazy\"><cite class=\"fn\">Romania<\/cite><span class=\"says\">says:<\/span><\/div>\n<div class=\"comment-meta commentmetadata\"><a href=\"https:\/\/www.tion.ro\/stirile-judetului-timis\/simonis-guvernul-a-deblocat-proiectul-noului-stadion-dan-paltinisanu-cj-timis-va-suporta-costurile-lucrarilor-pana-la-finalul-lui-2027-2334030\/#comment-1014858\">August 14, 2026 at 12:33 pm<\/a><\/div>\n<p>@neurorusia: 63 de ani de viata! Nu avea nimic! Era o ruina care punea in pericol viata celor care utilizau acel stadion! Pentru cei care nu sunt fani industriei calului dintre nebun (kremlingescu) si tura (semiom-anomalia-\u0219ovac\u0103-\u0219trulea-pedofileiu-poponeia), lumea avanseaza!<\/p>\n<div class=\"reply\"><a rel=\"nofollow\" class=\"comment-reply-link\" href=\"https:\/\/www.tion.ro\/stirile-judetului-timis\/simonis-guvernul-a-deblocat-proiectul-noului-stadion-dan-paltinisanu-cj-timis-va-suporta-costurile-lucrarilor-pana-la-finalul-lui-2027-2334030\/#comment-1014858\" data-commentid=\"1014858\" data-postid=\"2334030\" data-belowelement=\"div-comment-1014858\" data-respondelement=\"respond\" data-replyto=\"Reply to Romania\" aria-label=\"Reply to Romania\">Reply<\/a><\/div>\n<\/div>\n<ul class=\"children\">\n<li class=\"comment odd alt depth-3\" id=\"comment-1015230\">\n<div id=\"div-comment-1015230\" class=\"comment-body\">\n<div class=\"comment-author vcard\"><img decoding=\"async\" alt src=\"https:\/\/secure.gravatar.com\/avatar\/80c461512e544ec48ce814a4eb005f16?s=32&amp;d=mm&amp;r=g\" class=\"avatar avatar-32 photo\" height=\"32\" width=\"32\" loading=\"lazy\"><cite class=\"fn\">Timisorean<\/cite><span class=\"says\">says:<\/span><\/div>\n<div class=\"comment-meta commentmetadata\"><a href=\"https:\/\/www.tion.ro\/stirile-judetului-timis\/simonis-guvernul-a-deblocat-proiectul-noului-stadion-dan-paltinisanu-cj-timis-va-suporta-costurile-lucrarilor-pana-la-finalul-lui-2027-2334030\/#comment-1015230\">August 15, 2026 at 10:00 am<\/a><\/div>\n<p>Dac\u0103 ai renun\u021ba la ochelarii de cal \u0219i ai trage cu ochiul c\u0103tre occident ai vedea c\u0103 noul trend este reutilizarea structurilor existente.<br \/>\nDa, lumea avanseaz\u0103 \u0219i s-a constatat c\u0103 e inclusiv mai bine pentru mediu s\u0103 nu irose\u0219ti carbon incorporat intr-o structur\u0103 pe care deja o ai. Toate se pot consolida \u0219i refinisa<\/p>\n<p>Pana una-alta la industria calului ne aduce regimul Nicu-Bolovan\u2026 Dac\u0103 nu au fost in stare s\u0103 \u00eentre\u021bin\u0103 produc\u021bia de energie electric\u0103 a Rom\u00e2niei singura solu\u021bie e industria calului. Doar de ce crezi ca au f\u0103cut liste cu industria\u0219ii din Rom\u00e2nia sa le \u201ccear\u0103\u201d economii? Ghinion.<\/p>\n<div class=\"reply\"><a rel=\"nofollow\" class=\"comment-reply-link\" href=\"https:\/\/www.tion.ro\/stirile-judetului-timis\/simonis-guvernul-a-deblocat-proiectul-noului-stadion-dan-paltinisanu-cj-timis-va-suporta-costurile-lucrarilor-pana-la-finalul-lui-2027-2334030\/#comment-1015230\" data-commentid=\"1015230\" data-postid=\"2334030\" data-belowelement=\"div-comment-1015230\" data-respondelement=\"respond\" data-replyto=\"Reply to Timisorean\" aria-label=\"Reply to Timisorean\">Reply<\/a><\/div>\n<\/div>\n<\/li>\n<li class=\"comment even depth-3\" id=\"comment-1015428\">\n<div id=\"div-comment-1015428\" class=\"comment-body\">\n<div class=\"comment-author vcard\"><img decoding=\"async\" alt src=\"https:\/\/secure.gravatar.com\/avatar\/898f9e28b63cb26288196219370473b6?s=32&amp;d=mm&amp;r=g\" class=\"avatar avatar-32 photo\" height=\"32\" width=\"32\" loading=\"lazy\"><cite class=\"fn\">doarobserv<\/cite><span class=\"says\">says:<\/span><\/div>\n<div class=\"comment-meta commentmetadata\"><a href=\"https:\/\/www.tion.ro\/stirile-judetului-timis\/simonis-guvernul-a-deblocat-proiectul-noului-stadion-dan-paltinisanu-cj-timis-va-suporta-costurile-lucrarilor-pana-la-finalul-lui-2027-2334030\/#comment-1015428\">August 15, 2026 at 10:55 pm<\/a><\/div>\n<p>S\u0103-\u021bi fie ru\u0219ine de imbecilitatea din cap \ud83e\udd2e Halal mod de g\u00e2ndire \u00een 2026<\/p>\n<div class=\"reply\"><a rel=\"nofollow\" class=\"comment-reply-link\" href=\"https:\/\/www.tion.ro\/stirile-judetului-timis\/simonis-guvernul-a-deblocat-proiectul-noului-stadion-dan-paltinisanu-cj-timis-va-suporta-costurile-lucrarilor-pana-la-finalul-lui-2027-2334030\/#comment-1015428\" data-commentid=\"1015428\" data-postid=\"2334030\" data-belowelement=\"div-comment-1015428\" data-respondelement=\"respond\" data-replyto=\"Reply to doarobserv\" aria-label=\"Reply to doarobserv\">Reply<\/a><\/div>\n<\/div>\n<\/li>\n<\/ul>\n<\/li>\n<\/ul>\n<\/li>\n<li class=\"comment odd alt thread-even depth-1 parent\" id=\"comment-1014870\">\n<div id=\"div-comment-1014870\" class=\"comment-body\">\n<div class=\"comment-author vcard\"><img decoding=\"async\" alt src=\"https:\/\/secure.gravatar.com\/avatar\/22051349e2a093e94bedcbd80adf6795?s=32&amp;d=mm&amp;r=g\" class=\"avatar avatar-32 photo\" height=\"32\" width=\"32\" loading=\"lazy\"><cite class=\"fn\">SadPaw<\/cite><span class=\"says\">says:<\/span><\/div>\n<div class=\"comment-meta commentmetadata\"><a href=\"https:\/\/www.tion.ro\/stirile-judetului-timis\/simonis-guvernul-a-deblocat-proiectul-noului-stadion-dan-paltinisanu-cj-timis-va-suporta-costurile-lucrarilor-pana-la-finalul-lui-2027-2334030\/#comment-1014870\">August 14, 2026 at 12:52 pm<\/a><\/div>\n<p>mai bine lasa terenul asa cum e si planteaza cativa copaci \/ mese de tenis de masa si e ok ba.<br \/>\n\u26bd= \ud83c\udf46\ud83e\udd0f &amp; \ud83e\udde0\ud83e\udd0f + \ud83d\udcb0&amp;\u23f1\ufe0f\u27a1\ufe0f\ud83d\uddd1\ufe0f<br \/>\n\ud83d\udc8b<br \/>\nSAU<br \/>\nsa organizam acolo concerte,maratoane,zilele orasului si alte bazaconii<\/p>\n<div class=\"reply\"><a rel=\"nofollow\" class=\"comment-reply-link\" href=\"https:\/\/www.tion.ro\/stirile-judetului-timis\/simonis-guvernul-a-deblocat-proiectul-noului-stadion-dan-paltinisanu-cj-timis-va-suporta-costurile-lucrarilor-pana-la-finalul-lui-2027-2334030\/#comment-1014870\" data-commentid=\"1014870\" data-postid=\"2334030\" data-belowelement=\"div-comment-1014870\" data-respondelement=\"respond\" data-replyto=\"Reply to SadPaw\" aria-label=\"Reply to SadPaw\">Reply<\/a><\/div>\n<\/div>\n<ul class=\"children\">\n<li class=\"comment even depth-2 parent\" id=\"comment-1014960\">\n<div id=\"div-comment-1014960\" class=\"comment-body\">\n<div class=\"comment-author vcard\"><img decoding=\"async\" alt src=\"https:\/\/secure.gravatar.com\/avatar\/9a491fd9f8aca79e636bee60f12ed38e?s=32&amp;d=mm&amp;r=g\" class=\"avatar avatar-32 photo\" height=\"32\" width=\"32\" loading=\"lazy\"><cite class=\"fn\">Cristi<\/cite><span class=\"says\">says:<\/span><\/div>\n<div class=\"comment-meta commentmetadata\"><a href=\"https:\/\/www.tion.ro\/stirile-judetului-timis\/simonis-guvernul-a-deblocat-proiectul-noului-stadion-dan-paltinisanu-cj-timis-va-suporta-costurile-lucrarilor-pana-la-finalul-lui-2027-2334030\/#comment-1014960\">August 14, 2026 at 4:51 pm<\/a><\/div>\n<p>Exact, 150 milioane de euro atuncate pe fereastra! Spitalul Daruieste viata a costat 55 milioane .<\/p>\n<div class=\"reply\"><a rel=\"nofollow\" class=\"comment-reply-link\" href=\"https:\/\/www.tion.ro\/stirile-judetului-timis\/simonis-guvernul-a-deblocat-proiectul-noului-stadion-dan-paltinisanu-cj-timis-va-suporta-costurile-lucrarilor-pana-la-finalul-lui-2027-2334030\/#comment-1014960\" data-commentid=\"1014960\" data-postid=\"2334030\" data-belowelement=\"div-comment-1014960\" data-respondelement=\"respond\" data-replyto=\"Reply to Cristi\" aria-label=\"Reply to Cristi\">Reply<\/a><\/div>\n<\/div>\n<ul class=\"children\">\n<li class=\"comment odd alt depth-3\" id=\"comment-1015017\">\n<div id=\"div-comment-1015017\" class=\"comment-body\">\n<div class=\"comment-author vcard\"><img decoding=\"async\" alt src=\"https:\/\/secure.gravatar.com\/avatar\/c17f9fc480eead9a537f60981d0e2f34?s=32&amp;d=mm&amp;r=g\" class=\"avatar avatar-32 photo\" height=\"32\" width=\"32\" loading=\"lazy\"><cite class=\"fn\">SadPaw<\/cite><span class=\"says\">says:<\/span><\/div>\n<div class=\"comment-meta commentmetadata\"><a href=\"https:\/\/www.tion.ro\/stirile-judetului-timis\/simonis-guvernul-a-deblocat-proiectul-noului-stadion-dan-paltinisanu-cj-timis-va-suporta-costurile-lucrarilor-pana-la-finalul-lui-2027-2334030\/#comment-1015017\">August 14, 2026 at 7:08 pm<\/a><\/div>\n<p>da bre dar spitalul nu e in folosul industriei pariurilor nu?<br \/>\npaine si circ<br \/>\ndivide si cucereste<br \/>\naceleasi tactici folosite de cand \u271d<\/p>\n<div class=\"reply\"><a rel=\"nofollow\" class=\"comment-reply-link\" href=\"https:\/\/www.tion.ro\/stirile-judetului-timis\/simonis-guvernul-a-deblocat-proiectul-noului-stadion-dan-paltinisanu-cj-timis-va-suporta-costurile-lucrarilor-pana-la-finalul-lui-2027-2334030\/#comment-1015017\" data-commentid=\"1015017\" data-postid=\"2334030\" data-belowelement=\"div-comment-1015017\" data-respondelement=\"respond\" data-replyto=\"Reply to SadPaw\" aria-label=\"Reply to SadPaw\">Reply<\/a><\/div>\n<\/div>\n<\/li>\n<li class=\"comment even depth-3\" id=\"comment-1015344\">\n<div id=\"div-comment-1015344\" class=\"comment-body\">\n<div class=\"comment-author vcard\"><img decoding=\"async\" alt src=\"https:\/\/secure.gravatar.com\/avatar\/770e78ee65c0361c746020d6d7174e82?s=32&amp;d=mm&amp;r=g\" class=\"avatar avatar-32 photo\" height=\"32\" width=\"32\" loading=\"lazy\"><cite class=\"fn\">Dfg<\/cite><span class=\"says\">says:<\/span><\/div>\n<div class=\"comment-meta commentmetadata\"><a href=\"https:\/\/www.tion.ro\/stirile-judetului-timis\/simonis-guvernul-a-deblocat-proiectul-noului-stadion-dan-paltinisanu-cj-timis-va-suporta-costurile-lucrarilor-pana-la-finalul-lui-2027-2334030\/#comment-1015344\">August 15, 2026 at 5:29 pm<\/a><\/div>\n<p>Daca nici spitale nu ai in timi, sincer acuma! In orice discutie o toti dati cu spitalele. Timisoara are suficiente spitale si paturi, alte localitati nu au si e treaba lor sa isi faca. Nu e treaba noastra sa mai facem 10 spitale ca sa aducem bolnavi din toata tara. Daca mergi acu la judeteana jumatate din internati sunt din cu totul alte judete.<\/p>\n<div class=\"reply\"><a rel=\"nofollow\" class=\"comment-reply-link\" href=\"https:\/\/www.tion.ro\/stirile-judetului-timis\/simonis-guvernul-a-deblocat-proiectul-noului-stadion-dan-paltinisanu-cj-timis-va-suporta-costurile-lucrarilor-pana-la-finalul-lui-2027-2334030\/#comment-1015344\" data-commentid=\"1015344\" data-postid=\"2334030\" data-belowelement=\"div-comment-1015344\" data-respondelement=\"respond\" data-replyto=\"Reply to Dfg\" aria-label=\"Reply to Dfg\">Reply<\/a><\/div>\n<\/div>\n<\/li>\n<\/ul>\n<\/li>\n<\/ul>\n<\/li>\n<li class=\"comment odd alt thread-odd thread-alt depth-1 parent\" id=\"comment-1014873\">\n<div id=\"div-comment-1014873\" class=\"comment-body\">\n<div class=\"comment-author vcard\"><img decoding=\"async\" alt src=\"https:\/\/secure.gravatar.com\/avatar\/25f877f3c48638be9b0fef06ceb11ce1?s=32&amp;d=mm&amp;r=g\" class=\"avatar avatar-32 photo\" height=\"32\" width=\"32\" loading=\"lazy\"><cite class=\"fn\">nWue usr<\/cite><span class=\"says\">says:<\/span><\/div>\n<div class=\"comment-meta commentmetadata\"><a href=\"https:\/\/www.tion.ro\/stirile-judetului-timis\/simonis-guvernul-a-deblocat-proiectul-noului-stadion-dan-paltinisanu-cj-timis-va-suporta-costurile-lucrarilor-pana-la-finalul-lui-2027-2334030\/#comment-1014873\">August 14, 2026 at 12:57 pm<\/a><\/div>\n<p>Toti usr-istii sunt contra a tot ce fac cei din PSD sau din AUR sau vor sa faca! Ei saracii in atatia ani de mandat Fritzist nu au fost in stare sa faca un proiect propriu! zero barat, spui usr si tragi apa.<\/p>\n<div class=\"reply\"><a rel=\"nofollow\" class=\"comment-reply-link\" href=\"https:\/\/www.tion.ro\/stirile-judetului-timis\/simonis-guvernul-a-deblocat-proiectul-noului-stadion-dan-paltinisanu-cj-timis-va-suporta-costurile-lucrarilor-pana-la-finalul-lui-2027-2334030\/#comment-1014873\" data-commentid=\"1014873\" data-postid=\"2334030\" data-belowelement=\"div-comment-1014873\" data-respondelement=\"respond\" data-replyto=\"Reply to nWue usr\" aria-label=\"Reply to nWue usr\">Reply<\/a><\/div>\n<\/div>\n<ul class=\"children\">\n<li class=\"comment even depth-2 parent\" id=\"comment-1014924\">\n<div id=\"div-comment-1014924\" class=\"comment-body\">\n<div class=\"comment-author vcard\"><img decoding=\"async\" alt src=\"https:\/\/secure.gravatar.com\/avatar\/bf6c98d72c91fa1496f99e8228d7c2ec?s=32&amp;d=mm&amp;r=g\" class=\"avatar avatar-32 photo\" height=\"32\" width=\"32\" loading=\"lazy\"><cite class=\"fn\">Adi<\/cite><span class=\"says\">says:<\/span><\/div>\n<div class=\"comment-meta commentmetadata\"><a href=\"https:\/\/www.tion.ro\/stirile-judetului-timis\/simonis-guvernul-a-deblocat-proiectul-noului-stadion-dan-paltinisanu-cj-timis-va-suporta-costurile-lucrarilor-pana-la-finalul-lui-2027-2334030\/#comment-1014924\">August 14, 2026 at 3:20 pm<\/a><\/div>\n<p>Stai calm nu e nimeni \u00eempotriva dar de atia ani ne minte c acest stadion c\u0103 nu mai crede nimeni \ud83e\udd23<\/p>\n<div class=\"reply\"><a rel=\"nofollow\" class=\"comment-reply-link\" href=\"https:\/\/www.tion.ro\/stirile-judetului-timis\/simonis-guvernul-a-deblocat-proiectul-noului-stadion-dan-paltinisanu-cj-timis-va-suporta-costurile-lucrarilor-pana-la-finalul-lui-2027-2334030\/#comment-1014924\" data-commentid=\"1014924\" data-postid=\"2334030\" data-belowelement=\"div-comment-1014924\" data-respondelement=\"respond\" data-replyto=\"Reply to Adi\" aria-label=\"Reply to Adi\">Reply<\/a><\/div>\n<\/div>\n<ul class=\"children\">\n<li class=\"comment odd alt depth-3\" id=\"comment-1015440\">\n<div id=\"div-comment-1015440\" class=\"comment-body\">\n<div class=\"comment-author vcard\"><img decoding=\"async\" alt src=\"https:\/\/secure.gravatar.com\/avatar\/898f9e28b63cb26288196219370473b6?s=32&amp;d=mm&amp;r=g\" class=\"avatar avatar-32 photo\" height=\"32\" width=\"32\" loading=\"lazy\"><cite class=\"fn\">doarobserv<\/cite><span class=\"says\">says:<\/span><\/div>\n<div class=\"comment-meta commentmetadata\"><a href=\"https:\/\/www.tion.ro\/stirile-judetului-timis\/simonis-guvernul-a-deblocat-proiectul-noului-stadion-dan-paltinisanu-cj-timis-va-suporta-costurile-lucrarilor-pana-la-finalul-lui-2027-2334030\/#comment-1015440\">August 15, 2026 at 11:01 pm<\/a><\/div>\n<p>Ce alege\u021bi \u0219i sus\u021bine\u021bi, \u0103ia ave\u021bi \u270c\ufe0f<\/p>\n<div class=\"reply\"><a rel=\"nofollow\" class=\"comment-reply-link\" href=\"https:\/\/www.tion.ro\/stirile-judetului-timis\/simonis-guvernul-a-deblocat-proiectul-noului-stadion-dan-paltinisanu-cj-timis-va-suporta-costurile-lucrarilor-pana-la-finalul-lui-2027-2334030\/#comment-1015440\" data-commentid=\"1015440\" data-postid=\"2334030\" data-belowelement=\"div-comment-1015440\" data-respondelement=\"respond\" data-replyto=\"Reply to doarobserv\" aria-label=\"Reply to doarobserv\">Reply<\/a><\/div>\n<\/div>\n<\/li>\n<\/ul>\n<\/li>\n<li class=\"comment even depth-2\" id=\"comment-1014963\">\n<div id=\"div-comment-1014963\" class=\"comment-body\">\n<div class=\"comment-author vcard\"><img decoding=\"async\" alt src=\"https:\/\/secure.gravatar.com\/avatar\/9a491fd9f8aca79e636bee60f12ed38e?s=32&amp;d=mm&amp;r=g\" class=\"avatar avatar-32 photo\" height=\"32\" width=\"32\" loading=\"lazy\"><cite class=\"fn\">Guru<\/cite><span class=\"says\">says:<\/span><\/div>\n<div class=\"comment-meta commentmetadata\"><a href=\"https:\/\/www.tion.ro\/stirile-judetului-timis\/simonis-guvernul-a-deblocat-proiectul-noului-stadion-dan-paltinisanu-cj-timis-va-suporta-costurile-lucrarilor-pana-la-finalul-lui-2027-2334030\/#comment-1014963\">August 14, 2026 at 4:54 pm<\/a><\/div>\n<p>Cred doar ca nu este util acest stadion in conditiile in care este aproape finalizat celalalt. Tu pt ce ai nevoie de inca un stadion?? Concert la guru georgica?<\/p>\n<div class=\"reply\"><a rel=\"nofollow\" class=\"comment-reply-link\" href=\"https:\/\/www.tion.ro\/stirile-judetului-timis\/simonis-guvernul-a-deblocat-proiectul-noului-stadion-dan-paltinisanu-cj-timis-va-suporta-costurile-lucrarilor-pana-la-finalul-lui-2027-2334030\/#comment-1014963\" data-commentid=\"1014963\" data-postid=\"2334030\" data-belowelement=\"div-comment-1014963\" data-respondelement=\"respond\" data-replyto=\"Reply to Guru\" aria-label=\"Reply to Guru\">Reply<\/a><\/div>\n<\/div>\n<\/li>\n<\/ul>\n<\/li>\n<li class=\"comment odd alt thread-even depth-1\" id=\"comment-1014903\">\n<div id=\"div-comment-1014903\" class=\"comment-body\">\n<div class=\"comment-author vcard\"><img decoding=\"async\" alt src=\"https:\/\/secure.gravatar.com\/avatar\/50639c16a67ec91dcf10107c382211de?s=32&amp;d=mm&amp;r=g\" class=\"avatar avatar-32 photo\" height=\"32\" width=\"32\" loading=\"lazy\"><cite class=\"fn\">Alexander<\/cite><span class=\"says\">says:<\/span><\/div>\n<div class=\"comment-meta commentmetadata\"><a href=\"https:\/\/www.tion.ro\/stirile-judetului-timis\/simonis-guvernul-a-deblocat-proiectul-noului-stadion-dan-paltinisanu-cj-timis-va-suporta-costurile-lucrarilor-pana-la-finalul-lui-2027-2334030\/#comment-1014903\">August 14, 2026 at 1:52 pm<\/a><\/div>\n<p>Prin 2080 va face simonis cu CNI \u0219i acest stadion vr\u0103jeal\u0103 de doi lei,ba c\u0103 guvernu nu vrea sa de-a banii:))<\/p>\n<div class=\"reply\"><a rel=\"nofollow\" class=\"comment-reply-link\" href=\"https:\/\/www.tion.ro\/stirile-judetului-timis\/simonis-guvernul-a-deblocat-proiectul-noului-stadion-dan-paltinisanu-cj-timis-va-suporta-costurile-lucrarilor-pana-la-finalul-lui-2027-2334030\/#comment-1014903\" data-commentid=\"1014903\" data-postid=\"2334030\" data-belowelement=\"div-comment-1014903\" data-respondelement=\"respond\" data-replyto=\"Reply to Alexander\" aria-label=\"Reply to Alexander\">Reply<\/a><\/div>\n<\/div>\n<\/li>\n<li class=\"comment even thread-odd thread-alt depth-1\" id=\"comment-1014930\">\n<div id=\"div-comment-1014930\" class=\"comment-body\">\n<div class=\"comment-author vcard\"><img decoding=\"async\" alt src=\"https:\/\/secure.gravatar.com\/avatar\/b8e4a4991d5b621100c94504864a1398?s=32&amp;d=mm&amp;r=g\" class=\"avatar avatar-32 photo\" height=\"32\" width=\"32\" loading=\"lazy\"><cite class=\"fn\">Grigore<\/cite><span class=\"says\">says:<\/span><\/div>\n<div class=\"comment-meta commentmetadata\"><a href=\"https:\/\/www.tion.ro\/stirile-judetului-timis\/simonis-guvernul-a-deblocat-proiectul-noului-stadion-dan-paltinisanu-cj-timis-va-suporta-costurile-lucrarilor-pana-la-finalul-lui-2027-2334030\/#comment-1014930\">August 14, 2026 at 3:32 pm<\/a><\/div>\n<p>Am \u00een\u021beles- cei ce lucreaz\u0103 la  CJ Timis aduc bani de acas\u0103 si finan\u021beaz\u0103- asa da prioritate pentru judet<\/p>\n<div class=\"reply\"><a rel=\"nofollow\" class=\"comment-reply-link\" href=\"https:\/\/www.tion.ro\/stirile-judetului-timis\/simonis-guvernul-a-deblocat-proiectul-noului-stadion-dan-paltinisanu-cj-timis-va-suporta-costurile-lucrarilor-pana-la-finalul-lui-2027-2334030\/#comment-1014930\" data-commentid=\"1014930\" data-postid=\"2334030\" data-belowelement=\"div-comment-1014930\" data-respondelement=\"respond\" data-replyto=\"Reply to Grigore\" aria-label=\"Reply to Grigore\">Reply<\/a><\/div>\n<\/div>\n<\/li>\n<li class=\"comment odd alt thread-even depth-1\" id=\"comment-1014942\">\n<div id=\"div-comment-1014942\" class=\"comment-body\">\n<div class=\"comment-author vcard\"><img decoding=\"async\" alt src=\"https:\/\/secure.gravatar.com\/avatar\/58a6369f466c3fa04e91eed9bf3679ca?s=32&amp;d=mm&amp;r=g\" class=\"avatar avatar-32 photo\" height=\"32\" width=\"32\" loading=\"lazy\"><cite class=\"fn\">Daniel Laurentiu<\/cite><span class=\"says\">says:<\/span><\/div>\n<div class=\"comment-meta commentmetadata\"><a href=\"https:\/\/www.tion.ro\/stirile-judetului-timis\/simonis-guvernul-a-deblocat-proiectul-noului-stadion-dan-paltinisanu-cj-timis-va-suporta-costurile-lucrarilor-pana-la-finalul-lui-2027-2334030\/#comment-1014942\">August 14, 2026 at 3:51 pm<\/a><\/div>\n<p>\u201d mai usor cu pianul pe scari\u201d, apropo de minciuni. Cu 7 ani in urma o tara era \u201d tigrul europei\u201d , cu o cre\u0219tere economica de 3,5%. Va mai aminti\u021bi? Si totu\u0219i, premierul care conducea guvernul \u201d a fost trantit\u201d, ca vezi Doamne, nu era\u2026..performant,sic ! Ast\u0103zi,\u2026\u2026..alta i realitatea, p\u0103cat.<\/p>\n<div class=\"reply\"><a rel=\"nofollow\" class=\"comment-reply-link\" href=\"https:\/\/www.tion.ro\/stirile-judetului-timis\/simonis-guvernul-a-deblocat-proiectul-noului-stadion-dan-paltinisanu-cj-timis-va-suporta-costurile-lucrarilor-pana-la-finalul-lui-2027-2334030\/#comment-1014942\" data-commentid=\"1014942\" data-postid=\"2334030\" data-belowelement=\"div-comment-1014942\" data-respondelement=\"respond\" data-replyto=\"Reply to Daniel Laurentiu\" aria-label=\"Reply to Daniel Laurentiu\">Reply<\/a><\/div>\n<\/div>\n<\/li>\n<li class=\"comment even thread-odd thread-alt depth-1\" id=\"comment-1014951\">\n<div id=\"div-comment-1014951\" class=\"comment-body\">\n<div class=\"comment-author vcard\"><img decoding=\"async\" alt src=\"https:\/\/secure.gravatar.com\/avatar\/2b2a240ab006092d49de0a0be67cc24f?s=32&amp;d=mm&amp;r=g\" class=\"avatar avatar-32 photo\" height=\"32\" width=\"32\" loading=\"lazy\"><cite class=\"fn\">poli89<\/cite><span class=\"says\">says:<\/span><\/div>\n<div class=\"comment-meta commentmetadata\"><a href=\"https:\/\/www.tion.ro\/stirile-judetului-timis\/simonis-guvernul-a-deblocat-proiectul-noului-stadion-dan-paltinisanu-cj-timis-va-suporta-costurile-lucrarilor-pana-la-finalul-lui-2027-2334030\/#comment-1014951\">August 14, 2026 at 4:24 pm<\/a><\/div>\n<p>Opriti acest proiect dement, de \u2018falosenie\u2019 !  Sport nu inseamna sa stai 2 ore la meci ci sa il PRACTICI de cateva ori pe saptamana!<\/p>\n<p>Faceti ceva pentru OAMENI, nu pentru pseudo-evenimente. Pentru asta e suficient cel din Buziasului<\/p>\n<div class=\"reply\"><a rel=\"nofollow\" class=\"comment-reply-link\" href=\"https:\/\/www.tion.ro\/stirile-judetului-timis\/simonis-guvernul-a-deblocat-proiectul-noului-stadion-dan-paltinisanu-cj-timis-va-suporta-costurile-lucrarilor-pana-la-finalul-lui-2027-2334030\/#comment-1014951\" data-commentid=\"1014951\" data-postid=\"2334030\" data-belowelement=\"div-comment-1014951\" data-respondelement=\"respond\" data-replyto=\"Reply to poli89\" aria-label=\"Reply to poli89\">Reply<\/a><\/div>\n<\/div>\n<\/li>\n<li class=\"comment odd alt thread-even depth-1 parent\" id=\"comment-1014975\">\n<div id=\"div-comment-1014975\" class=\"comment-body\">\n<div class=\"comment-author vcard\"><img decoding=\"async\" alt src=\"https:\/\/secure.gravatar.com\/avatar\/04b414754b37af8eb016d40b34a3b2d5?s=32&amp;d=mm&amp;r=g\" class=\"avatar avatar-32 photo\" height=\"32\" width=\"32\" loading=\"lazy\"><cite class=\"fn\">Emy<\/cite><span class=\"says\">says:<\/span><\/div>\n<div class=\"comment-meta commentmetadata\"><a href=\"https:\/\/www.tion.ro\/stirile-judetului-timis\/simonis-guvernul-a-deblocat-proiectul-noului-stadion-dan-paltinisanu-cj-timis-va-suporta-costurile-lucrarilor-pana-la-finalul-lui-2027-2334030\/#comment-1014975\">August 14, 2026 at 5:06 pm<\/a><\/div>\n<p>Afar\u0103 din ora\u0219. F\u0103r\u0103 scandal l\u00e2ng\u0103 spitale.<\/p>\n<div class=\"reply\"><a rel=\"nofollow\" class=\"comment-reply-link\" href=\"https:\/\/www.tion.ro\/stirile-judetului-timis\/simonis-guvernul-a-deblocat-proiectul-noului-stadion-dan-paltinisanu-cj-timis-va-suporta-costurile-lucrarilor-pana-la-finalul-lui-2027-2334030\/#comment-1014975\" data-commentid=\"1014975\" data-postid=\"2334030\" data-belowelement=\"div-comment-1014975\" data-respondelement=\"respond\" data-replyto=\"Reply to Emy\" aria-label=\"Reply to Emy\">Reply<\/a><\/div>\n<\/div>\n<ul class=\"children\">\n<li class=\"comment even depth-2\" id=\"comment-1015131\">\n<div id=\"div-comment-1015131\" class=\"comment-body\">\n<div class=\"comment-author vcard\"><img decoding=\"async\" alt src=\"https:\/\/secure.gravatar.com\/avatar\/4c4c1253982963b8ce46dc458a57ddd4?s=32&amp;d=mm&amp;r=g\" class=\"avatar avatar-32 photo\" height=\"32\" width=\"32\" loading=\"lazy\"><cite class=\"fn\">ss<\/cite><span class=\"says\">says:<\/span><\/div>\n<div class=\"comment-meta commentmetadata\"><a href=\"https:\/\/www.tion.ro\/stirile-judetului-timis\/simonis-guvernul-a-deblocat-proiectul-noului-stadion-dan-paltinisanu-cj-timis-va-suporta-costurile-lucrarilor-pana-la-finalul-lui-2027-2334030\/#comment-1015131\">August 14, 2026 at 11:20 pm<\/a><\/div>\n<p>sincer. mai bine se face centrul oncologic in locul stadionului si stadionul in afara pe torontal.<\/p>\n<div class=\"reply\"><a rel=\"nofollow\" class=\"comment-reply-link\" href=\"https:\/\/www.tion.ro\/stirile-judetului-timis\/simonis-guvernul-a-deblocat-proiectul-noului-stadion-dan-paltinisanu-cj-timis-va-suporta-costurile-lucrarilor-pana-la-finalul-lui-2027-2334030\/#comment-1015131\" data-commentid=\"1015131\" data-postid=\"2334030\" data-belowelement=\"div-comment-1015131\" data-respondelement=\"respond\" data-replyto=\"Reply to ss\" aria-label=\"Reply to ss\">Reply<\/a><\/div>\n<\/div>\n<\/li>\n<\/ul>\n<\/li>\n<li class=\"comment odd alt thread-odd thread-alt depth-1\" id=\"comment-1014987\">\n<div id=\"div-comment-1014987\" class=\"comment-body\">\n<div class=\"comment-author vcard\"><img decoding=\"async\" alt src=\"https:\/\/secure.gravatar.com\/avatar\/dd5ec5e42cfd56b4321f642550bca2bf?s=32&amp;d=mm&amp;r=g\" class=\"avatar avatar-32 photo\" height=\"32\" width=\"32\" loading=\"lazy\"><cite class=\"fn\">Iuda<\/cite><span class=\"says\">says:<\/span><\/div>\n<div class=\"comment-meta commentmetadata\"><a href=\"https:\/\/www.tion.ro\/stirile-judetului-timis\/simonis-guvernul-a-deblocat-proiectul-noului-stadion-dan-paltinisanu-cj-timis-va-suporta-costurile-lucrarilor-pana-la-finalul-lui-2027-2334030\/#comment-1014987\">August 14, 2026 at 5:50 pm<\/a><\/div>\n<p>Crapat-ar pipota in Fritz.<\/p>\n<div class=\"reply\"><a rel=\"nofollow\" class=\"comment-reply-link\" href=\"https:\/\/www.tion.ro\/stirile-judetului-timis\/simonis-guvernul-a-deblocat-proiectul-noului-stadion-dan-paltinisanu-cj-timis-va-suporta-costurile-lucrarilor-pana-la-finalul-lui-2027-2334030\/#comment-1014987\" data-commentid=\"1014987\" data-postid=\"2334030\" data-belowelement=\"div-comment-1014987\" data-respondelement=\"respond\" data-replyto=\"Reply to Iuda\" aria-label=\"Reply to Iuda\">Reply<\/a><\/div>\n<\/div>\n<\/li>\n<li class=\"comment even thread-even depth-1 parent\" id=\"comment-1015014\">\n<div id=\"div-comment-1015014\" class=\"comment-body\">\n<div class=\"comment-author vcard\"><img decoding=\"async\" alt src=\"https:\/\/secure.gravatar.com\/avatar\/670f981b5211e52d85e665e290660080?s=32&amp;d=mm&amp;r=g\" class=\"avatar avatar-32 photo\" height=\"32\" width=\"32\" loading=\"lazy\"><cite class=\"fn\">Polist B\u0103n\u0103\u021bean, nu un oltean obosit ca restu&#8217;\ud83d\ude01<\/cite><span class=\"says\">says:<\/span><\/div>\n<div class=\"comment-meta commentmetadata\"><a href=\"https:\/\/www.tion.ro\/stirile-judetului-timis\/simonis-guvernul-a-deblocat-proiectul-noului-stadion-dan-paltinisanu-cj-timis-va-suporta-costurile-lucrarilor-pana-la-finalul-lui-2027-2334030\/#comment-1015014\">August 14, 2026 at 7:04 pm<\/a><\/div>\n<p>A\u0219a ni\u0219te oameni plictisi\u021bi, r\u0103ut\u0103cio\u0219i \u0219i de ce nu, pro\u0219ti, nu am mai vazut de mult timp. C\u00e2nd nu se face, de ce nu se face. C\u00e2nd se face, de ce se face\u2026<\/p>\n<div class=\"reply\"><a rel=\"nofollow\" class=\"comment-reply-link\" href=\"https:\/\/www.tion.ro\/stirile-judetului-timis\/simonis-guvernul-a-deblocat-proiectul-noului-stadion-dan-paltinisanu-cj-timis-va-suporta-costurile-lucrarilor-pana-la-finalul-lui-2027-2334030\/#comment-1015014\" data-commentid=\"1015014\" data-postid=\"2334030\" data-belowelement=\"div-comment-1015014\" data-respondelement=\"respond\" data-replyto=\"Reply to Polist B\u0103n\u0103\u021bean, nu un oltean obosit ca restu&apos;\ud83d\ude01\" aria-label=\"Reply to Polist B\u0103n\u0103\u021bean, nu un oltean obosit ca restu&apos;\ud83d\ude01\">Reply<\/a><\/div>\n<\/div>\n<ul class=\"children\">\n<li class=\"comment odd alt depth-2\" id=\"comment-1015062\">\n<div id=\"div-comment-1015062\" class=\"comment-body\">\n<div class=\"comment-author vcard\"><img decoding=\"async\" alt src=\"https:\/\/secure.gravatar.com\/avatar\/48f1caf8c86c05eb4798e9da1e6b4c5f?s=32&amp;d=mm&amp;r=g\" class=\"avatar avatar-32 photo\" height=\"32\" width=\"32\" loading=\"lazy\"><cite class=\"fn\">dap<\/cite><span class=\"says\">says:<\/span><\/div>\n<div class=\"comment-meta commentmetadata\"><a href=\"https:\/\/www.tion.ro\/stirile-judetului-timis\/simonis-guvernul-a-deblocat-proiectul-noului-stadion-dan-paltinisanu-cj-timis-va-suporta-costurile-lucrarilor-pana-la-finalul-lui-2027-2334030\/#comment-1015062\">August 14, 2026 at 9:38 pm<\/a><\/div>\n<p>dap, ce-ar fi sa se faca cu cap? Cred ca ar fi\u2026 imposibil cu asa politruci si asa votanti.<br \/>\nDe exemplu sa se faca intr-o alta locatie, ce zici? Si la un pret decent, nu la sume de-astea absurde. Vezi si tu cat au costat alte stadioane de la noi sau de la altii (de dimensiuni comparabile), ajusteaza preturile cu inflatia si\/sau cu costul fortei de munca si vezi ce-ti da ca suma. Ai voie sa folosesti Inteligenta artificiala. Ba chiar cred dupa cum pui problema in alb \u2013 negru ca chiar ai nevoie. Nu exista doar \u201cse face\u201d si \u201cnu se face\u201d, exista alb, negru, verde, rosu, galben , chiar si\u2026 violet! Adica se face mai bine, mai rau, de nota 3, de nota 7, de nota 10\u2026 Adica cu\/fara pista de atletism, cu\/fara parcare, intr-o zona unde deranjeaza sau unde nu deranjeaza( ma gandesc ca ar putea fi si concerte pe un asa stadion, deci n-are ce cauta langa spital judetean, maternitate, spital de arsi\u2026<\/p>\n<p>Ai inteles, suporterule? Replica asta cu daca se face vs daca nu se face e demna de useristi fanatici. Daca nu intelegi cat de stupid e \u201cargumentul\u201d asta pe care l-ai scris.. atunci vezi-ti de microbism si zi doar ca tu esti de acord asa cum e proiectul, doara ai dreptul ca oricine altcineva sa vrei orice, inclusiv prostii, dar nu incerca sa \u201cargumentezi\u201d precum useristii fanatici pe paginile idolilor lor cand ii critica cineva.<\/p>\n<p>Cat despre exprimarea cu \u201coltean obosit\u201d, e de un prost gust desavarsit, daca tu crezi ca asta defineste un banatean\u2026 eu ma dezic de asa banatenism. Nu, un banatean nu are pareri tampite despre altii din alta regiune, asa cum un oltean nu are pareri tampite despre banateni, doar un om cu grave carente educationale si grave probleme emotionale catalogheaza pe altii pe criterii de locul nasterii, rasa, religie etc.<\/p>\n<p>Slava!<\/p>\n<div class=\"reply\"><a rel=\"nofollow\" class=\"comment-reply-link\" href=\"https:\/\/www.tion.ro\/stirile-judetului-timis\/simonis-guvernul-a-deblocat-proiectul-noului-stadion-dan-paltinisanu-cj-timis-va-suporta-costurile-lucrarilor-pana-la-finalul-lui-2027-2334030\/#comment-1015062\" data-commentid=\"1015062\" data-postid=\"2334030\" data-belowelement=\"div-comment-1015062\" data-respondelement=\"respond\" data-replyto=\"Reply to dap\" aria-label=\"Reply to dap\">Reply<\/a><\/div>\n<\/div>\n<\/li>\n<li class=\"comment even depth-2\" id=\"comment-1015305\">\n<div id=\"div-comment-1015305\" class=\"comment-body\">\n<div class=\"comment-author vcard\"><img decoding=\"async\" alt src=\"https:\/\/secure.gravatar.com\/avatar\/b96a6f588483e4739b7e1091304682e6?s=32&amp;d=mm&amp;r=g\" class=\"avatar avatar-32 photo\" height=\"32\" width=\"32\" loading=\"lazy\"><cite class=\"fn\">cigus-migus<\/cite><span class=\"says\">says:<\/span><\/div>\n<div class=\"comment-meta commentmetadata\"><a href=\"https:\/\/www.tion.ro\/stirile-judetului-timis\/simonis-guvernul-a-deblocat-proiectul-noului-stadion-dan-paltinisanu-cj-timis-va-suporta-costurile-lucrarilor-pana-la-finalul-lui-2027-2334030\/#comment-1015305\">August 15, 2026 at 1:51 pm<\/a><\/div>\n<p>@politist\u2026na ca ti-ai furat-o si tu de la \u201ccriticul orasului\u201d, aasta ti-a trebuit asta ai primit\u2026nici un cuvant nasol, nici o critica pentru Simonis\u2026crezi ca ar fi de acord sa ajunga Rogobete sau bisnitarul de la Mosnita Noua primar la TM ?, puschea pe limba\u2026<\/p>\n<div class=\"reply\"><a rel=\"nofollow\" class=\"comment-reply-link\" href=\"https:\/\/www.tion.ro\/stirile-judetului-timis\/simonis-guvernul-a-deblocat-proiectul-noului-stadion-dan-paltinisanu-cj-timis-va-suporta-costurile-lucrarilor-pana-la-finalul-lui-2027-2334030\/#comment-1015305\" data-commentid=\"1015305\" data-postid=\"2334030\" data-belowelement=\"div-comment-1015305\" data-respondelement=\"respond\" data-replyto=\"Reply to cigus-migus\" aria-label=\"Reply to cigus-migus\">Reply<\/a><\/div>\n<\/div>\n<\/li>\n<li class=\"comment odd alt depth-2\" id=\"comment-1015446\">\n<div id=\"div-comment-1015446\" class=\"comment-body\">\n<div class=\"comment-author vcard\"><img decoding=\"async\" alt src=\"https:\/\/secure.gravatar.com\/avatar\/898f9e28b63cb26288196219370473b6?s=32&amp;d=mm&amp;r=g\" class=\"avatar avatar-32 photo\" height=\"32\" width=\"32\" loading=\"lazy\"><cite class=\"fn\">doarobserv<\/cite><span class=\"says\">says:<\/span><\/div>\n<div class=\"comment-meta commentmetadata\"><a href=\"https:\/\/www.tion.ro\/stirile-judetului-timis\/simonis-guvernul-a-deblocat-proiectul-noului-stadion-dan-paltinisanu-cj-timis-va-suporta-costurile-lucrarilor-pana-la-finalul-lui-2027-2334030\/#comment-1015446\">August 15, 2026 at 11:04 pm<\/a><\/div>\n<p>Pentru ce \u0219i pentru \u0219i pentru cu cine at\u00e2\u021bia bani irosi\u021bi, this is the question<\/p>\n<div class=\"reply\"><a rel=\"nofollow\" class=\"comment-reply-link\" href=\"https:\/\/www.tion.ro\/stirile-judetului-timis\/simonis-guvernul-a-deblocat-proiectul-noului-stadion-dan-paltinisanu-cj-timis-va-suporta-costurile-lucrarilor-pana-la-finalul-lui-2027-2334030\/#comment-1015446\" data-commentid=\"1015446\" data-postid=\"2334030\" data-belowelement=\"div-comment-1015446\" data-respondelement=\"respond\" data-replyto=\"Reply to doarobserv\" aria-label=\"Reply to doarobserv\">Reply<\/a><\/div>\n<\/div>\n<\/li>\n<\/ul>\n<\/li>\n<li class=\"comment even thread-odd thread-alt depth-1\" id=\"comment-1015080\">\n<div id=\"div-comment-1015080\" class=\"comment-body\">\n<div class=\"comment-author vcard\"><img decoding=\"async\" alt src=\"https:\/\/secure.gravatar.com\/avatar\/4859fd5f34fc05ab730cd0f4a9d983f5?s=32&amp;d=mm&amp;r=g\" class=\"avatar avatar-32 photo\" height=\"32\" width=\"32\" loading=\"lazy\"><cite class=\"fn\">Clau<\/cite><span class=\"says\">says:<\/span><\/div>\n<div class=\"comment-meta commentmetadata\"><a href=\"https:\/\/www.tion.ro\/stirile-judetului-timis\/simonis-guvernul-a-deblocat-proiectul-noului-stadion-dan-paltinisanu-cj-timis-va-suporta-costurile-lucrarilor-pana-la-finalul-lui-2027-2334030\/#comment-1015080\">August 14, 2026 at 10:15 pm<\/a><\/div>\n<p>Felicitari!<\/p>\n<div class=\"reply\"><a rel=\"nofollow\" class=\"comment-reply-link\" href=\"https:\/\/www.tion.ro\/stirile-judetului-timis\/simonis-guvernul-a-deblocat-proiectul-noului-stadion-dan-paltinisanu-cj-timis-va-suporta-costurile-lucrarilor-pana-la-finalul-lui-2027-2334030\/#comment-1015080\" data-commentid=\"1015080\" data-postid=\"2334030\" data-belowelement=\"div-comment-1015080\" data-respondelement=\"respond\" data-replyto=\"Reply to Clau\" aria-label=\"Reply to Clau\">Reply<\/a><\/div>\n<\/div>\n<\/li>\n<li class=\"comment odd alt thread-even depth-1 parent\" id=\"comment-1015098\">\n<div id=\"div-comment-1015098\" class=\"comment-body\">\n<div class=\"comment-author vcard\"><img decoding=\"async\" alt src=\"https:\/\/secure.gravatar.com\/avatar\/d1361b16fddc87981d13c43857a6d21a?s=32&amp;d=mm&amp;r=g\" class=\"avatar avatar-32 photo\" height=\"32\" width=\"32\" loading=\"lazy\"><cite class=\"fn\">Djdjd<\/cite><span class=\"says\">says:<\/span><\/div>\n<div class=\"comment-meta commentmetadata\"><a href=\"https:\/\/www.tion.ro\/stirile-judetului-timis\/simonis-guvernul-a-deblocat-proiectul-noului-stadion-dan-paltinisanu-cj-timis-va-suporta-costurile-lucrarilor-pana-la-finalul-lui-2027-2334030\/#comment-1015098\">August 14, 2026 at 11:00 pm<\/a><\/div>\n<p>Clujul o s\u0103 aib\u0103 metrou<\/p>\n<div class=\"reply\"><a rel=\"nofollow\" class=\"comment-reply-link\" href=\"https:\/\/www.tion.ro\/stirile-judetului-timis\/simonis-guvernul-a-deblocat-proiectul-noului-stadion-dan-paltinisanu-cj-timis-va-suporta-costurile-lucrarilor-pana-la-finalul-lui-2027-2334030\/#comment-1015098\" data-commentid=\"1015098\" data-postid=\"2334030\" data-belowelement=\"div-comment-1015098\" data-respondelement=\"respond\" data-replyto=\"Reply to Djdjd\" aria-label=\"Reply to Djdjd\">Reply<\/a><\/div>\n<\/div>\n<ul class=\"children\">\n<li class=\"comment even depth-2\" id=\"comment-1015233\">\n<div id=\"div-comment-1015233\" class=\"comment-body\">\n<div class=\"comment-author vcard\"><img decoding=\"async\" alt src=\"https:\/\/secure.gravatar.com\/avatar\/63a7f0faf9620a58c13b2c96199a979b?s=32&amp;d=mm&amp;r=g\" class=\"avatar avatar-32 photo\" height=\"32\" width=\"32\" loading=\"lazy\"><cite class=\"fn\">Timisorean<\/cite><span class=\"says\">says:<\/span><\/div>\n<div class=\"comment-meta commentmetadata\"><a href=\"https:\/\/www.tion.ro\/stirile-judetului-timis\/simonis-guvernul-a-deblocat-proiectul-noului-stadion-dan-paltinisanu-cj-timis-va-suporta-costurile-lucrarilor-pana-la-finalul-lui-2027-2334030\/#comment-1015233\">August 15, 2026 at 10:05 am<\/a><\/div>\n<p>Cu siguran\u021b\u0103. Magistrala Cluj1 alc\u0103tuit\u0103 din sta\u021bia piata Unirii. Nu vezi c\u0103 performan\u021bele politice penelisto-useriste deja \u00ee\u0219i arat\u0103 limitele la cateva santiere din oras pe care nu le mai finalizeaz\u0103?<\/p>\n<div class=\"reply\"><a rel=\"nofollow\" class=\"comment-reply-link\" href=\"https:\/\/www.tion.ro\/stirile-judetului-timis\/simonis-guvernul-a-deblocat-proiectul-noului-stadion-dan-paltinisanu-cj-timis-va-suporta-costurile-lucrarilor-pana-la-finalul-lui-2027-2334030\/#comment-1015233\" data-commentid=\"1015233\" data-postid=\"2334030\" data-belowelement=\"div-comment-1015233\" data-respondelement=\"respond\" data-replyto=\"Reply to Timisorean\" aria-label=\"Reply to Timisorean\">Reply<\/a><\/div>\n<\/div>\n<\/li>\n<li class=\"comment odd alt depth-2\" id=\"comment-1015266\">\n<div id=\"div-comment-1015266\" class=\"comment-body\">\n<div class=\"comment-author vcard\"><img decoding=\"async\" alt src=\"https:\/\/secure.gravatar.com\/avatar\/48f1caf8c86c05eb4798e9da1e6b4c5f?s=32&amp;d=mm&amp;r=g\" class=\"avatar avatar-32 photo\" height=\"32\" width=\"32\" loading=\"lazy\"><cite class=\"fn\">dap<\/cite><span class=\"says\">says:<\/span><\/div>\n<div class=\"comment-meta commentmetadata\"><a href=\"https:\/\/www.tion.ro\/stirile-judetului-timis\/simonis-guvernul-a-deblocat-proiectul-noului-stadion-dan-paltinisanu-cj-timis-va-suporta-costurile-lucrarilor-pana-la-finalul-lui-2027-2334030\/#comment-1015266\">August 15, 2026 at 12:23 pm<\/a><\/div>\n<p>dap, am mai auzit asta de multe ori, ba chiar suma aparea si in bugetul Clujului ca semn ca ce bun\ud83d\ude01\ud83d\ude01 primar ar fi Boc si toti botanistii considerau acel buget inchipuit ca fiind o dovada. Pai daca alta n-aveau\u2026 buna si aia.<\/p>\n<p>Slava!<\/p>\n<div class=\"reply\"><a rel=\"nofollow\" class=\"comment-reply-link\" href=\"https:\/\/www.tion.ro\/stirile-judetului-timis\/simonis-guvernul-a-deblocat-proiectul-noului-stadion-dan-paltinisanu-cj-timis-va-suporta-costurile-lucrarilor-pana-la-finalul-lui-2027-2334030\/#comment-1015266\" data-commentid=\"1015266\" data-postid=\"2334030\" data-belowelement=\"div-comment-1015266\" data-respondelement=\"respond\" data-replyto=\"Reply to dap\" aria-label=\"Reply to dap\">Reply<\/a><\/div>\n<\/div>\n<\/li>\n<li class=\"comment even depth-2\" id=\"comment-1015284\">\n<div id=\"div-comment-1015284\" class=\"comment-body\">\n<div class=\"comment-author vcard\"><img decoding=\"async\" alt src=\"https:\/\/secure.gravatar.com\/avatar\/75bc4faccc24757689af9100f754bf0b?s=32&amp;d=mm&amp;r=g\" class=\"avatar avatar-32 photo\" height=\"32\" width=\"32\" loading=\"lazy\"><cite class=\"fn\">Moise<\/cite><span class=\"says\">says:<\/span><\/div>\n<div class=\"comment-meta commentmetadata\"><a href=\"https:\/\/www.tion.ro\/stirile-judetului-timis\/simonis-guvernul-a-deblocat-proiectul-noului-stadion-dan-paltinisanu-cj-timis-va-suporta-costurile-lucrarilor-pana-la-finalul-lui-2027-2334030\/#comment-1015284\">August 15, 2026 at 1:04 pm<\/a><\/div>\n<p>Pai Clujul are 2 stadione de nivel european. Tu joci pe un stadion de  comuna, Electrica<\/p>\n<div class=\"reply\"><a rel=\"nofollow\" class=\"comment-reply-link\" href=\"https:\/\/www.tion.ro\/stirile-judetului-timis\/simonis-guvernul-a-deblocat-proiectul-noului-stadion-dan-paltinisanu-cj-timis-va-suporta-costurile-lucrarilor-pana-la-finalul-lui-2027-2334030\/#comment-1015284\" data-commentid=\"1015284\" data-postid=\"2334030\" data-belowelement=\"div-comment-1015284\" data-respondelement=\"respond\" data-replyto=\"Reply to Moise\" aria-label=\"Reply to Moise\">Reply<\/a><\/div>\n<\/div>\n<\/li>\n<li class=\"comment odd alt depth-2\" id=\"comment-1015416\">\n<div id=\"div-comment-1015416\" class=\"comment-body\">\n<div class=\"comment-author vcard\"><img decoding=\"async\" alt src=\"https:\/\/secure.gravatar.com\/avatar\/af2d9c566ac0fd5aed8c4f73a2e599db?s=32&amp;d=mm&amp;r=g\" class=\"avatar avatar-32 photo\" height=\"32\" width=\"32\" loading=\"lazy\"><cite class=\"fn\">Superb<\/cite><span class=\"says\">says:<\/span><\/div>\n<div class=\"comment-meta commentmetadata\"><a href=\"https:\/\/www.tion.ro\/stirile-judetului-timis\/simonis-guvernul-a-deblocat-proiectul-noului-stadion-dan-paltinisanu-cj-timis-va-suporta-costurile-lucrarilor-pana-la-finalul-lui-2027-2334030\/#comment-1015416\">August 15, 2026 at 10:28 pm<\/a><\/div>\n<p>Ai nostri sunt in urma cu sala polivalenta pe care Robu o facea in primii 2 ani de mandat\u2026nu e gata dupa 8 plus vreo 6 ai lui fritz. La stadion la fel. Dar ce fac ei cu banii? Ii dau pe magistrala verde. Prostia verde. C banii aia faceau un spital,modernizau scoli etc. Multumim Paola si Fritz,dar si PSDului,PNLului si celorlalti, mai ales Ciuhandu care scapa ca Iliescu\u2026Stie Ciuhandu ce a facut.mai stii cand te laudai in campanie ca ai un ap cu 3 camere? Acum tot cu el te lauzi?<\/p>\n<div class=\"reply\"><a rel=\"nofollow\" class=\"comment-reply-link\" href=\"https:\/\/www.tion.ro\/stirile-judetului-timis\/simonis-guvernul-a-deblocat-proiectul-noului-stadion-dan-paltinisanu-cj-timis-va-suporta-costurile-lucrarilor-pana-la-finalul-lui-2027-2334030\/#comment-1015416\" data-commentid=\"1015416\" data-postid=\"2334030\" data-belowelement=\"div-comment-1015416\" data-respondelement=\"respond\" data-replyto=\"Reply to Superb\" aria-label=\"Reply to Superb\">Reply<\/a><\/div>\n<\/div>\n<\/li>\n<\/ul>\n<\/li>\n<li class=\"comment even thread-odd thread-alt depth-1 parent\" id=\"comment-1015263\">\n<div id=\"div-comment-1015263\" class=\"comment-body\">\n<div class=\"comment-author vcard\"><img decoding=\"async\" alt src=\"https:\/\/secure.gravatar.com\/avatar\/cfddc2dc9c7a40c9c8ad26ff808689e1?s=32&amp;d=mm&amp;r=g\" class=\"avatar avatar-32 photo\" height=\"32\" width=\"32\" loading=\"lazy\"><cite class=\"fn\">klaus<\/cite><span class=\"says\">says:<\/span><\/div>\n<div class=\"comment-meta commentmetadata\"><a href=\"https:\/\/www.tion.ro\/stirile-judetului-timis\/simonis-guvernul-a-deblocat-proiectul-noului-stadion-dan-paltinisanu-cj-timis-va-suporta-costurile-lucrarilor-pana-la-finalul-lui-2027-2334030\/#comment-1015263\">August 15, 2026 at 12:19 pm<\/a><\/div>\n<p>De ce sa faci un spital sau un centru de ajutor pentru cei cu probleme sociale ? Pentru asa ceva nu sant bani ! Si meritam asta ca doar noi i-am ales !<\/p>\n<div class=\"reply\"><a rel=\"nofollow\" class=\"comment-reply-link\" href=\"https:\/\/www.tion.ro\/stirile-judetului-timis\/simonis-guvernul-a-deblocat-proiectul-noului-stadion-dan-paltinisanu-cj-timis-va-suporta-costurile-lucrarilor-pana-la-finalul-lui-2027-2334030\/#comment-1015263\" data-commentid=\"1015263\" data-postid=\"2334030\" data-belowelement=\"div-comment-1015263\" data-respondelement=\"respond\" data-replyto=\"Reply to klaus\" aria-label=\"Reply to klaus\">Reply<\/a><\/div>\n<\/div>\n<ul class=\"children\">\n<li class=\"comment odd alt depth-2\" id=\"comment-1015461\">\n<div id=\"div-comment-1015461\" class=\"comment-body\">\n<div class=\"comment-author vcard\"><img decoding=\"async\" alt src=\"https:\/\/secure.gravatar.com\/avatar\/bf6c98d72c91fa1496f99e8228d7c2ec?s=32&amp;d=mm&amp;r=g\" class=\"avatar avatar-32 photo\" height=\"32\" width=\"32\" loading=\"lazy\"><cite class=\"fn\">Florin Spreitzer<\/cite><span class=\"says\">says:<\/span><\/div>\n<div class=\"comment-meta commentmetadata\"><a href=\"https:\/\/www.tion.ro\/stirile-judetului-timis\/simonis-guvernul-a-deblocat-proiectul-noului-stadion-dan-paltinisanu-cj-timis-va-suporta-costurile-lucrarilor-pana-la-finalul-lui-2027-2334030\/#comment-1015461\">August 16, 2026 at 12:11 am<\/a><\/div>\n<p>se fac 3 spitale \u00een Timi\u0219oara \u0219i unul e ap gata la Giroc<\/p>\n<div class=\"reply\"><a rel=\"nofollow\" class=\"comment-reply-link\" href=\"https:\/\/www.tion.ro\/stirile-judetului-timis\/simonis-guvernul-a-deblocat-proiectul-noului-stadion-dan-paltinisanu-cj-timis-va-suporta-costurile-lucrarilor-pana-la-finalul-lui-2027-2334030\/#comment-1015461\" data-commentid=\"1015461\" data-postid=\"2334030\" data-belowelement=\"div-comment-1015461\" data-respondelement=\"respond\" data-replyto=\"Reply to Florin Spreitzer\" aria-label=\"Reply to Florin Spreitzer\">Reply<\/a><\/div>\n<\/div>\n<\/li>\n<\/ul>\n<\/li>\n<li class=\"comment even thread-even depth-1\" id=\"comment-1015290\">\n<div id=\"div-comment-1015290\" class=\"comment-body\">\n<div class=\"comment-author vcard\"><img decoding=\"async\" alt src=\"https:\/\/secure.gravatar.com\/avatar\/c37d43cbe7355b2c3179b5aad03b4c01?s=32&amp;d=mm&amp;r=g\" class=\"avatar avatar-32 photo\" height=\"32\" width=\"32\" loading=\"lazy\"><cite class=\"fn\">Adrian Plesa<\/cite><span class=\"says\">says:<\/span><\/div>\n<div class=\"comment-meta commentmetadata\"><a href=\"https:\/\/www.tion.ro\/stirile-judetului-timis\/simonis-guvernul-a-deblocat-proiectul-noului-stadion-dan-paltinisanu-cj-timis-va-suporta-costurile-lucrarilor-pana-la-finalul-lui-2027-2334030\/#comment-1015290\">August 15, 2026 at 1:15 pm<\/a><\/div>\n<p>Nou\u0103 ne trebuie pasaje , stadion pentru ce , ptr oi probabil. Nu avem echip\u0103 in \u021bar\u0103 nici pentru calific\u0103ri intr-o competi\u021bie europeana.<\/p>\n<div class=\"reply\"><a rel=\"nofollow\" class=\"comment-reply-link\" href=\"https:\/\/www.tion.ro\/stirile-judetului-timis\/simonis-guvernul-a-deblocat-proiectul-noului-stadion-dan-paltinisanu-cj-timis-va-suporta-costurile-lucrarilor-pana-la-finalul-lui-2027-2334030\/#comment-1015290\" data-commentid=\"1015290\" data-postid=\"2334030\" data-belowelement=\"div-comment-1015290\" data-respondelement=\"respond\" data-replyto=\"Reply to Adrian Plesa\" aria-label=\"Reply to Adrian Plesa\">Reply<\/a><\/div>\n<\/div>\n<\/li>\n<\/div>\n<\/div>\n<\/div>\n<p>[analyse_source url=&#8221;https:\/\/www.tion.ro\/stirile-judetului-timis\/simonis-guvernul-a-deblocat-proiectul-noului-stadion-dan-paltinisanu-cj-timis-va-suporta-costurile-lucrarilor-pana-la-finalul-lui-2027-2334030\/&#8221;]<\/p>\n","protected":false},"excerpt":{"rendered":"<p>[analyse_image type=&#8221;featured&#8221; src=&#8221;https:\/\/www.tion.ro\/wp-content\/uploads\/2026\/08\/+otf\/1200&#215;630\/mAux9Tob6wImvx1IVfamXk5PVF9WRVJZX1NFQ59zVE5__gg5xBUrzCQv43HOuadO__+kxbvtynmY0YomMosOToaICOpRkK4SbJmVo+pHYfdRiLr04X0qW7Xf5GaY8=\/6698490WhatsAppImage20260814at120521.jpeg&#8221;] Potrivit lui Simonis, dup\u0103 aprobarea documentului de c\u0103tre Guvern, Compania Na\u021bional\u0103 de Investi\u021bii (CNI) poate semna contractul de proiectare \u0219i execu\u021bie cu asocierea desemnat\u0103 c\u00e2\u0219tig\u0103toare \u00een urma licita\u021biei. CJ Timi\u0219 aloc\u0103 126 de milioane de lei p\u00e2n\u0103 la finalul lui 2027 Conform declara\u021biei pre\u0219edintelui CJ Timi\u0219, administra\u021bia jude\u021bean\u0103 va pune la dispozi\u021bie [&hellip;]<\/p>\n","protected":false},"author":1,"featured_media":0,"comment_status":"open","ping_status":"","sticky":false,"template":"","format":"standard","meta":{"footnotes":""},"categories":[89],"tags":[226,191],"class_list":["post-2097647","post","type-post","status-publish","format-standard","hentry","category-romania","tag-crawlmanager","tag-tion-ro"],"_links":{"self":[{"href":"https:\/\/analyse.optim.biz\/index.php?rest_route=\/wp\/v2\/posts\/2097647","targetHints":{"allow":["GET"]}}],"collection":[{"href":"https:\/\/analyse.optim.biz\/index.php?rest_route=\/wp\/v2\/posts"}],"about":[{"href":"https:\/\/analyse.optim.biz\/index.php?rest_route=\/wp\/v2\/types\/post"}],"author":[{"embeddable":true,"href":"https:\/\/analyse.optim.biz\/index.php?rest_route=\/wp\/v2\/users\/1"}],"replies":[{"embeddable":true,"href":"https:\/\/analyse.optim.biz\/index.php?rest_route=%2Fwp%2Fv2%2Fcomments&post=2097647"}],"version-history":[{"count":0,"href":"https:\/\/analyse.optim.biz\/index.php?rest_route=\/wp\/v2\/posts\/2097647\/revisions"}],"wp:attachment":[{"href":"https:\/\/analyse.optim.biz\/index.php?rest_route=%2Fwp%2Fv2%2Fmedia&parent=2097647"}],"wp:term":[{"taxonomy":"category","embeddable":true,"href":"https:\/\/analyse.optim.biz\/index.php?rest_route=%2Fwp%2Fv2%2Fcategories&post=2097647"},{"taxonomy":"post_tag","embeddable":true,"href":"https:\/\/analyse.optim.biz\/index.php?rest_route=%2Fwp%2Fv2%2Ftags&post=2097647"}],"curies":[{"name":"wp","href":"https:\/\/api.w.org\/{rel}","templated":true}]}}