{"id":2097630,"date":"2026-08-14T10:38:04","date_gmt":"2026-08-14T07:38:04","guid":{"rendered":"https:\/\/analyse.optim.biz\/?p=2097630"},"modified":"2026-08-14T10:38:04","modified_gmt":"2026-08-14T07:38:04","slug":"bacalaureat-si-evaluarea-nationala-2027-mai-devreme-ministerul-schimba-calendarul-dupa-problemele-de-la-examenele-din-acest-an","status":"publish","type":"post","link":"https:\/\/analyse.optim.biz\/?p=2097630","title":{"rendered":"Bacalaureat \u0219i Evaluarea Na\u021bional\u0103 2027, mai devreme. Ministerul schimb\u0103 calendarul dup\u0103 problemele de la examenele din acest an"},"content":{"rendered":"<p>[analyse_image type=&#8221;featured&#8221; src=&#8221;https:\/\/www.tion.ro\/wp-content\/uploads\/2023\/08\/+otf\/1200&#215;630\/AEt4L__54lQ3KZFpf7T4Jrk5PVF9WRVJZX1NFQ4W4oYjbmEPpxX5lBPQp2UU64lrIzin9uk2OCAz2OzTxJ1of9vXlhFaEJNgRqQtR3C99MlYOtT9zD2V+XwJC9yk=\/2266014bacalaureatexamenevaluare-scaled.jpg&#8221;]<\/p>\n<article id=\"post-2334114\" class>\n<div class=\"entry-content clearfix\">\n<div class=\"enewsArticleContent\">\n<p>Conform calendarului pentru anul \u0219colar 2026-2027 aprobat de minister, pentru elevii de clasa a VIII-a, cursurile se \u00eencheie pe 11 iunie 2027, iar prima prob\u0103 a Evalu\u0103rii Na\u021bionale este programat\u0103 pe 22 iunie. \u00cen cazul elevilor de clasa a XII-a, cursurile se \u00eencheie pe 4 iunie 2027, iar prima prob\u0103 scris\u0103 a Bacalaureatului este programat\u0103 pe 14 iunie. Pentru restul claselor, anul \u0219colar se \u00eencheie pe 18 iunie 2027.<\/p>\n<p>Noile reguli pentru desf\u0103\u0219urarea examenelor de anul viitor nu sunt \u00eenc\u0103 definitive. Forma final\u0103 a ordinelor va fi stabilit\u0103 dup\u0103 \u00eencheierea consult\u0103rii publice \u0219i analiza observa\u021biilor primite.<\/p>\n<h3><strong>C\u00e2nd ar urma s\u0103 aib\u0103 loc examenele<\/strong><\/h3>\n<p>Pentru Evaluarea Na\u021bional\u0103 2027, probele scrise sunt propuse pentru 22 iunie la Limba \u0219i literatura rom\u00e2n\u0103, pe 24 iunie la Matematic\u0103 \u0219i pe 25 iunie la Limba \u0219i literatura matern\u0103.<\/p>\n<p>Rezultatele ini\u021biale ar urma s\u0103 fie afi\u0219ate pe 30 iunie, iar rezultatele finale, dup\u0103 solu\u021bionarea contesta\u021biilor, pe 7 iulie.<\/p>\n<p>Pentru prima sesiune a Bacalaureatului 2027, Ministerul Educa\u021biei propune urm\u0103torul calendar:<\/p>\n<p>Probele de competen\u021be:<\/p>\n<p>\u2022 12-14 aprilie: evaluarea competen\u021belor lingvistice de comunicare oral\u0103 \u00een limba rom\u00e2n\u0103 \u2013 proba A;<br \/>\n\u2022 14-16 aprilie: evaluarea competen\u021belor lingvistice de comunicare oral\u0103 \u00een limba matern\u0103 \u2013 proba B;<br \/>\n\u2022 19-21 aprilie: evaluarea competen\u021belor lingvistice \u00eentr-o limb\u0103 de circula\u021bie interna\u021bional\u0103 \u2013 proba C;<br \/>\n\u2022 21-23 aprilie: evaluarea competen\u021belor digitale \u2013 proba D.<\/p>\n<p>Probele scrise:<\/p>\n<p>\u2022 14 iunie: Limba \u0219i literatura rom\u00e2n\u0103 \u2013 proba E.a;<br \/>\n\u2022 15 iunie: proba obligatorie a profilului \u2013 proba E.c;<br \/>\n\u2022 17 iunie: proba la alegere a profilului \u0219i specializ\u0103rii \u2013 proba E.d;<br \/>\n\u2022 18 iunie: Limba \u0219i literatura matern\u0103 \u2013 proba E.b.<\/p>\n<p>Rezultatele ini\u021biale la probele scrise ar urma s\u0103 fie afi\u0219ate pe 23 iunie, p\u00e2n\u0103 la ora 12:00. \u00cen aceea\u0219i zi, \u00eentre orele 14:00 \u0219i 18:00, candida\u021bii \u00ee\u0219i vor putea vedea lucr\u0103rile \u0219i depune contesta\u021bii. Vizualizarea lucr\u0103rii nu este obligatorie pentru depunerea contesta\u021biei.<\/p>\n<p>Solu\u021bionarea contesta\u021biilor este programat\u0103 \u00een perioada 24-25 iunie, iar rezultatele finale ar urma s\u0103 fie afi\u0219ate pe 1 iulie 2027.<\/p>\n<p>Pentru a doua sesiune a Bacalaureatului 2027, probele de competen\u021be sunt programate \u00een perioada 2-6 august, iar cele scrie \u00eentre 9-12 august, urm\u00e2nd ca rezultatele finale s\u0103 fie transmise \u00een 23 august.<\/p>\n<h3><strong>Simul\u0103rile, programate \u00een luna martie<\/strong><\/h3>\n<p>\u0218i simul\u0103rile examenelor na\u021bionale sunt prev\u0103zute \u00een proiectele de calendar puse \u00een consultare public\u0103. La Evaluarea Na\u021bional\u0103, simularea probei de Limba \u0219i literatura rom\u00e2n\u0103 este programat\u0103 pentru 16 martie 2027, cea la Matematic\u0103 pentru 17 martie, iar proba la Limba \u0219i literatura matern\u0103 pentru 18 martie. Rezultatele ar urma s\u0103 fie comunicate pe 30 martie.<\/p>\n<p>La Bacalaureat, simularea probelor scrise este programat\u0103 \u00een perioada 22-25 martie 2027, \u00een aceea\u0219i ordine ca la examenul propriu-zis: Limba \u0219i literatura rom\u00e2n\u0103 pe 22 martie, proba obligatorie a profilului pe 23 martie, proba la alegere a profilului \u0219i specializ\u0103rii \u00een 24 martie, iar pe 25 martie este programat\u0103 proba la Limba \u0219i literatura matern\u0103. Rezultatele ar urma s\u0103 fie comunicate pe 9 aprilie.<\/p>\n<h3><strong>Temperaturile ridicate, unul dintre motivele pentru schimbarea calendarului<\/strong><\/h3>\n<p>Ministerul Educa\u021biei spune c\u0103 noul calendar \u021bine cont \u0219i de temperaturile ridicate din timpul verii, care pot afecta condi\u021biile \u00een care elevii sus\u021bin examenele. Desf\u0103\u0219urarea examenelor din acest an a fost deja afectat\u0103 din cauza caniculei.<\/p>\n<p>V\u0103 reamintim c\u0103 <strong><a href=\"https:\/\/www.tion.ro\/romania\/bac-2026-proba-de-marti-amanata-cu-o-zi-din-cauza-caniculei-2305380\/\" target=\"_blank\" rel=\"noopener\">proba obligatorie a profilului, programat\u0103 ini\u021bial pentru 30 iunie, a fost am\u00e2nat\u0103<\/a><\/strong> cu o zi din cauza unui cod ro\u0219u de canicul\u0103. Ministerul a invocat atunci necesitatea protej\u0103rii s\u0103n\u0103t\u0103\u021bii elevilor, profesorilor \u0219i a personalului implicat \u00een organizarea examenului.<\/p>\n<p>\u00cen Timi\u0219, la proba de Limba \u0219i literatura rom\u00e2n\u0103 din 29 iunie, temperaturile au ajuns la aproximativ 35-41 de grade Celsius \u00een prognoza pentru Banat, iar aproximativ 77% dintre s\u0103lile de examen din jude\u021b nu aveau aer condi\u021bionat. Din cele 247 de s\u0103li de examen, 190 nu erau dotate cu sisteme de climatizare.<\/p>\n<p>Un alt argument invocat pentru calendarul propus este ca absolven\u021bii de liceu s\u0103 \u00ee\u0219i \u00eencheie Bacalaureatul suficient de devreme pentru a se putea \u00eenscrie la programele de \u00eenv\u0103\u021b\u0103m\u00e2nt superior unde este necesar\u0103 diploma de bacalaureat.<\/p>\n<p>Ministerul mai spune c\u0103 noul calendar urm\u0103re\u0219te \u0219i o distribuire mai echilibrat\u0103 a efortului pentru elevii care se preg\u0103tesc \u00een paralel pentru Bacalaureat \u0219i admiterea la facultate, precum \u0219i pentru cadrele didactice care fac parte din mai multe comisii de examen.<\/p>\n<h3><strong>Lucr\u0103rile cu diferen\u021be mari de notare vor fi verificate din nou<\/strong><\/h3>\n<p>La Evaluarea Na\u021bional\u0103, dac\u0103 \u00eentre notele acordate de cei doi profesori evaluatori exist\u0103 o diferen\u021b\u0103 mai mare de un punct la Limba \u0219i literatura rom\u00e2n\u0103 sau la limba matern\u0103 \u0219i de 0,50 puncte la Matematic\u0103, ace\u0219tia vor fi notifica\u021bi automat pentru a reanaliza lucrarea.<\/p>\n<p>Dac\u0103 diferen\u021ba se men\u021bine dup\u0103 aceast\u0103 reanalizare, lucrarea va fi transmis\u0103 automat \u0219i aleatoriu c\u0103tre al\u021bi doi profesori, pentru reevaluare.<\/p>\n<p>\u00cen cazul Bacalaureatului, reanalizarea ar urma s\u0103 fie declan\u0219at\u0103 atunci c\u00e2nd platforma de evaluare digitalizat\u0103 identific\u0103 o diferen\u021b\u0103 mai mare de un punct \u00eentre notele celor doi evaluatori, indiferent de proba scris\u0103.<\/p>\n<p>Dac\u0103 diferen\u021ba se men\u021bine \u0219i dup\u0103 reanalizare, lucrarea va ajunge la al\u021bi doi evaluatori.<\/p>\n<h3><strong>Reguli noi \u0219i pentru lucr\u0103rile contestate<\/strong><\/h3>\n<p>Ministerul propune o procedur\u0103 similar\u0103 \u0219i \u00een cazul contesta\u021biilor. La Evaluarea Na\u021bional\u0103, dac\u0103 \u00eentre nota ini\u021bial\u0103 \u0219i cea acordat\u0103 dup\u0103 contesta\u021bie apare o diferen\u021b\u0103 mai mare de un punct, evaluatorii vor fi notifica\u021bi pentru reanalizarea punctajelor. Dac\u0103 diferen\u021ba se men\u021bine, lucrarea va fi reevaluat\u0103 de al\u021bi doi profesori.<\/p>\n<p>La Bacalaureat, pragul propus pentru declan\u0219area acestei proceduri este, de asemenea, o diferen\u021b\u0103 mai mare de un punct \u00eentre nota ini\u021bial\u0103 \u0219i cea de la contesta\u021bie. \u00cen prezent, pentru aceast\u0103 etap\u0103, pragul este de 1,5 puncte.<\/p>\n<p>\u00cen cazul unei noi reevalu\u0103ri, profesorii vor avea acces \u0219i la punctajele acordate anterior pentru lucrarea respectiv\u0103. Potrivit Ministerului Educa\u021biei, aceast\u0103 etap\u0103 este introdus\u0103 pentru a verifica mai atent lucr\u0103rile \u00een situa\u021biile \u00een care apar diferen\u021be semnificative de notare.<\/p>\n<p>Totodat\u0103, proiectele men\u021bin posibilitatea candida\u021bilor de a-\u0219i vizualiza lucr\u0103rile dup\u0103 afi\u0219area rezultatelor ini\u021biale \u0219i \u00eenainte de depunerea contesta\u021biilor. Vizualizarea lucr\u0103rii nu este obligatorie pentru depunerea unei contesta\u021bii. Candida\u021bii pot contesta nota \u0219i f\u0103r\u0103 s\u0103 \u00ee\u0219i vad\u0103 lucrarea \u00een prealabil.<\/p>\n<div class=\"fbShareLikeTwitterAndEmailContainer\">\n<div class=\"wrapper\">\n<div class=\"email\">\n<div id=\"mailto-pop\" class=\"pop-form pop-form-mailto\">\n<div class=\"pop-form-header\">\n<h4>Trimite articolul<\/h4>\n<p><a class=\"pop-form-close\">X<\/a><\/div>\n<\/div>\n<\/div>\n<\/div>\n<\/div>\n<div class=\"comments\">\n<div class=\"top\">\n<div class=\"commentsNumber\"><span class=\"number\">0<\/span><span class=\"text\">Comentarii<\/span><\/div>\n<\/div>\n<div class=\"center\">\n<div id=\"respond\" class=\"comment-respond\">\n<h3 id=\"reply-title\" class=\"comment-reply-title\"><small><a rel=\"nofollow\" id=\"cancel-comment-reply-link\" href=\"https:\/\/www.tion.ro\/romania\/bacalaureat-si-evaluarea-nationala-2027-mai-devreme-ministerul-schimba-calendarul-dupa-problemele-de-la-examenele-din-acest-an-2334114\/#respond\">Cancel reply<\/a><\/small><\/h3>\n<p class=\"comment-notes\"><span id=\"email-notes\">Your email address will not be published.<\/span><span class=\"required-field-message\">Required fields are marked <span class=\"required\">*<\/span><\/span><\/p>\n<p class=\"commentFormComment\"><span id=\"commentFormCount\"><br \/>\n                            inca<br \/>\n                            <span id=\"countCommentText\">1000<\/span><br \/>\n                            caractere ramase<br \/>\n                        <\/span><\/p>\n<\/div>\n<\/div>\n<div class=\"bottom\">\n<p class=\"forumDisclaimerHuRo\">\n            Citi\u021bi principiile noastre de moderare <a href=\"https:\/\/www.tion.ro\/reguli-postare-comentarii\/\" target=\"_blank\">aici<\/a>!\n        <\/p>\n<\/div>\n<\/div>\n<\/div>\n<\/div>\n<\/article>\n<div class=\"entry-content clearfix\">\n<div class=\"enewsArticleContent\">\n<p>Conform calendarului pentru anul \u0219colar 2026-2027 aprobat de minister, pentru elevii de clasa a VIII-a, cursurile se \u00eencheie pe 11 iunie 2027, iar prima prob\u0103 a Evalu\u0103rii Na\u021bionale este programat\u0103 pe 22 iunie. \u00cen cazul elevilor de clasa a XII-a, cursurile se \u00eencheie pe 4 iunie 2027, iar prima prob\u0103 scris\u0103 a Bacalaureatului este programat\u0103 pe 14 iunie. Pentru restul claselor, anul \u0219colar se \u00eencheie pe 18 iunie 2027.<\/p>\n<p>Noile reguli pentru desf\u0103\u0219urarea examenelor de anul viitor nu sunt \u00eenc\u0103 definitive. Forma final\u0103 a ordinelor va fi stabilit\u0103 dup\u0103 \u00eencheierea consult\u0103rii publice \u0219i analiza observa\u021biilor primite.<\/p>\n<h3><strong>C\u00e2nd ar urma s\u0103 aib\u0103 loc examenele<\/strong><\/h3>\n<p>Pentru Evaluarea Na\u021bional\u0103 2027, probele scrise sunt propuse pentru 22 iunie la Limba \u0219i literatura rom\u00e2n\u0103, pe 24 iunie la Matematic\u0103 \u0219i pe 25 iunie la Limba \u0219i literatura matern\u0103.<\/p>\n<p>Rezultatele ini\u021biale ar urma s\u0103 fie afi\u0219ate pe 30 iunie, iar rezultatele finale, dup\u0103 solu\u021bionarea contesta\u021biilor, pe 7 iulie.<\/p>\n<p>Pentru prima sesiune a Bacalaureatului 2027, Ministerul Educa\u021biei propune urm\u0103torul calendar:<\/p>\n<p>Probele de competen\u021be:<\/p>\n<p>\u2022 12-14 aprilie: evaluarea competen\u021belor lingvistice de comunicare oral\u0103 \u00een limba rom\u00e2n\u0103 \u2013 proba A;<br \/>\n\u2022 14-16 aprilie: evaluarea competen\u021belor lingvistice de comunicare oral\u0103 \u00een limba matern\u0103 \u2013 proba B;<br \/>\n\u2022 19-21 aprilie: evaluarea competen\u021belor lingvistice \u00eentr-o limb\u0103 de circula\u021bie interna\u021bional\u0103 \u2013 proba C;<br \/>\n\u2022 21-23 aprilie: evaluarea competen\u021belor digitale \u2013 proba D.<\/p>\n<p>Probele scrise:<\/p>\n<p>\u2022 14 iunie: Limba \u0219i literatura rom\u00e2n\u0103 \u2013 proba E.a;<br \/>\n\u2022 15 iunie: proba obligatorie a profilului \u2013 proba E.c;<br \/>\n\u2022 17 iunie: proba la alegere a profilului \u0219i specializ\u0103rii \u2013 proba E.d;<br \/>\n\u2022 18 iunie: Limba \u0219i literatura matern\u0103 \u2013 proba E.b.<\/p>\n<p>Rezultatele ini\u021biale la probele scrise ar urma s\u0103 fie afi\u0219ate pe 23 iunie, p\u00e2n\u0103 la ora 12:00. \u00cen aceea\u0219i zi, \u00eentre orele 14:00 \u0219i 18:00, candida\u021bii \u00ee\u0219i vor putea vedea lucr\u0103rile \u0219i depune contesta\u021bii. Vizualizarea lucr\u0103rii nu este obligatorie pentru depunerea contesta\u021biei.<\/p>\n<p>Solu\u021bionarea contesta\u021biilor este programat\u0103 \u00een perioada 24-25 iunie, iar rezultatele finale ar urma s\u0103 fie afi\u0219ate pe 1 iulie 2027.<\/p>\n<p>Pentru a doua sesiune a Bacalaureatului 2027, probele de competen\u021be sunt programate \u00een perioada 2-6 august, iar cele scrie \u00eentre 9-12 august, urm\u00e2nd ca rezultatele finale s\u0103 fie transmise \u00een 23 august.<\/p>\n<h3><strong>Simul\u0103rile, programate \u00een luna martie<\/strong><\/h3>\n<p>\u0218i simul\u0103rile examenelor na\u021bionale sunt prev\u0103zute \u00een proiectele de calendar puse \u00een consultare public\u0103. La Evaluarea Na\u021bional\u0103, simularea probei de Limba \u0219i literatura rom\u00e2n\u0103 este programat\u0103 pentru 16 martie 2027, cea la Matematic\u0103 pentru 17 martie, iar proba la Limba \u0219i literatura matern\u0103 pentru 18 martie. Rezultatele ar urma s\u0103 fie comunicate pe 30 martie.<\/p>\n<p>La Bacalaureat, simularea probelor scrise este programat\u0103 \u00een perioada 22-25 martie 2027, \u00een aceea\u0219i ordine ca la examenul propriu-zis: Limba \u0219i literatura rom\u00e2n\u0103 pe 22 martie, proba obligatorie a profilului pe 23 martie, proba la alegere a profilului \u0219i specializ\u0103rii \u00een 24 martie, iar pe 25 martie este programat\u0103 proba la Limba \u0219i literatura matern\u0103. Rezultatele ar urma s\u0103 fie comunicate pe 9 aprilie.<\/p>\n<h3><strong>Temperaturile ridicate, unul dintre motivele pentru schimbarea calendarului<\/strong><\/h3>\n<p>Ministerul Educa\u021biei spune c\u0103 noul calendar \u021bine cont \u0219i de temperaturile ridicate din timpul verii, care pot afecta condi\u021biile \u00een care elevii sus\u021bin examenele. Desf\u0103\u0219urarea examenelor din acest an a fost deja afectat\u0103 din cauza caniculei.<\/p>\n<p>V\u0103 reamintim c\u0103 <strong><a href=\"https:\/\/www.tion.ro\/romania\/bac-2026-proba-de-marti-amanata-cu-o-zi-din-cauza-caniculei-2305380\/\" target=\"_blank\" rel=\"noopener\">proba obligatorie a profilului, programat\u0103 ini\u021bial pentru 30 iunie, a fost am\u00e2nat\u0103<\/a><\/strong> cu o zi din cauza unui cod ro\u0219u de canicul\u0103. Ministerul a invocat atunci necesitatea protej\u0103rii s\u0103n\u0103t\u0103\u021bii elevilor, profesorilor \u0219i a personalului implicat \u00een organizarea examenului.<\/p>\n<p>\u00cen Timi\u0219, la proba de Limba \u0219i literatura rom\u00e2n\u0103 din 29 iunie, temperaturile au ajuns la aproximativ 35-41 de grade Celsius \u00een prognoza pentru Banat, iar aproximativ 77% dintre s\u0103lile de examen din jude\u021b nu aveau aer condi\u021bionat. Din cele 247 de s\u0103li de examen, 190 nu erau dotate cu sisteme de climatizare.<\/p>\n<p>Un alt argument invocat pentru calendarul propus este ca absolven\u021bii de liceu s\u0103 \u00ee\u0219i \u00eencheie Bacalaureatul suficient de devreme pentru a se putea \u00eenscrie la programele de \u00eenv\u0103\u021b\u0103m\u00e2nt superior unde este necesar\u0103 diploma de bacalaureat.<\/p>\n<p>Ministerul mai spune c\u0103 noul calendar urm\u0103re\u0219te \u0219i o distribuire mai echilibrat\u0103 a efortului pentru elevii care se preg\u0103tesc \u00een paralel pentru Bacalaureat \u0219i admiterea la facultate, precum \u0219i pentru cadrele didactice care fac parte din mai multe comisii de examen.<\/p>\n<h3><strong>Lucr\u0103rile cu diferen\u021be mari de notare vor fi verificate din nou<\/strong><\/h3>\n<p>La Evaluarea Na\u021bional\u0103, dac\u0103 \u00eentre notele acordate de cei doi profesori evaluatori exist\u0103 o diferen\u021b\u0103 mai mare de un punct la Limba \u0219i literatura rom\u00e2n\u0103 sau la limba matern\u0103 \u0219i de 0,50 puncte la Matematic\u0103, ace\u0219tia vor fi notifica\u021bi automat pentru a reanaliza lucrarea.<\/p>\n<p>Dac\u0103 diferen\u021ba se men\u021bine dup\u0103 aceast\u0103 reanalizare, lucrarea va fi transmis\u0103 automat \u0219i aleatoriu c\u0103tre al\u021bi doi profesori, pentru reevaluare.<\/p>\n<p>\u00cen cazul Bacalaureatului, reanalizarea ar urma s\u0103 fie declan\u0219at\u0103 atunci c\u00e2nd platforma de evaluare digitalizat\u0103 identific\u0103 o diferen\u021b\u0103 mai mare de un punct \u00eentre notele celor doi evaluatori, indiferent de proba scris\u0103.<\/p>\n<p>Dac\u0103 diferen\u021ba se men\u021bine \u0219i dup\u0103 reanalizare, lucrarea va ajunge la al\u021bi doi evaluatori.<\/p>\n<h3><strong>Reguli noi \u0219i pentru lucr\u0103rile contestate<\/strong><\/h3>\n<p>Ministerul propune o procedur\u0103 similar\u0103 \u0219i \u00een cazul contesta\u021biilor. La Evaluarea Na\u021bional\u0103, dac\u0103 \u00eentre nota ini\u021bial\u0103 \u0219i cea acordat\u0103 dup\u0103 contesta\u021bie apare o diferen\u021b\u0103 mai mare de un punct, evaluatorii vor fi notifica\u021bi pentru reanalizarea punctajelor. Dac\u0103 diferen\u021ba se men\u021bine, lucrarea va fi reevaluat\u0103 de al\u021bi doi profesori.<\/p>\n<p>La Bacalaureat, pragul propus pentru declan\u0219area acestei proceduri este, de asemenea, o diferen\u021b\u0103 mai mare de un punct \u00eentre nota ini\u021bial\u0103 \u0219i cea de la contesta\u021bie. \u00cen prezent, pentru aceast\u0103 etap\u0103, pragul este de 1,5 puncte.<\/p>\n<p>\u00cen cazul unei noi reevalu\u0103ri, profesorii vor avea acces \u0219i la punctajele acordate anterior pentru lucrarea respectiv\u0103. Potrivit Ministerului Educa\u021biei, aceast\u0103 etap\u0103 este introdus\u0103 pentru a verifica mai atent lucr\u0103rile \u00een situa\u021biile \u00een care apar diferen\u021be semnificative de notare.<\/p>\n<p>Totodat\u0103, proiectele men\u021bin posibilitatea candida\u021bilor de a-\u0219i vizualiza lucr\u0103rile dup\u0103 afi\u0219area rezultatelor ini\u021biale \u0219i \u00eenainte de depunerea contesta\u021biilor. Vizualizarea lucr\u0103rii nu este obligatorie pentru depunerea unei contesta\u021bii. Candida\u021bii pot contesta nota \u0219i f\u0103r\u0103 s\u0103 \u00ee\u0219i vad\u0103 lucrarea \u00een prealabil.<\/p>\n<div class=\"fbShareLikeTwitterAndEmailContainer\">\n<div class=\"wrapper\">\n<div class=\"email\">\n<div id=\"mailto-pop\" class=\"pop-form pop-form-mailto\">\n<div class=\"pop-form-header\">\n<h4>Trimite articolul<\/h4>\n<p><a class=\"pop-form-close\">X<\/a><\/div>\n<\/div>\n<\/div>\n<\/div>\n<\/div>\n<div class=\"comments\">\n<div class=\"top\">\n<div class=\"commentsNumber\"><span class=\"number\">0<\/span><span class=\"text\">Comentarii<\/span><\/div>\n<\/div>\n<div class=\"center\">\n<div id=\"respond\" class=\"comment-respond\">\n<h3 id=\"reply-title\" class=\"comment-reply-title\"><small><a rel=\"nofollow\" id=\"cancel-comment-reply-link\" href=\"https:\/\/www.tion.ro\/romania\/bacalaureat-si-evaluarea-nationala-2027-mai-devreme-ministerul-schimba-calendarul-dupa-problemele-de-la-examenele-din-acest-an-2334114\/#respond\">Cancel reply<\/a><\/small><\/h3>\n<p class=\"comment-notes\"><span id=\"email-notes\">Your email address will not be published.<\/span><span class=\"required-field-message\">Required fields are marked <span class=\"required\">*<\/span><\/span><\/p>\n<p class=\"commentFormComment\"><span id=\"commentFormCount\"><br \/>\n                            inca<br \/>\n                            <span id=\"countCommentText\">1000<\/span><br \/>\n                            caractere ramase<br \/>\n                        <\/span><\/p>\n<\/div>\n<\/div>\n<div class=\"bottom\">\n<p class=\"forumDisclaimerHuRo\">\n            Citi\u021bi principiile noastre de moderare <a href=\"https:\/\/www.tion.ro\/reguli-postare-comentarii\/\" target=\"_blank\">aici<\/a>!\n        <\/p>\n<\/div>\n<\/div>\n<\/div>\n<\/div>\n<p>[analyse_source url=&#8221;https:\/\/www.tion.ro\/romania\/bacalaureat-si-evaluarea-nationala-2027-mai-devreme-ministerul-schimba-calendarul-dupa-problemele-de-la-examenele-din-acest-an-2334114\/&#8221;]<\/p>\n","protected":false},"excerpt":{"rendered":"<p>[analyse_image type=&#8221;featured&#8221; src=&#8221;https:\/\/www.tion.ro\/wp-content\/uploads\/2023\/08\/+otf\/1200&#215;630\/AEt4L__54lQ3KZFpf7T4Jrk5PVF9WRVJZX1NFQ4W4oYjbmEPpxX5lBPQp2UU64lrIzin9uk2OCAz2OzTxJ1of9vXlhFaEJNgRqQtR3C99MlYOtT9zD2V+XwJC9yk=\/2266014bacalaureatexamenevaluare-scaled.jpg&#8221;] Conform calendarului pentru anul \u0219colar 2026-2027 aprobat de minister, pentru elevii de clasa a VIII-a, cursurile se \u00eencheie pe 11 iunie 2027, iar prima prob\u0103 a Evalu\u0103rii Na\u021bionale este programat\u0103 pe 22 iunie. \u00cen cazul elevilor de clasa a XII-a, cursurile se \u00eencheie pe 4 iunie 2027, iar prima prob\u0103 scris\u0103 a [&hellip;]<\/p>\n","protected":false},"author":1,"featured_media":0,"comment_status":"open","ping_status":"","sticky":false,"template":"","format":"standard","meta":{"footnotes":""},"categories":[89],"tags":[226,191],"class_list":["post-2097630","post","type-post","status-publish","format-standard","hentry","category-romania","tag-crawlmanager","tag-tion-ro"],"_links":{"self":[{"href":"https:\/\/analyse.optim.biz\/index.php?rest_route=\/wp\/v2\/posts\/2097630","targetHints":{"allow":["GET"]}}],"collection":[{"href":"https:\/\/analyse.optim.biz\/index.php?rest_route=\/wp\/v2\/posts"}],"about":[{"href":"https:\/\/analyse.optim.biz\/index.php?rest_route=\/wp\/v2\/types\/post"}],"author":[{"embeddable":true,"href":"https:\/\/analyse.optim.biz\/index.php?rest_route=\/wp\/v2\/users\/1"}],"replies":[{"embeddable":true,"href":"https:\/\/analyse.optim.biz\/index.php?rest_route=%2Fwp%2Fv2%2Fcomments&post=2097630"}],"version-history":[{"count":0,"href":"https:\/\/analyse.optim.biz\/index.php?rest_route=\/wp\/v2\/posts\/2097630\/revisions"}],"wp:attachment":[{"href":"https:\/\/analyse.optim.biz\/index.php?rest_route=%2Fwp%2Fv2%2Fmedia&parent=2097630"}],"wp:term":[{"taxonomy":"category","embeddable":true,"href":"https:\/\/analyse.optim.biz\/index.php?rest_route=%2Fwp%2Fv2%2Fcategories&post=2097630"},{"taxonomy":"post_tag","embeddable":true,"href":"https:\/\/analyse.optim.biz\/index.php?rest_route=%2Fwp%2Fv2%2Ftags&post=2097630"}],"curies":[{"name":"wp","href":"https:\/\/api.w.org\/{rel}","templated":true}]}}