{"id":2097627,"date":"2026-08-14T08:24:31","date_gmt":"2026-08-14T05:24:31","guid":{"rendered":"https:\/\/analyse.optim.biz\/?p=2097627"},"modified":"2026-08-14T08:24:31","modified_gmt":"2026-08-14T05:24:31","slug":"deshidratarea-poate-deveni-o-urgenta-medicala-care-sunt-semnele-de-alarma","status":"publish","type":"post","link":"https:\/\/analyse.optim.biz\/?p=2097627","title":{"rendered":"Deshidratarea poate deveni o urgen\u021b\u0103 medical\u0103. Care sunt semnele de alarm\u0103"},"content":{"rendered":"<p>[analyse_image type=&#8221;featured&#8221; src=&#8221;https:\/\/www.tion.ro\/wp-content\/uploads\/2026\/08\/+otf\/1200&#215;630\/xmYwkErlCIvmBvSYgdQkeE5PVF9WRVJZX1NFQ7JFCHMEQxaqM4jixjDcWokTml3aIOVUs99Z+5mTZ+mXZeWtzlP03rsGbq4sQms__mdYRTTUmjiXMkPCh16T9ZdA=\/6695857pexelscottonbro7402626-scaled.jpg&#8221;]<\/p>\n<article id=\"post-2334000\" class>\n<div class=\"entry-content clearfix\">\n<div class=\"enewsArticleContent\">\n<p>Potrivit medicilor, printre primele semne ale deshidrat\u0103rii se num\u0103r\u0103 setea intens\u0103 \u0219i senza\u021bia de gur\u0103 uscat\u0103. De asemenea, persoana poate urina mai pu\u021bin, iar urina poate avea o culoare mai \u00eenchis\u0103.<\/p>\n<p>Ame\u021belile, sl\u0103biciunea, oboseala, somnolen\u021ba sau modificarea st\u0103rii generale sunt alte simptome care pot indica pierderi importante de lichide.<\/p>\n<h3><strong>C\u00e2nd este nevoie de ajutor medical<\/strong><\/h3>\n<p>Starea general\u0103 alterat\u0103, le\u0219inul, somnolen\u021ba accentuat\u0103, v\u0103rs\u0103turile repetate sau imposibilitatea de a consuma \u0219i p\u0103stra lichidele sunt semne de alarm\u0103 \u0219i necesit\u0103 o evaluare medical\u0103 rapid\u0103. \u0218i diareea apoas\u0103, \u00een special atunci c\u00e2nd apar cel pu\u021bin \u0219ase scaune pe zi, poate duce la o deshidratare care nu trebuie ignorat\u0103.<\/p>\n<blockquote>\n<p>\u201eCopiii mici \u0219i persoanele v\u00e2rstnice sunt mai vulnerabile, iar deshidratarea se instaleaz\u0103 \u0219i evolueaz\u0103 mai rapid la aceste categorii\u201d, explic\u0103 dr. Maria Cerbu, medic primar boli infec\u021bioase \u00een cadrul spitalului.<\/p>\n<\/blockquote>\n<h3><strong>Cum poate fi prevenit\u0103 deshidratarea<\/strong><\/h3>\n<p>Medicii recomand\u0103 consumul regulat de lichide pe parcursul \u00eentregii zile, \u00een special \u00een perioadele cu temperaturi ridicate. Expunerea prelungit\u0103 la soare \u0219i efortul fizic intens ar trebui evitate \u00een zilele caniculare.<\/p>\n<p>\u00cen cazul episoadelor de v\u0103rs\u0103turi sau diaree, solu\u021biile de rehidratare oral\u0103 pot contribui la \u00eenlocuirea at\u00e2t a apei, c\u00e2t \u0219i a electroli\u021bilor pierdu\u021bi. Medicii de la Babe\u0219 recomand\u0103 ca m\u0103surile de rehidratare s\u0103 fie \u00eencepute din timp, f\u0103r\u0103 a a\u0219tepta apari\u021bia semnelor severe. Recunoa\u0219terea precoce a deshidrat\u0103rii poate preveni agravarea st\u0103rii de s\u0103n\u0103tate.<\/p>\n<blockquote>\n<p>\u201eNu a\u0219tepta\u021bi apari\u021bia semnelor severe. Preven\u021bia \u0219i recunoa\u0219terea precoce a deshidrat\u0103rii pot face diferen\u021ba\u201d, \u00eencheie dr. Maria Cerbu.<\/p>\n<\/blockquote>\n<div class=\"fbShareLikeTwitterAndEmailContainer\">\n<div class=\"wrapper\">\n<div class=\"email\">\n<div id=\"mailto-pop\" class=\"pop-form pop-form-mailto\">\n<div class=\"pop-form-header\">\n<h4>Trimite articolul<\/h4>\n<p><a class=\"pop-form-close\">X<\/a><\/div>\n<\/div>\n<\/div>\n<\/div>\n<\/div>\n<div class=\"comments\">\n<div class=\"top\">\n<div class=\"commentsNumber\"><span class=\"number\">1<\/span><span class=\"text\">Comentarii<\/span><\/div>\n<\/div>\n<div class=\"center\">\n<div id=\"respond\" class=\"comment-respond\">\n<h3 id=\"reply-title\" class=\"comment-reply-title\"><small><a rel=\"nofollow\" id=\"cancel-comment-reply-link\" href=\"https:\/\/www.tion.ro\/sanatate\/deshidratarea-poate-deveni-o-urgenta-medicala-care-sunt-semnele-de-alarma-2334000\/#respond\">Cancel reply<\/a><\/small><\/h3>\n<p class=\"comment-notes\"><span id=\"email-notes\">Your email address will not be published.<\/span><span class=\"required-field-message\">Required fields are marked <span class=\"required\">*<\/span><\/span><\/p>\n<p class=\"commentFormComment\"><span id=\"commentFormCount\"><br \/>\n                            inca<br \/>\n                            <span id=\"countCommentText\">1000<\/span><br \/>\n                            caractere ramase<br \/>\n                        <\/span><\/p>\n<\/div>\n<\/div>\n<div class=\"bottom\">\n<p class=\"forumDisclaimerHuRo\">\n            Citi\u021bi principiile noastre de moderare <a href=\"https:\/\/www.tion.ro\/reguli-postare-comentarii\/\" target=\"_blank\">aici<\/a>!\n        <\/p>\n<\/div>\n<\/div>\n<div id=\"forum\">\n<li class=\"comment even thread-even depth-1\" id=\"comment-1014834\">\n<div id=\"div-comment-1014834\" class=\"comment-body\">\n<div class=\"comment-author vcard\"><img decoding=\"async\" alt src=\"https:\/\/secure.gravatar.com\/avatar\/11239a6cd0a2e3cafae1a205bf287dc9?s=32&amp;d=mm&amp;r=g\" class=\"avatar avatar-32 photo\" height=\"32\" width=\"32\" loading=\"lazy\"><cite class=\"fn\">RATM<\/cite><span class=\"says\">says:<\/span><\/div>\n<div class=\"comment-meta commentmetadata\"><a href=\"https:\/\/www.tion.ro\/sanatate\/deshidratarea-poate-deveni-o-urgenta-medicala-care-sunt-semnele-de-alarma-2334000\/#comment-1014834\">August 14, 2026 at 11:47 am<\/a><\/div>\n<p>Nu mai beti apa. Salvati planeta pt usr-isti<\/p>\n<div class=\"reply\"><a rel=\"nofollow\" class=\"comment-reply-link\" href=\"https:\/\/www.tion.ro\/sanatate\/deshidratarea-poate-deveni-o-urgenta-medicala-care-sunt-semnele-de-alarma-2334000\/#comment-1014834\" data-commentid=\"1014834\" data-postid=\"2334000\" data-belowelement=\"div-comment-1014834\" data-respondelement=\"respond\" data-replyto=\"Reply to RATM\" aria-label=\"Reply to RATM\">Reply<\/a><\/div>\n<\/div>\n<\/li>\n<\/div>\n<\/div>\n<\/div>\n<\/article>\n<div class=\"entry-content clearfix\">\n<div class=\"enewsArticleContent\">\n<p>Potrivit medicilor, printre primele semne ale deshidrat\u0103rii se num\u0103r\u0103 setea intens\u0103 \u0219i senza\u021bia de gur\u0103 uscat\u0103. De asemenea, persoana poate urina mai pu\u021bin, iar urina poate avea o culoare mai \u00eenchis\u0103.<\/p>\n<p>Ame\u021belile, sl\u0103biciunea, oboseala, somnolen\u021ba sau modificarea st\u0103rii generale sunt alte simptome care pot indica pierderi importante de lichide.<\/p>\n<h3><strong>C\u00e2nd este nevoie de ajutor medical<\/strong><\/h3>\n<p>Starea general\u0103 alterat\u0103, le\u0219inul, somnolen\u021ba accentuat\u0103, v\u0103rs\u0103turile repetate sau imposibilitatea de a consuma \u0219i p\u0103stra lichidele sunt semne de alarm\u0103 \u0219i necesit\u0103 o evaluare medical\u0103 rapid\u0103. \u0218i diareea apoas\u0103, \u00een special atunci c\u00e2nd apar cel pu\u021bin \u0219ase scaune pe zi, poate duce la o deshidratare care nu trebuie ignorat\u0103.<\/p>\n<blockquote>\n<p>\u201eCopiii mici \u0219i persoanele v\u00e2rstnice sunt mai vulnerabile, iar deshidratarea se instaleaz\u0103 \u0219i evolueaz\u0103 mai rapid la aceste categorii\u201d, explic\u0103 dr. Maria Cerbu, medic primar boli infec\u021bioase \u00een cadrul spitalului.<\/p>\n<\/blockquote>\n<h3><strong>Cum poate fi prevenit\u0103 deshidratarea<\/strong><\/h3>\n<p>Medicii recomand\u0103 consumul regulat de lichide pe parcursul \u00eentregii zile, \u00een special \u00een perioadele cu temperaturi ridicate. Expunerea prelungit\u0103 la soare \u0219i efortul fizic intens ar trebui evitate \u00een zilele caniculare.<\/p>\n<p>\u00cen cazul episoadelor de v\u0103rs\u0103turi sau diaree, solu\u021biile de rehidratare oral\u0103 pot contribui la \u00eenlocuirea at\u00e2t a apei, c\u00e2t \u0219i a electroli\u021bilor pierdu\u021bi. Medicii de la Babe\u0219 recomand\u0103 ca m\u0103surile de rehidratare s\u0103 fie \u00eencepute din timp, f\u0103r\u0103 a a\u0219tepta apari\u021bia semnelor severe. Recunoa\u0219terea precoce a deshidrat\u0103rii poate preveni agravarea st\u0103rii de s\u0103n\u0103tate.<\/p>\n<blockquote>\n<p>\u201eNu a\u0219tepta\u021bi apari\u021bia semnelor severe. Preven\u021bia \u0219i recunoa\u0219terea precoce a deshidrat\u0103rii pot face diferen\u021ba\u201d, \u00eencheie dr. Maria Cerbu.<\/p>\n<\/blockquote>\n<div class=\"fbShareLikeTwitterAndEmailContainer\">\n<div class=\"wrapper\">\n<div class=\"email\">\n<div id=\"mailto-pop\" class=\"pop-form pop-form-mailto\">\n<div class=\"pop-form-header\">\n<h4>Trimite articolul<\/h4>\n<p><a class=\"pop-form-close\">X<\/a><\/div>\n<\/div>\n<\/div>\n<\/div>\n<\/div>\n<div class=\"comments\">\n<div class=\"top\">\n<div class=\"commentsNumber\"><span class=\"number\">1<\/span><span class=\"text\">Comentarii<\/span><\/div>\n<\/div>\n<div class=\"center\">\n<div id=\"respond\" class=\"comment-respond\">\n<h3 id=\"reply-title\" class=\"comment-reply-title\"><small><a rel=\"nofollow\" id=\"cancel-comment-reply-link\" href=\"https:\/\/www.tion.ro\/sanatate\/deshidratarea-poate-deveni-o-urgenta-medicala-care-sunt-semnele-de-alarma-2334000\/#respond\">Cancel reply<\/a><\/small><\/h3>\n<p class=\"comment-notes\"><span id=\"email-notes\">Your email address will not be published.<\/span><span class=\"required-field-message\">Required fields are marked <span class=\"required\">*<\/span><\/span><\/p>\n<p class=\"commentFormComment\"><span id=\"commentFormCount\"><br \/>\n                            inca<br \/>\n                            <span id=\"countCommentText\">1000<\/span><br \/>\n                            caractere ramase<br \/>\n                        <\/span><\/p>\n<\/div>\n<\/div>\n<div class=\"bottom\">\n<p class=\"forumDisclaimerHuRo\">\n            Citi\u021bi principiile noastre de moderare <a href=\"https:\/\/www.tion.ro\/reguli-postare-comentarii\/\" target=\"_blank\">aici<\/a>!\n        <\/p>\n<\/div>\n<\/div>\n<div id=\"forum\">\n<li class=\"comment even thread-even depth-1\" id=\"comment-1014834\">\n<div id=\"div-comment-1014834\" class=\"comment-body\">\n<div class=\"comment-author vcard\"><img decoding=\"async\" alt src=\"https:\/\/secure.gravatar.com\/avatar\/11239a6cd0a2e3cafae1a205bf287dc9?s=32&amp;d=mm&amp;r=g\" class=\"avatar avatar-32 photo\" height=\"32\" width=\"32\" loading=\"lazy\"><cite class=\"fn\">RATM<\/cite><span class=\"says\">says:<\/span><\/div>\n<div class=\"comment-meta commentmetadata\"><a href=\"https:\/\/www.tion.ro\/sanatate\/deshidratarea-poate-deveni-o-urgenta-medicala-care-sunt-semnele-de-alarma-2334000\/#comment-1014834\">August 14, 2026 at 11:47 am<\/a><\/div>\n<p>Nu mai beti apa. Salvati planeta pt usr-isti<\/p>\n<div class=\"reply\"><a rel=\"nofollow\" class=\"comment-reply-link\" href=\"https:\/\/www.tion.ro\/sanatate\/deshidratarea-poate-deveni-o-urgenta-medicala-care-sunt-semnele-de-alarma-2334000\/#comment-1014834\" data-commentid=\"1014834\" data-postid=\"2334000\" data-belowelement=\"div-comment-1014834\" data-respondelement=\"respond\" data-replyto=\"Reply to RATM\" aria-label=\"Reply to RATM\">Reply<\/a><\/div>\n<\/div>\n<\/li>\n<\/div>\n<\/div>\n<\/div>\n<p>[analyse_source url=&#8221;https:\/\/www.tion.ro\/sanatate\/deshidratarea-poate-deveni-o-urgenta-medicala-care-sunt-semnele-de-alarma-2334000\/&#8221;]<\/p>\n","protected":false},"excerpt":{"rendered":"<p>[analyse_image type=&#8221;featured&#8221; src=&#8221;https:\/\/www.tion.ro\/wp-content\/uploads\/2026\/08\/+otf\/1200&#215;630\/xmYwkErlCIvmBvSYgdQkeE5PVF9WRVJZX1NFQ7JFCHMEQxaqM4jixjDcWokTml3aIOVUs99Z+5mTZ+mXZeWtzlP03rsGbq4sQms__mdYRTTUmjiXMkPCh16T9ZdA=\/6695857pexelscottonbro7402626-scaled.jpg&#8221;] Potrivit medicilor, printre primele semne ale deshidrat\u0103rii se num\u0103r\u0103 setea intens\u0103 \u0219i senza\u021bia de gur\u0103 uscat\u0103. De asemenea, persoana poate urina mai pu\u021bin, iar urina poate avea o culoare mai \u00eenchis\u0103. Ame\u021belile, sl\u0103biciunea, oboseala, somnolen\u021ba sau modificarea st\u0103rii generale sunt alte simptome care pot indica pierderi importante de lichide. C\u00e2nd este nevoie [&hellip;]<\/p>\n","protected":false},"author":1,"featured_media":0,"comment_status":"open","ping_status":"","sticky":false,"template":"","format":"standard","meta":{"footnotes":""},"categories":[89],"tags":[226,191],"class_list":["post-2097627","post","type-post","status-publish","format-standard","hentry","category-romania","tag-crawlmanager","tag-tion-ro"],"_links":{"self":[{"href":"https:\/\/analyse.optim.biz\/index.php?rest_route=\/wp\/v2\/posts\/2097627","targetHints":{"allow":["GET"]}}],"collection":[{"href":"https:\/\/analyse.optim.biz\/index.php?rest_route=\/wp\/v2\/posts"}],"about":[{"href":"https:\/\/analyse.optim.biz\/index.php?rest_route=\/wp\/v2\/types\/post"}],"author":[{"embeddable":true,"href":"https:\/\/analyse.optim.biz\/index.php?rest_route=\/wp\/v2\/users\/1"}],"replies":[{"embeddable":true,"href":"https:\/\/analyse.optim.biz\/index.php?rest_route=%2Fwp%2Fv2%2Fcomments&post=2097627"}],"version-history":[{"count":0,"href":"https:\/\/analyse.optim.biz\/index.php?rest_route=\/wp\/v2\/posts\/2097627\/revisions"}],"wp:attachment":[{"href":"https:\/\/analyse.optim.biz\/index.php?rest_route=%2Fwp%2Fv2%2Fmedia&parent=2097627"}],"wp:term":[{"taxonomy":"category","embeddable":true,"href":"https:\/\/analyse.optim.biz\/index.php?rest_route=%2Fwp%2Fv2%2Fcategories&post=2097627"},{"taxonomy":"post_tag","embeddable":true,"href":"https:\/\/analyse.optim.biz\/index.php?rest_route=%2Fwp%2Fv2%2Ftags&post=2097627"}],"curies":[{"name":"wp","href":"https:\/\/api.w.org\/{rel}","templated":true}]}}