{"id":2097621,"date":"2026-08-17T13:18:17","date_gmt":"2026-08-17T10:18:17","guid":{"rendered":"https:\/\/analyse.optim.biz\/?p=2097621"},"modified":"2026-08-17T13:18:17","modified_gmt":"2026-08-17T10:18:17","slug":"ccr-a-declarat-constitutional-amendamentul-fritz-din-legea-integritatii-reactia-primarului-drumul-meu-continua-la-cedo","status":"publish","type":"post","link":"https:\/\/analyse.optim.biz\/?p=2097621","title":{"rendered":"CCR a declarat constitu\u021bional amendamentul Fritz din legea integrit\u0103\u021bii. Reac\u021bia primarului: \u201eDrumul meu continu\u0103 la CEDO\u201d"},"content":{"rendered":"<p>[analyse_image type=&#8221;featured&#8221; src=&#8221;https:\/\/www.tion.ro\/wp-content\/uploads\/2025\/10\/+otf\/1200&#215;630\/vt5oxR4l889aoTgN59HAIU5PVF9WRVJZX1NFQ5sEsjiogmLhaYMI639lnwj3gcRdks__Jj3oE3qWqW2222Dy980Ugd6DqzDtagTNAtmWnwu8hRa__5EWoyra5E__rw=\/1815116dominicfritz.jpg&#8221;]<\/p>\n<article id=\"post-2335137\" class>\n<div class=\"entry-content clearfix\">\n<div class=\"enewsArticleContent\">\n<p>Curtea Constitu\u021bional\u0103 a Rom\u00e2niei (CCR) a declarat constitu\u021bional amendamentul introdus \u00een Legea integrit\u0103\u021bii la ini\u021biativa PSD \u0219i AUR, prin care ale\u0219ii g\u0103si\u021bi definitiv \u00een stare de incompatibilitate sau conflict de interese \u00ee\u0219i pot pierde func\u021bia, scrie Agerpres. Este vorba despre celebrul \u201eamendament Fritz\u201d, pe care judec\u0103torii CCR l-au apreciat, cu majoritate de voturi, constitu\u021bional.<\/p>\n<p>Amendamentul se refer\u0103 la persoanele pentru care, p\u00e2n\u0103 la data intr\u0103rii \u00een vigoare a noii legi, a fost constatat\u0103 definitiv starea de incompatibilitate sau conflict de interese \u0219i pentru care nu s-a \u00eemplinit \u00eenc\u0103 termenul de trei ani aferent interdic\u021biei prev\u0103zute de legisla\u021bie. \u00cen cazul acestora, func\u021bia, demnitatea public\u0103 sau mandatul \u00eenceteaz\u0103 de drept la 30 de zile de la intrarea \u00een vigoare a legii.<\/p>\n<p>Prevederea a fost criticat\u0103 de reprezentan\u021bii USR, care au sus\u021binut c\u0103 modificarea \u00eel vizeaz\u0103 \u00een mod direct pe pre\u0219edintele partidului, Dominic Fritz. Primarul Timi\u0219oarei risc\u0103 astfel s\u0103 \u00ee\u0219i piard\u0103 mandatul \u00een urma deciziei definitive privind conflictul de interese.<\/p>\n<h3><strong>Fritz: \u201eDrumul meu continu\u0103 la CEDO\u201d<\/strong><\/h3>\n<p>\u00cen replic\u0103, la pu\u021bin timp de la decizia CCR, primarul Timi\u0219oarei a spus c\u0103 \u201e\u00een loc s\u0103 opreasc\u0103 un brutal abuz de putere, majoritatea PSD din Curtea Constitu\u021bional\u0103 tocmai l-a validat\u201d.<\/p>\n<blockquote>\n<p>\u201eDac\u0103 pre\u0219edintele va promulga legea ANI, mandatul meu de primar va \u00eenceta \u00een 30 zile, ca o sanc\u021biune retroactiv\u0103 pentru lucruri care s-au \u00eent\u00e2mplat \u00eenainte s\u0103 intre \u00een vigoare legea. Nevoia mafiei privilegia\u021bilor de a sc\u0103pa de mine \u00eei face s\u0103 ac\u021bioneze disperat p\u00e2n\u0103 \u00eentr-acolo \u00eenc\u00e2t demoleaz\u0103 bazele democra\u021biei. Un stat de drept care exist\u0103 doar atunci c\u00e2nd PSD \u00ee\u0219i dore\u0219te, nu mai este stat de drept.<\/p>\n<p>Art. 15 din Constitu\u021bie \u00ablegea dispune numai pentru viitor\u00bb a fost suspendat azi pentru mine. M\u00e2ine poate fi suspendat pentru oricine. De azi \u00eenainte, orice majoritate parlamentar\u0103 poate inventa pedepse pentru trecut, croite pe numele unui adversar politic, iar CCR-ul controlat politic le va parafa.<\/p>\n<p>\u00cen fa\u021ba Comisiei Europene, PSD va trebui s\u0103 explice cum o lege-jalon de 770 de milioane de euro a fost transformat\u0103 \u00eentr-o arm\u0103 \u00eempotriva unui primar ales de dou\u0103 ori. \u00cen fa\u021ba investitorilor, va fi mai greu de explicat de ce s\u0103 creeze locuri de munc\u0103 la noi dac\u0103 tot statul e la cheremul unui singur partid corupt\u201d, a scris Fritz \u00eentr-o postare pe Facebook.<\/p>\n<\/blockquote>\n<p>Acesta mai spune c\u0103 PSD a dovedit c\u0103 nu e partidul \u201ecurat, pro-european\u201d care s-a declarat a fi, dorind toat\u0103 puterea \u00een stat.<\/p>\n<blockquote>\n<p>\u201eDrumul meu continu\u0103 la CEDO, unde nu ajung telefoanele din Kiseleff. Nu m\u0103 voi lupta pentru mine, ci pentru votul liber dat de timi\u0219oreni\u201d, a concluzionat primarul Timi\u0219oarei.<\/p>\n<\/blockquote>\n<p>V\u0103 amintim, <strong><a href=\"https:\/\/www.tion.ro\/stirile-judetului-timis\/primarul-dominic-fritz-acuzat-de-conflict-de-interese-de-ani-1892573\/\" target=\"_blank\" rel=\"noopener\">ANI l-a declarat pe Fritz \u00een conflict de interese \u00eenc\u0103 din 2024<\/a><\/strong>, iar dup\u0103 mai multe lupte directe sau indirecte \u00een instan\u021b\u0103, <strong><a href=\"https:\/\/www.tion.ro\/stirile-judetului-timis\/e-oficial-fritz-pierde-procesul-cu-ani-iar-conflictul-de-interese-este-confirmat-definitiv-2297787\/\" target=\"_blank\" rel=\"noopener\">\u00een iunie a venit \u0219i decizia definitiv\u0103 a \u00ceCCJ, care a confirmat raportul ANI<\/a><\/strong>. Fritz a fost sanc\u021bionat de prefectul de Timi\u0219 doar cu reducerea indemniza\u021biei cu 10%, dar potrivit <strong><a href=\"https:\/\/www.tion.ro\/romania\/legea-integritatii-a-trecut-si-de-senat-cu-tot-cu-amendamentul-fritz-proiectul-merge-spre-promulgare-2329632\/\" target=\"_blank\" rel=\"noopener\">amendamentului PSD din noua lege a integrit\u0103\u021bii<\/a><\/strong> \u2013 care trebuie s\u0103 fie \u00een vigoare p\u00e2n\u0103 la finalul lunii pentru a fi \u00eendeplinit un jalon din PNRR, acesta ar urma s\u0103 \u00ee\u0219i piard\u0103 totu\u0219i mandatul.<\/p>\n<div class=\"fbShareLikeTwitterAndEmailContainer\">\n<div class=\"wrapper\">\n<div class=\"email\">\n<div id=\"mailto-pop\" class=\"pop-form pop-form-mailto\">\n<div class=\"pop-form-header\">\n<h4>Trimite articolul<\/h4>\n<p><a class=\"pop-form-close\">X<\/a><\/div>\n<\/div>\n<\/div>\n<\/div>\n<\/div>\n<div class=\"tagsContainer\">\n<div class=\"tagsLabel\">Taguri:<\/div>\n<div class=\"tags\">\n<div class=\"tag\"><a href=\"https:\/\/www.tion.ro\/cimke\/amendamentul-fritz\" rel=\"tag\"><span class=\"link\">amendamentul fritz<\/span><span class=\"separator\">,<\/span><\/a><\/div>\n<div class=\"tag\"><a href=\"https:\/\/www.tion.ro\/cimke\/conflict-de-interese-fritz\" rel=\"tag\"><span class=\"link\">conflict de interese Fritz<\/span><span class=\"separator\">,<\/span><\/a><\/div>\n<div class=\"tag\"><a href=\"https:\/\/www.tion.ro\/cimke\/legea-integritatii\" rel=\"tag\"><span class=\"link\">legea integrit\u0103\u021bii<\/span><\/a><\/div>\n<\/div>\n<\/div>\n<div class=\"comments\">\n<div class=\"top\">\n<div class=\"commentsNumber\"><span class=\"number\">11<\/span><span class=\"text\">Comentarii<\/span><\/div>\n<\/div>\n<div class=\"center\">\n<div id=\"respond\" class=\"comment-respond\">\n<h3 id=\"reply-title\" class=\"comment-reply-title\"><small><a rel=\"nofollow\" id=\"cancel-comment-reply-link\" href=\"https:\/\/www.tion.ro\/stirile-judetului-timis\/ccr-a-declarat-constitutional-amendamentul-fritz-din-legea-integritatii-reactia-primarului-drumul-meu-continua-la-cedo-2335137\/#respond\">Cancel reply<\/a><\/small><\/h3>\n<p class=\"comment-notes\"><span id=\"email-notes\">Your email address will not be published.<\/span><span class=\"required-field-message\">Required fields are marked <span class=\"required\">*<\/span><\/span><\/p>\n<p class=\"commentFormComment\"><span id=\"commentFormCount\"><br \/>\n                            inca<br \/>\n                            <span id=\"countCommentText\">1000<\/span><br \/>\n                            caractere ramase<br \/>\n                        <\/span><\/p>\n<\/div>\n<\/div>\n<div class=\"bottom\">\n<p class=\"forumDisclaimerHuRo\">\n            Citi\u021bi principiile noastre de moderare <a href=\"https:\/\/www.tion.ro\/reguli-postare-comentarii\/\" target=\"_blank\">aici<\/a>!\n        <\/p>\n<\/div>\n<\/div>\n<div id=\"forum\">\n<li class=\"comment even thread-even depth-1 parent\" id=\"comment-1015965\">\n<div id=\"div-comment-1015965\" class=\"comment-body\">\n<div class=\"comment-author vcard\"><img decoding=\"async\" alt src=\"https:\/\/secure.gravatar.com\/avatar\/d71f5711f058f90917a193a1cddb25c1?s=32&amp;d=mm&amp;r=g\" class=\"avatar avatar-32 photo\" height=\"32\" width=\"32\" loading=\"lazy\"><cite class=\"fn\">AntiBulangiii rusofili<\/cite><span class=\"says\">says:<\/span><\/div>\n<div class=\"comment-meta commentmetadata\"><a href=\"https:\/\/www.tion.ro\/stirile-judetului-timis\/ccr-a-declarat-constitutional-amendamentul-fritz-din-legea-integritatii-reactia-primarului-drumul-meu-continua-la-cedo-2335137\/#comment-1015965\">August 17, 2026 at 4:48 pm<\/a><\/div>\n<p>Sa isi piarda mandatele toti cei de la psd-guru incepand de maine si sa aiba interdictie 10 ani plus returnarea lefurilor primite plus interdictie 500 de ani pentru partidul care i-a propus! Sa nu mai vedem picior de psd-guru in administratia publica!<\/p>\n<div class=\"reply\"><a rel=\"nofollow\" class=\"comment-reply-link\" href=\"https:\/\/www.tion.ro\/stirile-judetului-timis\/ccr-a-declarat-constitutional-amendamentul-fritz-din-legea-integritatii-reactia-primarului-drumul-meu-continua-la-cedo-2335137\/#comment-1015965\" data-commentid=\"1015965\" data-postid=\"2335137\" data-belowelement=\"div-comment-1015965\" data-respondelement=\"respond\" data-replyto=\"Reply to AntiBulangiii rusofili\" aria-label=\"Reply to AntiBulangiii rusofili\">Reply<\/a><\/div>\n<\/div>\n<ul class=\"children\">\n<li class=\"comment odd alt depth-2\" id=\"comment-1015998\">\n<div id=\"div-comment-1015998\" class=\"comment-body\">\n<div class=\"comment-author vcard\"><img decoding=\"async\" alt src=\"https:\/\/secure.gravatar.com\/avatar\/88e0c64c631ee370f7e101a5822433b6?s=32&amp;d=mm&amp;r=g\" class=\"avatar avatar-32 photo\" height=\"32\" width=\"32\" loading=\"lazy\"><cite class=\"fn\">gogu<\/cite><span class=\"says\">says:<\/span><\/div>\n<div class=\"comment-meta commentmetadata\"><a href=\"https:\/\/www.tion.ro\/stirile-judetului-timis\/ccr-a-declarat-constitutional-amendamentul-fritz-din-legea-integritatii-reactia-primarului-drumul-meu-continua-la-cedo-2335137\/#comment-1015998\">August 17, 2026 at 5:20 pm<\/a><\/div>\n<p>sa isi piarda. cu tot cu fritz comunistul<\/p>\n<div class=\"reply\"><a rel=\"nofollow\" class=\"comment-reply-link\" href=\"https:\/\/www.tion.ro\/stirile-judetului-timis\/ccr-a-declarat-constitutional-amendamentul-fritz-din-legea-integritatii-reactia-primarului-drumul-meu-continua-la-cedo-2335137\/#comment-1015998\" data-commentid=\"1015998\" data-postid=\"2335137\" data-belowelement=\"div-comment-1015998\" data-respondelement=\"respond\" data-replyto=\"Reply to gogu\" aria-label=\"Reply to gogu\">Reply<\/a><\/div>\n<\/div>\n<\/li>\n<\/ul>\n<\/li>\n<li class=\"comment even thread-odd thread-alt depth-1\" id=\"comment-1015980\">\n<div id=\"div-comment-1015980\" class=\"comment-body\">\n<div class=\"comment-author vcard\"><img decoding=\"async\" alt src=\"https:\/\/secure.gravatar.com\/avatar\/8e026750ca049c073161ea6a2cacb9b0?s=32&amp;d=mm&amp;r=g\" class=\"avatar avatar-32 photo\" height=\"32\" width=\"32\" loading=\"lazy\"><cite class=\"fn\">afara si acasa<\/cite><span class=\"says\">says:<\/span><\/div>\n<div class=\"comment-meta commentmetadata\"><a href=\"https:\/\/www.tion.ro\/stirile-judetului-timis\/ccr-a-declarat-constitutional-amendamentul-fritz-din-legea-integritatii-reactia-primarului-drumul-meu-continua-la-cedo-2335137\/#comment-1015980\">August 17, 2026 at 4:58 pm<\/a><\/div>\n<p>Cum era? Cand CCR a dat lovitura de stat v-a placut, nu-i asa? Acum, brusc aia rai de la PSD va arunca la pubela istoriei unde va este locul si nu va convine, nu? Ratati misiunea pe UM?<br \/>\nStiti cum striga politia romana la poarta lu Baselu? Va amintesc eu: Iesi afara, javra ordinara!<\/p>\n<div class=\"reply\"><a rel=\"nofollow\" class=\"comment-reply-link\" href=\"https:\/\/www.tion.ro\/stirile-judetului-timis\/ccr-a-declarat-constitutional-amendamentul-fritz-din-legea-integritatii-reactia-primarului-drumul-meu-continua-la-cedo-2335137\/#comment-1015980\" data-commentid=\"1015980\" data-postid=\"2335137\" data-belowelement=\"div-comment-1015980\" data-respondelement=\"respond\" data-replyto=\"Reply to afara si acasa\" aria-label=\"Reply to afara si acasa\">Reply<\/a><\/div>\n<\/div>\n<\/li>\n<li class=\"comment odd alt thread-even depth-1\" id=\"comment-1015983\">\n<div id=\"div-comment-1015983\" class=\"comment-body\">\n<div class=\"comment-author vcard\"><img decoding=\"async\" alt src=\"https:\/\/secure.gravatar.com\/avatar\/519f8ac2129f11028bf0cd8ca265782e?s=32&amp;d=mm&amp;r=g\" class=\"avatar avatar-32 photo\" height=\"32\" width=\"32\" loading=\"lazy\"><cite class=\"fn\">Emanuel<\/cite><span class=\"says\">says:<\/span><\/div>\n<div class=\"comment-meta commentmetadata\"><a href=\"https:\/\/www.tion.ro\/stirile-judetului-timis\/ccr-a-declarat-constitutional-amendamentul-fritz-din-legea-integritatii-reactia-primarului-drumul-meu-continua-la-cedo-2335137\/#comment-1015983\">August 17, 2026 at 4:58 pm<\/a><\/div>\n<p>Drumu tau ii la cosu de gunoi al istoriei.<br \/>\nSau ati uitat de Fara penali !!!<\/p>\n<div class=\"reply\"><a rel=\"nofollow\" class=\"comment-reply-link\" href=\"https:\/\/www.tion.ro\/stirile-judetului-timis\/ccr-a-declarat-constitutional-amendamentul-fritz-din-legea-integritatii-reactia-primarului-drumul-meu-continua-la-cedo-2335137\/#comment-1015983\" data-commentid=\"1015983\" data-postid=\"2335137\" data-belowelement=\"div-comment-1015983\" data-respondelement=\"respond\" data-replyto=\"Reply to Emanuel\" aria-label=\"Reply to Emanuel\">Reply<\/a><\/div>\n<\/div>\n<\/li>\n<li class=\"comment even thread-odd thread-alt depth-1 parent\" id=\"comment-1015986\">\n<div id=\"div-comment-1015986\" class=\"comment-body\">\n<div class=\"comment-author vcard\"><img decoding=\"async\" alt src=\"https:\/\/secure.gravatar.com\/avatar\/383f909d4003158305b2930f9ca794ac?s=32&amp;d=mm&amp;r=g\" class=\"avatar avatar-32 photo\" height=\"32\" width=\"32\" loading=\"lazy\"><cite class=\"fn\">Rumburak<\/cite><span class=\"says\">says:<\/span><\/div>\n<div class=\"comment-meta commentmetadata\"><a href=\"https:\/\/www.tion.ro\/stirile-judetului-timis\/ccr-a-declarat-constitutional-amendamentul-fritz-din-legea-integritatii-reactia-primarului-drumul-meu-continua-la-cedo-2335137\/#comment-1015986\">August 17, 2026 at 5:04 pm<\/a><\/div>\n<p>Ccr era buna \u00een decembrie 2024, nu e buna \u00een august 2026\u2026<\/p>\n<div class=\"reply\"><a rel=\"nofollow\" class=\"comment-reply-link\" href=\"https:\/\/www.tion.ro\/stirile-judetului-timis\/ccr-a-declarat-constitutional-amendamentul-fritz-din-legea-integritatii-reactia-primarului-drumul-meu-continua-la-cedo-2335137\/#comment-1015986\" data-commentid=\"1015986\" data-postid=\"2335137\" data-belowelement=\"div-comment-1015986\" data-respondelement=\"respond\" data-replyto=\"Reply to Rumburak\" aria-label=\"Reply to Rumburak\">Reply<\/a><\/div>\n<\/div>\n<ul class=\"children\">\n<li class=\"comment odd alt depth-2\" id=\"comment-1016025\">\n<div id=\"div-comment-1016025\" class=\"comment-body\">\n<div class=\"comment-author vcard\"><img decoding=\"async\" alt src=\"https:\/\/secure.gravatar.com\/avatar\/7ada3240347ff6b4cf20cbd0ad9f2135?s=32&amp;d=mm&amp;r=g\" class=\"avatar avatar-32 photo\" height=\"32\" width=\"32\" loading=\"lazy\"><cite class=\"fn\">Bogdan<\/cite><span class=\"says\">says:<\/span><\/div>\n<div class=\"comment-meta commentmetadata\"><a href=\"https:\/\/www.tion.ro\/stirile-judetului-timis\/ccr-a-declarat-constitutional-amendamentul-fritz-din-legea-integritatii-reactia-primarului-drumul-meu-continua-la-cedo-2335137\/#comment-1016025\">August 17, 2026 at 5:52 pm<\/a><\/div>\n<p>CCR nu a fost bun\u0103 niciodat\u0103, nici \u00een decembrie 2024, c\u00e2nd au transformat democra\u021bia \u00een junk. CCR e rodul Constitu\u021biei lui Iliescu, votat\u0103 de p\u0103rin\u021bii sau bunicii no\u0219tri, iar numirea lor de c\u0103tre partide a fost din start un conflict de interese vizibil din spa\u021biu!<\/p>\n<div class=\"reply\"><a rel=\"nofollow\" class=\"comment-reply-link\" href=\"https:\/\/www.tion.ro\/stirile-judetului-timis\/ccr-a-declarat-constitutional-amendamentul-fritz-din-legea-integritatii-reactia-primarului-drumul-meu-continua-la-cedo-2335137\/#comment-1016025\" data-commentid=\"1016025\" data-postid=\"2335137\" data-belowelement=\"div-comment-1016025\" data-respondelement=\"respond\" data-replyto=\"Reply to Bogdan\" aria-label=\"Reply to Bogdan\">Reply<\/a><\/div>\n<\/div>\n<\/li>\n<\/ul>\n<\/li>\n<li class=\"comment even thread-even depth-1\" id=\"comment-1015995\">\n<div id=\"div-comment-1015995\" class=\"comment-body\">\n<div class=\"comment-author vcard\"><img decoding=\"async\" alt src=\"https:\/\/secure.gravatar.com\/avatar\/0d8c1a429a497b05a826672bef63bc44?s=32&amp;d=mm&amp;r=g\" class=\"avatar avatar-32 photo\" height=\"32\" width=\"32\" loading=\"lazy\"><cite class=\"fn\">Unu<\/cite><span class=\"says\">says:<\/span><\/div>\n<div class=\"comment-meta commentmetadata\"><a href=\"https:\/\/www.tion.ro\/stirile-judetului-timis\/ccr-a-declarat-constitutional-amendamentul-fritz-din-legea-integritatii-reactia-primarului-drumul-meu-continua-la-cedo-2335137\/#comment-1015995\">August 17, 2026 at 5:11 pm<\/a><\/div>\n<p>Dar te rugam s\u0103 pleci \u2026FARA PENALI IN FUNCTII PUBLICE parc\u0103 era sloganul\u2026acum..hai sa ne uitam la iar\u2026\u00eencep\u00e2nd de la \u00eenceputuri\u2026\u0219i dac\u0103 tot pleci..ia cu tine \u0219i clasa politic\u0103 actual\u0103 ..PE TOATA\u2026pleca\u021bi dracu sa va ia TOTI<\/p>\n<div class=\"reply\"><a rel=\"nofollow\" class=\"comment-reply-link\" href=\"https:\/\/www.tion.ro\/stirile-judetului-timis\/ccr-a-declarat-constitutional-amendamentul-fritz-din-legea-integritatii-reactia-primarului-drumul-meu-continua-la-cedo-2335137\/#comment-1015995\" data-commentid=\"1015995\" data-postid=\"2335137\" data-belowelement=\"div-comment-1015995\" data-respondelement=\"respond\" data-replyto=\"Reply to Unu\" aria-label=\"Reply to Unu\">Reply<\/a><\/div>\n<\/div>\n<\/li>\n<li class=\"comment odd alt thread-odd thread-alt depth-1\" id=\"comment-1016004\">\n<div id=\"div-comment-1016004\" class=\"comment-body\">\n<div class=\"comment-author vcard\"><img decoding=\"async\" alt src=\"https:\/\/secure.gravatar.com\/avatar\/b96a6f588483e4739b7e1091304682e6?s=32&amp;d=mm&amp;r=g\" class=\"avatar avatar-32 photo\" height=\"32\" width=\"32\" loading=\"lazy\"><cite class=\"fn\">cigus-migus<\/cite><span class=\"says\">says:<\/span><\/div>\n<div class=\"comment-meta commentmetadata\"><a href=\"https:\/\/www.tion.ro\/stirile-judetului-timis\/ccr-a-declarat-constitutional-amendamentul-fritz-din-legea-integritatii-reactia-primarului-drumul-meu-continua-la-cedo-2335137\/#comment-1016004\">August 17, 2026 at 5:27 pm<\/a><\/div>\n<p>Multumim CCR pentru ca ai demonstrat inca o data faptul ca esti aservita PSD\u2026asemenea mizerii seamana a comunism, doar psd e un partid care deriva din FSN\/FDSN, condus\/infiintat de catre comunisti. Astept cu nerabdare sa-i vad pe cei aproximativ 40 de primari din celelalte partide daca platesc cu functiile\u2026daca da, psd a sacrificat o gramada de membrii din cadrul partidului ca sa inlature un adversar politic. Faina formatiune\u2026<\/p>\n<div class=\"reply\"><a rel=\"nofollow\" class=\"comment-reply-link\" href=\"https:\/\/www.tion.ro\/stirile-judetului-timis\/ccr-a-declarat-constitutional-amendamentul-fritz-din-legea-integritatii-reactia-primarului-drumul-meu-continua-la-cedo-2335137\/#comment-1016004\" data-commentid=\"1016004\" data-postid=\"2335137\" data-belowelement=\"div-comment-1016004\" data-respondelement=\"respond\" data-replyto=\"Reply to cigus-migus\" aria-label=\"Reply to cigus-migus\">Reply<\/a><\/div>\n<\/div>\n<\/li>\n<li class=\"comment even thread-even depth-1\" id=\"comment-1016010\">\n<div id=\"div-comment-1016010\" class=\"comment-body\">\n<div class=\"comment-author vcard\"><img decoding=\"async\" alt src=\"https:\/\/secure.gravatar.com\/avatar\/b8719800875fccc776b790891e31d666?s=32&amp;d=mm&amp;r=g\" class=\"avatar avatar-32 photo\" height=\"32\" width=\"32\" loading=\"lazy\"><cite class=\"fn\">uie_fritz<\/cite><span class=\"says\">says:<\/span><\/div>\n<div class=\"comment-meta commentmetadata\"><a href=\"https:\/\/www.tion.ro\/stirile-judetului-timis\/ccr-a-declarat-constitutional-amendamentul-fritz-din-legea-integritatii-reactia-primarului-drumul-meu-continua-la-cedo-2335137\/#comment-1016010\">August 17, 2026 at 5:28 pm<\/a><\/div>\n<p>FARA PENALI IN FUNCTII PUBLICE<\/p>\n<div class=\"reply\"><a rel=\"nofollow\" class=\"comment-reply-link\" href=\"https:\/\/www.tion.ro\/stirile-judetului-timis\/ccr-a-declarat-constitutional-amendamentul-fritz-din-legea-integritatii-reactia-primarului-drumul-meu-continua-la-cedo-2335137\/#comment-1016010\" data-commentid=\"1016010\" data-postid=\"2335137\" data-belowelement=\"div-comment-1016010\" data-respondelement=\"respond\" data-replyto=\"Reply to uie_fritz\" aria-label=\"Reply to uie_fritz\">Reply<\/a><\/div>\n<\/div>\n<\/li>\n<li class=\"comment odd alt thread-odd thread-alt depth-1\" id=\"comment-1016019\">\n<div id=\"div-comment-1016019\" class=\"comment-body\">\n<div class=\"comment-author vcard\"><img decoding=\"async\" alt src=\"https:\/\/secure.gravatar.com\/avatar\/d733687c14d562b39e293e66064f8394?s=32&amp;d=mm&amp;r=g\" class=\"avatar avatar-32 photo\" height=\"32\" width=\"32\" loading=\"lazy\"><cite class=\"fn\">Dorin<\/cite><span class=\"says\">says:<\/span><\/div>\n<div class=\"comment-meta commentmetadata\"><a href=\"https:\/\/www.tion.ro\/stirile-judetului-timis\/ccr-a-declarat-constitutional-amendamentul-fritz-din-legea-integritatii-reactia-primarului-drumul-meu-continua-la-cedo-2335137\/#comment-1016019\">August 17, 2026 at 5:40 pm<\/a><\/div>\n<p>Care era sloganul vostru? \u201cFara penali in functii publice\u201d acum problema voastra e: \u201cDe ce legea se aplica retoactiv\u201d. Deci ai gresit dar legea sa nu se aplice retroactiv ca altfel e vina PSD.  Ma faci sa rad : \u201ctelefoanele din Kiseleff\u201d cine s-a intalnit pe ascuns cu presedinta CCR in biroul unei terte persoane? Ati furnizat doar corupti in functii publice: Clotilde Armand, Vlad Voiculescu si multi altii care au spoliat Romania de miliarde de euro.<\/p>\n<div class=\"reply\"><a rel=\"nofollow\" class=\"comment-reply-link\" href=\"https:\/\/www.tion.ro\/stirile-judetului-timis\/ccr-a-declarat-constitutional-amendamentul-fritz-din-legea-integritatii-reactia-primarului-drumul-meu-continua-la-cedo-2335137\/#comment-1016019\" data-commentid=\"1016019\" data-postid=\"2335137\" data-belowelement=\"div-comment-1016019\" data-respondelement=\"respond\" data-replyto=\"Reply to Dorin\" aria-label=\"Reply to Dorin\">Reply<\/a><\/div>\n<\/div>\n<\/li>\n<li class=\"comment even thread-even depth-1\" id=\"comment-1016046\">\n<div id=\"div-comment-1016046\" class=\"comment-body\">\n<div class=\"comment-author vcard\"><img decoding=\"async\" alt src=\"https:\/\/secure.gravatar.com\/avatar\/23c7c1b827162c34ca7268a1ad16da29?s=32&amp;d=mm&amp;r=g\" class=\"avatar avatar-32 photo\" height=\"32\" width=\"32\" loading=\"lazy\"><cite class=\"fn\">tibi<\/cite><span class=\"says\">says:<\/span><\/div>\n<div class=\"comment-meta commentmetadata\"><a href=\"https:\/\/www.tion.ro\/stirile-judetului-timis\/ccr-a-declarat-constitutional-amendamentul-fritz-din-legea-integritatii-reactia-primarului-drumul-meu-continua-la-cedo-2335137\/#comment-1016046\">August 17, 2026 at 6:46 pm<\/a><\/div>\n<p>Fritz Relax te vor santaja la instaurarea urmatorului guvern ND nu va da gir acestei legii<\/p>\n<div class=\"reply\"><a rel=\"nofollow\" class=\"comment-reply-link\" href=\"https:\/\/www.tion.ro\/stirile-judetului-timis\/ccr-a-declarat-constitutional-amendamentul-fritz-din-legea-integritatii-reactia-primarului-drumul-meu-continua-la-cedo-2335137\/#comment-1016046\" data-commentid=\"1016046\" data-postid=\"2335137\" data-belowelement=\"div-comment-1016046\" data-respondelement=\"respond\" data-replyto=\"Reply to tibi\" aria-label=\"Reply to tibi\">Reply<\/a><\/div>\n<\/div>\n<\/li>\n<\/div>\n<\/div>\n<\/div>\n<\/article>\n<div class=\"entry-content clearfix\">\n<div class=\"enewsArticleContent\">\n<p>Curtea Constitu\u021bional\u0103 a Rom\u00e2niei (CCR) a declarat constitu\u021bional amendamentul introdus \u00een Legea integrit\u0103\u021bii la ini\u021biativa PSD \u0219i AUR, prin care ale\u0219ii g\u0103si\u021bi definitiv \u00een stare de incompatibilitate sau conflict de interese \u00ee\u0219i pot pierde func\u021bia, scrie Agerpres. Este vorba despre celebrul \u201eamendament Fritz\u201d, pe care judec\u0103torii CCR l-au apreciat, cu majoritate de voturi, constitu\u021bional.<\/p>\n<p>Amendamentul se refer\u0103 la persoanele pentru care, p\u00e2n\u0103 la data intr\u0103rii \u00een vigoare a noii legi, a fost constatat\u0103 definitiv starea de incompatibilitate sau conflict de interese \u0219i pentru care nu s-a \u00eemplinit \u00eenc\u0103 termenul de trei ani aferent interdic\u021biei prev\u0103zute de legisla\u021bie. \u00cen cazul acestora, func\u021bia, demnitatea public\u0103 sau mandatul \u00eenceteaz\u0103 de drept la 30 de zile de la intrarea \u00een vigoare a legii.<\/p>\n<p>Prevederea a fost criticat\u0103 de reprezentan\u021bii USR, care au sus\u021binut c\u0103 modificarea \u00eel vizeaz\u0103 \u00een mod direct pe pre\u0219edintele partidului, Dominic Fritz. Primarul Timi\u0219oarei risc\u0103 astfel s\u0103 \u00ee\u0219i piard\u0103 mandatul \u00een urma deciziei definitive privind conflictul de interese.<\/p>\n<h3><strong>Fritz: \u201eDrumul meu continu\u0103 la CEDO\u201d<\/strong><\/h3>\n<p>\u00cen replic\u0103, la pu\u021bin timp de la decizia CCR, primarul Timi\u0219oarei a spus c\u0103 \u201e\u00een loc s\u0103 opreasc\u0103 un brutal abuz de putere, majoritatea PSD din Curtea Constitu\u021bional\u0103 tocmai l-a validat\u201d.<\/p>\n<blockquote>\n<p>\u201eDac\u0103 pre\u0219edintele va promulga legea ANI, mandatul meu de primar va \u00eenceta \u00een 30 zile, ca o sanc\u021biune retroactiv\u0103 pentru lucruri care s-au \u00eent\u00e2mplat \u00eenainte s\u0103 intre \u00een vigoare legea. Nevoia mafiei privilegia\u021bilor de a sc\u0103pa de mine \u00eei face s\u0103 ac\u021bioneze disperat p\u00e2n\u0103 \u00eentr-acolo \u00eenc\u00e2t demoleaz\u0103 bazele democra\u021biei. Un stat de drept care exist\u0103 doar atunci c\u00e2nd PSD \u00ee\u0219i dore\u0219te, nu mai este stat de drept.<\/p>\n<p>Art. 15 din Constitu\u021bie \u00ablegea dispune numai pentru viitor\u00bb a fost suspendat azi pentru mine. M\u00e2ine poate fi suspendat pentru oricine. De azi \u00eenainte, orice majoritate parlamentar\u0103 poate inventa pedepse pentru trecut, croite pe numele unui adversar politic, iar CCR-ul controlat politic le va parafa.<\/p>\n<p>\u00cen fa\u021ba Comisiei Europene, PSD va trebui s\u0103 explice cum o lege-jalon de 770 de milioane de euro a fost transformat\u0103 \u00eentr-o arm\u0103 \u00eempotriva unui primar ales de dou\u0103 ori. \u00cen fa\u021ba investitorilor, va fi mai greu de explicat de ce s\u0103 creeze locuri de munc\u0103 la noi dac\u0103 tot statul e la cheremul unui singur partid corupt\u201d, a scris Fritz \u00eentr-o postare pe Facebook.<\/p>\n<\/blockquote>\n<p>Acesta mai spune c\u0103 PSD a dovedit c\u0103 nu e partidul \u201ecurat, pro-european\u201d care s-a declarat a fi, dorind toat\u0103 puterea \u00een stat.<\/p>\n<blockquote>\n<p>\u201eDrumul meu continu\u0103 la CEDO, unde nu ajung telefoanele din Kiseleff. Nu m\u0103 voi lupta pentru mine, ci pentru votul liber dat de timi\u0219oreni\u201d, a concluzionat primarul Timi\u0219oarei.<\/p>\n<\/blockquote>\n<p>V\u0103 amintim, <strong><a href=\"https:\/\/www.tion.ro\/stirile-judetului-timis\/primarul-dominic-fritz-acuzat-de-conflict-de-interese-de-ani-1892573\/\" target=\"_blank\" rel=\"noopener\">ANI l-a declarat pe Fritz \u00een conflict de interese \u00eenc\u0103 din 2024<\/a><\/strong>, iar dup\u0103 mai multe lupte directe sau indirecte \u00een instan\u021b\u0103, <strong><a href=\"https:\/\/www.tion.ro\/stirile-judetului-timis\/e-oficial-fritz-pierde-procesul-cu-ani-iar-conflictul-de-interese-este-confirmat-definitiv-2297787\/\" target=\"_blank\" rel=\"noopener\">\u00een iunie a venit \u0219i decizia definitiv\u0103 a \u00ceCCJ, care a confirmat raportul ANI<\/a><\/strong>. Fritz a fost sanc\u021bionat de prefectul de Timi\u0219 doar cu reducerea indemniza\u021biei cu 10%, dar potrivit <strong><a href=\"https:\/\/www.tion.ro\/romania\/legea-integritatii-a-trecut-si-de-senat-cu-tot-cu-amendamentul-fritz-proiectul-merge-spre-promulgare-2329632\/\" target=\"_blank\" rel=\"noopener\">amendamentului PSD din noua lege a integrit\u0103\u021bii<\/a><\/strong> \u2013 care trebuie s\u0103 fie \u00een vigoare p\u00e2n\u0103 la finalul lunii pentru a fi \u00eendeplinit un jalon din PNRR, acesta ar urma s\u0103 \u00ee\u0219i piard\u0103 totu\u0219i mandatul.<\/p>\n<div class=\"fbShareLikeTwitterAndEmailContainer\">\n<div class=\"wrapper\">\n<div class=\"email\">\n<div id=\"mailto-pop\" class=\"pop-form pop-form-mailto\">\n<div class=\"pop-form-header\">\n<h4>Trimite articolul<\/h4>\n<p><a class=\"pop-form-close\">X<\/a><\/div>\n<\/div>\n<\/div>\n<\/div>\n<\/div>\n<div class=\"tagsContainer\">\n<div class=\"tagsLabel\">Taguri:<\/div>\n<div class=\"tags\">\n<div class=\"tag\"><a href=\"https:\/\/www.tion.ro\/cimke\/amendamentul-fritz\" rel=\"tag\"><span class=\"link\">amendamentul fritz<\/span><span class=\"separator\">,<\/span><\/a><\/div>\n<div class=\"tag\"><a href=\"https:\/\/www.tion.ro\/cimke\/conflict-de-interese-fritz\" rel=\"tag\"><span class=\"link\">conflict de interese Fritz<\/span><span class=\"separator\">,<\/span><\/a><\/div>\n<div class=\"tag\"><a href=\"https:\/\/www.tion.ro\/cimke\/legea-integritatii\" rel=\"tag\"><span class=\"link\">legea integrit\u0103\u021bii<\/span><\/a><\/div>\n<\/div>\n<\/div>\n<div class=\"comments\">\n<div class=\"top\">\n<div class=\"commentsNumber\"><span class=\"number\">11<\/span><span class=\"text\">Comentarii<\/span><\/div>\n<\/div>\n<div class=\"center\">\n<div id=\"respond\" class=\"comment-respond\">\n<h3 id=\"reply-title\" class=\"comment-reply-title\"><small><a rel=\"nofollow\" id=\"cancel-comment-reply-link\" href=\"https:\/\/www.tion.ro\/stirile-judetului-timis\/ccr-a-declarat-constitutional-amendamentul-fritz-din-legea-integritatii-reactia-primarului-drumul-meu-continua-la-cedo-2335137\/#respond\">Cancel reply<\/a><\/small><\/h3>\n<p class=\"comment-notes\"><span id=\"email-notes\">Your email address will not be published.<\/span><span class=\"required-field-message\">Required fields are marked <span class=\"required\">*<\/span><\/span><\/p>\n<p class=\"commentFormComment\"><span id=\"commentFormCount\"><br \/>\n                            inca<br \/>\n                            <span id=\"countCommentText\">1000<\/span><br \/>\n                            caractere ramase<br \/>\n                        <\/span><\/p>\n<\/div>\n<\/div>\n<div class=\"bottom\">\n<p class=\"forumDisclaimerHuRo\">\n            Citi\u021bi principiile noastre de moderare <a href=\"https:\/\/www.tion.ro\/reguli-postare-comentarii\/\" target=\"_blank\">aici<\/a>!\n        <\/p>\n<\/div>\n<\/div>\n<div id=\"forum\">\n<li class=\"comment even thread-even depth-1 parent\" id=\"comment-1015965\">\n<div id=\"div-comment-1015965\" class=\"comment-body\">\n<div class=\"comment-author vcard\"><img decoding=\"async\" alt src=\"https:\/\/secure.gravatar.com\/avatar\/d71f5711f058f90917a193a1cddb25c1?s=32&amp;d=mm&amp;r=g\" class=\"avatar avatar-32 photo\" height=\"32\" width=\"32\" loading=\"lazy\"><cite class=\"fn\">AntiBulangiii rusofili<\/cite><span class=\"says\">says:<\/span><\/div>\n<div class=\"comment-meta commentmetadata\"><a href=\"https:\/\/www.tion.ro\/stirile-judetului-timis\/ccr-a-declarat-constitutional-amendamentul-fritz-din-legea-integritatii-reactia-primarului-drumul-meu-continua-la-cedo-2335137\/#comment-1015965\">August 17, 2026 at 4:48 pm<\/a><\/div>\n<p>Sa isi piarda mandatele toti cei de la psd-guru incepand de maine si sa aiba interdictie 10 ani plus returnarea lefurilor primite plus interdictie 500 de ani pentru partidul care i-a propus! Sa nu mai vedem picior de psd-guru in administratia publica!<\/p>\n<div class=\"reply\"><a rel=\"nofollow\" class=\"comment-reply-link\" href=\"https:\/\/www.tion.ro\/stirile-judetului-timis\/ccr-a-declarat-constitutional-amendamentul-fritz-din-legea-integritatii-reactia-primarului-drumul-meu-continua-la-cedo-2335137\/#comment-1015965\" data-commentid=\"1015965\" data-postid=\"2335137\" data-belowelement=\"div-comment-1015965\" data-respondelement=\"respond\" data-replyto=\"Reply to AntiBulangiii rusofili\" aria-label=\"Reply to AntiBulangiii rusofili\">Reply<\/a><\/div>\n<\/div>\n<ul class=\"children\">\n<li class=\"comment odd alt depth-2\" id=\"comment-1015998\">\n<div id=\"div-comment-1015998\" class=\"comment-body\">\n<div class=\"comment-author vcard\"><img decoding=\"async\" alt src=\"https:\/\/secure.gravatar.com\/avatar\/88e0c64c631ee370f7e101a5822433b6?s=32&amp;d=mm&amp;r=g\" class=\"avatar avatar-32 photo\" height=\"32\" width=\"32\" loading=\"lazy\"><cite class=\"fn\">gogu<\/cite><span class=\"says\">says:<\/span><\/div>\n<div class=\"comment-meta commentmetadata\"><a href=\"https:\/\/www.tion.ro\/stirile-judetului-timis\/ccr-a-declarat-constitutional-amendamentul-fritz-din-legea-integritatii-reactia-primarului-drumul-meu-continua-la-cedo-2335137\/#comment-1015998\">August 17, 2026 at 5:20 pm<\/a><\/div>\n<p>sa isi piarda. cu tot cu fritz comunistul<\/p>\n<div class=\"reply\"><a rel=\"nofollow\" class=\"comment-reply-link\" href=\"https:\/\/www.tion.ro\/stirile-judetului-timis\/ccr-a-declarat-constitutional-amendamentul-fritz-din-legea-integritatii-reactia-primarului-drumul-meu-continua-la-cedo-2335137\/#comment-1015998\" data-commentid=\"1015998\" data-postid=\"2335137\" data-belowelement=\"div-comment-1015998\" data-respondelement=\"respond\" data-replyto=\"Reply to gogu\" aria-label=\"Reply to gogu\">Reply<\/a><\/div>\n<\/div>\n<\/li>\n<\/ul>\n<\/li>\n<li class=\"comment even thread-odd thread-alt depth-1\" id=\"comment-1015980\">\n<div id=\"div-comment-1015980\" class=\"comment-body\">\n<div class=\"comment-author vcard\"><img decoding=\"async\" alt src=\"https:\/\/secure.gravatar.com\/avatar\/8e026750ca049c073161ea6a2cacb9b0?s=32&amp;d=mm&amp;r=g\" class=\"avatar avatar-32 photo\" height=\"32\" width=\"32\" loading=\"lazy\"><cite class=\"fn\">afara si acasa<\/cite><span class=\"says\">says:<\/span><\/div>\n<div class=\"comment-meta commentmetadata\"><a href=\"https:\/\/www.tion.ro\/stirile-judetului-timis\/ccr-a-declarat-constitutional-amendamentul-fritz-din-legea-integritatii-reactia-primarului-drumul-meu-continua-la-cedo-2335137\/#comment-1015980\">August 17, 2026 at 4:58 pm<\/a><\/div>\n<p>Cum era? Cand CCR a dat lovitura de stat v-a placut, nu-i asa? Acum, brusc aia rai de la PSD va arunca la pubela istoriei unde va este locul si nu va convine, nu? Ratati misiunea pe UM?<br \/>\nStiti cum striga politia romana la poarta lu Baselu? Va amintesc eu: Iesi afara, javra ordinara!<\/p>\n<div class=\"reply\"><a rel=\"nofollow\" class=\"comment-reply-link\" href=\"https:\/\/www.tion.ro\/stirile-judetului-timis\/ccr-a-declarat-constitutional-amendamentul-fritz-din-legea-integritatii-reactia-primarului-drumul-meu-continua-la-cedo-2335137\/#comment-1015980\" data-commentid=\"1015980\" data-postid=\"2335137\" data-belowelement=\"div-comment-1015980\" data-respondelement=\"respond\" data-replyto=\"Reply to afara si acasa\" aria-label=\"Reply to afara si acasa\">Reply<\/a><\/div>\n<\/div>\n<\/li>\n<li class=\"comment odd alt thread-even depth-1\" id=\"comment-1015983\">\n<div id=\"div-comment-1015983\" class=\"comment-body\">\n<div class=\"comment-author vcard\"><img decoding=\"async\" alt src=\"https:\/\/secure.gravatar.com\/avatar\/519f8ac2129f11028bf0cd8ca265782e?s=32&amp;d=mm&amp;r=g\" class=\"avatar avatar-32 photo\" height=\"32\" width=\"32\" loading=\"lazy\"><cite class=\"fn\">Emanuel<\/cite><span class=\"says\">says:<\/span><\/div>\n<div class=\"comment-meta commentmetadata\"><a href=\"https:\/\/www.tion.ro\/stirile-judetului-timis\/ccr-a-declarat-constitutional-amendamentul-fritz-din-legea-integritatii-reactia-primarului-drumul-meu-continua-la-cedo-2335137\/#comment-1015983\">August 17, 2026 at 4:58 pm<\/a><\/div>\n<p>Drumu tau ii la cosu de gunoi al istoriei.<br \/>\nSau ati uitat de Fara penali !!!<\/p>\n<div class=\"reply\"><a rel=\"nofollow\" class=\"comment-reply-link\" href=\"https:\/\/www.tion.ro\/stirile-judetului-timis\/ccr-a-declarat-constitutional-amendamentul-fritz-din-legea-integritatii-reactia-primarului-drumul-meu-continua-la-cedo-2335137\/#comment-1015983\" data-commentid=\"1015983\" data-postid=\"2335137\" data-belowelement=\"div-comment-1015983\" data-respondelement=\"respond\" data-replyto=\"Reply to Emanuel\" aria-label=\"Reply to Emanuel\">Reply<\/a><\/div>\n<\/div>\n<\/li>\n<li class=\"comment even thread-odd thread-alt depth-1 parent\" id=\"comment-1015986\">\n<div id=\"div-comment-1015986\" class=\"comment-body\">\n<div class=\"comment-author vcard\"><img decoding=\"async\" alt src=\"https:\/\/secure.gravatar.com\/avatar\/383f909d4003158305b2930f9ca794ac?s=32&amp;d=mm&amp;r=g\" class=\"avatar avatar-32 photo\" height=\"32\" width=\"32\" loading=\"lazy\"><cite class=\"fn\">Rumburak<\/cite><span class=\"says\">says:<\/span><\/div>\n<div class=\"comment-meta commentmetadata\"><a href=\"https:\/\/www.tion.ro\/stirile-judetului-timis\/ccr-a-declarat-constitutional-amendamentul-fritz-din-legea-integritatii-reactia-primarului-drumul-meu-continua-la-cedo-2335137\/#comment-1015986\">August 17, 2026 at 5:04 pm<\/a><\/div>\n<p>Ccr era buna \u00een decembrie 2024, nu e buna \u00een august 2026\u2026<\/p>\n<div class=\"reply\"><a rel=\"nofollow\" class=\"comment-reply-link\" href=\"https:\/\/www.tion.ro\/stirile-judetului-timis\/ccr-a-declarat-constitutional-amendamentul-fritz-din-legea-integritatii-reactia-primarului-drumul-meu-continua-la-cedo-2335137\/#comment-1015986\" data-commentid=\"1015986\" data-postid=\"2335137\" data-belowelement=\"div-comment-1015986\" data-respondelement=\"respond\" data-replyto=\"Reply to Rumburak\" aria-label=\"Reply to Rumburak\">Reply<\/a><\/div>\n<\/div>\n<ul class=\"children\">\n<li class=\"comment odd alt depth-2\" id=\"comment-1016025\">\n<div id=\"div-comment-1016025\" class=\"comment-body\">\n<div class=\"comment-author vcard\"><img decoding=\"async\" alt src=\"https:\/\/secure.gravatar.com\/avatar\/7ada3240347ff6b4cf20cbd0ad9f2135?s=32&amp;d=mm&amp;r=g\" class=\"avatar avatar-32 photo\" height=\"32\" width=\"32\" loading=\"lazy\"><cite class=\"fn\">Bogdan<\/cite><span class=\"says\">says:<\/span><\/div>\n<div class=\"comment-meta commentmetadata\"><a href=\"https:\/\/www.tion.ro\/stirile-judetului-timis\/ccr-a-declarat-constitutional-amendamentul-fritz-din-legea-integritatii-reactia-primarului-drumul-meu-continua-la-cedo-2335137\/#comment-1016025\">August 17, 2026 at 5:52 pm<\/a><\/div>\n<p>CCR nu a fost bun\u0103 niciodat\u0103, nici \u00een decembrie 2024, c\u00e2nd au transformat democra\u021bia \u00een junk. CCR e rodul Constitu\u021biei lui Iliescu, votat\u0103 de p\u0103rin\u021bii sau bunicii no\u0219tri, iar numirea lor de c\u0103tre partide a fost din start un conflict de interese vizibil din spa\u021biu!<\/p>\n<div class=\"reply\"><a rel=\"nofollow\" class=\"comment-reply-link\" href=\"https:\/\/www.tion.ro\/stirile-judetului-timis\/ccr-a-declarat-constitutional-amendamentul-fritz-din-legea-integritatii-reactia-primarului-drumul-meu-continua-la-cedo-2335137\/#comment-1016025\" data-commentid=\"1016025\" data-postid=\"2335137\" data-belowelement=\"div-comment-1016025\" data-respondelement=\"respond\" data-replyto=\"Reply to Bogdan\" aria-label=\"Reply to Bogdan\">Reply<\/a><\/div>\n<\/div>\n<\/li>\n<\/ul>\n<\/li>\n<li class=\"comment even thread-even depth-1\" id=\"comment-1015995\">\n<div id=\"div-comment-1015995\" class=\"comment-body\">\n<div class=\"comment-author vcard\"><img decoding=\"async\" alt src=\"https:\/\/secure.gravatar.com\/avatar\/0d8c1a429a497b05a826672bef63bc44?s=32&amp;d=mm&amp;r=g\" class=\"avatar avatar-32 photo\" height=\"32\" width=\"32\" loading=\"lazy\"><cite class=\"fn\">Unu<\/cite><span class=\"says\">says:<\/span><\/div>\n<div class=\"comment-meta commentmetadata\"><a href=\"https:\/\/www.tion.ro\/stirile-judetului-timis\/ccr-a-declarat-constitutional-amendamentul-fritz-din-legea-integritatii-reactia-primarului-drumul-meu-continua-la-cedo-2335137\/#comment-1015995\">August 17, 2026 at 5:11 pm<\/a><\/div>\n<p>Dar te rugam s\u0103 pleci \u2026FARA PENALI IN FUNCTII PUBLICE parc\u0103 era sloganul\u2026acum..hai sa ne uitam la iar\u2026\u00eencep\u00e2nd de la \u00eenceputuri\u2026\u0219i dac\u0103 tot pleci..ia cu tine \u0219i clasa politic\u0103 actual\u0103 ..PE TOATA\u2026pleca\u021bi dracu sa va ia TOTI<\/p>\n<div class=\"reply\"><a rel=\"nofollow\" class=\"comment-reply-link\" href=\"https:\/\/www.tion.ro\/stirile-judetului-timis\/ccr-a-declarat-constitutional-amendamentul-fritz-din-legea-integritatii-reactia-primarului-drumul-meu-continua-la-cedo-2335137\/#comment-1015995\" data-commentid=\"1015995\" data-postid=\"2335137\" data-belowelement=\"div-comment-1015995\" data-respondelement=\"respond\" data-replyto=\"Reply to Unu\" aria-label=\"Reply to Unu\">Reply<\/a><\/div>\n<\/div>\n<\/li>\n<li class=\"comment odd alt thread-odd thread-alt depth-1\" id=\"comment-1016004\">\n<div id=\"div-comment-1016004\" class=\"comment-body\">\n<div class=\"comment-author vcard\"><img decoding=\"async\" alt src=\"https:\/\/secure.gravatar.com\/avatar\/b96a6f588483e4739b7e1091304682e6?s=32&amp;d=mm&amp;r=g\" class=\"avatar avatar-32 photo\" height=\"32\" width=\"32\" loading=\"lazy\"><cite class=\"fn\">cigus-migus<\/cite><span class=\"says\">says:<\/span><\/div>\n<div class=\"comment-meta commentmetadata\"><a href=\"https:\/\/www.tion.ro\/stirile-judetului-timis\/ccr-a-declarat-constitutional-amendamentul-fritz-din-legea-integritatii-reactia-primarului-drumul-meu-continua-la-cedo-2335137\/#comment-1016004\">August 17, 2026 at 5:27 pm<\/a><\/div>\n<p>Multumim CCR pentru ca ai demonstrat inca o data faptul ca esti aservita PSD\u2026asemenea mizerii seamana a comunism, doar psd e un partid care deriva din FSN\/FDSN, condus\/infiintat de catre comunisti. Astept cu nerabdare sa-i vad pe cei aproximativ 40 de primari din celelalte partide daca platesc cu functiile\u2026daca da, psd a sacrificat o gramada de membrii din cadrul partidului ca sa inlature un adversar politic. Faina formatiune\u2026<\/p>\n<div class=\"reply\"><a rel=\"nofollow\" class=\"comment-reply-link\" href=\"https:\/\/www.tion.ro\/stirile-judetului-timis\/ccr-a-declarat-constitutional-amendamentul-fritz-din-legea-integritatii-reactia-primarului-drumul-meu-continua-la-cedo-2335137\/#comment-1016004\" data-commentid=\"1016004\" data-postid=\"2335137\" data-belowelement=\"div-comment-1016004\" data-respondelement=\"respond\" data-replyto=\"Reply to cigus-migus\" aria-label=\"Reply to cigus-migus\">Reply<\/a><\/div>\n<\/div>\n<\/li>\n<li class=\"comment even thread-even depth-1\" id=\"comment-1016010\">\n<div id=\"div-comment-1016010\" class=\"comment-body\">\n<div class=\"comment-author vcard\"><img decoding=\"async\" alt src=\"https:\/\/secure.gravatar.com\/avatar\/b8719800875fccc776b790891e31d666?s=32&amp;d=mm&amp;r=g\" class=\"avatar avatar-32 photo\" height=\"32\" width=\"32\" loading=\"lazy\"><cite class=\"fn\">uie_fritz<\/cite><span class=\"says\">says:<\/span><\/div>\n<div class=\"comment-meta commentmetadata\"><a href=\"https:\/\/www.tion.ro\/stirile-judetului-timis\/ccr-a-declarat-constitutional-amendamentul-fritz-din-legea-integritatii-reactia-primarului-drumul-meu-continua-la-cedo-2335137\/#comment-1016010\">August 17, 2026 at 5:28 pm<\/a><\/div>\n<p>FARA PENALI IN FUNCTII PUBLICE<\/p>\n<div class=\"reply\"><a rel=\"nofollow\" class=\"comment-reply-link\" href=\"https:\/\/www.tion.ro\/stirile-judetului-timis\/ccr-a-declarat-constitutional-amendamentul-fritz-din-legea-integritatii-reactia-primarului-drumul-meu-continua-la-cedo-2335137\/#comment-1016010\" data-commentid=\"1016010\" data-postid=\"2335137\" data-belowelement=\"div-comment-1016010\" data-respondelement=\"respond\" data-replyto=\"Reply to uie_fritz\" aria-label=\"Reply to uie_fritz\">Reply<\/a><\/div>\n<\/div>\n<\/li>\n<li class=\"comment odd alt thread-odd thread-alt depth-1\" id=\"comment-1016019\">\n<div id=\"div-comment-1016019\" class=\"comment-body\">\n<div class=\"comment-author vcard\"><img decoding=\"async\" alt src=\"https:\/\/secure.gravatar.com\/avatar\/d733687c14d562b39e293e66064f8394?s=32&amp;d=mm&amp;r=g\" class=\"avatar avatar-32 photo\" height=\"32\" width=\"32\" loading=\"lazy\"><cite class=\"fn\">Dorin<\/cite><span class=\"says\">says:<\/span><\/div>\n<div class=\"comment-meta commentmetadata\"><a href=\"https:\/\/www.tion.ro\/stirile-judetului-timis\/ccr-a-declarat-constitutional-amendamentul-fritz-din-legea-integritatii-reactia-primarului-drumul-meu-continua-la-cedo-2335137\/#comment-1016019\">August 17, 2026 at 5:40 pm<\/a><\/div>\n<p>Care era sloganul vostru? \u201cFara penali in functii publice\u201d acum problema voastra e: \u201cDe ce legea se aplica retoactiv\u201d. Deci ai gresit dar legea sa nu se aplice retroactiv ca altfel e vina PSD.  Ma faci sa rad : \u201ctelefoanele din Kiseleff\u201d cine s-a intalnit pe ascuns cu presedinta CCR in biroul unei terte persoane? Ati furnizat doar corupti in functii publice: Clotilde Armand, Vlad Voiculescu si multi altii care au spoliat Romania de miliarde de euro.<\/p>\n<div class=\"reply\"><a rel=\"nofollow\" class=\"comment-reply-link\" href=\"https:\/\/www.tion.ro\/stirile-judetului-timis\/ccr-a-declarat-constitutional-amendamentul-fritz-din-legea-integritatii-reactia-primarului-drumul-meu-continua-la-cedo-2335137\/#comment-1016019\" data-commentid=\"1016019\" data-postid=\"2335137\" data-belowelement=\"div-comment-1016019\" data-respondelement=\"respond\" data-replyto=\"Reply to Dorin\" aria-label=\"Reply to Dorin\">Reply<\/a><\/div>\n<\/div>\n<\/li>\n<li class=\"comment even thread-even depth-1\" id=\"comment-1016046\">\n<div id=\"div-comment-1016046\" class=\"comment-body\">\n<div class=\"comment-author vcard\"><img decoding=\"async\" alt src=\"https:\/\/secure.gravatar.com\/avatar\/23c7c1b827162c34ca7268a1ad16da29?s=32&amp;d=mm&amp;r=g\" class=\"avatar avatar-32 photo\" height=\"32\" width=\"32\" loading=\"lazy\"><cite class=\"fn\">tibi<\/cite><span class=\"says\">says:<\/span><\/div>\n<div class=\"comment-meta commentmetadata\"><a href=\"https:\/\/www.tion.ro\/stirile-judetului-timis\/ccr-a-declarat-constitutional-amendamentul-fritz-din-legea-integritatii-reactia-primarului-drumul-meu-continua-la-cedo-2335137\/#comment-1016046\">August 17, 2026 at 6:46 pm<\/a><\/div>\n<p>Fritz Relax te vor santaja la instaurarea urmatorului guvern ND nu va da gir acestei legii<\/p>\n<div class=\"reply\"><a rel=\"nofollow\" class=\"comment-reply-link\" href=\"https:\/\/www.tion.ro\/stirile-judetului-timis\/ccr-a-declarat-constitutional-amendamentul-fritz-din-legea-integritatii-reactia-primarului-drumul-meu-continua-la-cedo-2335137\/#comment-1016046\" data-commentid=\"1016046\" data-postid=\"2335137\" data-belowelement=\"div-comment-1016046\" data-respondelement=\"respond\" data-replyto=\"Reply to tibi\" aria-label=\"Reply to tibi\">Reply<\/a><\/div>\n<\/div>\n<\/li>\n<\/div>\n<\/div>\n<\/div>\n<p>[analyse_source url=&#8221;https:\/\/www.tion.ro\/stirile-judetului-timis\/ccr-a-declarat-constitutional-amendamentul-fritz-din-legea-integritatii-reactia-primarului-drumul-meu-continua-la-cedo-2335137\/&#8221;]<\/p>\n","protected":false},"excerpt":{"rendered":"<p>[analyse_image type=&#8221;featured&#8221; src=&#8221;https:\/\/www.tion.ro\/wp-content\/uploads\/2025\/10\/+otf\/1200&#215;630\/vt5oxR4l889aoTgN59HAIU5PVF9WRVJZX1NFQ5sEsjiogmLhaYMI639lnwj3gcRdks__Jj3oE3qWqW2222Dy980Ugd6DqzDtagTNAtmWnwu8hRa__5EWoyra5E__rw=\/1815116dominicfritz.jpg&#8221;] Curtea Constitu\u021bional\u0103 a Rom\u00e2niei (CCR) a declarat constitu\u021bional amendamentul introdus \u00een Legea integrit\u0103\u021bii la ini\u021biativa PSD \u0219i AUR, prin care ale\u0219ii g\u0103si\u021bi definitiv \u00een stare de incompatibilitate sau conflict de interese \u00ee\u0219i pot pierde func\u021bia, scrie Agerpres. Este vorba despre celebrul \u201eamendament Fritz\u201d, pe care judec\u0103torii CCR l-au apreciat, cu majoritate de [&hellip;]<\/p>\n","protected":false},"author":1,"featured_media":0,"comment_status":"open","ping_status":"","sticky":false,"template":"","format":"standard","meta":{"footnotes":""},"categories":[89],"tags":[226,191],"class_list":["post-2097621","post","type-post","status-publish","format-standard","hentry","category-romania","tag-crawlmanager","tag-tion-ro"],"_links":{"self":[{"href":"https:\/\/analyse.optim.biz\/index.php?rest_route=\/wp\/v2\/posts\/2097621","targetHints":{"allow":["GET"]}}],"collection":[{"href":"https:\/\/analyse.optim.biz\/index.php?rest_route=\/wp\/v2\/posts"}],"about":[{"href":"https:\/\/analyse.optim.biz\/index.php?rest_route=\/wp\/v2\/types\/post"}],"author":[{"embeddable":true,"href":"https:\/\/analyse.optim.biz\/index.php?rest_route=\/wp\/v2\/users\/1"}],"replies":[{"embeddable":true,"href":"https:\/\/analyse.optim.biz\/index.php?rest_route=%2Fwp%2Fv2%2Fcomments&post=2097621"}],"version-history":[{"count":0,"href":"https:\/\/analyse.optim.biz\/index.php?rest_route=\/wp\/v2\/posts\/2097621\/revisions"}],"wp:attachment":[{"href":"https:\/\/analyse.optim.biz\/index.php?rest_route=%2Fwp%2Fv2%2Fmedia&parent=2097621"}],"wp:term":[{"taxonomy":"category","embeddable":true,"href":"https:\/\/analyse.optim.biz\/index.php?rest_route=%2Fwp%2Fv2%2Fcategories&post=2097621"},{"taxonomy":"post_tag","embeddable":true,"href":"https:\/\/analyse.optim.biz\/index.php?rest_route=%2Fwp%2Fv2%2Ftags&post=2097621"}],"curies":[{"name":"wp","href":"https:\/\/api.w.org\/{rel}","templated":true}]}}