{"id":2097569,"date":"2026-08-17T09:28:27","date_gmt":"2026-08-17T06:28:27","guid":{"rendered":"https:\/\/analyse.optim.biz\/?p=2097569"},"modified":"2026-08-17T09:28:27","modified_gmt":"2026-08-17T06:28:27","slug":"bogdan-ivan-romania-a-platit-sapte-milioane-de-euro-pe-importuri-de-energie-in-numai-trei-zile-jumatate","status":"publish","type":"post","link":"https:\/\/analyse.optim.biz\/?p=2097569","title":{"rendered":"Bogdan Ivan: Rom\u00e2nia a pl\u0103tit \u0219apte milioane de euro pe importuri de energie \u00een numai trei zile jum\u0103tate"},"content":{"rendered":"<p>[analyse_image type=&#8221;featured&#8221; src=&#8221;https:\/\/radiogoldfm.ro\/wp-content\/uploads\/2026\/08\/bogdan-ivan_U7XU7.webphttps:\/\/radiogoldfm.ro\/wp-content\/uploads\/2026\/08\/bogdan-ivan_U7XU7.webp&#8221;]<\/p>\n<div class=\"qt-the-content\">\n<p><strong>Fostul ministru al\u00a0<\/strong><a href=\"https:\/\/www.stiripesurse.ro\/tag\/bogdan-ivan\"><strong>Energiei Bogdan<\/strong><\/a><strong>\u00a0Ivan afirm\u0103 c\u0103 aproape 7 milioane de euro au fost pl\u0103tite de Rom\u00e2nia, \u00een doar trei zile \u015fi jum\u0103tate, suplimentar, pentru\u00a0<\/strong><a href=\"https:\/\/www.stiripesurse.ro\/tag\/energie\"><strong>energia<\/strong><\/a><strong>\u00a0din import. \u0218i e doar \u00eenceputul, c\u0103ci Rom\u00e2nia a \u00eenchis centrala de la Cernavod\u0103, a\u0219a c\u0103 importurile masive vor continua.<\/strong><\/p>\n<h2 class=\"wp-block-heading\" id=\"preturile-vor-sari-in-aer-marile-fabrici-isi-reiau-activitatea\"><strong>Pre\u021burile vor s\u0103ri \u00een aer, marile fabrici \u00ee\u0219i reiau activitatea<\/strong><\/h2>\n<p><strong>I<\/strong>van sus\u0163ine c\u0103 pe 17 august, c\u00e2nd Rom\u00e2nia \u00eencepe din nou s\u0103 lucreze la capacitate mai mare, iar marile fabrici \u00ee\u015fi reiau activitatea, pre\u0163ul energiei pe pia\u0163\u0103 ar putea ajunge la 906,47 lei\/MWh, \u201ecu aproximativ 26% peste nivelul de ast\u0103zi\u201d. \u201eCine va pl\u0103ti? Industria rom\u00e2neasc\u0103, companiile \u015fi, \u00een final, oamenii. (\u2026). Domnule Bolojan, ie\u015fi\u0163i din Palatul Victoria \u015fi veni\u0163i \u00een fabrici! Privi\u0163i-i pe oameni \u00een ochi \u015fi explica\u0163i-le de ce industria trebuie s\u0103 se team\u0103 de fiecare nou\u0103 zi \u015fi de ce nota de plat\u0103 a lipsei de solu\u0163ii ajunge, din nou, la cei care muncesc\u201d, adaug\u0103 social-democratul.<\/p>\n<p>\u201eAproape 7 milioane de euro pl\u0103tite de Rom\u00e2nia, \u00een doar trei zile \u015fi jum\u0103tate, suplimentar, pentru energia din import. \u015ei nu doar at\u00e2t. M\u00e2ine sear\u0103, factura ar putea fi \u015fi mai mare. Pe 17 august, c\u00e2nd Rom\u00e2nia \u00eencepe din nou s\u0103 lucreze la capacitate mai mare, iar marile fabrici \u00ee\u015fi reiau activitatea, pre\u0163ul energiei pe pia\u0163\u0103 ar putea ajunge la 906,47 lei\/MWh, cu aproximativ 26% peste nivelul de ast\u0103zi. Cine va pl\u0103ti? Industria rom\u00e2neasc\u0103, companiile \u015fi, \u00een final, oamenii. Domnule Bolojan, \u00een tabelele dumneavoastr\u0103 poate c\u0103 lucrurile arat\u0103 bine. \u00cen Rom\u00e2nia real\u0103, \u00eens\u0103, factura cre\u015fte de la o zi la alta. La fel \u015fi \u00eengrijorarea oamenilor\u201d, afirm\u0103, \u00eentr-o postare pe pagina sa de Facebook, fostul ministru al Energiei Bogdan Ivan.<\/p>\n<h2 class=\"wp-block-heading\" id=\"oamenii-se-intreaba-daca-vor-mai-avea-locuri-de-munca\">Oamenii se \u00eentreab\u0103 dac\u0103 vor mai avea locuri de munc\u0103<\/h2>\n<p>\u201eAcolo nu exist\u0103 grafice lini\u015ftitoare \u015fi nici discursuri despre reforme. Exist\u0103 oameni care se \u00eentreab\u0103 dac\u0103 m\u00e2ine \u00ee\u015fi vor mai putea p\u0103stra locurile de munc\u0103. Oameni care mi-au spus foarte clar, c\u0103 nu vor reduceri impuse ale consumului de energie. Ei vor s\u0103 munceasc\u0103, s\u0103 \u00ee\u015fi p\u0103streze salariile \u015fi s\u0103 aib\u0103 ce pune pe mas\u0103 familiilor lor. Domnule Bolojan, ie\u015fi\u0163i din Palatul Victoria \u015fi veni\u0163i \u00een fabrici! Privi\u0163i-i pe oameni \u00een ochi \u015fi explica\u0163i-le de ce industria trebuie s\u0103 se team\u0103 de fiecare nou\u0103 zi \u015fi de ce nota de plat\u0103 a lipsei de solu\u0163ii ajunge, din nou, la cei care muncesc\u201d, afirm\u0103 Ivan.<\/p>\n<p>Fostul ministru al Energiei mai spune c\u0103 Rom\u00e2nia \u201eare nevoie de industrie, de locuri de munc\u0103, de solu\u0163ii\u201d, \u015fi nu de \u201efacturi tot mai mari pentru neputin\u0163\u0103\u201d.<\/p>\n<p><em><strong>surs\u0103: <a href=\"https:\/\/www.stiripesurse.ro\/bogdan-ivan-romania-a-platit-sapte-milioane-de-euro-pe-importuri-de-energie-in-numai-trei-zile-jumatate_3912617\">stiripesurse.ro<\/a><\/strong><\/em><\/p>\n<div class=\"tagcloud qt-spacer-m\"><span class=\"qt-title\">Tagged as <\/span><a href=\"https:\/\/radiogoldfm.ro\/tag\/bogdan-ivan\/\" rel=\"tag\">bogdan ivan<\/a><a href=\"https:\/\/radiogoldfm.ro\/tag\/gold-fm\/\" rel=\"tag\">GOLD FM<\/a><a href=\"https:\/\/radiogoldfm.ro\/tag\/romania\/\" rel=\"tag\">romania<\/a><\/div>\n<div class=\"qt-post-author qt-card\">\n<div class=\"row\">\n<div class=\"qt-post-author-data col s10 m7 l7\">\n<h6>Profil<\/h6>\n<h4><a href=\"https:\/\/radiogoldfm.ro\/bogdan-ivan-romania-a-platit-sapte-milioane-de-euro-pe-importuri-de-energie-in-numai-trei-zile-jumatate\/#author_page\">Gold FM Radio<\/a><\/h4>\n<\/div>\n<div class=\"qt-post-author-link col s12 m3 l4 \"><a href=\"https:\/\/radiogoldfm.ro\/author\/gold-fm\/\" class=\"qt-btn qt-btn-large qt-btn-primary aligncenter\">Arhiva postari<\/a><\/div>\n<\/div>\n<\/div>\n<\/div>\n<p>[analyse_source url=&#8221;https:\/\/radiogoldfm.ro\/bogdan-ivan-romania-a-platit-sapte-milioane-de-euro-pe-importuri-de-energie-in-numai-trei-zile-jumatate\/&#8221;]<\/p>\n","protected":false},"excerpt":{"rendered":"<p>[analyse_image type=&#8221;featured&#8221; src=&#8221;https:\/\/radiogoldfm.ro\/wp-content\/uploads\/2026\/08\/bogdan-ivan_U7XU7.webphttps:\/\/radiogoldfm.ro\/wp-content\/uploads\/2026\/08\/bogdan-ivan_U7XU7.webp&#8221;] Fostul ministru al\u00a0Energiei Bogdan\u00a0Ivan afirm\u0103 c\u0103 aproape 7 milioane de euro au fost pl\u0103tite de Rom\u00e2nia, \u00een doar trei zile \u015fi jum\u0103tate, suplimentar, pentru\u00a0energia\u00a0din import. \u0218i e doar \u00eenceputul, c\u0103ci Rom\u00e2nia a \u00eenchis centrala de la Cernavod\u0103, a\u0219a c\u0103 importurile masive vor continua. Pre\u021burile vor s\u0103ri \u00een aer, marile fabrici \u00ee\u0219i reiau [&hellip;]<\/p>\n","protected":false},"author":1,"featured_media":0,"comment_status":"open","ping_status":"","sticky":false,"template":"","format":"standard","meta":{"footnotes":""},"categories":[89],"tags":[226,96],"class_list":["post-2097569","post","type-post","status-publish","format-standard","hentry","category-romania","tag-crawlmanager","tag-radiogoldfm-ro"],"_links":{"self":[{"href":"https:\/\/analyse.optim.biz\/index.php?rest_route=\/wp\/v2\/posts\/2097569","targetHints":{"allow":["GET"]}}],"collection":[{"href":"https:\/\/analyse.optim.biz\/index.php?rest_route=\/wp\/v2\/posts"}],"about":[{"href":"https:\/\/analyse.optim.biz\/index.php?rest_route=\/wp\/v2\/types\/post"}],"author":[{"embeddable":true,"href":"https:\/\/analyse.optim.biz\/index.php?rest_route=\/wp\/v2\/users\/1"}],"replies":[{"embeddable":true,"href":"https:\/\/analyse.optim.biz\/index.php?rest_route=%2Fwp%2Fv2%2Fcomments&post=2097569"}],"version-history":[{"count":0,"href":"https:\/\/analyse.optim.biz\/index.php?rest_route=\/wp\/v2\/posts\/2097569\/revisions"}],"wp:attachment":[{"href":"https:\/\/analyse.optim.biz\/index.php?rest_route=%2Fwp%2Fv2%2Fmedia&parent=2097569"}],"wp:term":[{"taxonomy":"category","embeddable":true,"href":"https:\/\/analyse.optim.biz\/index.php?rest_route=%2Fwp%2Fv2%2Fcategories&post=2097569"},{"taxonomy":"post_tag","embeddable":true,"href":"https:\/\/analyse.optim.biz\/index.php?rest_route=%2Fwp%2Fv2%2Ftags&post=2097569"}],"curies":[{"name":"wp","href":"https:\/\/api.w.org\/{rel}","templated":true}]}}