{"id":2097542,"date":"2024-12-29T16:55:26","date_gmt":"2024-12-29T13:55:26","guid":{"rendered":"https:\/\/analyse.optim.biz\/?p=2097542"},"modified":"2024-12-29T16:55:26","modified_gmt":"2024-12-29T13:55:26","slug":"2024-an-istoric-pentru-infrastructura-apei-potabile-din-judetul-buzau-i","status":"publish","type":"post","link":"https:\/\/analyse.optim.biz\/?p=2097542","title":{"rendered":"2024, an istoric pentru infrastructura apei potabile din jude\u021bul Buz\u0103u (I)"},"content":{"rendered":"<p>[analyse_image type=&#8221;featured&#8221; src=&#8221;https:\/\/buzaulinreportaje.ro\/wp-content\/uploads\/2026\/06\/CAB-1.jpghttps:\/\/buzaulinreportaje.ro\/wp-content\/uploads\/2026\/06\/CAB-1.jpg&#8221;]<\/p>\n<div class=\"entry-content herald-entry-content\">\n<p class=\"has-text-align-center has-large-font-size wp-block-paragraph\"><strong>Un singur g\u00e2nd defileaz\u0103 liber din start \u2013 oare cum era la final de iulie 2024, c\u00e2nd peste 10 localit\u0103\u021bi buzoiene primeau ap\u0103 de b\u0103ut cu cisterna?<\/strong><\/p>\n<p class=\"has-text-align-center has-large-font-size wp-block-paragraph\"><strong>A plouat des \u0219i abundent, cu c\u00e2teva zile \u00een urm\u0103, a \u0219i nins, meteorologii anun\u021b\u0103 c\u0103 ianuarie are s\u0103 fie la fel de umed, am zice c\u0103 s-au mai ref\u0103cut sursele de ap\u0103, \u00eens\u0103 speciali\u0219tii \u00een domeniu continu\u0103 s\u0103 fac\u0103 <em>sanie<\/em> nu doar vara, ci \u00een jude\u021bul Buz\u0103u sunt deschise \u0219i acum gata 200 de \u0219antiere de \u00eenfiin\u021bare de noi gospod\u0103rii de ap\u0103 potabil\u0103 sau de sisteme de canalizare, se fac foraje noi ori se modernizeaz\u0103 cele existente, se cur\u0103\u021b\u0103 lacuri de acumulare precum cel de la Cire\u0219u, se consolideaz\u0103, de fapt punga mare cu ap\u0103 a jude\u021bului Buz\u0103u, cea dulce, nu \u00een general, ap\u0103. O realizeaz\u0103 \u00een mod istoric singurul operator regional de ap\u0103 \u0219i ap\u0103 epurat\u0103 <a href=\"https:\/\/www.cabuzau.ro\/\">Compania de Ap\u0103 Buz\u0103u.<\/a> O imens\u0103 fraz\u0103 pentru a reda un efort ob\u021binut de-a lungul a 10 ani de scris \u0219i rescris proiecte europene, al\u021bi ani de g\u00e2ndit priorit\u0103\u021bi jude\u021bene \u0219i de asigurat urgen\u021be locale. Arunc\u0103m des din camion bolovani c\u0103tre acest operator, \u00eens\u0103 speciali\u0219tii CAB \u00ee\u0219i v\u0103d profesionist de munc\u0103 astfel \u00eenc\u00e2t noi, consumatorii s\u0103 nu r\u0103m\u00e2nem f\u0103r\u0103 ap\u0103 \u00een vara ce se anun\u021b\u0103 tot fierbinte \u0219i pentru 2025. Mergem la raportul anual al conducerii CAB. Pre\u021b de 96 de minute primim detaliat informa\u021bii de redat aici. Le \u00eemp\u0103r\u021bim \u00een trei articole separate. A\u0219a \u0219i proced\u0103m.<\/strong><\/p>\n<div class=\"wp-block-image\">\n<figure class=\"aligncenter size-large\"><img loading=\"lazy\" decoding=\"async\" width=\"1024\" height=\"1024\" src=\"https:\/\/buzaulinreportaje.ro\/wp-content\/uploads\/2024\/10\/WhatsApp-Image-2024-10-30-at-11.58.56-1024x1024.jpeg\" alt class=\"wp-image-24479\"><\/figure>\n<\/div>\n<p class=\"has-text-align-center has-large-font-size wp-block-paragraph\"><strong>Acela\u0219i g\u00e2nd, r\u0103mas liber, defileaz\u0103 cum vrea el \u2013 dac\u0103 \u00een vara lui 2025 seceta va fi la fel de aspr\u0103 vom con\u0219tientiza rolul acestor \u0219antiere pentru ap\u0103?<\/strong><\/p>\n<div class=\"wp-block-image\">\n<figure class=\"aligncenter size-large\"><img decoding=\"async\" loading=\"lazy\" width=\"1024\" height=\"769\" src=\"https:\/\/buzaulinreportaje.ro\/wp-content\/uploads\/2024\/12\/WhatsApp-Image-2024-12-10-at-11.01.09-2-1024x769.jpeg\" alt class=\"wp-image-24937\"><\/figure>\n<\/div>\n<p class=\"has-large-font-size wp-block-paragraph\"><strong><u>2024=INVESTI\u021aII. <\/u><\/strong>\u00a0<\/p>\n<p class=\"has-large-font-size wp-block-paragraph\"><em>S\u0103 conduci cu o m\u00e2n\u0103 de fier \u00eentr-o m\u0103nu\u0219\u0103 de catifea <\/em>( Revista CAB <em>Ne pas\u0103 de ap\u0103 <\/em>nr.5, pagina 2)\u00a0este exclus s\u0103 fie doar o simpl\u0103 deviz\u0103 a actualului lider al Companiei de Ap\u0103 Buz\u0103u, ci mai degrab\u0103 \u0219i explic\u0103 succesul confirmat \u00een 2024, c\u00e2nd vine vorba de investi\u021bii sau s\u0103 transform\u0103m cuv\u00e2ntul \u00een <em>ap\u0103 <\/em>\u0219i s\u0103 zicem, c\u00e2nd vine vorba despre ap\u0103 bun\u0103 de b\u0103ut \u00een zeci de localit\u0103\u021bi buzoiene care au r\u0103mas f\u0103r\u0103 resurse de ani de zile ori nu au avut vreodat\u0103 ap\u0103 \u00een sistem centralizat. A\u0219adar, vorbim despre un 2024 sinonim cu investi\u021biile la operatorul regional care face pionierat nu doar \u00een domeniul s\u0103u de activitate, ci printre companiile de stat din Buz\u0103u, dar \u0219i la nivel na\u021bional care ar avea posibilitatea s\u0103 produc\u0103 transformarea \u00een bine, \u00eens\u0103 le re\u021bine fie implicarea managerial\u0103, fie lipsa omului bun la achizi\u021bii publice, fie\u2026<\/p>\n<figure class=\"wp-block-gallery has-nested-images columns-default is-cropped wp-block-gallery-1 is-layout-flex wp-block-gallery-is-layout-flex\">\n<figure class=\"wp-block-image size-large\"><img decoding=\"async\" loading=\"lazy\" width=\"1024\" height=\"769\" src=\"https:\/\/buzaulinreportaje.ro\/wp-content\/uploads\/2024\/12\/WhatsApp-Image-2024-12-10-at-11.13.15-1024x769.jpeg\" alt class=\"wp-image-24939\"><\/figure>\n<\/figure>\n<p class=\"has-large-font-size wp-block-paragraph\">Circa 500 de milioane de euro prin ISPA, POS Mediu, POIM PDD \u2013 1.696.081.560 lei, PNR \u0219i AFM, dar \u0219i din bugetul propriu \u2013 aici men\u021bion\u0103m doar Apeductul Lipia = 6,7 milioane de euro. Acestea sunt sursele de finan\u021bare ale proiectelor desf\u0103\u0219urate de c\u0103tre CAB \u00een 2024. Impresionant! Niciodat\u0103 o companie buzoian\u0103 din acest domeniu nu ar fi putut avea gata 200 de \u0219antiere \u00een desf\u0103\u0219urare cu asemenea buget, dac\u0103 nu ar fi existat fondurile europene, dar \u0219i insisten\u021ba \u0219i implicarea speciali\u0219tilor. La masa conferin\u021bei de pres\u0103, cinci dintre oamenii de baz\u0103 ai CAB. Aten\u021bie sporit\u0103 la fiecare oficial. Directorul general Simona S\u0103vulescu prezint\u0103 2024 ca fiind anul care oficializeaz\u0103 efectiv pasul contemporan \u2013 extrem de multe oportunit\u0103\u021bi ce duc spre investi\u021bii, iar primul men\u021bionat este <strong>capitolul celor din buget propriu CAB.<\/strong><\/p>\n<p class=\"has-large-font-size wp-block-paragraph\"><strong><u>7.500 DE CONTOARE RADIO. <\/u><\/strong> \u0218i nu este deloc pu\u021bin. Proiectul face parte din capitolul <strong>investi\u021biilor nerambursabile. <\/strong>De trei ani, arat\u0103 directorul general al CAB, operatorul desf\u0103\u0219oar\u0103 acest proiect care d\u0103 siguran\u021b\u0103 pentru 7.500 de consumatori de ap\u0103 \u0219i ap\u0103 epurat\u0103 din Buz\u0103u dac\u0103 ar fi s\u0103 ne g\u00e2ndim la o avarie pe care proprietarul locuin\u021bei nu are cum s\u0103 o sesizeze, \u00eens\u0103 aceasta duce la consum nefiresc de ap\u0103. <\/p>\n<p class=\"has-large-font-size wp-block-paragraph\">\u00cen astfel de context, explic\u0103 directorul general al CAB, speciali\u0219tii institu\u021biei sunt avertiza\u021bi de program \u0219i pot interveni \u00een timp real \u0219i scurt la avarie.<\/p>\n<p class=\"has-large-font-size wp-block-paragraph\">7.500 de contoare radio dintr-un total de 30.000. Avangardism sau realitate a timpurilor prezente? Varianta a doua, desigur.\u00a0<\/p>\n<div class=\"wp-block-image\">\n<figure class=\"aligncenter size-large\"><img decoding=\"async\" loading=\"lazy\" width=\"683\" height=\"1024\" src=\"https:\/\/buzaulinreportaje.ro\/wp-content\/uploads\/2024\/12\/PAdina-2-bzrep-683x1024.jpg\" alt class=\"wp-image-24944\"><\/figure>\n<\/div>\n<p class=\"has-large-font-size wp-block-paragraph\"><strong><u>CANALIZARE PENTRU PADINA. <\/u><\/strong>Tot din fonduri nerambursabile se scrie \u0219i proiectul prin care este \u00eenfiin\u021bat\u0103 canalizare \u00eentr-o localitate buzoian\u0103 celebr\u0103 pentru <a href=\"https:\/\/buzaulinreportaje.ro\/apa-minerala-in-baragan\/\">apa bogat\u0103 \u00een bor,<\/a> dar \u0219i pentru cel mai fertil p\u0103m\u00e2nt destinat agriculturii. Directorul general Simona S\u0103vulescu spune din start \u2013 era necesar\u0103 investi\u021bia fiind o comun\u0103 cu peste 3000 de locuitori, iar forurile europene pun \u00een aten\u021bie enfrigement pe problematica infrastructurii de ap\u0103 potabil\u0103 \u0219i ap\u0103 uzat\u0103 \u00een marile aglomer\u0103ri umane.<\/p>\n<p class=\"has-large-font-size wp-block-paragraph\"><a href=\"https:\/\/buzaulinreportaje.ro\/apa-minerala-in-baragan\/\">Padina<\/a> este celebr\u0103 \u00een <a href=\"http:\/\/www.buzaulinreportaje.ro\">www.buzaulinreportaje.ro<\/a> pentru reportajul <em><a href=\"https:\/\/buzaulinreportaje.ro\/apa-minerala-in-baragan\/\">AP\u0102 MINERAL\u0102 \u00ceN B\u0102R\u0102GAN?<\/a><\/em>, o ampl\u0103 desf\u0103\u0219urare direct printre locuitorii comunei de la margine de jude\u021b Buz\u0103u. Am descoperit la Padina o realitate rural\u0103 dup\u0103 tipic urban, case bine \u00eenchegate, familii trainice \u0219i mul\u021bi, parc\u0103 foarte mul\u021bi copii. <\/p>\n<div class=\"wp-block-image\">\n<figure class=\"aligncenter size-large\"><img decoding=\"async\" loading=\"lazy\" width=\"1024\" height=\"683\" src=\"https:\/\/buzaulinreportaje.ro\/wp-content\/uploads\/2024\/12\/Padina-bzrep-1024x683.jpg\" alt class=\"wp-image-24946\"><\/figure>\n<\/div>\n<p class=\"has-large-font-size wp-block-paragraph\">Canalizare va fi un alt ritm al acestei dezvolt\u0103ri v\u00eezut\u0103 dinspre oameni spre administrativ \u0219i nu invers cum ne-am fi a\u0219teptat.<\/p>\n<div class=\"wp-block-image\">\n<figure class=\"aligncenter size-large\"><img decoding=\"async\" loading=\"lazy\" width=\"1024\" height=\"683\" src=\"https:\/\/buzaulinreportaje.ro\/wp-content\/uploads\/2024\/08\/apeduct-buzau-1024x683.jpg\" alt class=\"wp-image-23997\"><\/figure>\n<\/div>\n<p class=\"has-large-font-size wp-block-paragraph\"><strong><u>APEDUCTUL LIPIA, PARIUL DE APROAPE 7 MILIOANE DE EURO PENTRU AP\u0102 \u00ceN B\u0102R\u0102GAN. <\/u><\/strong>Numai c\u0103 nu toate comunit\u0103\u021bile care au \u0219ansa s\u0103 primeasc\u0103 ap\u0103 potabil\u0103 dintr-o mare pung\u0103 cu ap\u0103, cea de la Lipia, dau br\u00e2nci s\u0103-\u0219i rezolve fix problema interconect\u0103rii cu megaconducta de ap\u0103 ce \u021b\u00e2\u0219ne\u0219te trufa\u0219\u0103 de l\u00e2ng\u0103 municipiul Buz\u0103u \u0219i taie c\u00e2mpia B\u0103r\u0103ganului p\u00e2n\u0103 spre Amaru, dar nu evit\u0103 dealurile Istri\u021bei cu <a href=\"https:\/\/buzaulinreportaje.ro\/decizie-istorica-compania-de-apa-buzau-finanteaza-integral-apeductul-din-campia-romana\/\">Breaza \u0219i N\u0103eni,<\/a> ba le ademene\u0219te, iar acolo apa potabil\u0103 chiar este pre\u021bioas\u0103, sursa este realmente epuizat\u0103. Le trece pe la poart\u0103 \u0219i at\u00e2t. Sus, pe deal, oamenii tot f\u0103r\u0103 ap\u0103. Dar, \u0219i aceste comune au primari care iat\u0103 ce au declarat <strong><span><a href=\"https:\/\/buzaulinreportaje.ro\/decizie-istorica-compania-de-apa-buzau-finanteaza-integral-apeductul-din-campia-romana\/\">AICI.<\/a><\/span><\/strong><\/p>\n<div class=\"wp-block-image\">\n<figure class=\"aligncenter size-large\"><img decoding=\"async\" loading=\"lazy\" width=\"1024\" height=\"883\" src=\"https:\/\/buzaulinreportaje.ro\/wp-content\/uploads\/2024\/12\/APA-BZREP-1024x883.jpg\" alt class=\"wp-image-24947\"><\/figure>\n<\/div>\n<p class=\"has-large-font-size wp-block-paragraph\">Apeductul Lipia este poate cea mai curajoas\u0103 investi\u021bie CAB din ultimii trei ani \u2013 6,7 milioane de euro din buget propriu, detaliaz\u0103 directorul general al CAB, Simona S\u0103vulescu.<\/p>\n<p class=\"has-large-font-size wp-block-paragraph\">60 de kilometri de conduct\u0103 magistral\u0103 ce spintec\u0103, \u00een premier\u0103, numeroase localit\u0103\u021bi din vestul \u0219i sud-vestul jude\u021bului Buz\u0103u. Se trece de 30.000 de locuitori care vor bea ap\u0103 potabil\u0103 din Apeductul Lipia. Istorie!<\/p>\n<div class=\"wp-block-image\">\n<figure class=\"aligncenter size-large\"><img decoding=\"async\" loading=\"lazy\" width=\"1024\" height=\"683\" src=\"https:\/\/buzaulinreportaje.ro\/wp-content\/uploads\/2024\/05\/DSC00031-1024x683.jpg\" alt class=\"wp-image-23408\"><\/figure>\n<\/div>\n<p class=\"has-large-font-size wp-block-paragraph\"><strong><u>APEDUCTUL SIRIU, VIITORUL APEI. <\/u><\/strong>\u0218i nu este deloc exagerat. Un <em><a href=\"https:\/\/buzaulinreportaje.ro\/cilibia-sau-c-a-rosetti-vor-primi-apa-din-apeductul-siriu-validat-deja-in-masterplanul-judetului-buzau\/\">viitor scris <\/a>.<\/em>.. gravita\u021bional pentru to\u021bi consumatorii jude\u021bului Buz\u0103u, plus rezerva necesar\u0103 de lichid vital vie\u021bii. La baz\u0103 va fi <a href=\"https:\/\/buzaulinreportaje.ro\/cilibia-sau-c-a-rosetti-vor-primi-apa-din-apeductul-siriu-validat-deja-in-masterplanul-judetului-buzau\/\">Lacul \u0219i barajul de acumulare Siriu<\/a> care alimenteaz\u0103 cu ap\u0103 potabil\u0103 \u00een prezent comuna Siriu \u0219i ora\u0219ul Nehoiu. Deocamdat\u0103, explic\u0103 acela\u0219i interlocutor, proiectul face parte categoric din masterplanul pe ap\u0103 \u0219i ap\u0103 uzat\u0103 al jude\u021bului Buz\u0103u pentru perioada imediat\u0103, masterplan asumat \u0219i de c\u0103tre conducerea actual\u0103 a Consiliului Jude\u021bean Buz\u0103u, pre\u0219edintele <a href=\"https:\/\/buzaulinreportaje.ro\/cilibia-sau-c-a-rosetti-vor-primi-apa-din-apeductul-siriu-validat-deja-in-masterplanul-judetului-buzau\/\">Lucian Roma\u0219canu<\/a> explic\u00e2nd clar c\u0103 <a href=\"https:\/\/buzaulinreportaje.ro\/buzaul-agrar-va-primi-apa-de-baut-de-la-munte\/\">apeductul Siriu este una dintre primele trei priorit\u0103\u021bi<\/a> ale sale ca \u0219ef de jude\u021b, \u00een cei patru ani de mandat.<\/p>\n<p class=\"has-large-font-size wp-block-paragraph\">67.000 de locitori, adic\u0103 Valea Buz\u0103ului plus comunit\u0103\u021bi din zona de est a jude\u021bului Buz\u0103u pot primi ap\u0103 de la munte, detaliat am scris <a href=\"https:\/\/buzaulinreportaje.ro\/buzaul-agrar-va-primi-apa-de-baut-de-la-munte\/\">AICI.<\/a><\/p>\n<p class=\"has-large-font-size wp-block-paragraph\">Despre asocierea CAB cu CJB explic\u0103 imediat \u0219i Sioman S\u0103vulescu, director general al CAB.<\/p>\n<p class=\"has-large-font-size wp-block-paragraph\">Echipa care adun\u0103 azi roadele scrierii, aplic\u0103rii \u0219i derul\u0103rii proiectelor cu finan\u021bare pe diferite filiere na\u021bionale \u0219i europene ne va prezenta \u0219i suita de 10 contracte de lucr\u0103ri POIM PDD, dar \u0219i un program \u00een premier\u0103 dezvoltat \u00een localit\u0103\u021bi buzoiene precum Pietroasele \u0219i altele c\u00e2teva, \u00eens\u0103 azi punem punct aici prezent\u0103rii.<\/p>\n<div class=\"wp-block-image\">\n<figure class=\"aligncenter size-large\"><img decoding=\"async\" loading=\"lazy\" width=\"1024\" height=\"769\" src=\"https:\/\/buzaulinreportaje.ro\/wp-content\/uploads\/2024\/12\/WhatsApp-Image-2024-12-10-at-11.01.09-3-1024x769.jpeg\" alt class=\"wp-image-24951\"><\/figure>\n<\/div>\n<p class=\"has-large-font-size wp-block-paragraph\"><strong>APLOMB. <\/strong>G\u00e2ndul fugar r\u0103m\u00e2ne \u00eentocmai, \u00eens\u0103 e completat de tabloul din comuna Amaru, cea care de\u021bine cap\u0103tul, s\u0103 zic a\u0219a, punctul final al Apeductului Lipia. <a href=\"https:\/\/buzaulinreportaje.ro\/comuna-buzoiana-in-care-se-cumpara-mai-multa-apa-decat-paine\/\">Tabloul <\/a>este alc\u0103tuit dintr-un pu\u021b numit <a href=\"https:\/\/buzaulinreportaje.ro\/comuna-buzoiana-in-care-se-cumpara-mai-multa-apa-decat-paine\/\">Pu\u021bul lui Mo\u0219 Can\u0103<\/a>, singura surs\u0103 de ap\u0103 potabil\u0103 din sat, desigur \u0219i ea rea, dar nu ca \u00een alte puncte din zon\u0103. Un b\u0103rbat ca la 40 de ani merge leg\u0103nat pe l\u00e2ng\u0103 bicicleta \u00eenc\u0103rcat\u0103 pe coarne \u0219i portbagaj cu bidoane din plastic \u00een care se preg\u0103te\u0219te s\u0103 \u00eencarce ap\u0103. V\u00e2ntul biciuie\u0219te aspru fa\u021b\u0103, m\u00e2ini, tot corpul. <\/p>\n<div class=\"wp-block-image\">\n<figure class=\"aligncenter size-full\"><img decoding=\"async\" loading=\"lazy\" width=\"1024\" height=\"683\" src=\"https:\/\/buzaulinreportaje.ro\/wp-content\/uploads\/2024\/12\/Amaru-2.jpg\" alt class=\"wp-image-24952\"><\/figure>\n<\/div>\n<p class=\"has-large-font-size wp-block-paragraph\">B\u0103r\u0103ganul \u0219i-a deschis pieptul spre Prahova. \u0218i acolo e apa rea. Ochii b\u0103rbatului l\u0103crimeaz\u0103, m\u00e2inile tremur\u0103, dar umple sticlele din g\u0103leata cu ap\u0103 scoas\u0103 din pu\u021bul vechi. A\u0219a vre\u021bi s\u0103 continu\u0103m?<\/p>\n<p class=\"has-large-font-size wp-block-paragraph\">Infrastructura modernizat\u0103 sau nou\u0103 de ap\u0103 \u0219i ap\u0103 uzat\u0103 pus\u0103 la punct prin suma aceasta imens\u0103 de \u0219antiere din jude\u021bul Buz\u0103u schimb\u0103 tabloul meu. La mul\u021bi ani cu ap\u0103 bun\u0103 de b\u0103ut, a noastr\u0103 \u0219i destul\u0103!<\/p>\n<div class=\"herald-share-content\">\n<div class=\"meks_ess layout-5-1 transparent no-labels solid\"><a href=\"https:\/\/buzaulinreportaje.ro\/2024-an-istoric-pentru-infrastructura-apei-potabile-din-judetul-buzau-i\/\" class=\"meks_ess-item socicon-facebook\" data-url=\"http:\/\/www.facebook.com\/sharer\/sharer.php?u=https%3A%2F%2Fbuzaulinreportaje.ro%2F2024-an-istoric-pentru-infrastructura-apei-potabile-din-judetul-buzau-i%2F&amp;t=2024%2C%20an%20istoric%20pentru%20infrastructura%20apei%20potabile%20din%20jude%C8%9Bul%20Buz%C4%83u%20%28I%29\"><span>Facebook<\/span><\/a><a href=\"https:\/\/api.whatsapp.com\/send?text=2024%2C%20an%20istoric%20pentru%20infrastructura%20apei%20potabile%20din%20jude%C8%9Bul%20Buz%C4%83u%20%28I%29%20https%3A%2F%2Fbuzaulinreportaje.ro%2F2024-an-istoric-pentru-infrastructura-apei-potabile-din-judetul-buzau-i%2F\" class=\"meks_ess-item socicon-whatsapp prevent-share-popup\"><span>WhatsApp<\/span><\/a><a href=\"https:\/\/buzaulinreportaje.ro\/2024-an-istoric-pentru-infrastructura-apei-potabile-din-judetul-buzau-i\/\" class=\"meks_ess-item socicon-twitter\" data-url=\"http:\/\/twitter.com\/intent\/tweet?url=https%3A%2F%2Fbuzaulinreportaje.ro%2F2024-an-istoric-pentru-infrastructura-apei-potabile-din-judetul-buzau-i%2F&amp;text=2024%2C%20an%20istoric%20pentru%20infrastructura%20apei%20potabile%20din%20jude%C8%9Bul%20Buz%C4%83u%20%28I%29\"><span>X<\/span><\/a><\/div>\n<\/div>\n<\/div>\n<p>[analyse_source url=&#8221;https:\/\/buzaulinreportaje.ro\/2024-an-istoric-pentru-infrastructura-apei-potabile-din-judetul-buzau-i\/&#8221;]<\/p>\n","protected":false},"excerpt":{"rendered":"<p>[analyse_image type=&#8221;featured&#8221; src=&#8221;https:\/\/buzaulinreportaje.ro\/wp-content\/uploads\/2026\/06\/CAB-1.jpghttps:\/\/buzaulinreportaje.ro\/wp-content\/uploads\/2026\/06\/CAB-1.jpg&#8221;] Un singur g\u00e2nd defileaz\u0103 liber din start \u2013 oare cum era la final de iulie 2024, c\u00e2nd peste 10 localit\u0103\u021bi buzoiene primeau ap\u0103 de b\u0103ut cu cisterna? A plouat des \u0219i abundent, cu c\u00e2teva zile \u00een urm\u0103, a \u0219i nins, meteorologii anun\u021b\u0103 c\u0103 ianuarie are s\u0103 fie la fel de umed, am [&hellip;]<\/p>\n","protected":false},"author":1,"featured_media":0,"comment_status":"open","ping_status":"","sticky":false,"template":"","format":"standard","meta":{"footnotes":""},"categories":[],"tags":[59,226],"class_list":["post-2097542","post","type-post","status-publish","format-standard","hentry","tag-buzaulinreportaje-ro","tag-crawlmanager"],"_links":{"self":[{"href":"https:\/\/analyse.optim.biz\/index.php?rest_route=\/wp\/v2\/posts\/2097542","targetHints":{"allow":["GET"]}}],"collection":[{"href":"https:\/\/analyse.optim.biz\/index.php?rest_route=\/wp\/v2\/posts"}],"about":[{"href":"https:\/\/analyse.optim.biz\/index.php?rest_route=\/wp\/v2\/types\/post"}],"author":[{"embeddable":true,"href":"https:\/\/analyse.optim.biz\/index.php?rest_route=\/wp\/v2\/users\/1"}],"replies":[{"embeddable":true,"href":"https:\/\/analyse.optim.biz\/index.php?rest_route=%2Fwp%2Fv2%2Fcomments&post=2097542"}],"version-history":[{"count":0,"href":"https:\/\/analyse.optim.biz\/index.php?rest_route=\/wp\/v2\/posts\/2097542\/revisions"}],"wp:attachment":[{"href":"https:\/\/analyse.optim.biz\/index.php?rest_route=%2Fwp%2Fv2%2Fmedia&parent=2097542"}],"wp:term":[{"taxonomy":"category","embeddable":true,"href":"https:\/\/analyse.optim.biz\/index.php?rest_route=%2Fwp%2Fv2%2Fcategories&post=2097542"},{"taxonomy":"post_tag","embeddable":true,"href":"https:\/\/analyse.optim.biz\/index.php?rest_route=%2Fwp%2Fv2%2Ftags&post=2097542"}],"curies":[{"name":"wp","href":"https:\/\/api.w.org\/{rel}","templated":true}]}}