{"id":209749,"date":"2014-03-11T18:37:28","date_gmt":"2014-03-11T15:37:28","guid":{"rendered":"https:\/\/analyse.optim.biz\/?p=209749"},"modified":"2014-03-11T18:37:28","modified_gmt":"2014-03-11T15:37:28","slug":"ion-iliescu-victor-ponta-este-inca-tanar-pentru-o-candidatura-la-prezidentiale","status":"publish","type":"post","link":"https:\/\/analyse.optim.biz\/?p=209749","title":{"rendered":"Ion Iliescu: Victor Ponta \u201eeste \u00eenc\u0103 t\u00e2n\u0103r\u201d pentru o candidatur\u0103 la preziden\u021biale"},"content":{"rendered":"<div class=\"entry data-app-meta data-app-meta-article\" data-embed-base-url-canonical=\"https:\/\/www.digi24.ro\/embed\/stiri\/actualitate\/politica\/ion-iliescu-victor-ponta-este-inca-tanar-pentru-o-candidatura-la-prezidentiale-213014\">\n<p data-index=\"1\">\u201e<span>Partidul va decide&#8230;. \u0219i el, \u00een primul r\u00e2nd, e op\u021biunea lui. \u00centeleg \u0219i re\u021binerile lui, este \u00eenc\u0103 t\u00e2n\u0103r \u0219i ar fi bine cu un pre\u015fedinte dintr-o genera\u021bie mai \u00eenaintat\u0103 \u0219i el s\u0103-\u015fi foloseasc\u0103 poten\u021bialul \u00een activitatea guvernamental\u0103\u201d, a spus Ion Iliescu. <\/span><\/p>\n<p data-index=\"2\">La sf\u00e2r\u0219itul s\u0103pt\u0103m\u00e2nii trecute, premierul a vorbit, pentru prima dat\u0103<a href=\"https:\/\/www.digi24.ro\/Stiri\/Digi24\/Actualitate\/Politica\/Victor+Ponta+candideaza+la+prezidentiale+daca+sondajele+il+vor+c\" target=\"_blank\" data-skip-linkfix=\"1\" rel=\"noopener\">, despre o posibil\u0103 candidatur\u0103 la func\u0163ia de pre\u015fedinte<\/a> al Rom\u00e2niei. Liderul PSD spune c\u0103 va intra \u00een cursa pentru Palatul Cotroceni, dac\u0103 sondajele \u00eel vor credita cu cele mai mari \u015fanse. <\/p>\n<p data-index=\"3\">\u201e<span>Prima op\u021biune este refacerea USL \u0219i un candidat al\u0103turi de PNL. A doua variant\u0103 este aceea de a sprijini unul din candida\u0163ii care sunt doriti de poporul rom\u00e2n. Mugur Is\u0103rescu, daca va dori s\u0103 candideze, Sorin Oprescu, C\u0103lin Popescu T\u0103riceanu. De la noi din partid domnul Geoan\u0103 \u0219i cu mine suntem cei care putem candida cu \u015fanse\u201d, a spus Victor Ponta.<\/span><\/p>\n<\/div>\n<p> Source URL: https:\/\/www.digi24.ro\/stiri\/actualitate\/politica\/ion-iliescu-victor-ponta-este-inca-tanar-pentru-o-candidatura-la-prezidentiale-213014<\/p>\n","protected":false},"excerpt":{"rendered":"<p>\u201ePartidul va decide&#8230;. \u0219i el, \u00een primul r\u00e2nd, e op\u021biunea lui. \u00centeleg \u0219i re\u021binerile lui, este \u00eenc\u0103 t\u00e2n\u0103r \u0219i ar fi bine cu un pre\u015fedinte dintr-o genera\u021bie mai \u00eenaintat\u0103 \u0219i el s\u0103-\u015fi foloseasc\u0103 poten\u021bialul \u00een activitatea guvernamental\u0103\u201d, a spus Ion Iliescu. La sf\u00e2r\u0219itul s\u0103pt\u0103m\u00e2nii trecute, premierul a vorbit, pentru prima dat\u0103, despre o posibil\u0103 candidatur\u0103 [&hellip;]<\/p>\n","protected":false},"author":1,"featured_media":209750,"comment_status":"open","ping_status":"","sticky":false,"template":"","format":"standard","meta":{"footnotes":""},"categories":[2],"tags":[11],"class_list":["post-209749","post","type-post","status-publish","format-standard","has-post-thumbnail","hentry","category-politics","tag-digi24"],"_links":{"self":[{"href":"https:\/\/analyse.optim.biz\/index.php?rest_route=\/wp\/v2\/posts\/209749","targetHints":{"allow":["GET"]}}],"collection":[{"href":"https:\/\/analyse.optim.biz\/index.php?rest_route=\/wp\/v2\/posts"}],"about":[{"href":"https:\/\/analyse.optim.biz\/index.php?rest_route=\/wp\/v2\/types\/post"}],"author":[{"embeddable":true,"href":"https:\/\/analyse.optim.biz\/index.php?rest_route=\/wp\/v2\/users\/1"}],"replies":[{"embeddable":true,"href":"https:\/\/analyse.optim.biz\/index.php?rest_route=%2Fwp%2Fv2%2Fcomments&post=209749"}],"version-history":[{"count":0,"href":"https:\/\/analyse.optim.biz\/index.php?rest_route=\/wp\/v2\/posts\/209749\/revisions"}],"wp:featuredmedia":[{"embeddable":true,"href":"https:\/\/analyse.optim.biz\/index.php?rest_route=\/wp\/v2\/media\/209750"}],"wp:attachment":[{"href":"https:\/\/analyse.optim.biz\/index.php?rest_route=%2Fwp%2Fv2%2Fmedia&parent=209749"}],"wp:term":[{"taxonomy":"category","embeddable":true,"href":"https:\/\/analyse.optim.biz\/index.php?rest_route=%2Fwp%2Fv2%2Fcategories&post=209749"},{"taxonomy":"post_tag","embeddable":true,"href":"https:\/\/analyse.optim.biz\/index.php?rest_route=%2Fwp%2Fv2%2Ftags&post=209749"}],"curies":[{"name":"wp","href":"https:\/\/api.w.org\/{rel}","templated":true}]}}