{"id":209738,"date":"2014-03-11T20:57:26","date_gmt":"2014-03-11T17:57:26","guid":{"rendered":"https:\/\/analyse.optim.biz\/?p=209738"},"modified":"2014-03-11T20:57:26","modified_gmt":"2014-03-11T17:57:26","slug":"t-basescu-c-p-tariceanu-surogat-al-lui-c-antonescu-o-sa-il-mangaie-v-ponta-pe-spate-si-o-sa-i-spuna-crinut","status":"publish","type":"post","link":"https:\/\/analyse.optim.biz\/?p=209738","title":{"rendered":"T. B\u0103sescu: C. P. T\u0103riceanu, surogat al lui C. Antonescu. O s\u0103 \u00eel m\u00e2ng\u00e2ie V. Ponta pe spate \u015fi o s\u0103 i spun\u0103 \u201eCrinu\u0163\u201d"},"content":{"rendered":"<div class=\"entry data-app-meta data-app-meta-article\" data-embed-base-url-canonical=\"https:\/\/www.digi24.ro\/embed\/stiri\/actualitate\/politica\/t-basescu-c-p-tariceanu-surogat-al-lui-c-antonescu-o-sa-il-mangaie-v-ponta-pe-spate-si-o-sa-i-spuna-crinut-213085\">\n<p data-index=\"1\">Traian B\u0103sescu a spus, \u00een cadrul unei <a href=\"https:\/\/www.digi24.ro\/Stiri\/Digi24\/Actualitate\/Stiri\/Traian+Basescu+declaratie+de+presa+la+ora+19+30\" target=\"_blank\" data-skip-linkfix=\"1\" rel=\"noopener\">declara\u021bii de pres\u0103,<\/a> c\u0103 va colabora cu noul pre\u015fedinte al Senatului institu\u0163ional, la fel cum colaboreaz\u0103 cu Victor Ponta sau cu Valeriu Zgonea.<\/p>\n<p data-index=\"2\">\u201eLa fel colaborez \u015fi cu C\u0103lin Popescu T\u0103riceanu, chiar dac\u0103, dup\u0103 p\u0103rerea mea, el este un surogat de Antonescu\u201d, a comentat Traian B\u0103sescu.<\/p>\n<p data-index=\"3\">\u201eVictor Ponta a \u0163inut s\u0103 men\u0163in\u0103 tandemul PNL-Victor Ponta sau Crin Antonescu \u2013Victor Ponta \u015fi acum o s\u0103 \u00eel m\u00e2ng\u00e2ie pe spate pe C\u0103lin Popescu T\u0103riceanu \u015fi o s\u0103 \u00eei spun\u0103 &#8220;Crinu\u0163&#8221;, pentru c\u0103 i-a trebuit \u00eenlocuitor\u201d, a mai spus pre\u0219edintele, citat de Mediafax.<\/p>\n<p data-index=\"4\">C\u0103lin Popescu T\u0103riceanu a fost ales, luni, \u00een func\u0163ia de pre\u015fedinte al Senatului, ob\u0163in\u00e2nd 93 de voturi.<\/p>\n<\/div>\n<p> Source URL: https:\/\/www.digi24.ro\/stiri\/actualitate\/politica\/t-basescu-c-p-tariceanu-surogat-al-lui-c-antonescu-o-sa-il-mangaie-v-ponta-pe-spate-si-o-sa-i-spuna-crinut-213085<\/p>\n","protected":false},"excerpt":{"rendered":"<p>Traian B\u0103sescu a spus, \u00een cadrul unei declara\u021bii de pres\u0103, c\u0103 va colabora cu noul pre\u015fedinte al Senatului institu\u0163ional, la fel cum colaboreaz\u0103 cu Victor Ponta sau cu Valeriu Zgonea. \u201eLa fel colaborez \u015fi cu C\u0103lin Popescu T\u0103riceanu, chiar dac\u0103, dup\u0103 p\u0103rerea mea, el este un surogat de Antonescu\u201d, a comentat Traian B\u0103sescu. \u201eVictor Ponta [&hellip;]<\/p>\n","protected":false},"author":1,"featured_media":209739,"comment_status":"open","ping_status":"","sticky":false,"template":"","format":"standard","meta":{"footnotes":""},"categories":[2],"tags":[11],"class_list":["post-209738","post","type-post","status-publish","format-standard","has-post-thumbnail","hentry","category-politics","tag-digi24"],"_links":{"self":[{"href":"https:\/\/analyse.optim.biz\/index.php?rest_route=\/wp\/v2\/posts\/209738","targetHints":{"allow":["GET"]}}],"collection":[{"href":"https:\/\/analyse.optim.biz\/index.php?rest_route=\/wp\/v2\/posts"}],"about":[{"href":"https:\/\/analyse.optim.biz\/index.php?rest_route=\/wp\/v2\/types\/post"}],"author":[{"embeddable":true,"href":"https:\/\/analyse.optim.biz\/index.php?rest_route=\/wp\/v2\/users\/1"}],"replies":[{"embeddable":true,"href":"https:\/\/analyse.optim.biz\/index.php?rest_route=%2Fwp%2Fv2%2Fcomments&post=209738"}],"version-history":[{"count":0,"href":"https:\/\/analyse.optim.biz\/index.php?rest_route=\/wp\/v2\/posts\/209738\/revisions"}],"wp:featuredmedia":[{"embeddable":true,"href":"https:\/\/analyse.optim.biz\/index.php?rest_route=\/wp\/v2\/media\/209739"}],"wp:attachment":[{"href":"https:\/\/analyse.optim.biz\/index.php?rest_route=%2Fwp%2Fv2%2Fmedia&parent=209738"}],"wp:term":[{"taxonomy":"category","embeddable":true,"href":"https:\/\/analyse.optim.biz\/index.php?rest_route=%2Fwp%2Fv2%2Fcategories&post=209738"},{"taxonomy":"post_tag","embeddable":true,"href":"https:\/\/analyse.optim.biz\/index.php?rest_route=%2Fwp%2Fv2%2Ftags&post=209738"}],"curies":[{"name":"wp","href":"https:\/\/api.w.org\/{rel}","templated":true}]}}