{"id":2097344,"date":"2026-08-17T12:13:46","date_gmt":"2026-08-17T09:13:46","guid":{"rendered":"https:\/\/analyse.optim.biz\/?p=2097344"},"modified":"2026-08-17T12:13:46","modified_gmt":"2026-08-17T09:13:46","slug":"mioara-velicu-omagiata-la-vaslui-artista-a-devenit-cetatean-de-onoare-al-municipiului-foto","status":"publish","type":"post","link":"https:\/\/analyse.optim.biz\/?p=2097344","title":{"rendered":"Mioara Velicu, omagiat\u0103 la Vaslui. Artista a devenit Cet\u0103\u021bean de Onoare al municipiului \u2013 FOTO"},"content":{"rendered":"<p>[analyse_image type=&#8221;featured&#8221; src=&#8221;https:\/\/bzv.ro\/wp-content\/uploads\/2026\/08\/IMG_0131.jpeg&#8221;]<\/p>\n<div class=\"tdb-block-inner td-fix-index\"><a class=\"tdb-logo-a\" href=\"https:\/\/bzv.ro\/\" title=\"BZV\"><span class=\"tdb-logo-text-wrap\"><span class=\"tdb-logo-text-title\">BZV.ro<\/span><\/span><\/a><\/div>\n<div class=\"tdb-block-inner td-fix-index\"><a class=\"tdb-logo-a\" href=\"https:\/\/bzv.ro\/\" title=\"BZV\"><span class=\"tdb-logo-text-wrap\"><span class=\"tdb-logo-text-title\">BZV.ro<\/span><\/span><\/a><\/div>\n<div class=\"tdb-block-inner td-fix-index\">\n<div class=\"tdb-head-date-txt\">luni, 17 august, 2026<\/div>\n<\/div>\n<div class=\"tdb-block-inner td-fix-index\"><a class=\"tdb-logo-a\" href=\"https:\/\/bzv.ro\/\" title=\"BZV\"><span class=\"tdb-logo-text-wrap\"><span class=\"tdb-logo-text-title\">BZV.ro<\/span><\/span><\/a><\/div>\n<div class=\"tdb-block-inner td-fix-index\"><a class=\"tdb-logo-a\" href=\"https:\/\/bzv.ro\/\" title=\"BZV\"><span class=\"tdb-logo-text-wrap\"><span class=\"tdb-logo-text-title\">BZV.ro<\/span><\/span><\/a><\/div>\n<div class=\"tdb-block-inner td-fix-index\">\n<h1 class=\"tdb-title-text\">Mioara Velicu, omagiat\u0103 la Vaslui. Artista a devenit Cet\u0103\u021bean de Onoare al municipiului \u2013 FOTO<\/h1>\n<\/div>\n<div class=\"tdb-block-inner td-fix-index\"><time class=\"entry-date updated td-module-date\" datetime=\"2026-08-17T15:13:46+03:00\">17 august, 2026<\/time><\/div>\n<div class=\"td_block_wrap tdb_single_content tdi_106 td-pb-border-top td_block_template_1 td-post-content tagdiv-type\" data-td-block-uid=\"tdi_106\">\n<div class=\"tdb-block-inner td-fix-index\">\n<p>Seara dedicat\u0103 folclorului din programul Zilelor Culturale ale Municipiului Vaslui a adus \u0219i un moment aparte pentru una dintre cele mai cunoscute voci ale c\u00e2ntecului popular rom\u00e2nesc. Mioara Velicu a fost recompensat\u0103 cu titlul de \u201eCet\u0103\u021bean de Onoare al Municipiului Vaslui\u201d, pentru \u00eentreaga sa activitate artistic\u0103.<\/p>\n<p>Ceremonia s-a desf\u0103\u0219urat \u00een fa\u021ba publicului vasluian, iar distinc\u021bia a fost oferit\u0103 de primarul Lucian Brani\u0219te, al\u0103turi de pre\u0219edintele Consiliului Jude\u021bean Vaslui, Ciprian-Ionu\u021b Trifan.<\/p>\n<p>\u0218eful administra\u021biei jude\u021bene a subliniat importan\u021ba pe care Mioara Velicu o are pentru cultura rom\u00e2neasc\u0103, dar \u0219i rolul s\u0103u \u00een p\u0103strarea \u0219i promovarea tradi\u021biilor moldovene\u0219ti. De-a lungul carierei, artista a dus c\u00e2ntecul popular vasluian pe scene din \u00eentreaga \u021bar\u0103, contribuind la p\u0103strarea identit\u0103\u021bii culturale a acestor locuri.<\/p>\n<p>Momentul festiv a completat un spectacol folcloric de amploare, la care au mai participat Ion Paladi, Maria Dragomiroiu, Silvia Ene \u0219i Veta Biri\u0219. Pe scen\u0103 au urcat \u0219i arti\u0219tii Ansamblului \u201eHora Vasluiului\u201d \u0219i ai Ansamblului \u201eRapsodia Vasluiului\u201d.<\/p>\n<p>Prin acordarea acestei distinc\u021bii, municipalitatea vasluian\u0103 a r\u0103spl\u0103tit o carier\u0103 dedicat\u0103 c\u00e2ntecului popular \u0219i un artist care a r\u0103mas profund legat de Vaslui \u0219i de tradi\u021biile Moldovei.<\/p>\n<\/div>\n<\/div>\n<div class=\"tdb-block-inner td-fix-index\">\n<p>Seara dedicat\u0103 folclorului din programul Zilelor Culturale ale Municipiului Vaslui a adus \u0219i un moment aparte pentru una dintre cele mai cunoscute voci ale c\u00e2ntecului popular rom\u00e2nesc. Mioara Velicu a fost recompensat\u0103 cu titlul de \u201eCet\u0103\u021bean de Onoare al Municipiului Vaslui\u201d, pentru \u00eentreaga sa activitate artistic\u0103.<\/p>\n<p>Ceremonia s-a desf\u0103\u0219urat \u00een fa\u021ba publicului vasluian, iar distinc\u021bia a fost oferit\u0103 de primarul Lucian Brani\u0219te, al\u0103turi de pre\u0219edintele Consiliului Jude\u021bean Vaslui, Ciprian-Ionu\u021b Trifan.<\/p>\n<p>\u0218eful administra\u021biei jude\u021bene a subliniat importan\u021ba pe care Mioara Velicu o are pentru cultura rom\u00e2neasc\u0103, dar \u0219i rolul s\u0103u \u00een p\u0103strarea \u0219i promovarea tradi\u021biilor moldovene\u0219ti. De-a lungul carierei, artista a dus c\u00e2ntecul popular vasluian pe scene din \u00eentreaga \u021bar\u0103, contribuind la p\u0103strarea identit\u0103\u021bii culturale a acestor locuri.<\/p>\n<p>Momentul festiv a completat un spectacol folcloric de amploare, la care au mai participat Ion Paladi, Maria Dragomiroiu, Silvia Ene \u0219i Veta Biri\u0219. Pe scen\u0103 au urcat \u0219i arti\u0219tii Ansamblului \u201eHora Vasluiului\u201d \u0219i ai Ansamblului \u201eRapsodia Vasluiului\u201d.<\/p>\n<p>Prin acordarea acestei distinc\u021bii, municipalitatea vasluian\u0103 a r\u0103spl\u0103tit o carier\u0103 dedicat\u0103 c\u00e2ntecului popular \u0219i un artist care a r\u0103mas profund legat de Vaslui \u0219i de tradi\u021biile Moldovei.<\/p>\n<\/div>\n<div class=\"tdb-block-inner td-fix-index\">\n<ul class=\"tdb-tags\">\n<li><span>Etichete<\/span><\/li>\n<li><a href=\"https:\/\/bzv.ro\/tag\/braniste\/\">braniste<\/a><\/li>\n<li><a href=\"https:\/\/bzv.ro\/tag\/mioara-velicu\/\">mioara velicu<\/a><\/li>\n<li><a href=\"https:\/\/bzv.ro\/tag\/trifan\/\">trifan<\/a><\/li>\n<li><a href=\"https:\/\/bzv.ro\/tag\/vaslui\/\">vaslui<\/a><\/li>\n<\/ul>\n<\/div>\n<div class=\"tdb-block-inner td-fix-index\">\n<div class=\"tdb-next-post tdb-next-post-bg tdb-post-prev\"><span>Articolul precedent<\/span><\/p>\n<div class=\"td-module-container\">\n<div class=\"next-prev-title\"><a href=\"https:\/\/bzv.ro\/elicopterul-smurd-chemat-la-husi-pentru-un-barbat-diagnosticat-cu-avc\/\">Elicopterul SMURD, chemat la Hu\u0219i pentru un b\u0103rbat diagnosticat cu AVC<\/a><\/div>\n<\/div>\n<\/div>\n<\/div>\n<div class=\"tdb-block-inner td-fix-index\"><a class=\"tdb-logo-a\" href=\"https:\/\/bzv.ro\/\" title=\"BZV\"><span class=\"tdb-logo-text-wrap\"><span class=\"tdb-logo-text-title\">BZV.ro<\/span><\/span><\/a><\/div>\n<p>[analyse_source url=&#8221;https:\/\/bzv.ro\/mioara-velicu-omagiata-la-vaslui-artista-a-devenit-cetatean-de-onoare-al-municipiului-foto\/#new_tab&#8221;]<\/p>\n","protected":false},"excerpt":{"rendered":"<p>[analyse_image type=&#8221;featured&#8221; src=&#8221;https:\/\/bzv.ro\/wp-content\/uploads\/2026\/08\/IMG_0131.jpeg&#8221;] BZV.ro BZV.ro luni, 17 august, 2026 BZV.ro BZV.ro Mioara Velicu, omagiat\u0103 la Vaslui. Artista a devenit Cet\u0103\u021bean de Onoare al municipiului \u2013 FOTO 17 august, 2026 Seara dedicat\u0103 folclorului din programul Zilelor Culturale ale Municipiului Vaslui a adus \u0219i un moment aparte pentru una dintre cele mai cunoscute voci ale c\u00e2ntecului popular [&hellip;]<\/p>\n","protected":false},"author":1,"featured_media":0,"comment_status":"open","ping_status":"","sticky":false,"template":"","format":"standard","meta":{"footnotes":""},"categories":[89],"tags":[226,217],"class_list":["post-2097344","post","type-post","status-publish","format-standard","hentry","category-romania","tag-crawlmanager","tag-vaslui-robo-stiri-ro"],"_links":{"self":[{"href":"https:\/\/analyse.optim.biz\/index.php?rest_route=\/wp\/v2\/posts\/2097344","targetHints":{"allow":["GET"]}}],"collection":[{"href":"https:\/\/analyse.optim.biz\/index.php?rest_route=\/wp\/v2\/posts"}],"about":[{"href":"https:\/\/analyse.optim.biz\/index.php?rest_route=\/wp\/v2\/types\/post"}],"author":[{"embeddable":true,"href":"https:\/\/analyse.optim.biz\/index.php?rest_route=\/wp\/v2\/users\/1"}],"replies":[{"embeddable":true,"href":"https:\/\/analyse.optim.biz\/index.php?rest_route=%2Fwp%2Fv2%2Fcomments&post=2097344"}],"version-history":[{"count":0,"href":"https:\/\/analyse.optim.biz\/index.php?rest_route=\/wp\/v2\/posts\/2097344\/revisions"}],"wp:attachment":[{"href":"https:\/\/analyse.optim.biz\/index.php?rest_route=%2Fwp%2Fv2%2Fmedia&parent=2097344"}],"wp:term":[{"taxonomy":"category","embeddable":true,"href":"https:\/\/analyse.optim.biz\/index.php?rest_route=%2Fwp%2Fv2%2Fcategories&post=2097344"},{"taxonomy":"post_tag","embeddable":true,"href":"https:\/\/analyse.optim.biz\/index.php?rest_route=%2Fwp%2Fv2%2Ftags&post=2097344"}],"curies":[{"name":"wp","href":"https:\/\/api.w.org\/{rel}","templated":true}]}}