{"id":2097314,"date":"2026-08-17T12:32:02","date_gmt":"2026-08-17T09:32:02","guid":{"rendered":"https:\/\/analyse.optim.biz\/?p=2097314"},"modified":"2026-08-17T12:32:02","modified_gmt":"2026-08-17T09:32:02","slug":"premierul-ilie-bolojan-la-timisoara-pentru-inaugurarea-celui-mai-mare-camin-din-romania","status":"publish","type":"post","link":"https:\/\/analyse.optim.biz\/?p=2097314","title":{"rendered":"Premierul Ilie Bolojan, la Timi\u0219oara, pentru inaugurarea celui mai mare c\u0103min din Rom\u00e2nia"},"content":{"rendered":"<p>[analyse_image type=&#8221;featured&#8221; src=&#8221;https:\/\/www.tion.ro\/wp-content\/uploads\/2026\/08\/+otf\/1200&#215;630\/jthpSMJUTdMhKanlVluT6E5PVF9WRVJZX1NFQ__aM6WeEjhQvuRxYKytoXnjOx7dlV__zjEq5EHs+DisTpqJ8TolDD2AlGmPW+OmhU6x+ow0PFYyRQzaAfp7ID3HU=\/6971172collage.png&#8221;]<\/p>\n<article id=\"post-2334690\" class>\n<div class=\"entry-content clearfix\">\n<div class=\"enewsArticleContent\">\n<p>La eveniment sunt prezen\u021bi rectorul UVT, Marilen Gabriel Pirtea, reprezentan\u021bi ai Companiei Na\u021bionale de Investi\u021bii (CNI), ai antreprenorului care a realizat investi\u021bia, precum \u0219i reprezentan\u021bi ai autorit\u0103\u021bilor locale.<\/p>\n<p>Noul c\u0103min are 902 locuri de cazare, fiind prezentat de UVT drept cel mai mare c\u0103min studen\u021besc din \u021bar\u0103. Cl\u0103direa are peste 30.000 de metri p\u0103tra\u021bi de suprafa\u021b\u0103 desf\u0103\u0219urat\u0103 \u0219i include, pe l\u00e2ng\u0103 spa\u021biile de cazare, s\u0103li de lectur\u0103, spa\u021bii pentru servirea mesei, sp\u0103l\u0103torii \u0219i usc\u0103torii \u0219i facilit\u0103\u021bi pentru persoanele cu dizabilit\u0103\u021bi. De lucr\u0103ri s-a ocupat firma Concelex, care mai este implicat\u0103 \u0219i \u00een construc\u021bia <strong><a href=\"https:\/\/www.tion.ro\/stirile-judetului-timis\/video-din-toamna-inca-324-de-locuri-de-cazare-pentru-studentii-uvt-doua-camine-noi-sunt-aproape-gata-2330175\/\" target=\"_blank\" rel=\"noopener\">altor dou\u0103 c\u0103mine \u00een Ghiroda<\/a><\/strong>.<\/p>\n<div class=\"enews_gallery_holder\">\n<div class=\"ml-gallery\"><a href=\"https:\/\/www.tion.ro\/galeria\/cel-mai-mare-camin-din-romania-la-timisoara\/\" class=\"ml-gallery-link\"><img loading=\"lazy\" decoding=\"async\" class=\"SkSDHi lazyload ml-gallery-cover\" src=\"https:\/\/www.tion.ro\/wp-content\/plugins\/endless-core\/images\/1x1.png\" width=\"155\" height=\"100\" data-src=\"https:\/\/www.tion.ro\/wp-content\/uploads\/2026\/08\/6969769WhatsAppImage20260817at141255.jpeg\" data-srcset=\"https:\/\/www.tion.ro\/wp-content\/uploads\/2026\/08\/+otf\/839x538\/6++ebHLCqXb5++OWcqWEsE5PVF9WRVJZX1NFQ__dRKDJwgI04ScevyFeyZDAY69X8ptfVkUm5RtCQvzUbJw2HCdnA__6ZZE7M3V2YPFUPCZXG2chYAXqtIAHKKHBA=\/6969769WhatsAppImage20260817at141255.jpeg 839w,https:\/\/www.tion.ro\/wp-content\/uploads\/2026\/08\/+otf\/100w\/6++ebHLCqXb5++OWcqWEsE5PVF9WRVJZX1NFQ__dRKDJwgI04ScevyFeyZDAY69X8ptfVkUm5RtCQvzUbJw2HCdnA__6ZZE7M3V2YPFUPCZXG2chYAXqtIAHKKHBA=\/6969769WhatsAppImage20260817at141255.jpeg 100w\" data-sizes=\"auto\"><\/p>\n<p class=\"wp-caption-text-gallery\">Cel mai mare c\u0103min din Rom\u00e2nia la Timi\u0219oara<\/p>\n<p><\/a><\/div>\n<\/div>\n<p>\u00a0<\/p>\n<h3><strong>902 locuri de cazare \u0219i spa\u021bii pentru studiu<\/strong><\/h3>\n<p>C\u0103minul dispune de 418 locuri \u00een s\u0103lile de lectur\u0103, iar zona destinat\u0103 servirii mesei are o suprafa\u021b\u0103 de 1.072 de metri p\u0103tra\u021bi. Camerele au grupuri sanitare proprii \u0219i mobilier destinat caz\u0103rii studen\u021bilor.<\/p>\n<p>Cl\u0103direa este dotat\u0103 cu sistem de climatizare \u0219i cu un sistem de control al accesului. De asemenea, instala\u021biile sunt monitorizate printr-un sistem BMS (Building Management System), care permite gestionarea componentelor de \u00eenc\u0103lzire \u0219i r\u0103cire \u0219i a altor instala\u021bii ale cl\u0103dirii.<\/p>\n<p>\u00cen exterior au fost amenajate \u0219i o pist\u0103 de alergare \u0219i alte spa\u021bii aferente campusului.<\/p>\n<h3><strong>Investi\u021bie de peste 230 de milioane de lei<\/strong><\/h3>\n<p>Valoarea actualizat\u0103 a investi\u021biei, potrivit HG nr. 653\/2025, este de aproximativ 230,449 milioane de lei, cu TVA inclus.<\/p>\n<p>Cea mai mare parte a finan\u021b\u0103rii, aproximativ 222,613 milioane de lei, este asigurat\u0103 de Ministerul Dezvolt\u0103rii, Lucr\u0103rilor Publice \u0219i Administra\u021biei, prin Compania Na\u021bional\u0103 de Investi\u021bii.<\/p>\n<p>Contribu\u021bia prev\u0103zut\u0103 din veniturile proprii ale UVT este de aproximativ 7,836 milioane de lei.<\/p>\n<p>Proiectarea a \u00eenceput \u00een 2022 \u0219i a durat aproximativ un an, p\u00e2n\u0103 la ob\u021binerea autoriza\u021biei de construire. Lucr\u0103rile au \u00eenceput \u00een martie 2023. \u00cen 2025, Guvernul a reaprobat indicatorii tehnico-economici necesari finaliz\u0103rii investi\u021biei, prin HG nr. 653\/2025.<\/p>\n<p>\u00cen prezent, construc\u021bia se afl\u0103 \u00een etapa final\u0103. Urmeaz\u0103 recep\u021bia, preluarea cl\u0103dirii de c\u0103tre UVT \u0219i introducerea acesteia \u00een circuitul de cazare pentru studen\u021bi, \u00eencep\u00e2nd din aceast\u0103 toamn\u0103.<\/p>\n<p>\u00a0<\/p>\n<div class=\"fbShareLikeTwitterAndEmailContainer\">\n<div class=\"wrapper\">\n<div class=\"email\">\n<div id=\"mailto-pop\" class=\"pop-form pop-form-mailto\">\n<div class=\"pop-form-header\">\n<h4>Trimite articolul<\/h4>\n<p><a class=\"pop-form-close\">X<\/a><\/div>\n<\/div>\n<\/div>\n<\/div>\n<\/div>\n<div class=\"tagsContainer\">\n<div class=\"tagsLabel\">Taguri:<\/div>\n<div class=\"tags\">\n<div class=\"tag\"><a href=\"https:\/\/www.tion.ro\/cimke\/camin\" rel=\"tag\"><span class=\"link\">camin<\/span><span class=\"separator\">,<\/span><\/a><\/div>\n<div class=\"tag\"><a href=\"https:\/\/www.tion.ro\/cimke\/ilie-bolojan\" rel=\"tag\"><span class=\"link\">ilie bolojan<\/span><span class=\"separator\">,<\/span><\/a><\/div>\n<div class=\"tag\"><a href=\"https:\/\/www.tion.ro\/cimke\/studenti\" rel=\"tag\"><span class=\"link\">studenti<\/span><span class=\"separator\">,<\/span><\/a><\/div>\n<div class=\"tag\"><a href=\"https:\/\/www.tion.ro\/cimke\/uvt\" rel=\"tag\"><span class=\"link\">UVT<\/span><\/a><\/div>\n<\/div>\n<\/div>\n<div class=\"comments\">\n<div class=\"top\">\n<div class=\"commentsNumber\"><span class=\"number\">4<\/span><span class=\"text\">Comentarii<\/span><\/div>\n<\/div>\n<div class=\"center\">\n<div id=\"respond\" class=\"comment-respond\">\n<h3 id=\"reply-title\" class=\"comment-reply-title\"><small><a rel=\"nofollow\" id=\"cancel-comment-reply-link\" href=\"https:\/\/www.tion.ro\/stirile-judetului-timis\/premierul-ilie-bolojan-la-timisoara-pentru-inaugurarea-celui-mai-mare-camin-din-romania-2334690\/#respond\">Cancel reply<\/a><\/small><\/h3>\n<p class=\"comment-notes\"><span id=\"email-notes\">Your email address will not be published.<\/span><span class=\"required-field-message\">Required fields are marked <span class=\"required\">*<\/span><\/span><\/p>\n<p class=\"commentFormComment\"><span id=\"commentFormCount\"><br \/>\n                            inca<br \/>\n                            <span id=\"countCommentText\">1000<\/span><br \/>\n                            caractere ramase<br \/>\n                        <\/span><\/p>\n<\/div>\n<\/div>\n<div class=\"bottom\">\n<p class=\"forumDisclaimerHuRo\">\n            Citi\u021bi principiile noastre de moderare <a href=\"https:\/\/www.tion.ro\/reguli-postare-comentarii\/\" target=\"_blank\">aici<\/a>!\n        <\/p>\n<\/div>\n<\/div>\n<div id=\"forum\">\n<li class=\"comment even thread-even depth-1\" id=\"comment-1015920\">\n<div id=\"div-comment-1015920\" class=\"comment-body\">\n<div class=\"comment-author vcard\"><img decoding=\"async\" alt src=\"https:\/\/secure.gravatar.com\/avatar\/b0f1a2a00a381d7878ba71a53d2089a4?s=32&amp;d=mm&amp;r=g\" class=\"avatar avatar-32 photo\" height=\"32\" width=\"32\" loading=\"lazy\"><cite class=\"fn\">Fanoi<\/cite><span class=\"says\">says:<\/span><\/div>\n<div class=\"comment-meta commentmetadata\"><a href=\"https:\/\/www.tion.ro\/stirile-judetului-timis\/premierul-ilie-bolojan-la-timisoara-pentru-inaugurarea-celui-mai-mare-camin-din-romania-2334690\/#comment-1015920\">August 17, 2026 at 3:37 pm<\/a><\/div>\n<p>Bun exemplu de persoana care savirseste infrac\u021biunea de uzurpare de calit\u0103\u021bi oficiale\u2026 Exercit\u0103 func\u021bia de premier dup\u0103 ce a fost dat afara, iar perioada de interimat a expirat. Pleac\u0103 ba la tine la Oradea.<\/p>\n<div class=\"reply\"><a rel=\"nofollow\" class=\"comment-reply-link\" href=\"https:\/\/www.tion.ro\/stirile-judetului-timis\/premierul-ilie-bolojan-la-timisoara-pentru-inaugurarea-celui-mai-mare-camin-din-romania-2334690\/#comment-1015920\" data-commentid=\"1015920\" data-postid=\"2334690\" data-belowelement=\"div-comment-1015920\" data-respondelement=\"respond\" data-replyto=\"Reply to Fanoi\" aria-label=\"Reply to Fanoi\">Reply<\/a><\/div>\n<\/div>\n<\/li>\n<li class=\"comment odd alt thread-odd thread-alt depth-1\" id=\"comment-1015923\">\n<div id=\"div-comment-1015923\" class=\"comment-body\">\n<div class=\"comment-author vcard\"><img decoding=\"async\" alt src=\"https:\/\/secure.gravatar.com\/avatar\/fae9309cb8228556610cb148e70c31e5?s=32&amp;d=mm&amp;r=g\" class=\"avatar avatar-32 photo\" height=\"32\" width=\"32\" loading=\"lazy\"><cite class=\"fn\">Ro-Fri<\/cite><span class=\"says\">says:<\/span><\/div>\n<div class=\"comment-meta commentmetadata\"><a href=\"https:\/\/www.tion.ro\/stirile-judetului-timis\/premierul-ilie-bolojan-la-timisoara-pentru-inaugurarea-celui-mai-mare-camin-din-romania-2334690\/#comment-1015923\">August 17, 2026 at 3:40 pm<\/a><\/div>\n<p>Poate ramane pe aici, avem nevoie de un primar competent..<\/p>\n<div class=\"reply\"><a rel=\"nofollow\" class=\"comment-reply-link\" href=\"https:\/\/www.tion.ro\/stirile-judetului-timis\/premierul-ilie-bolojan-la-timisoara-pentru-inaugurarea-celui-mai-mare-camin-din-romania-2334690\/#comment-1015923\" data-commentid=\"1015923\" data-postid=\"2334690\" data-belowelement=\"div-comment-1015923\" data-respondelement=\"respond\" data-replyto=\"Reply to Ro-Fri\" aria-label=\"Reply to Ro-Fri\">Reply<\/a><\/div>\n<\/div>\n<\/li>\n<li class=\"comment even thread-even depth-1\" id=\"comment-1015929\">\n<div id=\"div-comment-1015929\" class=\"comment-body\">\n<div class=\"comment-author vcard\"><img decoding=\"async\" alt src=\"https:\/\/secure.gravatar.com\/avatar\/3958c18b491e569ef57ba3d7e6c33227?s=32&amp;d=mm&amp;r=g\" class=\"avatar avatar-32 photo\" height=\"32\" width=\"32\" loading=\"lazy\"><cite class=\"fn\">Cetatean<\/cite><span class=\"says\">says:<\/span><\/div>\n<div class=\"comment-meta commentmetadata\"><a href=\"https:\/\/www.tion.ro\/stirile-judetului-timis\/premierul-ilie-bolojan-la-timisoara-pentru-inaugurarea-celui-mai-mare-camin-din-romania-2334690\/#comment-1015929\">August 17, 2026 at 3:48 pm<\/a><\/div>\n<p>Nu \u0219i-a dep\u0103\u0219it condi\u021bia de primar de provincie. A ajuns s\u0103 umble la t\u0103ieri de pamblica la obiective penibile, irelevante. Mare disperare s\u0103 fie vizibil la orice fleac.<br \/>\nMergi ma acas\u0103 c\u0103 ai v\u00e2ndut \u021bara pe 3 galbeni.<\/p>\n<div class=\"reply\"><a rel=\"nofollow\" class=\"comment-reply-link\" href=\"https:\/\/www.tion.ro\/stirile-judetului-timis\/premierul-ilie-bolojan-la-timisoara-pentru-inaugurarea-celui-mai-mare-camin-din-romania-2334690\/#comment-1015929\" data-commentid=\"1015929\" data-postid=\"2334690\" data-belowelement=\"div-comment-1015929\" data-respondelement=\"respond\" data-replyto=\"Reply to Cetatean\" aria-label=\"Reply to Cetatean\">Reply<\/a><\/div>\n<\/div>\n<\/li>\n<li class=\"comment odd alt thread-odd thread-alt depth-1\" id=\"comment-1015932\">\n<div id=\"div-comment-1015932\" class=\"comment-body\">\n<div class=\"comment-author vcard\"><img decoding=\"async\" alt src=\"https:\/\/secure.gravatar.com\/avatar\/e9d5148f162166e6953305b4f5cb2611?s=32&amp;d=mm&amp;r=g\" class=\"avatar avatar-32 photo\" height=\"32\" width=\"32\" loading=\"lazy\"><cite class=\"fn\">Eugen<\/cite><span class=\"says\">says:<\/span><\/div>\n<div class=\"comment-meta commentmetadata\"><a href=\"https:\/\/www.tion.ro\/stirile-judetului-timis\/premierul-ilie-bolojan-la-timisoara-pentru-inaugurarea-celui-mai-mare-camin-din-romania-2334690\/#comment-1015932\">August 17, 2026 at 4:00 pm<\/a><\/div>\n<p>E fain\u0103 domni\u0219oara care face poze<\/p>\n<div class=\"reply\"><a rel=\"nofollow\" class=\"comment-reply-link\" href=\"https:\/\/www.tion.ro\/stirile-judetului-timis\/premierul-ilie-bolojan-la-timisoara-pentru-inaugurarea-celui-mai-mare-camin-din-romania-2334690\/#comment-1015932\" data-commentid=\"1015932\" data-postid=\"2334690\" data-belowelement=\"div-comment-1015932\" data-respondelement=\"respond\" data-replyto=\"Reply to Eugen\" aria-label=\"Reply to Eugen\">Reply<\/a><\/div>\n<\/div>\n<\/li>\n<\/div>\n<\/div>\n<\/div>\n<\/article>\n<div class=\"entry-content clearfix\">\n<div class=\"enewsArticleContent\">\n<p>La eveniment sunt prezen\u021bi rectorul UVT, Marilen Gabriel Pirtea, reprezentan\u021bi ai Companiei Na\u021bionale de Investi\u021bii (CNI), ai antreprenorului care a realizat investi\u021bia, precum \u0219i reprezentan\u021bi ai autorit\u0103\u021bilor locale.<\/p>\n<p>Noul c\u0103min are 902 locuri de cazare, fiind prezentat de UVT drept cel mai mare c\u0103min studen\u021besc din \u021bar\u0103. Cl\u0103direa are peste 30.000 de metri p\u0103tra\u021bi de suprafa\u021b\u0103 desf\u0103\u0219urat\u0103 \u0219i include, pe l\u00e2ng\u0103 spa\u021biile de cazare, s\u0103li de lectur\u0103, spa\u021bii pentru servirea mesei, sp\u0103l\u0103torii \u0219i usc\u0103torii \u0219i facilit\u0103\u021bi pentru persoanele cu dizabilit\u0103\u021bi. De lucr\u0103ri s-a ocupat firma Concelex, care mai este implicat\u0103 \u0219i \u00een construc\u021bia <strong><a href=\"https:\/\/www.tion.ro\/stirile-judetului-timis\/video-din-toamna-inca-324-de-locuri-de-cazare-pentru-studentii-uvt-doua-camine-noi-sunt-aproape-gata-2330175\/\" target=\"_blank\" rel=\"noopener\">altor dou\u0103 c\u0103mine \u00een Ghiroda<\/a><\/strong>.<\/p>\n<div class=\"enews_gallery_holder\">\n<div class=\"ml-gallery\"><a href=\"https:\/\/www.tion.ro\/galeria\/cel-mai-mare-camin-din-romania-la-timisoara\/\" class=\"ml-gallery-link\"><img loading=\"lazy\" decoding=\"async\" class=\"SkSDHi lazyload ml-gallery-cover\" src=\"https:\/\/www.tion.ro\/wp-content\/plugins\/endless-core\/images\/1x1.png\" width=\"155\" height=\"100\" data-src=\"https:\/\/www.tion.ro\/wp-content\/uploads\/2026\/08\/6969769WhatsAppImage20260817at141255.jpeg\" data-srcset=\"https:\/\/www.tion.ro\/wp-content\/uploads\/2026\/08\/+otf\/839x538\/6++ebHLCqXb5++OWcqWEsE5PVF9WRVJZX1NFQ__dRKDJwgI04ScevyFeyZDAY69X8ptfVkUm5RtCQvzUbJw2HCdnA__6ZZE7M3V2YPFUPCZXG2chYAXqtIAHKKHBA=\/6969769WhatsAppImage20260817at141255.jpeg 839w,https:\/\/www.tion.ro\/wp-content\/uploads\/2026\/08\/+otf\/100w\/6++ebHLCqXb5++OWcqWEsE5PVF9WRVJZX1NFQ__dRKDJwgI04ScevyFeyZDAY69X8ptfVkUm5RtCQvzUbJw2HCdnA__6ZZE7M3V2YPFUPCZXG2chYAXqtIAHKKHBA=\/6969769WhatsAppImage20260817at141255.jpeg 100w\" data-sizes=\"auto\"><\/p>\n<p class=\"wp-caption-text-gallery\">Cel mai mare c\u0103min din Rom\u00e2nia la Timi\u0219oara<\/p>\n<p><\/a><\/div>\n<\/div>\n<p>\u00a0<\/p>\n<h3><strong>902 locuri de cazare \u0219i spa\u021bii pentru studiu<\/strong><\/h3>\n<p>C\u0103minul dispune de 418 locuri \u00een s\u0103lile de lectur\u0103, iar zona destinat\u0103 servirii mesei are o suprafa\u021b\u0103 de 1.072 de metri p\u0103tra\u021bi. Camerele au grupuri sanitare proprii \u0219i mobilier destinat caz\u0103rii studen\u021bilor.<\/p>\n<p>Cl\u0103direa este dotat\u0103 cu sistem de climatizare \u0219i cu un sistem de control al accesului. De asemenea, instala\u021biile sunt monitorizate printr-un sistem BMS (Building Management System), care permite gestionarea componentelor de \u00eenc\u0103lzire \u0219i r\u0103cire \u0219i a altor instala\u021bii ale cl\u0103dirii.<\/p>\n<p>\u00cen exterior au fost amenajate \u0219i o pist\u0103 de alergare \u0219i alte spa\u021bii aferente campusului.<\/p>\n<h3><strong>Investi\u021bie de peste 230 de milioane de lei<\/strong><\/h3>\n<p>Valoarea actualizat\u0103 a investi\u021biei, potrivit HG nr. 653\/2025, este de aproximativ 230,449 milioane de lei, cu TVA inclus.<\/p>\n<p>Cea mai mare parte a finan\u021b\u0103rii, aproximativ 222,613 milioane de lei, este asigurat\u0103 de Ministerul Dezvolt\u0103rii, Lucr\u0103rilor Publice \u0219i Administra\u021biei, prin Compania Na\u021bional\u0103 de Investi\u021bii.<\/p>\n<p>Contribu\u021bia prev\u0103zut\u0103 din veniturile proprii ale UVT este de aproximativ 7,836 milioane de lei.<\/p>\n<p>Proiectarea a \u00eenceput \u00een 2022 \u0219i a durat aproximativ un an, p\u00e2n\u0103 la ob\u021binerea autoriza\u021biei de construire. Lucr\u0103rile au \u00eenceput \u00een martie 2023. \u00cen 2025, Guvernul a reaprobat indicatorii tehnico-economici necesari finaliz\u0103rii investi\u021biei, prin HG nr. 653\/2025.<\/p>\n<p>\u00cen prezent, construc\u021bia se afl\u0103 \u00een etapa final\u0103. Urmeaz\u0103 recep\u021bia, preluarea cl\u0103dirii de c\u0103tre UVT \u0219i introducerea acesteia \u00een circuitul de cazare pentru studen\u021bi, \u00eencep\u00e2nd din aceast\u0103 toamn\u0103.<\/p>\n<p>\u00a0<\/p>\n<div class=\"fbShareLikeTwitterAndEmailContainer\">\n<div class=\"wrapper\">\n<div class=\"email\">\n<div id=\"mailto-pop\" class=\"pop-form pop-form-mailto\">\n<div class=\"pop-form-header\">\n<h4>Trimite articolul<\/h4>\n<p><a class=\"pop-form-close\">X<\/a><\/div>\n<\/div>\n<\/div>\n<\/div>\n<\/div>\n<div class=\"tagsContainer\">\n<div class=\"tagsLabel\">Taguri:<\/div>\n<div class=\"tags\">\n<div class=\"tag\"><a href=\"https:\/\/www.tion.ro\/cimke\/camin\" rel=\"tag\"><span class=\"link\">camin<\/span><span class=\"separator\">,<\/span><\/a><\/div>\n<div class=\"tag\"><a href=\"https:\/\/www.tion.ro\/cimke\/ilie-bolojan\" rel=\"tag\"><span class=\"link\">ilie bolojan<\/span><span class=\"separator\">,<\/span><\/a><\/div>\n<div class=\"tag\"><a href=\"https:\/\/www.tion.ro\/cimke\/studenti\" rel=\"tag\"><span class=\"link\">studenti<\/span><span class=\"separator\">,<\/span><\/a><\/div>\n<div class=\"tag\"><a href=\"https:\/\/www.tion.ro\/cimke\/uvt\" rel=\"tag\"><span class=\"link\">UVT<\/span><\/a><\/div>\n<\/div>\n<\/div>\n<div class=\"comments\">\n<div class=\"top\">\n<div class=\"commentsNumber\"><span class=\"number\">4<\/span><span class=\"text\">Comentarii<\/span><\/div>\n<\/div>\n<div class=\"center\">\n<div id=\"respond\" class=\"comment-respond\">\n<h3 id=\"reply-title\" class=\"comment-reply-title\"><small><a rel=\"nofollow\" id=\"cancel-comment-reply-link\" href=\"https:\/\/www.tion.ro\/stirile-judetului-timis\/premierul-ilie-bolojan-la-timisoara-pentru-inaugurarea-celui-mai-mare-camin-din-romania-2334690\/#respond\">Cancel reply<\/a><\/small><\/h3>\n<p class=\"comment-notes\"><span id=\"email-notes\">Your email address will not be published.<\/span><span class=\"required-field-message\">Required fields are marked <span class=\"required\">*<\/span><\/span><\/p>\n<p class=\"commentFormComment\"><span id=\"commentFormCount\"><br \/>\n                            inca<br \/>\n                            <span id=\"countCommentText\">1000<\/span><br \/>\n                            caractere ramase<br \/>\n                        <\/span><\/p>\n<\/div>\n<\/div>\n<div class=\"bottom\">\n<p class=\"forumDisclaimerHuRo\">\n            Citi\u021bi principiile noastre de moderare <a href=\"https:\/\/www.tion.ro\/reguli-postare-comentarii\/\" target=\"_blank\">aici<\/a>!\n        <\/p>\n<\/div>\n<\/div>\n<div id=\"forum\">\n<li class=\"comment even thread-even depth-1\" id=\"comment-1015920\">\n<div id=\"div-comment-1015920\" class=\"comment-body\">\n<div class=\"comment-author vcard\"><img decoding=\"async\" alt src=\"https:\/\/secure.gravatar.com\/avatar\/b0f1a2a00a381d7878ba71a53d2089a4?s=32&amp;d=mm&amp;r=g\" class=\"avatar avatar-32 photo\" height=\"32\" width=\"32\" loading=\"lazy\"><cite class=\"fn\">Fanoi<\/cite><span class=\"says\">says:<\/span><\/div>\n<div class=\"comment-meta commentmetadata\"><a href=\"https:\/\/www.tion.ro\/stirile-judetului-timis\/premierul-ilie-bolojan-la-timisoara-pentru-inaugurarea-celui-mai-mare-camin-din-romania-2334690\/#comment-1015920\">August 17, 2026 at 3:37 pm<\/a><\/div>\n<p>Bun exemplu de persoana care savirseste infrac\u021biunea de uzurpare de calit\u0103\u021bi oficiale\u2026 Exercit\u0103 func\u021bia de premier dup\u0103 ce a fost dat afara, iar perioada de interimat a expirat. Pleac\u0103 ba la tine la Oradea.<\/p>\n<div class=\"reply\"><a rel=\"nofollow\" class=\"comment-reply-link\" href=\"https:\/\/www.tion.ro\/stirile-judetului-timis\/premierul-ilie-bolojan-la-timisoara-pentru-inaugurarea-celui-mai-mare-camin-din-romania-2334690\/#comment-1015920\" data-commentid=\"1015920\" data-postid=\"2334690\" data-belowelement=\"div-comment-1015920\" data-respondelement=\"respond\" data-replyto=\"Reply to Fanoi\" aria-label=\"Reply to Fanoi\">Reply<\/a><\/div>\n<\/div>\n<\/li>\n<li class=\"comment odd alt thread-odd thread-alt depth-1\" id=\"comment-1015923\">\n<div id=\"div-comment-1015923\" class=\"comment-body\">\n<div class=\"comment-author vcard\"><img decoding=\"async\" alt src=\"https:\/\/secure.gravatar.com\/avatar\/fae9309cb8228556610cb148e70c31e5?s=32&amp;d=mm&amp;r=g\" class=\"avatar avatar-32 photo\" height=\"32\" width=\"32\" loading=\"lazy\"><cite class=\"fn\">Ro-Fri<\/cite><span class=\"says\">says:<\/span><\/div>\n<div class=\"comment-meta commentmetadata\"><a href=\"https:\/\/www.tion.ro\/stirile-judetului-timis\/premierul-ilie-bolojan-la-timisoara-pentru-inaugurarea-celui-mai-mare-camin-din-romania-2334690\/#comment-1015923\">August 17, 2026 at 3:40 pm<\/a><\/div>\n<p>Poate ramane pe aici, avem nevoie de un primar competent..<\/p>\n<div class=\"reply\"><a rel=\"nofollow\" class=\"comment-reply-link\" href=\"https:\/\/www.tion.ro\/stirile-judetului-timis\/premierul-ilie-bolojan-la-timisoara-pentru-inaugurarea-celui-mai-mare-camin-din-romania-2334690\/#comment-1015923\" data-commentid=\"1015923\" data-postid=\"2334690\" data-belowelement=\"div-comment-1015923\" data-respondelement=\"respond\" data-replyto=\"Reply to Ro-Fri\" aria-label=\"Reply to Ro-Fri\">Reply<\/a><\/div>\n<\/div>\n<\/li>\n<li class=\"comment even thread-even depth-1\" id=\"comment-1015929\">\n<div id=\"div-comment-1015929\" class=\"comment-body\">\n<div class=\"comment-author vcard\"><img decoding=\"async\" alt src=\"https:\/\/secure.gravatar.com\/avatar\/3958c18b491e569ef57ba3d7e6c33227?s=32&amp;d=mm&amp;r=g\" class=\"avatar avatar-32 photo\" height=\"32\" width=\"32\" loading=\"lazy\"><cite class=\"fn\">Cetatean<\/cite><span class=\"says\">says:<\/span><\/div>\n<div class=\"comment-meta commentmetadata\"><a href=\"https:\/\/www.tion.ro\/stirile-judetului-timis\/premierul-ilie-bolojan-la-timisoara-pentru-inaugurarea-celui-mai-mare-camin-din-romania-2334690\/#comment-1015929\">August 17, 2026 at 3:48 pm<\/a><\/div>\n<p>Nu \u0219i-a dep\u0103\u0219it condi\u021bia de primar de provincie. A ajuns s\u0103 umble la t\u0103ieri de pamblica la obiective penibile, irelevante. Mare disperare s\u0103 fie vizibil la orice fleac.<br \/>\nMergi ma acas\u0103 c\u0103 ai v\u00e2ndut \u021bara pe 3 galbeni.<\/p>\n<div class=\"reply\"><a rel=\"nofollow\" class=\"comment-reply-link\" href=\"https:\/\/www.tion.ro\/stirile-judetului-timis\/premierul-ilie-bolojan-la-timisoara-pentru-inaugurarea-celui-mai-mare-camin-din-romania-2334690\/#comment-1015929\" data-commentid=\"1015929\" data-postid=\"2334690\" data-belowelement=\"div-comment-1015929\" data-respondelement=\"respond\" data-replyto=\"Reply to Cetatean\" aria-label=\"Reply to Cetatean\">Reply<\/a><\/div>\n<\/div>\n<\/li>\n<li class=\"comment odd alt thread-odd thread-alt depth-1\" id=\"comment-1015932\">\n<div id=\"div-comment-1015932\" class=\"comment-body\">\n<div class=\"comment-author vcard\"><img decoding=\"async\" alt src=\"https:\/\/secure.gravatar.com\/avatar\/e9d5148f162166e6953305b4f5cb2611?s=32&amp;d=mm&amp;r=g\" class=\"avatar avatar-32 photo\" height=\"32\" width=\"32\" loading=\"lazy\"><cite class=\"fn\">Eugen<\/cite><span class=\"says\">says:<\/span><\/div>\n<div class=\"comment-meta commentmetadata\"><a href=\"https:\/\/www.tion.ro\/stirile-judetului-timis\/premierul-ilie-bolojan-la-timisoara-pentru-inaugurarea-celui-mai-mare-camin-din-romania-2334690\/#comment-1015932\">August 17, 2026 at 4:00 pm<\/a><\/div>\n<p>E fain\u0103 domni\u0219oara care face poze<\/p>\n<div class=\"reply\"><a rel=\"nofollow\" class=\"comment-reply-link\" href=\"https:\/\/www.tion.ro\/stirile-judetului-timis\/premierul-ilie-bolojan-la-timisoara-pentru-inaugurarea-celui-mai-mare-camin-din-romania-2334690\/#comment-1015932\" data-commentid=\"1015932\" data-postid=\"2334690\" data-belowelement=\"div-comment-1015932\" data-respondelement=\"respond\" data-replyto=\"Reply to Eugen\" aria-label=\"Reply to Eugen\">Reply<\/a><\/div>\n<\/div>\n<\/li>\n<\/div>\n<\/div>\n<\/div>\n<p>[analyse_source url=&#8221;https:\/\/www.tion.ro\/stirile-judetului-timis\/premierul-ilie-bolojan-la-timisoara-pentru-inaugurarea-celui-mai-mare-camin-din-romania-2334690\/&#8221;]<\/p>\n","protected":false},"excerpt":{"rendered":"<p>[analyse_image type=&#8221;featured&#8221; src=&#8221;https:\/\/www.tion.ro\/wp-content\/uploads\/2026\/08\/+otf\/1200&#215;630\/jthpSMJUTdMhKanlVluT6E5PVF9WRVJZX1NFQ__aM6WeEjhQvuRxYKytoXnjOx7dlV__zjEq5EHs+DisTpqJ8TolDD2AlGmPW+OmhU6x+ow0PFYyRQzaAfp7ID3HU=\/6971172collage.png&#8221;] La eveniment sunt prezen\u021bi rectorul UVT, Marilen Gabriel Pirtea, reprezentan\u021bi ai Companiei Na\u021bionale de Investi\u021bii (CNI), ai antreprenorului care a realizat investi\u021bia, precum \u0219i reprezentan\u021bi ai autorit\u0103\u021bilor locale. Noul c\u0103min are 902 locuri de cazare, fiind prezentat de UVT drept cel mai mare c\u0103min studen\u021besc din \u021bar\u0103. Cl\u0103direa are peste 30.000 de [&hellip;]<\/p>\n","protected":false},"author":1,"featured_media":0,"comment_status":"open","ping_status":"","sticky":false,"template":"","format":"standard","meta":{"footnotes":""},"categories":[89],"tags":[226,191],"class_list":["post-2097314","post","type-post","status-publish","format-standard","hentry","category-romania","tag-crawlmanager","tag-tion-ro"],"_links":{"self":[{"href":"https:\/\/analyse.optim.biz\/index.php?rest_route=\/wp\/v2\/posts\/2097314","targetHints":{"allow":["GET"]}}],"collection":[{"href":"https:\/\/analyse.optim.biz\/index.php?rest_route=\/wp\/v2\/posts"}],"about":[{"href":"https:\/\/analyse.optim.biz\/index.php?rest_route=\/wp\/v2\/types\/post"}],"author":[{"embeddable":true,"href":"https:\/\/analyse.optim.biz\/index.php?rest_route=\/wp\/v2\/users\/1"}],"replies":[{"embeddable":true,"href":"https:\/\/analyse.optim.biz\/index.php?rest_route=%2Fwp%2Fv2%2Fcomments&post=2097314"}],"version-history":[{"count":0,"href":"https:\/\/analyse.optim.biz\/index.php?rest_route=\/wp\/v2\/posts\/2097314\/revisions"}],"wp:attachment":[{"href":"https:\/\/analyse.optim.biz\/index.php?rest_route=%2Fwp%2Fv2%2Fmedia&parent=2097314"}],"wp:term":[{"taxonomy":"category","embeddable":true,"href":"https:\/\/analyse.optim.biz\/index.php?rest_route=%2Fwp%2Fv2%2Fcategories&post=2097314"},{"taxonomy":"post_tag","embeddable":true,"href":"https:\/\/analyse.optim.biz\/index.php?rest_route=%2Fwp%2Fv2%2Ftags&post=2097314"}],"curies":[{"name":"wp","href":"https:\/\/api.w.org\/{rel}","templated":true}]}}