{"id":2097307,"date":"2026-08-14T12:15:47","date_gmt":"2026-08-14T09:15:47","guid":{"rendered":"https:\/\/analyse.optim.biz\/?p=2097307"},"modified":"2026-08-14T12:15:47","modified_gmt":"2026-08-14T09:15:47","slug":"garda-de-mediu-teleorman-74-de-controale-in-iulie-ziarul-liber-in-teleorman","status":"publish","type":"post","link":"https:\/\/analyse.optim.biz\/?p=2097307","title":{"rendered":"Garda de Mediu Teleorman, 74\u00a0de controale \u00een iulie &#8211; Ziarul Liber in Teleorman"},"content":{"rendered":"<p>[analyse_image type=&#8221;featured&#8221; src=&#8221;https:\/\/liberinteleorman.ro\/wp-content\/uploads\/2026\/04\/teleorman.jpeg&#8221;]<\/p>\n<div class=\"entry-content single56__content single56__post_content single56__body_area\">\n<p>Comisariatul Jude\u0163ean Teleorman al G\u0103rzii Na\u0163ionale de Mediu a desf\u0103\u0219urat \u00een perioada 01.07.2026\u00a0\u2013\u00a031.07.2026\u00a0activitatea de inspec\u021bie \u0219i control cu un num\u0103r de 4 echipe de comisari, efectu\u00e2nd\u00a074\u00a0de controale, din care\u00a038\u00a0controale\u00a0planificate\u00a0\u0219i\u00a036 controale neplanificate.<\/p>\n<p>Cele\u00a036\u00a0de controale neplanificate realizate au vizat:\u00a0<\/p>\n<p>\u2022\u00a0Inspec\u0163ii pentru verificarea modului de respectare a condi\u0163iilor impuse\u00a0\u00een actele de reglementare \u2013\u00a07<\/p>\n<p>\u2022\u00a0Inspec\u021bii \u00een urma autosesiz\u0103rii G\u0103rzii Na\u021bionale de Mediu \u2013\u00a02<\/p>\n<p>\u2022\u00a0Inspec\u0163ii pentru rezolvarea unor reclama\u0163ii \u2013\u00a08<\/p>\n<p>\u2022\u00a0Inspec\u021bii pentru verificarea modului de realizare al obliga\u021biilor stabilite la \u00eencetarea activit\u0103\u021bii \u2013 2<\/p>\n<p>\u2022\u00a0Inspec\u0163ii dispuse de CG\/ACPM \u2013\u00a01<\/p>\n<p>\u2022\u00a0Inspec\u021bii pentru investigarea unor accidente sau\u00a0incidente cu impact asupra mediului \u2013 3<\/p>\n<p>\u2022\u00a0Inspec\u0163ii cu alte autorit\u0103\u0163i \u2013\u00a02<\/p>\n<p>\u2022\u00a0Inspec\u021bii pentru identificarea de obiective noi\u00a0\u2013\u00a06<\/p>\n<p>\u2022\u00a0Inspec\u021bii pentru verificarea realiz\u0103rii m\u0103surilor impuse \u2013 5<\/p>\n<p>\u00cen baza Legii 292\/2018 privind evaluarea impactului anumitor proiecte publice \u015fi private asupra mediului, au fost formulate\u00a035\u00a0puncte de vedere.<\/p>\n<p>\u00cen perioada men\u021bionat\u0103 au fost \u00eenregistrate\u00a029\u00a0de peti\u021bii care au fost solu\u021bionate conform prevederilor OUG 27\/2002 privind reglementarea activit\u0103\u021bii de solu\u021bionare a peti\u021biilor\u00a0\u0219i conform competen\u021belor legale ale G\u0103rzii Na\u021bionale de Mediu.<\/p>\n<p>Ca urmare a neconformit\u0103\u021bilor constatate \u0219i \u00eenc\u0103lc\u0103rii prevederilor legisla\u021biei de mediu, au fost aplicate\u00a040\u00a0de sanc\u021biuni contraven\u021bionale, din care\u00a04\u00a0avertismente\u00a0\u0219i\u00a036\u00a0amenzi \u00een\u00a0cuantum\u00a0de\u00a01.095.000\u00a0lei\u00a0\u0219i\u00a0a fost \u00a0\u00eenaintat\u0103\u00a01 sesizare\u00a0penal\u0103c\u0103tre organele de cercetare, potrivit comisar \u0219ef Dana Banu.<\/p>\n<\/div>\n<p>[analyse_source url=&#8221;https:\/\/liberinteleorman.ro\/garda-de-mediu-teleorman-74-de-controale-in-iulie\/&#8221;]<\/p>\n","protected":false},"excerpt":{"rendered":"<p>[analyse_image type=&#8221;featured&#8221; src=&#8221;https:\/\/liberinteleorman.ro\/wp-content\/uploads\/2026\/04\/teleorman.jpeg&#8221;] Comisariatul Jude\u0163ean Teleorman al G\u0103rzii Na\u0163ionale de Mediu a desf\u0103\u0219urat \u00een perioada 01.07.2026\u00a0\u2013\u00a031.07.2026\u00a0activitatea de inspec\u021bie \u0219i control cu un num\u0103r de 4 echipe de comisari, efectu\u00e2nd\u00a074\u00a0de controale, din care\u00a038\u00a0controale\u00a0planificate\u00a0\u0219i\u00a036 controale neplanificate. Cele\u00a036\u00a0de controale neplanificate realizate au vizat:\u00a0 \u2022\u00a0Inspec\u0163ii pentru verificarea modului de respectare a condi\u0163iilor impuse\u00a0\u00een actele de reglementare \u2013\u00a07 \u2022\u00a0Inspec\u021bii \u00een [&hellip;]<\/p>\n","protected":false},"author":1,"featured_media":0,"comment_status":"open","ping_status":"","sticky":false,"template":"","format":"standard","meta":{"footnotes":""},"categories":[89],"tags":[226,181],"class_list":["post-2097307","post","type-post","status-publish","format-standard","hentry","category-romania","tag-crawlmanager","tag-liberinteleorman-ro"],"_links":{"self":[{"href":"https:\/\/analyse.optim.biz\/index.php?rest_route=\/wp\/v2\/posts\/2097307","targetHints":{"allow":["GET"]}}],"collection":[{"href":"https:\/\/analyse.optim.biz\/index.php?rest_route=\/wp\/v2\/posts"}],"about":[{"href":"https:\/\/analyse.optim.biz\/index.php?rest_route=\/wp\/v2\/types\/post"}],"author":[{"embeddable":true,"href":"https:\/\/analyse.optim.biz\/index.php?rest_route=\/wp\/v2\/users\/1"}],"replies":[{"embeddable":true,"href":"https:\/\/analyse.optim.biz\/index.php?rest_route=%2Fwp%2Fv2%2Fcomments&post=2097307"}],"version-history":[{"count":0,"href":"https:\/\/analyse.optim.biz\/index.php?rest_route=\/wp\/v2\/posts\/2097307\/revisions"}],"wp:attachment":[{"href":"https:\/\/analyse.optim.biz\/index.php?rest_route=%2Fwp%2Fv2%2Fmedia&parent=2097307"}],"wp:term":[{"taxonomy":"category","embeddable":true,"href":"https:\/\/analyse.optim.biz\/index.php?rest_route=%2Fwp%2Fv2%2Fcategories&post=2097307"},{"taxonomy":"post_tag","embeddable":true,"href":"https:\/\/analyse.optim.biz\/index.php?rest_route=%2Fwp%2Fv2%2Ftags&post=2097307"}],"curies":[{"name":"wp","href":"https:\/\/api.w.org\/{rel}","templated":true}]}}