{"id":2097306,"date":"2026-08-15T13:04:51","date_gmt":"2026-08-15T10:04:51","guid":{"rendered":"https:\/\/analyse.optim.biz\/?p=2097306"},"modified":"2026-08-15T13:04:51","modified_gmt":"2026-08-15T10:04:51","slug":"incendiu-la-o-locuinta-din-cernetu-izbucnit-de-la-o-lumanare-lasata-aprinsa-ziarul-liber-in-teleorman","status":"publish","type":"post","link":"https:\/\/analyse.optim.biz\/?p=2097306","title":{"rendered":"Incendiu la o locuin\u021b\u0103 din Cernetu, izbucnit de la o lum\u00e2nare l\u0103sat\u0103 aprins\u0103 &#8211; Ziarul Liber in Teleorman"},"content":{"rendered":"<p>[analyse_image type=&#8221;featured&#8221; src=&#8221;https:\/\/liberinteleorman.ro\/wp-content\/uploads\/2026\/08\/8e851fed-7bea-4c9a-8efd-c21b9f224984.jpeg&#8221;]<\/p>\n<div class=\"entry-content single56__content single56__post_content single56__body_area\">\n<p>Ast\u0103zi, \u00een jurul orei 12:35, pompierii militari din cadrul Deta\u0219amentului Alexandria au intervenit, cu dou\u0103 autospeciale de lucru cu ap\u0103 \u0219i spum\u0103 de mare capacitate \u0219i o ambulan\u021b\u0103 SMURD, pentru stingerea unui incendiu izbucnit la o locuin\u021b\u0103 din localitatea Cernetu.<\/p>\n<p>\u00cen sprijinul pompierilor, autorit\u0103\u021bile locale au intervenit cu personal din cadrul SVSU \u0219i o autocistern\u0103 cu ap\u0103.<\/p>\n<p>La sosirea salvatorilor, incendiul se manifesta generalizat la nivelul acoperi\u0219ului, pe o suprafa\u021b\u0103 de aproximativ 100 de metri p\u0103tra\u021bi, precum \u0219i \u00een interiorul a trei camere de locuit, cu posibilitatea de propagare \u0219i distrugere a \u00eentregii construc\u021bii.<\/p>\n<p>Prin dispozitivul de interven\u021bie realizat, pompierii au reu\u0219it s\u0103 limiteze incendiul la nivelul la care a fost g\u0103sit \u0219i s\u0103 \u00eel lichideze dup\u0103 aproape dou\u0103 ore de interven\u021bie.<\/p>\n<p>\u00cen urma incendiului, pagubele au fost estimate la aproximativ 35.000 de lei, \u00een timp ce valoarea bunurilor salvate a fost estimat\u0103 la circa 20.000 de lei.<\/p>\n<p>Pe timpul misiunii, proprietara locuin\u021bei, \u00een v\u00e2rst\u0103 de aproximativ 79 de ani, a suferit un atac de panic\u0103. Aceasta a fost asistat\u0103 de paramedicii SMURD, \u00eens\u0103 a refuzat transportul la spital.<\/p>\n<p>Din primele cercet\u0103ri efectuate, cauza probabil\u0103 de izbucnire a incendiului a fost o lum\u00e2nare l\u0103sat\u0103 aprins\u0103 \u0219i nesupravegheat\u0103 \u00eentr-un hol.<\/p>\n<p>Pentru a preveni astfel de evenimente, recomand\u0103m cet\u0103\u021benilor s\u0103 manifeste o aten\u021bie deosebit\u0103 atunci c\u00e2nd folosesc lum\u00e2n\u0103ri \u00een locuin\u021be. Acestea trebuie amplasate pe suprafe\u021be stabile, neinflamabile \u0219i la distan\u021b\u0103 de perdele, mobilier, materiale textile, h\u00e2rtie sau alte obiecte care se pot aprinde cu u\u0219urin\u021b\u0103. Lum\u00e2n\u0103rile nu trebuie l\u0103sate niciodat\u0103 aprinse f\u0103r\u0103 supraveghere \u0219i trebuie stinse \u00eenainte de a p\u0103r\u0103si \u00eenc\u0103perea sau locuin\u021ba, chiar \u0219i pentru o perioad\u0103 scurt\u0103.<\/p>\n<p>De asemenea, este important ca sursele de foc \u0219i orice alte mijloace care pot provoca incendii s\u0103 fie p\u0103strate departe de copii \u0219i de persoanele care, din cauza v\u00e2rstei sau a altor situa\u021bii, pot avea dificult\u0103\u021bi \u00een utilizarea acestora \u00een condi\u021bii de siguran\u021b\u0103.<\/p>\n<p>O clip\u0103 de neaten\u021bie poate transforma o lum\u00e2nare aprins\u0103 \u00eentr-un incendiu care poate distruge o locuin\u021b\u0103 \u0219i poate pune \u00een pericol vie\u021bi. Pruden\u021ba \u0219i responsabilitatea sunt cele mai simple m\u0103suri prin care putem preveni astfel de tragedii.<\/p>\n<figure class=\"wp-block-gallery has-nested-images columns-default is-cropped wp-block-gallery-1 is-layout-flex wp-block-gallery-is-layout-flex\">\n<figure class=\"wp-block-image size-large\"><a href=\"https:\/\/liberinteleorman.ro\/wp-content\/uploads\/2026\/08\/9c6074d4-06b0-42e3-beff-0d162405a9ec.jpeg\"><img decoding=\"async\" loading=\"lazy\" width=\"768\" height=\"1024\" data-id=\"42880\" src=\"https:\/\/liberinteleorman.ro\/wp-content\/uploads\/2026\/08\/9c6074d4-06b0-42e3-beff-0d162405a9ec-768x1024.jpeg\" alt class=\"wp-image-42880\"><\/a><\/figure>\n<figure class=\"wp-block-image size-large\"><a href=\"https:\/\/liberinteleorman.ro\/wp-content\/uploads\/2026\/08\/7eddb99b-eb6b-4f37-8256-3f897d5d0596.jpeg\"><img decoding=\"async\" loading=\"lazy\" width=\"768\" height=\"1024\" data-id=\"42879\" src=\"https:\/\/liberinteleorman.ro\/wp-content\/uploads\/2026\/08\/7eddb99b-eb6b-4f37-8256-3f897d5d0596-768x1024.jpeg\" alt class=\"wp-image-42879\"><\/a><\/figure>\n<figure class=\"wp-block-image size-large\"><a href=\"https:\/\/liberinteleorman.ro\/wp-content\/uploads\/2026\/08\/a786944c-4126-4eca-82bd-2947d95bbb60.jpeg\"><img decoding=\"async\" loading=\"lazy\" width=\"1024\" height=\"768\" data-id=\"42878\" src=\"https:\/\/liberinteleorman.ro\/wp-content\/uploads\/2026\/08\/a786944c-4126-4eca-82bd-2947d95bbb60-1024x768.jpeg\" alt class=\"wp-image-42878\"><\/a><\/figure>\n<\/figure>\n<\/div>\n<p>[analyse_source url=&#8221;https:\/\/liberinteleorman.ro\/incendiu-la-o-locuinta-din-cernetu-izbucnit-de-la-o-lumanare-lasata-aprinsa\/&#8221;]<\/p>\n","protected":false},"excerpt":{"rendered":"<p>[analyse_image type=&#8221;featured&#8221; src=&#8221;https:\/\/liberinteleorman.ro\/wp-content\/uploads\/2026\/08\/8e851fed-7bea-4c9a-8efd-c21b9f224984.jpeg&#8221;] Ast\u0103zi, \u00een jurul orei 12:35, pompierii militari din cadrul Deta\u0219amentului Alexandria au intervenit, cu dou\u0103 autospeciale de lucru cu ap\u0103 \u0219i spum\u0103 de mare capacitate \u0219i o ambulan\u021b\u0103 SMURD, pentru stingerea unui incendiu izbucnit la o locuin\u021b\u0103 din localitatea Cernetu. \u00cen sprijinul pompierilor, autorit\u0103\u021bile locale au intervenit cu personal din cadrul SVSU [&hellip;]<\/p>\n","protected":false},"author":1,"featured_media":0,"comment_status":"open","ping_status":"","sticky":false,"template":"","format":"standard","meta":{"footnotes":""},"categories":[89],"tags":[226,181],"class_list":["post-2097306","post","type-post","status-publish","format-standard","hentry","category-romania","tag-crawlmanager","tag-liberinteleorman-ro"],"_links":{"self":[{"href":"https:\/\/analyse.optim.biz\/index.php?rest_route=\/wp\/v2\/posts\/2097306","targetHints":{"allow":["GET"]}}],"collection":[{"href":"https:\/\/analyse.optim.biz\/index.php?rest_route=\/wp\/v2\/posts"}],"about":[{"href":"https:\/\/analyse.optim.biz\/index.php?rest_route=\/wp\/v2\/types\/post"}],"author":[{"embeddable":true,"href":"https:\/\/analyse.optim.biz\/index.php?rest_route=\/wp\/v2\/users\/1"}],"replies":[{"embeddable":true,"href":"https:\/\/analyse.optim.biz\/index.php?rest_route=%2Fwp%2Fv2%2Fcomments&post=2097306"}],"version-history":[{"count":0,"href":"https:\/\/analyse.optim.biz\/index.php?rest_route=\/wp\/v2\/posts\/2097306\/revisions"}],"wp:attachment":[{"href":"https:\/\/analyse.optim.biz\/index.php?rest_route=%2Fwp%2Fv2%2Fmedia&parent=2097306"}],"wp:term":[{"taxonomy":"category","embeddable":true,"href":"https:\/\/analyse.optim.biz\/index.php?rest_route=%2Fwp%2Fv2%2Fcategories&post=2097306"},{"taxonomy":"post_tag","embeddable":true,"href":"https:\/\/analyse.optim.biz\/index.php?rest_route=%2Fwp%2Fv2%2Ftags&post=2097306"}],"curies":[{"name":"wp","href":"https:\/\/api.w.org\/{rel}","templated":true}]}}