{"id":2097304,"date":"2026-08-13T10:49:22","date_gmt":"2026-08-13T07:49:22","guid":{"rendered":"https:\/\/analyse.optim.biz\/?p=2097304"},"modified":"2026-08-13T10:49:22","modified_gmt":"2026-08-13T07:49:22","slug":"trei-tineri-retinuti-pentru-lovire-sau-alte-violente-ziarul-liber-in-teleorman","status":"publish","type":"post","link":"https:\/\/analyse.optim.biz\/?p=2097304","title":{"rendered":"Trei tineri re\u021binu\u021bi pentru lovire sau alte violen\u021be &#8211; Ziarul Liber in Teleorman"},"content":{"rendered":"<p>[analyse_image type=&#8221;featured&#8221; src=&#8221;https:\/\/liberinteleorman.ro\/wp-content\/uploads\/2026\/08\/IMG_0420.jpeg&#8221;]<\/p>\n<div class=\"entry-content single56__content single56__post_content single56__body_area\">\n<p><em>Poli\u021bi\u0219tii din cadrul Sec\u021biei 5 Poli\u021bie Rural\u0103 Dobrote\u0219ti efectueaz\u0103 cercet\u0103ri \u00een cadrul unui dosar penal, \u00eentocmit sub aspectul s\u0103v\u00e2r\u0219irii infrac\u021biunii de lovirea sau alte violen\u021be.<\/em><\/p>\n<p>La data de 12 august a.c., \u00een jurul orei 02:20, \u00een timp ce se aflau pe strada Trandafirilor, din localitatea Socetu, pe fondul unui conflict spontan, un b\u0103rbat de 34 de ani ar fi fost lovit cu un obiect contondent de trei tineri.<\/p>\n<p>Persoana v\u0103t\u0103mat\u0103 nu a dorit emiterea unui ordin de protec\u021bie provizoriu.<\/p>\n<p>\u00cen urma administr\u0103rii probatoriului, a fost dispus\u0103 m\u0103sura re\u021binerii fa\u021b\u0103 de cei trei tineri, pentru 24 de ore.<\/p>\n<p><em>Cercet\u0103rile sunt continuate, sub coordonarea procurorului din cadrul Parchetului de pe l\u00e2ng\u0103 Judec\u0103toria Ro\u0219iori de Vede.<\/em><\/p>\n<\/div>\n<p>[analyse_source url=&#8221;https:\/\/liberinteleorman.ro\/trei-tineri-retinuti-pentru-lovire-sau-alte-violente\/&#8221;]<\/p>\n","protected":false},"excerpt":{"rendered":"<p>[analyse_image type=&#8221;featured&#8221; src=&#8221;https:\/\/liberinteleorman.ro\/wp-content\/uploads\/2026\/08\/IMG_0420.jpeg&#8221;] Poli\u021bi\u0219tii din cadrul Sec\u021biei 5 Poli\u021bie Rural\u0103 Dobrote\u0219ti efectueaz\u0103 cercet\u0103ri \u00een cadrul unui dosar penal, \u00eentocmit sub aspectul s\u0103v\u00e2r\u0219irii infrac\u021biunii de lovirea sau alte violen\u021be. La data de 12 august a.c., \u00een jurul orei 02:20, \u00een timp ce se aflau pe strada Trandafirilor, din localitatea Socetu, pe fondul unui conflict spontan, un [&hellip;]<\/p>\n","protected":false},"author":1,"featured_media":0,"comment_status":"open","ping_status":"","sticky":false,"template":"","format":"standard","meta":{"footnotes":""},"categories":[89],"tags":[226,181],"class_list":["post-2097304","post","type-post","status-publish","format-standard","hentry","category-romania","tag-crawlmanager","tag-liberinteleorman-ro"],"_links":{"self":[{"href":"https:\/\/analyse.optim.biz\/index.php?rest_route=\/wp\/v2\/posts\/2097304","targetHints":{"allow":["GET"]}}],"collection":[{"href":"https:\/\/analyse.optim.biz\/index.php?rest_route=\/wp\/v2\/posts"}],"about":[{"href":"https:\/\/analyse.optim.biz\/index.php?rest_route=\/wp\/v2\/types\/post"}],"author":[{"embeddable":true,"href":"https:\/\/analyse.optim.biz\/index.php?rest_route=\/wp\/v2\/users\/1"}],"replies":[{"embeddable":true,"href":"https:\/\/analyse.optim.biz\/index.php?rest_route=%2Fwp%2Fv2%2Fcomments&post=2097304"}],"version-history":[{"count":0,"href":"https:\/\/analyse.optim.biz\/index.php?rest_route=\/wp\/v2\/posts\/2097304\/revisions"}],"wp:attachment":[{"href":"https:\/\/analyse.optim.biz\/index.php?rest_route=%2Fwp%2Fv2%2Fmedia&parent=2097304"}],"wp:term":[{"taxonomy":"category","embeddable":true,"href":"https:\/\/analyse.optim.biz\/index.php?rest_route=%2Fwp%2Fv2%2Fcategories&post=2097304"},{"taxonomy":"post_tag","embeddable":true,"href":"https:\/\/analyse.optim.biz\/index.php?rest_route=%2Fwp%2Fv2%2Ftags&post=2097304"}],"curies":[{"name":"wp","href":"https:\/\/api.w.org\/{rel}","templated":true}]}}