{"id":209724,"date":"2014-03-12T11:37:14","date_gmt":"2014-03-12T08:37:14","guid":{"rendered":"https:\/\/analyse.optim.biz\/?p=209724"},"modified":"2014-03-12T11:37:14","modified_gmt":"2014-03-12T08:37:14","slug":"ani-mircea-diaconu-nu-poate-candida-pentru-parlamentul-european","status":"publish","type":"post","link":"https:\/\/analyse.optim.biz\/?p=209724","title":{"rendered":"ANI: Mircea Diaconu nu poate candida pentru Parlamentul European"},"content":{"rendered":"<div class=\"entry data-app-meta data-app-meta-article\" data-embed-base-url-canonical=\"https:\/\/www.digi24.ro\/embed\/stiri\/actualitate\/politica\/ani-mircea-diaconu-nu-poate-candida-pentru-parlamentul-european-213313\">\n<p data-index=\"1\"><img decoding=\"async\" src=\"https:\/\/analyse.optim.biz\/wp-content\/uploads\/2024\/09\/cgcmdz04mdamagfzad1jn2qxndm4ymywzwm2otcxowixnzq0zjhknzk5ngzhzg-thumb_.jpg\" data-skip-htmlfix=\"1\" title=\"cgcmdz04mdamagfzad1jn2qxndm4ymywzwm2otcxowixnzq0zjhknzk5ngzhzg-thumb_\"><\/p>\n<p data-index=\"2\">\u00cen 19 iunie 2012, <strong>\u00cenalta Curte de Casa\u021bie \u0219i Justi\u021bie<\/strong> a emis decizie definitiv\u0103 \u0219i irevocabil\u0103 \u00een sensul men\u021binerii ca legal \u0219i temeinic a raportului de evaluare prin care ANI a constatat starea de incompatibilitate a fostului senator <strong>Mircea Diaconu.<\/strong><\/p>\n<p data-index=\"3\">Raportat la acest fapt, Curtea Constitu\u021bional\u0103 a opinat, prin decizia nr. 972\/2012, faptul c\u0103 \u201evotul negativ cu privire la starea de incompatibilitate constatat\u0103 irevocabil printr-o hot\u0103r\u00e2re judec\u0103toreasc\u0103, Senatul a actionat ultra vires, arog\u00e2ndu-\u0219i competen\u021be care apar\u021bin puterii judec\u0103tore\u0219ti\u201d \u0219i a constatat \u201eexisten\u021ba unui conflict juridic de natura constitu\u021bional\u0103 \u00eentre autoritatea judec\u0103toreasc\u0103 \u0219i autoritatea legiuitoare, reprezentat\u0103 de Senatul Rom\u00e2niei, de natur\u0103 a \u00eempiedica puterea judec\u0103toreasc\u0103 s\u0103 \u00ee\u0219i \u00eendeplineasc\u0103 atribu\u021biile constitu\u021bionale \u0219i legale cu care a fost investit\u0103\u201d.<\/p>\n<p data-index=\"4\">Astfel, lui Mircea Diaconu este dec\u0103zut din dreptul de a mai exercita o func\u0163ie sau o demnitate public\u0103 pe o perioad\u0103 de 3 ani, respectiv cea de membru al Parlamentului European, de la data r\u0103m\u00e2nerii definitive a raportului de evaluare, \u0219i anume p\u00e2n\u0103 la data de 19.06.2015,<strong><a href=\"http:\/\/www.integritate.eu\/2097\/section.aspx\/3869\" target=\"_blank\" data-skip-linkfix=\"1\" rel=\"noopener\">precizeaz\u0103 ANI.<\/a><\/strong><\/p>\n<p data-index=\"5\">\u201eDac\u0103 persoana a ocupat o func\u0163ie eligibil\u0103, nu mai poate ocupa aceea\u015fi func\u0163ie pe o perioad\u0103 de 3 ani de la \u00eencetarea mandatului [\u2026] persoana eliberat\u0103 sau destituit\u0103 din func\u0163ie [\u2026] sau fa\u0163\u0103 de care s-a constatat existen\u0163a conflictului de interese ori starea de incompatibilitate este dec\u0103zut\u0103 din dreptul de a mai exercita o func\u0163ie sau o demnitate public\u0103 [&#8230;], pe o perioad\u0103 de 3 ani de la data eliber\u0103rii, destituirii din func\u0163ia ori demnitatea public\u0103 respectiv\u0103 sau a \u00eencet\u0103rii de drept a mandatului\u201d.<\/p>\n<p data-index=\"6\">\u00cen aceste condi\u0163ii, ANI precizeaz\u0103 c\u0103 Mircea Diaconu nu poate candida pentru o func\u021bie eligibil\u0103 de membru al Parlamentului European \u015fi c\u0103 \u201eva utiliza toate instrumentele legale \u0219i institu\u021bionale \u00een ceea ce prive\u0219te respectarea interdic\u021biei referitoare la candidatur\u0103\u201d.<\/p>\n<\/div>\n<p> Source URL: https:\/\/www.digi24.ro\/stiri\/actualitate\/politica\/ani-mircea-diaconu-nu-poate-candida-pentru-parlamentul-european-213313<\/p>\n","protected":false},"excerpt":{"rendered":"<p>\u00cen 19 iunie 2012, \u00cenalta Curte de Casa\u021bie \u0219i Justi\u021bie a emis decizie definitiv\u0103 \u0219i irevocabil\u0103 \u00een sensul men\u021binerii ca legal \u0219i temeinic a raportului de evaluare prin care ANI a constatat starea de incompatibilitate a fostului senator Mircea Diaconu. Raportat la acest fapt, Curtea Constitu\u021bional\u0103 a opinat, prin decizia nr. 972\/2012, faptul c\u0103 \u201evotul [&hellip;]<\/p>\n","protected":false},"author":1,"featured_media":209725,"comment_status":"open","ping_status":"","sticky":false,"template":"","format":"standard","meta":{"footnotes":""},"categories":[2],"tags":[11],"class_list":["post-209724","post","type-post","status-publish","format-standard","has-post-thumbnail","hentry","category-politics","tag-digi24"],"_links":{"self":[{"href":"https:\/\/analyse.optim.biz\/index.php?rest_route=\/wp\/v2\/posts\/209724","targetHints":{"allow":["GET"]}}],"collection":[{"href":"https:\/\/analyse.optim.biz\/index.php?rest_route=\/wp\/v2\/posts"}],"about":[{"href":"https:\/\/analyse.optim.biz\/index.php?rest_route=\/wp\/v2\/types\/post"}],"author":[{"embeddable":true,"href":"https:\/\/analyse.optim.biz\/index.php?rest_route=\/wp\/v2\/users\/1"}],"replies":[{"embeddable":true,"href":"https:\/\/analyse.optim.biz\/index.php?rest_route=%2Fwp%2Fv2%2Fcomments&post=209724"}],"version-history":[{"count":0,"href":"https:\/\/analyse.optim.biz\/index.php?rest_route=\/wp\/v2\/posts\/209724\/revisions"}],"wp:featuredmedia":[{"embeddable":true,"href":"https:\/\/analyse.optim.biz\/index.php?rest_route=\/wp\/v2\/media\/209725"}],"wp:attachment":[{"href":"https:\/\/analyse.optim.biz\/index.php?rest_route=%2Fwp%2Fv2%2Fmedia&parent=209724"}],"wp:term":[{"taxonomy":"category","embeddable":true,"href":"https:\/\/analyse.optim.biz\/index.php?rest_route=%2Fwp%2Fv2%2Fcategories&post=209724"},{"taxonomy":"post_tag","embeddable":true,"href":"https:\/\/analyse.optim.biz\/index.php?rest_route=%2Fwp%2Fv2%2Ftags&post=209724"}],"curies":[{"name":"wp","href":"https:\/\/api.w.org\/{rel}","templated":true}]}}