{"id":209708,"date":"2014-03-12T15:27:05","date_gmt":"2014-03-12T12:27:05","guid":{"rendered":"https:\/\/analyse.optim.biz\/?p=209708"},"modified":"2014-03-12T15:27:05","modified_gmt":"2014-03-12T12:27:05","slug":"partidul-jobbik-isi-face-campanie-electorala-in-covasna-harghita-mures-si-brasov","status":"publish","type":"post","link":"https:\/\/analyse.optim.biz\/?p=209708","title":{"rendered":"Partidul Jobbik \u00ee\u015fi face campanie electoral\u0103 \u00een Covasna, Harghita, Mure\u015f \u015fi Bra\u015fov"},"content":{"rendered":"<div class=\"entry data-app-meta data-app-meta-article\" data-embed-base-url-canonical=\"https:\/\/www.digi24.ro\/embed\/stiri\/actualitate\/politica\/partidul-jobbik-isi-face-campanie-electorala-in-covasna-harghita-mures-si-brasov-213502\">\n<p data-index=\"1\"><img decoding=\"async\" src=\"https:\/\/analyse.optim.biz\/wp-content\/uploads\/2024\/09\/ad0wmta4mtuzzji1mdgwztk4ntlhyju1mtdmnwi0zjhimw-thumb_.jpg\" data-skip-htmlfix=\"1\" title=\"ad0wmta4mtuzzji1mdgwztk4ntlhyju1mtdmnwi0zjhimw-thumb_\"><\/p>\n<p data-index=\"2\">\u00cen 6 aprilie au loc alegeri parlamentare \u00een Ungaria, reaminte\u0219te Mediafax.<\/p>\n<p data-index=\"3\">\u00cen ultima perioad\u0103, \u00een cutiile po\u015ftale din municipiul Sf\u00e2ntu Gheorghe a fost distribuit un ziar de campanie al partidului Jobbik, \u00een care, printre altele, este publicat programul \u00eent\u00e2lnirilor cu cet\u0103\u0163enii din mai multe localit\u0103\u0163i din jude\u0163ele Covasna, Harghita, Mure\u015f \u015fi Bra\u015fov.<\/p>\n<p data-index=\"4\">Potrivit ziarului de campanie al Jobbik, un astfel de forum va avea loc, miercuri sear\u0103, la Gheorgheni, jude\u0163ul Harghita, iar joi \u00een municipiul Bra\u015fov.<\/p>\n<p data-index=\"5\">\u00cen 25 martie, reprezentan\u0163ii Jobbik vor organiza un astfel de forum \u015fi la Sf\u00e2ntu Gheorghe \u015fi Baraolt, jude\u0163ul Covasna, \u00een 26 martie la Miercurea Ciuc, iar \u00een 27 martie la T\u00e2rgu Mure\u015f.<\/p>\n<p data-index=\"6\">Potrivit cotidianului local \u201eSzekely Hirmondo\u201d din jude\u0163ul Covasna, reprezentan\u0163ii Jobbik au organizat, mar\u0163i sear\u0103, o \u00eent\u00e2lnire cu cet\u0103\u0163enii din municipiul T\u00e2rgu Secuiesc, la eveniment fiind prezent deputatul Szavay Istvan.<\/p>\n<p data-index=\"7\">Conform sursei citate, la acest forum reprezentan\u0163ii Jobbik \u015fi-au prezentat programul electoral, Szavay \u00eencuraj\u00e2ndu-i pe maghiarii cu dubl\u0103 cet\u0103\u0163enie s\u0103 participe la alegerile din Ungaria, pe motiv c\u0103 deciziile de la Budapesta pot influen\u0163a soarta maghiarilor din Transilvania.<\/p>\n<p data-index=\"8\">Pre\u015fedintele\u00a0Traian B\u0103sescu\u00a0a declarat, mar\u0163i, c\u0103 solicit\u0103 Guvernului \u015fi Parlamentului emiterea unui\u00a0act normativ prin care s\u0103 se interzic\u0103 prezen\u0163a membrilor partidului Jobbik \u00een Rom\u00e2nia, pe care l-a catalogat drept &#8220;extremist&#8221;.<\/p>\n<p data-index=\"9\">&#8220;Cred c\u0103 e timpul s\u0103 punem cap\u0103t ac\u0163iunilor acestui partid pe teritoriul Rom\u00e2niei \u015fi cer public Guvernului \u015fi Parlamentului s\u0103 se emit\u0103 act normativ prin care prezen\u0163a pe teritoriul Rom\u00e2niei a membrilor \u015fi liderilor acestui partid s\u0103 fie interzis\u0103&#8221;, a declarat \u015feful statului.<\/p>\n<\/div>\n<p> Source URL: https:\/\/www.digi24.ro\/stiri\/actualitate\/politica\/partidul-jobbik-isi-face-campanie-electorala-in-covasna-harghita-mures-si-brasov-213502<\/p>\n","protected":false},"excerpt":{"rendered":"<p>\u00cen 6 aprilie au loc alegeri parlamentare \u00een Ungaria, reaminte\u0219te Mediafax. \u00cen ultima perioad\u0103, \u00een cutiile po\u015ftale din municipiul Sf\u00e2ntu Gheorghe a fost distribuit un ziar de campanie al partidului Jobbik, \u00een care, printre altele, este publicat programul \u00eent\u00e2lnirilor cu cet\u0103\u0163enii din mai multe localit\u0103\u0163i din jude\u0163ele Covasna, Harghita, Mure\u015f \u015fi Bra\u015fov. Potrivit ziarului de [&hellip;]<\/p>\n","protected":false},"author":1,"featured_media":209709,"comment_status":"open","ping_status":"","sticky":false,"template":"","format":"standard","meta":{"footnotes":""},"categories":[2],"tags":[11],"class_list":["post-209708","post","type-post","status-publish","format-standard","has-post-thumbnail","hentry","category-politics","tag-digi24"],"_links":{"self":[{"href":"https:\/\/analyse.optim.biz\/index.php?rest_route=\/wp\/v2\/posts\/209708","targetHints":{"allow":["GET"]}}],"collection":[{"href":"https:\/\/analyse.optim.biz\/index.php?rest_route=\/wp\/v2\/posts"}],"about":[{"href":"https:\/\/analyse.optim.biz\/index.php?rest_route=\/wp\/v2\/types\/post"}],"author":[{"embeddable":true,"href":"https:\/\/analyse.optim.biz\/index.php?rest_route=\/wp\/v2\/users\/1"}],"replies":[{"embeddable":true,"href":"https:\/\/analyse.optim.biz\/index.php?rest_route=%2Fwp%2Fv2%2Fcomments&post=209708"}],"version-history":[{"count":0,"href":"https:\/\/analyse.optim.biz\/index.php?rest_route=\/wp\/v2\/posts\/209708\/revisions"}],"wp:featuredmedia":[{"embeddable":true,"href":"https:\/\/analyse.optim.biz\/index.php?rest_route=\/wp\/v2\/media\/209709"}],"wp:attachment":[{"href":"https:\/\/analyse.optim.biz\/index.php?rest_route=%2Fwp%2Fv2%2Fmedia&parent=209708"}],"wp:term":[{"taxonomy":"category","embeddable":true,"href":"https:\/\/analyse.optim.biz\/index.php?rest_route=%2Fwp%2Fv2%2Fcategories&post=209708"},{"taxonomy":"post_tag","embeddable":true,"href":"https:\/\/analyse.optim.biz\/index.php?rest_route=%2Fwp%2Fv2%2Ftags&post=209708"}],"curies":[{"name":"wp","href":"https:\/\/api.w.org\/{rel}","templated":true}]}}