{"id":2097076,"date":"2026-07-23T00:00:00","date_gmt":"2026-07-22T21:00:00","guid":{"rendered":"https:\/\/analyse.optim.biz\/?p=2097076"},"modified":"2026-07-23T00:00:00","modified_gmt":"2026-07-22T21:00:00","slug":"video-76-de-ani-de-la-revolta-taranilor-din-vrancea-impotriva-colectivizarii","status":"publish","type":"post","link":"https:\/\/analyse.optim.biz\/?p=2097076","title":{"rendered":"VIDEO | 76 de ani de la revolta \u021b\u0103ranilor din Vrancea \u00eempotriva colectiviz\u0103rii"},"content":{"rendered":"<p>[analyse_image type=&#8221;featured&#8221; src=&#8221;https:\/\/zdvi.cname.ro\/_\/video-76-de-ani-de-la-revolta-taranilor-din-vrancea-impotriva-colectivizarii\/mediaPool\/uQoRXnh.jpg&#8221;]<\/p>\n<div class=\"main-content detaliu-articol\"><a class=\"titlu-cat-list\" href=\"https:\/\/ziaruldevrancea.ro\/proiecte\/pe-urmele-istoriei\">Pe urmele istoriei<\/a><\/p>\n<h1>VIDEO | 76 de ani de la revolta \u021b\u0103ranilor din Vrancea \u00eempotriva colectiviz\u0103rii<\/h1>\n<div class=\"date-articol clearfix\">\n<div class=\"distribuie-articol dropdown\">\n    Distribuie: \u00a0<br \/>\n    <em>|<\/em><\/div>\n<div class=\"autor-articol\"><a href=\"https:\/\/ziaruldevrancea.ro\/autor\/nicolae-manoliu\/\"><img decoding=\"async\" class=\"img-circle\" src=\"https:\/\/zdvi.cname.ro\/50_50\/articleAuthor\/nicolae-manoliu\/articleAuthor\/u9tXyQL.PNG\" alt><\/a><\/p>\n<h5><a href=\"https:\/\/ziaruldevrancea.ro\/autor\/nicolae-manoliu\/\">Nicolae Manoliu<\/a><\/h5>\n<div class=\"grup-spatiere\"><span class=\"cu-spatiere\">23 iul 2026<\/span><span class=\"cu-spatiere\">1018 vizualiz\u0103ri<\/span><\/div>\n<\/div>\n<\/div>\n<div class=\"poza-mare\"><a href class=\"openGallery\"><img decoding=\"async\" class=\"img-responsive\" src=\"https:\/\/zdvi.cname.ro\/850_530\/video-76-de-ani-de-la-revolta-taranilor-din-vrancea-impotriva-colectivizarii\/article\/mediaPool\/uQoRXnh.jpg\" alt><\/a><\/div>\n<p><strong>\u00a0O pagin\u0103 dramatic\u0103 din istoria jude\u021bului, readus\u0103 \u00een aten\u021bie prin documentarul profesoarei Camelia Sandu<\/strong><\/p>\n<p><strong>La 76 de ani de la revolta din noaptea de 23 spre 24 iulie 1950, Ziarul de Vrancea republic\u0103 documentarul realizat de profesoara de istorie Camelia Sandu, o incursiune \u00een una dintre cele mai importante forme de rezisten\u021b\u0103 anticomunist\u0103 din jude\u021bul Vrancea \u0219i din Rom\u00e2nia.<\/strong><\/p>\n<p>La 76 de ani de la revolta \u021b\u0103ranilor vr\u00e2nceni \u00eempotriva colectiviz\u0103rii comuniste, <strong>Ziarul de Vrancea<\/strong> readuce \u00een aten\u021bia cititorilor unul dintre cele mai importante materiale dedicate acestui episod dramatic din istoria jude\u021bului. Republic\u0103m articolul publicat ini\u021bial \u00een iulie 2022 \u0219i actualizat ulterior, \u00eenso\u021bit de filmul documentar realizat de profesoara de istorie <strong>Camelia Sandu<\/strong>, de la \u0218coala Gimnazial\u0103 Suraia.<\/p>\n<p><strong>VIDEO:<a href=\"https:\/\/www.youtube.com\/@cameliasandu6897\" target=\"_blank\">Camelia Sandu<\/a><\/strong><iframe loading=\"lazy\" frameborder height=\"560\" scrolling=\"no\" src=\"https:\/\/www.youtube.com\/embed\/07fOeR3Cw98?si=BloacBQk5rvAx89q\" width=\"100%\"><\/iframe><\/p>\n<p>Noaptea de <strong>23 spre 24 iulie 1950<\/strong> r\u0103m\u00e2ne una dintre cele mai tensionate pagini din istoria Vrancei. \u00cen contextul procesului de colectivizare impus de regimul comunist, numero\u0219i \u021b\u0103rani c\u0103rora le fuseser\u0103 confiscate p\u0103m\u00e2nturile \u0219i p\u0103durile s-au ridicat \u00eempotriva autorit\u0103\u021bilor.<\/p>\n<p>Revolta a izbucnit \u00een satul <strong>B\u00e2rse\u0219ti<\/strong>, unde clopotul bisericii a chemat oamenii la ac\u021biune. Revolta\u021bii au ocupat sediile Consiliului Popular, Mili\u021biei \u0219i Po\u0219tei, iar activi\u0219ti ai Partidului Muncitoresc Rom\u00e2n \u0219i ai Uniunii Tineretului Muncitor au fost re\u021binu\u021bi. Mi\u0219c\u0103ri de protest au avut loc \u0219i \u00een alte localit\u0103\u021bi vr\u00e2ncene.<\/p>\n<p>Replica autorit\u0103\u021bilor comuniste a fost una extrem de dur\u0103. Potrivit informa\u021biilor publicate de <strong>Memorialul Sighet<\/strong>, mai mul\u021bi \u021b\u0103rani au fost \u00eempu\u0219ca\u021bi pe loc, \u00eentre ace\u0219tia afl\u00e2ndu-se <strong>Ilie Posmagiu<\/strong>, <strong>Toader Posmagiu<\/strong>, tat\u0103 \u0219i fiu din B\u00e2rse\u0219ti, \u0219i <strong>Radu Hurjui<\/strong> din Nereju. \u00cen perioada urm\u0103toare au fost arestate sute de persoane.<\/p>\n<p>Represiunea a continuat prin procese desf\u0103\u0219urate \u00een fa\u021ba tribunalelor militare. \u00cen total, <strong>308 persoane<\/strong> au fost judecate \u00een <strong>18 loturi<\/strong>, \u00eentre iunie \u0219i noiembrie 1951, de Tribunalele Militare Gala\u021bi \u0219i Stalin (Bra\u0219ov). Numero\u0219i inculpa\u021bi au primit condamn\u0103ri foarte grele, inclusiv sentin\u021be capitale.<\/p>\n<p>Printre cei executa\u021bi \u00een urma acestor procese s-au num\u0103rat <strong>Gheorghi\u021b\u0103 B\u0103lan<\/strong>, executat \u00een 1951, <strong>Constantin Manoliu<\/strong>, <strong>Victor Manoliu<\/strong>, <strong>Vasile V. Cojocaru<\/strong>, executa\u021bi la Penitenciarul Gala\u021bi la 31 ianuarie 1952, precum \u0219i <strong>Ion Str\u00e2mbei<\/strong>, executat la 17 august 1952.<\/p>\n<p><strong>Documentarul Cameliei Sandu readuce la via\u021b\u0103 memoria rezisten\u021bei anticomuniste din Vrancea<\/strong><\/p>\n<p>Materialul video republicat de <strong>Ziarul de Vrancea<\/strong> este realizat de profesoara de istorie <strong>Camelia Sandu<\/strong> \u0219i prezint\u0103 activitatea organiza\u021biei <strong>\u201eVlad \u021aepe\u0219 II\u201d<\/strong>, considerat\u0103 una dintre cele mai ample organiza\u021bii de rezisten\u021b\u0103 anticomunist\u0103 din Rom\u00e2nia.<\/p>\n<p>Organiza\u021bia reunea membri din aproximativ <strong>30 de localit\u0103\u021bi<\/strong> din jude\u021bele <strong>Vrancea<\/strong>, <strong>Covasna<\/strong> \u0219i zona <strong>R\u00e2mnicu S\u0103rat<\/strong>. La <strong>23 iulie 1950<\/strong>, membrii acesteia au trecut la ac\u021biune \u00eentr-o opera\u021biune cunoscut\u0103 sub numele de <strong>\u201eChermeza\u201d<\/strong>, eveniment care avea s\u0103 intre \u00een istoria rezisten\u021bei anticomuniste din Rom\u00e2nia.<\/p>\n<p>Documentarul <strong>\u201eVlad \u021aepe\u0219 II \u0219i chermeza din 23 iulie 1950\u201d<\/strong> reconstituie contextul istoric \u0219i principalele momente ale acestor evenimente, folosind documente \u0219i informa\u021bii istorice.<\/p>\n<p>Referindu-se la realizarea filmului, profesoara Camelia Sandu preciza:<\/p>\n<p>\u201e<strong><em>Pentru realizarea filmului am colaborat cu domnul Vali Dima, manager Validsoftware, care a lucrat pro bono, cum ar spune latinii, \u00abpentru binele public\u00bb. M-am bucurat \u0219i de colaborarea cu Oana Dima, care, \u0219ti\u021bi bine, face cele mai frumoase fotografii<\/em><\/strong>.\u201d<\/p>\n<p>Camelia Sandu este cunoscut\u0103 \u0219i pentru documentarul <strong>\u201eSuferin\u021bele colectiviz\u0103rii\u201d<\/strong>, dedicat revoltei \u021b\u0103ranilor din <strong>Suraia<\/strong>, din perioada <strong>28-30 noiembrie 1957<\/strong>, film construit inclusiv pe baza m\u0103rturiilor unor supravie\u021buitori.<\/p>\n<p><strong>VIDEO<\/strong>:<strong><a href=\"https:\/\/www.youtube.com\/@cameliasandu6897\" target=\"_blank\">Camelia Sandu<\/a><\/strong><\/p>\n<iframe loading=\"lazy\" frameborder height=\"560\" scrolling=\"no\" src=\"https:\/\/www.youtube.com\/embed\/GSp9DrFWyl0?si=ZCK_mIrZCQRDQxVT\" width=\"100%\"><\/iframe>\n<p><strong>Un episod care nu trebuie uitat<\/strong><\/p>\n<p>La \u00eemplinirea a <strong>76 de ani<\/strong> de la revolta din iulie 1950, republicarea acestui documentar reprezint\u0103 o invita\u021bie la cunoa\u0219terea unui capitol important al istoriei recente a Vrancei. Dincolo de dimensiunea sa local\u0103, revolta \u00eempotriva colectiviz\u0103rii r\u0103m\u00e2ne una dintre expresiile rezisten\u021bei fa\u021b\u0103 de instaurarea regimului comunist \u0219i de politicile care au schimbat radical via\u021ba satului rom\u00e2nesc.<\/p>\n<p><strong>Ziarul de Vrancea<\/strong> v\u0103 invit\u0103 s\u0103 urm\u0103ri\u021bi documentarul realizat de profesoara <strong>Camelia Sandu<\/strong>, dedicat organiza\u021biei <strong>\u201eVlad \u021aepe\u0219 II\u201d<\/strong> \u0219i evenimentelor din <strong>23-24 iulie 1950<\/strong>, precum \u0219i s\u0103 redescoperi\u021bi aceast\u0103 pagin\u0103 de istorie care continu\u0103 s\u0103 fac\u0103 parte din memoria colectiv\u0103 a jude\u021bului.<\/p>\n<p><strong>Nicolae Manoliu<\/strong><\/p>\n<hr>\n<div class=\"bloc-widget widget-rosu\">\n<p>\u00cen lipsa unui acord scris din partea Ziarului de Vrancea, pute\u0163i prelua maxim 500 de caractere din acest articol dac\u0103 preciza\u0163i sursa \u015fi insera\u0163i vizibil link-ul articolului:\u00a0<span>#insertcurrentlinkhere<\/span><\/p>\n<\/div>\n<div class=\"extra-articol listing-anunturi\">\n<h6>Anun\u021buri <span class=\"text-primary\">ZdV<\/span> Premium<\/h6>\n<div class=\"row\">\n<div class=\"col-lg-4 col-md-6 bloc-egal\"><a class=\"card-anunt\" href=\"https:\/\/ziaruldevrancea.ro\/anunturi\/imobiliare\/vanzari-terenuri\/vand-teren-anunt-72841\"><strong class=\"titlu\">V\u00e2nz\u0103ri terenuri<\/strong><span class=\"text-anunt\">V\u00e2nd teren intravilan 3600 mp, intersec\u021bia&#8230;<\/span><span class=\"data-anunt\">17.08.2026  <\/span><\/a><\/div>\n<div class=\"col-lg-4 col-md-6 bloc-egal\"><a class=\"card-anunt\" href=\"https:\/\/ziaruldevrancea.ro\/anunturi\/angajari\/oferte-angajari\/oferta-de-angajare-anunt-72842\"><strong class=\"titlu\">Oferte<\/strong><span class=\"text-anunt\">SC angajeaz\u0103 2 persoane calificate \u0219i cu&#8230;<\/span><span class=\"data-anunt\">17.08.2026  <\/span><\/a><\/div>\n<div class=\"col-lg-4 col-md-6 bloc-egal\"><a class=\"card-anunt\" href=\"https:\/\/ziaruldevrancea.ro\/anunturi\/auto\/vanzari-auto\/vand-rulota\"><strong class=\"titlu\">V\u00e2nz\u0103ri<\/strong><span class=\"text-anunt\">V\u00e2nd rulot\u0103 confortabil\u0103. <\/p>\n<p>Tel&#8230;.<\/span><span class=\"data-anunt\">17.08.2026  <\/span><\/a><\/div>\n<\/div>\n<\/div>\n<div class=\"extra-articol alte-articole\">\n<div class=\"row\">\n<div class=\"col-lg-6 bloc-egal\">\n<div class=\"card articol-listing\">\n<h6>\u00cen categoria <a href=\"https:\/\/ziaruldevrancea.ro\/proiecte\/pe-urmele-istoriei\">Pe urmele istoriei<\/a><\/h6>\n<div class=\"grup-articol-listing\">\n<div class=\"cont-pils\"><a href=\"https:\/\/ziaruldevrancea.ro\/proiecte\/pe-urmele-istoriei\/17-august-2026-109-ani-de-la-condamnarea-la-moarte-a-eroilor-grupului-chilian.-povestea-rezistentei-vrancene-din-primul-razboi-mondial\"><img decoding=\"async\" src=\"https:\/\/zdvi.cname.ro\/180_135\/proiecte\/pe-urmele-istoriei\/17-august-2026-109-ani-de-la-condamnarea-la-moarte-a-eroilor-grupului-chilian.-povestea-rezistentei-vrancene-din-primul-razboi-mondial\/mediaPool\/ujOj4Kv.png\" class=\"img-responsive img-180\" alt><\/a><\/div>\n<h2><a class=\"link-titlu\" href=\"https:\/\/ziaruldevrancea.ro\/proiecte\/pe-urmele-istoriei\/17-august-2026-109-ani-de-la-condamnarea-la-moarte-a-eroilor-grupului-chilian.-povestea-rezistentei-vrancene-din-primul-razboi-mondial\">17 august 2026 | 109 ani de la condamnarea la moarte a eroilor Grupului Chilian. Povestea rezisten\u021bei vr\u00e2ncene din Primul R\u0103zboi Mondial<\/a><\/h2>\n<div class=\"date-post\"><a href=\"https:\/\/ziaruldevrancea.ro\/autor\/maria-bratu\">Maria BRATU<\/a>, 17 aug 2026  <\/div>\n<\/div>\n<div class=\"grup-articol-listing\">\n<div class=\"cont-pils\"><a href=\"https:\/\/ziaruldevrancea.ro\/proiecte\/pe-urmele-istoriei\/cartea-spitalul-militar-focsani-1832-2026.-o-cronica-medico-militara-pregatita-pentru-tipar\"><img decoding=\"async\" src=\"https:\/\/zdvi.cname.ro\/180_135\/proiecte\/pe-urmele-istoriei\/cartea-spitalul-militar-focsani-1832-2026.-o-cronica-medico-militara-pregatita-pentru-tipar\/mediaPool\/uAxL1XY.jpg\" class=\"img-responsive img-180\" alt><\/a><\/div>\n<h2><a class=\"link-titlu\" href=\"https:\/\/ziaruldevrancea.ro\/proiecte\/pe-urmele-istoriei\/cartea-spitalul-militar-focsani-1832-2026.-o-cronica-medico-militara-pregatita-pentru-tipar\">Cartea \u201eSpitalul Militar Foc\u0219ani 1832\u20132026. O cronic\u0103 medico-militar\u0103\u201d, preg\u0103tit\u0103 pentru tipar<\/a><\/h2>\n<div class=\"date-post\"><a href=\"https:\/\/ziaruldevrancea.ro\/autor\/radu-tomescu\">Radu Tomescu<\/a>, 16 aug 2026  <\/div>\n<\/div>\n<div class=\"grup-articol-listing\">\n<div class=\"cont-pils\"><a href=\"https:\/\/ziaruldevrancea.ro\/proiecte\/pe-urmele-istoriei\/eroul-uitat-al-vrancei-invatatorul-iordache-popa-de-la-catedra-scolii-crucea-de-jos-la-marasesti-pana-la-legiunea-de-onoare\"><img decoding=\"async\" src=\"https:\/\/zdvi.cname.ro\/180_135\/proiecte\/pe-urmele-istoriei\/eroul-uitat-al-vrancei-invatatorul-iordache-popa-de-la-catedra-scolii-crucea-de-jos-la-marasesti-pana-la-legiunea-de-onoare\/mediaPool\/uYajdFt.jpg\" class=\"img-responsive img-180\" alt><\/a><\/div>\n<h2><a class=\"link-titlu\" href=\"https:\/\/ziaruldevrancea.ro\/proiecte\/pe-urmele-istoriei\/eroul-uitat-al-vrancei-invatatorul-iordache-popa-de-la-catedra-scolii-crucea-de-jos-la-marasesti-pana-la-legiunea-de-onoare\">Eroul uitat al Vrancei | \u00cenv\u0103\u021b\u0103torul Iordache Popa, de la catedra \u0218colii Crucea de Jos, la M\u0103r\u0103\u0219e\u0219ti p\u00e2n\u0103 la Legiunea de Onoare<\/a><\/h2>\n<div class=\"date-post\"><a href=\"https:\/\/ziaruldevrancea.ro\/autor\/ionel-budescu\">Ionel Budescu<\/a>, 16 aug 2026  <\/div>\n<\/div>\n<\/div>\n<\/div>\n<div class=\"col-lg-6 bloc-egal\">\n<div class=\"card articol-listing\">\n<h6>De acela\u0219i <a href=\"https:\/\/ziaruldevrancea.ro\/autor\/nicolae-manoliu\/\">autor<\/a><\/h6>\n<div class=\"grup-articol-listing\">\n<div class=\"cont-pils\"><a href=\"https:\/\/ziaruldevrancea.ro\/actualitatea\/stiri-locale\/video-padocul-de-la-suraia-nu-mai-poate-functiona.-dsvsa-vrancea-i-a-anulat-autorizatia-dupa-o-noua-inspectie\"><img decoding=\"async\" src=\"https:\/\/zdvi.cname.ro\/180_135\/actualitatea\/stiri-locale\/video-padocul-de-la-suraia-nu-mai-poate-functiona.-dsvsa-vrancea-i-a-anulat-autorizatia-dupa-o-noua-inspectie\/mediaPool\/uoPhekR.png\" class=\"img-responsive img-180\" alt><\/a><\/div>\n<h2><a class=\"link-titlu\" href=\"https:\/\/ziaruldevrancea.ro\/actualitatea\/stiri-locale\/video-padocul-de-la-suraia-nu-mai-poate-functiona.-dsvsa-vrancea-i-a-anulat-autorizatia-dupa-o-noua-inspectie\">VIDEO | Padocul de la Suraia nu mai poate func\u021biona. DSVSA Vrancea i-a anulat autoriza\u021bia dup\u0103 o nou\u0103 inspec\u021bie<\/a><\/h2>\n<div class=\"date-post\"><a href=\"https:\/\/ziaruldevrancea.ro\/autor\/nicolae-manoliu\">Nicolae Manoliu<\/a>, 15 aug 2026  <\/div>\n<\/div>\n<div class=\"grup-articol-listing\">\n<div class=\"cont-pils\"><a href=\"https:\/\/ziaruldevrancea.ro\/actualitatea\/stiri-locale\/padocul-groazei-de-la-suraia-ramane-fara-autorizatie.-dsvsa-vrancea-a-interzis-activitatea-adapostului-privat\"><img decoding=\"async\" src=\"https:\/\/zdvi.cname.ro\/180_135\/actualitatea\/stiri-locale\/padocul-groazei-de-la-suraia-ramane-fara-autorizatie.-dsvsa-vrancea-a-interzis-activitatea-adapostului-privat\/mediaPool\/u1qyP8k.png\" class=\"img-responsive img-180\" alt><\/a><\/div>\n<h2><a class=\"link-titlu\" href=\"https:\/\/ziaruldevrancea.ro\/actualitatea\/stiri-locale\/padocul-groazei-de-la-suraia-ramane-fara-autorizatie.-dsvsa-vrancea-a-interzis-activitatea-adapostului-privat\">\u201ePadocul groazei\u201d de la Suraia r\u0103m\u00e2ne f\u0103r\u0103 autoriza\u021bie. DSVSA Vrancea a interzis activitatea ad\u0103postului privat<\/a><\/h2>\n<div class=\"date-post\"><a href=\"https:\/\/ziaruldevrancea.ro\/autor\/nicolae-manoliu\">Nicolae Manoliu<\/a>, 15 aug 2026  <\/div>\n<\/div>\n<div class=\"grup-articol-listing\">\n<div class=\"cont-pils\"><a href=\"https:\/\/ziaruldevrancea.ro\/actualitatea\/stiri-locale\/foto-perchezitii-antidrog-in-vrancea-doua-persoane-cercetate-pentru-trafic-de-canabis-la-focsani\"><img decoding=\"async\" src=\"https:\/\/zdvi.cname.ro\/180_135\/actualitatea\/stiri-locale\/foto-perchezitii-antidrog-in-vrancea-doua-persoane-cercetate-pentru-trafic-de-canabis-la-focsani\/mediaPool\/u0MOk6Q.png\" class=\"img-responsive img-180\" alt><\/a><\/div>\n<h2><a class=\"link-titlu\" href=\"https:\/\/ziaruldevrancea.ro\/actualitatea\/stiri-locale\/foto-perchezitii-antidrog-in-vrancea-doua-persoane-cercetate-pentru-trafic-de-canabis-la-focsani\">Foto | Perchezi\u021bii antidrog \u00een Vrancea: dou\u0103 persoane cercetate pentru trafic de canabis la Foc\u0219ani<\/a><\/h2>\n<div class=\"date-post\"><a href=\"https:\/\/ziaruldevrancea.ro\/autor\/nicolae-manoliu\">Nicolae Manoliu<\/a>, 14 aug 2026  <\/div>\n<\/div>\n<\/div>\n<\/div>\n<\/div>\n<\/div>\n<div class=\"extra-articol listing-anunturi\">\n<h6>Anun\u021buri <span class=\"text-primary\">ZdV<\/span> Premium<\/h6>\n<div class=\"row\">\n<div class=\"col-lg-4 col-md-6 bloc-egal\"><a class=\"card-anunt\" href=\"https:\/\/ziaruldevrancea.ro\/anunturi\/necrolog\/condoleante\/dumnezeu-sa-o-ierte-si-sa-o-odihneasca-in-pacea-sa\"><strong class=\"titlu\">Condolean\u021be<\/strong><span class=\"text-anunt\">Cu deosebit\u0103 triste\u021be anun\u021b\u0103m trecerea la&#8230;<\/span><span class=\"data-anunt\">14.08.2026  <\/span><\/a><\/div>\n<div class=\"col-lg-4 col-md-6 bloc-egal\"><a class=\"card-anunt\" href=\"https:\/\/ziaruldevrancea.ro\/anunturi\/imobiliare\/vanzari-garsoniere\/vand-garsoniera-pe-strada-pictor-grigorescu-nr-29\"><strong class=\"titlu\">V\u00e2nz\u0103ri garsoniere<\/strong><span class=\"text-anunt\">Vand garsoniera pe strada Pictor Grigorescu nr 29&#8230;<\/span><span class=\"data-anunt\">12.08.2026 , Vrancea , Foc\u0219ani<\/span><\/a><\/div>\n<div class=\"col-lg-4 col-md-6 bloc-egal\"><a class=\"card-anunt\" href=\"https:\/\/ziaruldevrancea.ro\/anunturi\/necrolog\/condoleante\/dumnezeu-sa-il-odihneasca-in-pace-anunt-72838\"><strong class=\"titlu\">Condolean\u021be<\/strong><span class=\"text-anunt\">Sindicatul Finan\u021be Vrancea al salaria\u021bilor&#8230;<\/span><span class=\"data-anunt\">12.08.2026  <\/span><\/a><\/div>\n<\/div>\n<\/div>\n<div class=\"bloc-widget widget-albastru\">\n    Ziarul de Vrancea \u00a0nu este responsabil juridic pentru con\u0163inutul textelor din comentariile de mai jos. Responsabilitatea pentru mesajele dumneavoastra v\u0103 revine \u00een exclusivitate.\n<\/div>\n<div class=\"comentarii-articol\" id=\"comentarii\">\n<h3>Comentarii: <span class=\"text-primary\">0<\/span><\/h3>\n<p><a href=\"https:\/\/ziaruldevrancea.ro\/proiecte\/pe-urmele-istoriei\/video-76-de-ani-de-la-revolta-taranilor-din-vrancea-impotriva-colectivizarii\" class=\"btn btn-success btn-adauga-com\" data-toggle=\"modal\" data-parent=\"0\" data-target=\"#commentModal\">Adaug\u0103 comentariu<\/a><\/p>\n<div class=\"loadMask comments-mask\"><img decoding=\"async\" src=\"https:\/\/zdvs.cname.ro\/images\/loader_40.gif\"><\/div>\n<div class=\"comenteaza-jos\">Trebuie s\u0103 fii <a href=\"https:\/\/ziaruldevrancea.ro\/account\">autentificat<\/a> pentru a putea <a href=\"https:\/\/ziaruldevrancea.ro\/proiecte\/pe-urmele-istoriei\/video-76-de-ani-de-la-revolta-taranilor-din-vrancea-impotriva-colectivizarii\" class data-toggle=\"modal\" data-parent=\"0\" data-target=\"#commentModal\">posta un comentariu<\/a>.<\/div>\n<\/div>\n<div class=\"modal fade\" id=\"commentModal\" role=\"dialog\" aria-labelledby=\"commentModalLabel\">\n<div class=\"modal-dialog modal-lg\" role=\"document\">\n<div class=\"modal-content\">\n<div class=\"modal-header\">\n<h3 class=\"modal-title\" id=\"commentModalLabel\">Comenteaz\u0103<\/h3>\n<\/div>\n<div class=\"modal-body\">\n<div class=\"tabel tabel-full\">\n<div class=\"celula\">\n              Trebuie s\u0103 fii <a href=\"https:\/\/ziaruldevrancea.ro\/account\">autentificat<\/a> pentru a putea posta un comentariu.\n            <\/div>\n<\/div>\n<\/div>\n<div class=\"modal-footer\">\n<div id=\"commentPending\" class=\"formPending pull-left\"><img decoding=\"async\" src=\"https:\/\/zdvs.cname.ro\/images\/loader_40.gif\"> In curs de procesare&#8230;<\/div>\n<p><a href=\"https:\/\/ziaruldevrancea.ro\/proiecte\/pe-urmele-istoriei\/video-76-de-ani-de-la-revolta-taranilor-din-vrancea-impotriva-colectivizarii\" class=\"btn btn-default\" data-dismiss=\"modal\">Anuleaz\u0103<\/a><\/div>\n<\/div>\n<\/div>\n<\/div>\n<div class=\"modal fade\" id=\"commentReportModal\" role=\"dialog\" aria-labelledby=\"commentReportModalLabel\">\n<div class=\"modal-dialog modal-lg\" role=\"document\">\n<div class=\"modal-content\">\n<div class=\"modal-header\">\n<h3 class=\"modal-title\" id=\"commentReportModalLabel\">Raporteaza comentariu<\/h3>\n<\/div>\n<div class=\"modal-body\">\n<div class=\"tabel tabel-full\">\n<div class=\"celula\">\n              Trebuie s\u0103 fii <a href=\"https:\/\/ziaruldevrancea.ro\/account\">autentificat<\/a> pentru a putea raporta un comentariu.\n            <\/div>\n<\/div>\n<\/div>\n<div class=\"modal-footer\">\n<div id=\"commentReportPending\" class=\"formPending pull-left\"><img decoding=\"async\" src=\"https:\/\/zdvs.cname.ro\/images\/loader_40.gif\"> In curs de procesare&#8230;<\/div>\n<p><a href=\"https:\/\/ziaruldevrancea.ro\/proiecte\/pe-urmele-istoriei\/video-76-de-ani-de-la-revolta-taranilor-din-vrancea-impotriva-colectivizarii\" class=\"btn btn-default\" data-dismiss=\"modal\">Anuleaz\u0103<\/a><\/div>\n<\/div>\n<\/div>\n<\/div>\n<div class=\"modal fade\" id=\"commentLikeModal\" role=\"dialog\" aria-labelledby=\"commentLikeModalLabel\">\n<div class=\"modal-dialog modal-lg\" role=\"document\">\n<div class=\"modal-content\">\n<div class=\"modal-header\">\n<h3 class=\"modal-title\" id=\"commentReportModalLabel\">Apreciaza comentariu<\/h3>\n<\/div>\n<div class=\"modal-body\">\n<div class=\"tabel tabel-full\">\n<div class=\"celula\">\n            Trebuie s\u0103 fii <a href=\"https:\/\/ziaruldevrancea.ro\/account\">autentificat<\/a> pentru a putea aprecia un comentariu.\n          <\/div>\n<\/div>\n<\/div>\n<div class=\"modal-footer\"><a href=\"https:\/\/ziaruldevrancea.ro\/proiecte\/pe-urmele-istoriei\/video-76-de-ani-de-la-revolta-taranilor-din-vrancea-impotriva-colectivizarii\" class=\"btn btn-default\" data-dismiss=\"modal\">Anuleaz\u0103<\/a><\/div>\n<\/div>\n<\/div>\n<\/div>\n<div class=\"bloc-widget widget-rosu\"><span><small>Ziarul de Vrancea doreste ca acest site sa fie un spatiu al discutiilor civilizate, al comentariilor de bun simt. Din acest motiv, cei care posteaza comentarii la articole trebuie sa respecte urmatoarele reguli:<br \/>\n1. Sa se refere doar la articolul la care posteaza comentarii.<br \/>\n2. Sa foloseasca un limbaj civilizat, fara injurii, calomnii, comentarii antisemite, xenofobe sau rasiste.<br \/>\n3. Sunt interzise atacurile la adresa autorilor, daca acestea nu au legatura cu textul.<br \/>\n4. Username-ul sa nu fie nume de personalitati ale vietii publice sau parodieri ale acestora.<br \/>\nAutorul unui articol poate fi criticat pentru eventuale greseli, incoerenta, lipsa de documentare etc.<br \/>\nNerespectarea regulilor mentionate mai sus va duce la stergerea comentariilor, fara avertisment si fara explicatii.<br \/>\nAbaterile repetate vor avea drept consecinta interdictia accesului la aceasta facilitate a site-ului.<\/small><\/span><\/div>\n<\/div>\n<p>[analyse_source url=&#8221;https:\/\/ziaruldevrancea.ro\/proiecte\/pe-urmele-istoriei\/video-76-de-ani-de-la-revolta-taranilor-din-vrancea-impotriva-colectivizarii&#8221;]<\/p>\n","protected":false},"excerpt":{"rendered":"<p>[analyse_image type=&#8221;featured&#8221; src=&#8221;https:\/\/zdvi.cname.ro\/_\/video-76-de-ani-de-la-revolta-taranilor-din-vrancea-impotriva-colectivizarii\/mediaPool\/uQoRXnh.jpg&#8221;] Pe urmele istoriei VIDEO | 76 de ani de la revolta \u021b\u0103ranilor din Vrancea \u00eempotriva colectiviz\u0103rii Distribuie: \u00a0 | Nicolae Manoliu 23 iul 20261018 vizualiz\u0103ri \u00a0O pagin\u0103 dramatic\u0103 din istoria jude\u021bului, readus\u0103 \u00een aten\u021bie prin documentarul profesoarei Camelia Sandu La 76 de ani de la revolta din noaptea de 23 spre 24 [&hellip;]<\/p>\n","protected":false},"author":1,"featured_media":0,"comment_status":"open","ping_status":"","sticky":false,"template":"","format":"standard","meta":{"footnotes":""},"categories":[89],"tags":[226,208],"class_list":["post-2097076","post","type-post","status-publish","format-standard","hentry","category-romania","tag-crawlmanager","tag-ziaruldevrancea-ro"],"_links":{"self":[{"href":"https:\/\/analyse.optim.biz\/index.php?rest_route=\/wp\/v2\/posts\/2097076","targetHints":{"allow":["GET"]}}],"collection":[{"href":"https:\/\/analyse.optim.biz\/index.php?rest_route=\/wp\/v2\/posts"}],"about":[{"href":"https:\/\/analyse.optim.biz\/index.php?rest_route=\/wp\/v2\/types\/post"}],"author":[{"embeddable":true,"href":"https:\/\/analyse.optim.biz\/index.php?rest_route=\/wp\/v2\/users\/1"}],"replies":[{"embeddable":true,"href":"https:\/\/analyse.optim.biz\/index.php?rest_route=%2Fwp%2Fv2%2Fcomments&post=2097076"}],"version-history":[{"count":0,"href":"https:\/\/analyse.optim.biz\/index.php?rest_route=\/wp\/v2\/posts\/2097076\/revisions"}],"wp:attachment":[{"href":"https:\/\/analyse.optim.biz\/index.php?rest_route=%2Fwp%2Fv2%2Fmedia&parent=2097076"}],"wp:term":[{"taxonomy":"category","embeddable":true,"href":"https:\/\/analyse.optim.biz\/index.php?rest_route=%2Fwp%2Fv2%2Fcategories&post=2097076"},{"taxonomy":"post_tag","embeddable":true,"href":"https:\/\/analyse.optim.biz\/index.php?rest_route=%2Fwp%2Fv2%2Ftags&post=2097076"}],"curies":[{"name":"wp","href":"https:\/\/api.w.org\/{rel}","templated":true}]}}