{"id":2097072,"date":"2026-08-16T23:30:00","date_gmt":"2026-08-16T20:30:00","guid":{"rendered":"https:\/\/analyse.optim.biz\/?p=2097072"},"modified":"2026-08-16T23:30:00","modified_gmt":"2026-08-16T20:30:00","slug":"barladul-are-in-sfarsit-o-autobaza-moderna","status":"publish","type":"post","link":"https:\/\/analyse.optim.biz\/?p=2097072","title":{"rendered":"B\u00e2rladul are, \u00een sf\u00e2r\u0219it, o autobaz\u0103 modern\u0103"},"content":{"rendered":"<p>[analyse_image type=&#8221;featured&#8221; src=&#8221;https:\/\/www.monitoruldevaslui.ro\/wp-content\/uploads\/2026\/08\/Autobaza-Barlad-autobuze-microbuze-transport-public-calatori-CUP.png&#8221;]<\/p>\n<div class=\"tdb-block-inner td-fix-index\"><a class=\"tdb-logo-a\" href=\"https:\/\/www.monitoruldevaslui.ro\/\"><span class=\"tdb-logo-img-wrap\"><img decoding=\"async\" class=\"tdb-logo-img td-retina-data\" data-retina=\"https:\/\/www.monitoruldevaslui.ro\/wp-content\/uploads\/2025\/07\/Monitorul-logo-motto-2.png\" src=\"https:\/\/www.monitoruldevaslui.ro\/wp-content\/uploads\/2025\/07\/Monitorul-logo-motto-2.png\" alt=\"Logo\" title><\/span><span class=\"tdb-logo-text-wrap\"><span class=\"tdb-logo-text-title\">News<\/span><span class=\"tdb-logo-text-tagline\">Hub<\/span><\/span><\/a><\/div>\n<div class=\"tdb-block-inner td-fix-index\"><a class=\"tdb-logo-a\" href=\"https:\/\/www.monitoruldevaslui.ro\/\"><span class=\"tdb-logo-img-wrap\"><img decoding=\"async\" class=\"tdb-logo-img td-retina-data\" data-retina=\"https:\/\/www.monitoruldevaslui.ro\/wp-content\/uploads\/2025\/07\/Monitorul-logo-motto-2.png\" src=\"https:\/\/www.monitoruldevaslui.ro\/wp-content\/uploads\/2025\/07\/Monitorul-logo-motto-2.png\" alt=\"Logo\" title><\/span><\/a><\/div>\n<div class=\"tdb-block-inner td-fix-index\">\n<div class=\"tdb-weather-deg-wrap\" data-block-uid=\"tdb_header_weather_uid\"><span class=\"tdb-weather-deg\">28.5<\/span><span class=\"tdb-weather-unit\">C<\/span><\/div>\n<div class=\"tdb-weather-city\">Vaslui<\/div>\n<\/div>\n<div class=\"td-post-content tagdiv-type\">\n<p class=\"wp-block-paragraph\"><strong>Primarul municipiului B\u00e2rlad, Dumitru Boro\u0219, anun\u021b\u0103 finalizarea construirii noii autobaze a municipiului B\u00e2rlad, prima construit\u0103 \u00een ora\u0219 dup\u0103 1950. Noul sediu ofer\u0103 serviciile necesare bunei func\u021bion\u0103ri a serviciului de transport public din municicpiu, av\u00e2nd ateliere de \u00eentre\u021binere, sta\u021bii de \u00eenc\u0103rcare pentru autobuzele electrice, sp\u0103l\u0103torie \u0219i o parcare generoas\u0103 pentru autobuzele \u0219i microbuzele Companiei de Utilit\u0103\u021bi Publice B\u00e2rlad.<\/strong><\/p>\n<div class=\"wp-block-image\">\n<figure class=\"aligncenter size-full is-resized\"><img loading=\"lazy\" decoding=\"async\" width=\"914\" height=\"600\" src=\"https:\/\/www.monitoruldevaslui.ro\/wp-content\/uploads\/2026\/08\/Autobaza-Barlad-autobuze-microbuze-transport-public-calatori-CUP.png\" alt class=\"wp-image-99962\"><\/figure>\n<\/div>\n<p class=\"wp-block-paragraph\">Locuitorii municipiului B\u00e2rlad au acum la dispozi\u021bie o re\u021bea modern\u0103 de transport public \u00een comun, deservit\u0103 de societatea proprie a Consiliului Local, SC Compania de Utilit\u0103\u021bi Publice SA. Este o mare realizare, \u021bin\u00e2nd cont c\u0103 \u00een urm\u0103 cu doar 10 ani, serviciul de transport public de persoane din ora\u0219 era concesionat unor operatori priva\u021bi, \u0219i, uneori, func\u021biona cu sincope.<\/p>\n<p class=\"wp-block-paragraph\">\u201eNu a fost simplu s\u0103 reconstruim de la zero serviciul public de transport local\u201d, explic\u0103 primarul Dumitru Boro\u0219: \u201e\u00cen 2016, c\u00e2nd am venit la Prim\u0103rie, B\u00e2rladul nu avea nici m\u0103car un \u0219urub pentru transportul public. Nici m\u0103car un \u0219urub, dar\u0103mite un autobuz. Serviciul fusese concesionat timp de 17 ani unor operatori priva\u021bi, iar ora\u0219ul nu mai avea propria baz\u0103 material\u0103.<\/p>\n<p class=\"wp-block-paragraph\">Ast\u0103zi, avem 16 autobuze electrice, 7 autobuze pe combustibil \u0219i 5 microbuze.\u00a0Am extins transportul public pe str\u0103zi pe care autobuzele nu au circulat niciodat\u0103: Epureanu, Constantin Hamangiu, Nicolae B\u0103lcescu, Drago\u0219 Vod\u0103, Vasile Milea, Mihai Viteazul, Col. Simionescu Sava, Popa \u0218apc\u0103, Paloda, Ioan Popescu, Vasile P\u00e2rvan, Cpt. Grigore Ignat. Mai mult, la 1 iunie 2026, a intrat \u00een func\u021biune serviciul de transport public de c\u0103l\u0103tori \u00een Zona Metropolitan\u0103 B\u00e2rlad, prin care municipiul B\u00e2rlad este conectat cu localit\u0103\u021bile limitrofe din comuna Zorleni \u0219i comuna Perieni\u201d, se laud\u0103 primarul Boro\u0219.<\/p>\n<p class=\"wp-block-paragraph\">Mai nou, a fost finalizat\u0103 \u0219i dat\u0103 spre operare propria autobaz\u0103, construit\u0103 la standarde moderne, care deserve\u0219te vehiculele care transport\u0103 c\u0103l\u0103torii, \u00een municipiul B\u00e2rlad.<\/p>\n<p class=\"wp-block-paragraph\">Noua autobaz\u0103 dispune de sta\u021bii de \u00eenc\u0103rcare pentru autobuzele electrice, ateliere de \u00eentre\u021binere, zon\u0103 tehnic\u0103, birouri, sp\u0103l\u0103torie \u0219i o parcare generoas\u0103 pentru mijloacele de transport public.<\/p>\n<p class=\"wp-block-paragraph\">Valoarea investi\u021biei: 18,5 milioane de lei, fonduri europene \u0219i locale.<\/p>\n<\/div>\n<p>[analyse_source url=&#8221;https:\/\/www.monitoruldevaslui.ro\/2026\/08\/barladul-are-in-sfarsit-o-autobaza-moderna\/#new_tab&#8221;]<\/p>\n","protected":false},"excerpt":{"rendered":"<p>[analyse_image type=&#8221;featured&#8221; src=&#8221;https:\/\/www.monitoruldevaslui.ro\/wp-content\/uploads\/2026\/08\/Autobaza-Barlad-autobuze-microbuze-transport-public-calatori-CUP.png&#8221;] NewsHub 28.5C Vaslui Primarul municipiului B\u00e2rlad, Dumitru Boro\u0219, anun\u021b\u0103 finalizarea construirii noii autobaze a municipiului B\u00e2rlad, prima construit\u0103 \u00een ora\u0219 dup\u0103 1950. Noul sediu ofer\u0103 serviciile necesare bunei func\u021bion\u0103ri a serviciului de transport public din municicpiu, av\u00e2nd ateliere de \u00eentre\u021binere, sta\u021bii de \u00eenc\u0103rcare pentru autobuzele electrice, sp\u0103l\u0103torie \u0219i o parcare generoas\u0103 pentru [&hellip;]<\/p>\n","protected":false},"author":1,"featured_media":0,"comment_status":"open","ping_status":"","sticky":false,"template":"","format":"standard","meta":{"footnotes":""},"categories":[89],"tags":[226,217],"class_list":["post-2097072","post","type-post","status-publish","format-standard","hentry","category-romania","tag-crawlmanager","tag-vaslui-robo-stiri-ro"],"_links":{"self":[{"href":"https:\/\/analyse.optim.biz\/index.php?rest_route=\/wp\/v2\/posts\/2097072","targetHints":{"allow":["GET"]}}],"collection":[{"href":"https:\/\/analyse.optim.biz\/index.php?rest_route=\/wp\/v2\/posts"}],"about":[{"href":"https:\/\/analyse.optim.biz\/index.php?rest_route=\/wp\/v2\/types\/post"}],"author":[{"embeddable":true,"href":"https:\/\/analyse.optim.biz\/index.php?rest_route=\/wp\/v2\/users\/1"}],"replies":[{"embeddable":true,"href":"https:\/\/analyse.optim.biz\/index.php?rest_route=%2Fwp%2Fv2%2Fcomments&post=2097072"}],"version-history":[{"count":0,"href":"https:\/\/analyse.optim.biz\/index.php?rest_route=\/wp\/v2\/posts\/2097072\/revisions"}],"wp:attachment":[{"href":"https:\/\/analyse.optim.biz\/index.php?rest_route=%2Fwp%2Fv2%2Fmedia&parent=2097072"}],"wp:term":[{"taxonomy":"category","embeddable":true,"href":"https:\/\/analyse.optim.biz\/index.php?rest_route=%2Fwp%2Fv2%2Fcategories&post=2097072"},{"taxonomy":"post_tag","embeddable":true,"href":"https:\/\/analyse.optim.biz\/index.php?rest_route=%2Fwp%2Fv2%2Ftags&post=2097072"}],"curies":[{"name":"wp","href":"https:\/\/api.w.org\/{rel}","templated":true}]}}