{"id":2097071,"date":"2026-08-16T23:30:00","date_gmt":"2026-08-16T20:30:00","guid":{"rendered":"https:\/\/analyse.optim.biz\/?p=2097071"},"modified":"2026-08-16T23:30:00","modified_gmt":"2026-08-16T20:30:00","slug":"doi-frati-plecati-din-dodesti-sa-munceasca-pe-litoral-au-murit-inecati-in-zona-olimp","status":"publish","type":"post","link":"https:\/\/analyse.optim.biz\/?p=2097071","title":{"rendered":"Doi fra\u021bi pleca\u021bi\u00a0din Dode\u0219ti s\u0103 munceasc\u0103 pe litoral au murit \u00eeneca\u021bi \u00een zona Olimp"},"content":{"rendered":"<p>[analyse_image type=&#8221;featured&#8221; src=&#8221;https:\/\/www.monitoruldevaslui.ro\/wp-content\/uploads\/2026\/08\/Olimp-inec-frati-Dodesti-interventie-litoral-salvare.png&#8221;]<\/p>\n<div class=\"tdb-block-inner td-fix-index\"><a class=\"tdb-logo-a\" href=\"https:\/\/www.monitoruldevaslui.ro\/\"><span class=\"tdb-logo-img-wrap\"><img decoding=\"async\" class=\"tdb-logo-img td-retina-data\" data-retina=\"https:\/\/www.monitoruldevaslui.ro\/wp-content\/uploads\/2025\/07\/Monitorul-logo-motto-2.png\" src=\"https:\/\/www.monitoruldevaslui.ro\/wp-content\/uploads\/2025\/07\/Monitorul-logo-motto-2.png\" alt=\"Logo\" title><\/span><span class=\"tdb-logo-text-wrap\"><span class=\"tdb-logo-text-title\">News<\/span><span class=\"tdb-logo-text-tagline\">Hub<\/span><\/span><\/a><\/div>\n<div class=\"tdb-block-inner td-fix-index\"><a class=\"tdb-logo-a\" href=\"https:\/\/www.monitoruldevaslui.ro\/\"><span class=\"tdb-logo-img-wrap\"><img decoding=\"async\" class=\"tdb-logo-img td-retina-data\" data-retina=\"https:\/\/www.monitoruldevaslui.ro\/wp-content\/uploads\/2025\/07\/Monitorul-logo-motto-2.png\" src=\"https:\/\/www.monitoruldevaslui.ro\/wp-content\/uploads\/2025\/07\/Monitorul-logo-motto-2.png\" alt=\"Logo\" title><\/span><\/a><\/div>\n<div class=\"tdb-block-inner td-fix-index\">\n<div class=\"tdb-weather-deg-wrap\" data-block-uid=\"tdb_header_weather_uid\"><span class=\"tdb-weather-deg\">28.5<\/span><span class=\"tdb-weather-unit\">C<\/span><\/div>\n<div class=\"tdb-weather-city\">Vaslui<\/div>\n<\/div>\n<div class=\"td-post-content tagdiv-type\">\n<p class=\"wp-block-paragraph\"><strong>Doi tineri din comuna Dode\u0219ti care au intrat duminic\u0103 \u00een mare \u00een sta\u021biunea Olimp, \u00een condi\u021biile \u00een care pe plaj\u0103 era arborat steagul ro\u0219u, au murit. Veniser\u0103 din jude\u021bul Vaslui pentru a munci pe litoral \u0219i urmau s\u0103 se \u00eentoarc\u0103 acas\u0103 dup\u0103 sezon.<\/strong><\/p>\n<div class=\"wp-block-image\">\n<figure class=\"aligncenter size-full is-resized\"><img loading=\"lazy\" decoding=\"async\" width=\"912\" height=\"600\" src=\"https:\/\/www.monitoruldevaslui.ro\/wp-content\/uploads\/2026\/08\/Olimp-inec-frati-Dodesti-interventie-litoral-salvare.png\" alt class=\"wp-image-99967\"><\/figure>\n<\/div>\n<p class=\"wp-block-paragraph\">Inspectoratul pentru Situa\u021bii de Urgen\u021b\u0103 anun\u021base \u00een cursul dup\u0103-amiezii de ieri c\u0103 dou\u0103 persoane erau disp\u0103rute \u00een mare \u00een zona Faleza Olimp \u2013 Steaua de Mare. Pentru c\u0103utarea lor au fost mobilizate ambarca\u021biunea Mangalia, o autospecial\u0103 \u0219i zece scafandri deplasa\u021bi cu trei autospeciale.<\/p>\n<p class=\"wp-block-paragraph\">Primul scos din ap\u0103 de salvamari a fost t\u00e2n\u0103rul de 17 ani, \u00eens\u0103 acesta nu a r\u0103spuns manevrelor de resuscitare \u0219i a fost declarat decedat.<\/p>\n<p class=\"wp-block-paragraph\">Fratele s\u0103u, \u00een v\u00e2rst\u0103 de 19 ani, a fost c\u0103utat timp de mai bine de dou\u0103 ore de scafandri, dup\u0103 ce intrase \u00een mare \u00eempreun\u0103 cu el. Ulterior, t\u00e2n\u0103rul\u00a0<a href=\"https:\/\/adevarul.ro\/stiri-interne\/evenimente\/momentul-uluitor-in-care-un-turist-a-fost-salvat-2466997.html\">a fost g\u0103sit \u0219i scos din ap\u0103<\/a>, fiind declarat decedat.\u00a0<\/p>\n<p class=\"wp-block-paragraph\">B\u0103ie\u021bii munceau pe litoral, ca sezonieri la complexul \u201eSteaua de Mare\u201d.<\/p>\n<p class=\"wp-block-paragraph\">Salvamarii din Eforie Nord au transmis, \u00eentr-o postare, c\u0103 au\u00a0intervenit pentru salvarea a cel pu\u021bin 15 persoane, numai pe plaja Belona.<\/p>\n<p class=\"wp-block-paragraph\">\u201eMarea este extrem de agitat\u0103. Avem valuri mari \u0219i curen\u021bi foarte puternici, care \u00eei pot duce pe cei care intr\u0103 \u00een ap\u0103 spre larg \u00een doar c\u00e2teva secunde. Odat\u0103 ajun\u0219i acolo, mul\u021bi nu mai reu\u0219esc s\u0103 se \u00eentoarc\u0103 singuri la mal.\u00a0Facem \u00eenc\u0103 o dat\u0103 apel: r\u0103m\u00e2ne\u021bi la mal! Nu v\u0103 supraestima\u021bi for\u021bele \u0219i nu ignora\u021bi avertismentele salvamarilor.\u00a0Marea este periculoas\u0103 ast\u0103zi. Nu v\u0103 risca\u021bi via\u021ba pentru c\u00e2teva minute \u00een valuri!\u201d, au spus ace\u0219tia.<\/p>\n<\/div>\n<p>[analyse_source url=&#8221;https:\/\/www.monitoruldevaslui.ro\/2026\/08\/doi-frati-plecati-din-dodesti-sa-munceasca-pe-litoral-au-murit-inecati-in-zona-olimp\/#new_tab&#8221;]<\/p>\n","protected":false},"excerpt":{"rendered":"<p>[analyse_image type=&#8221;featured&#8221; src=&#8221;https:\/\/www.monitoruldevaslui.ro\/wp-content\/uploads\/2026\/08\/Olimp-inec-frati-Dodesti-interventie-litoral-salvare.png&#8221;] NewsHub 28.5C Vaslui Doi tineri din comuna Dode\u0219ti care au intrat duminic\u0103 \u00een mare \u00een sta\u021biunea Olimp, \u00een condi\u021biile \u00een care pe plaj\u0103 era arborat steagul ro\u0219u, au murit. Veniser\u0103 din jude\u021bul Vaslui pentru a munci pe litoral \u0219i urmau s\u0103 se \u00eentoarc\u0103 acas\u0103 dup\u0103 sezon. Inspectoratul pentru Situa\u021bii de Urgen\u021b\u0103 anun\u021base [&hellip;]<\/p>\n","protected":false},"author":1,"featured_media":0,"comment_status":"open","ping_status":"","sticky":false,"template":"","format":"standard","meta":{"footnotes":""},"categories":[89],"tags":[226,217],"class_list":["post-2097071","post","type-post","status-publish","format-standard","hentry","category-romania","tag-crawlmanager","tag-vaslui-robo-stiri-ro"],"_links":{"self":[{"href":"https:\/\/analyse.optim.biz\/index.php?rest_route=\/wp\/v2\/posts\/2097071","targetHints":{"allow":["GET"]}}],"collection":[{"href":"https:\/\/analyse.optim.biz\/index.php?rest_route=\/wp\/v2\/posts"}],"about":[{"href":"https:\/\/analyse.optim.biz\/index.php?rest_route=\/wp\/v2\/types\/post"}],"author":[{"embeddable":true,"href":"https:\/\/analyse.optim.biz\/index.php?rest_route=\/wp\/v2\/users\/1"}],"replies":[{"embeddable":true,"href":"https:\/\/analyse.optim.biz\/index.php?rest_route=%2Fwp%2Fv2%2Fcomments&post=2097071"}],"version-history":[{"count":0,"href":"https:\/\/analyse.optim.biz\/index.php?rest_route=\/wp\/v2\/posts\/2097071\/revisions"}],"wp:attachment":[{"href":"https:\/\/analyse.optim.biz\/index.php?rest_route=%2Fwp%2Fv2%2Fmedia&parent=2097071"}],"wp:term":[{"taxonomy":"category","embeddable":true,"href":"https:\/\/analyse.optim.biz\/index.php?rest_route=%2Fwp%2Fv2%2Fcategories&post=2097071"},{"taxonomy":"post_tag","embeddable":true,"href":"https:\/\/analyse.optim.biz\/index.php?rest_route=%2Fwp%2Fv2%2Ftags&post=2097071"}],"curies":[{"name":"wp","href":"https:\/\/api.w.org\/{rel}","templated":true}]}}