{"id":209705,"date":"2014-03-12T16:02:04","date_gmt":"2014-03-12T13:02:04","guid":{"rendered":"https:\/\/analyse.optim.biz\/?p=209705"},"modified":"2014-03-12T16:02:04","modified_gmt":"2014-03-12T13:02:04","slug":"victor-ponta-liderul-jobbik-poate-fi-declarat-indezirabil-miercuri","status":"publish","type":"post","link":"https:\/\/analyse.optim.biz\/?p=209705","title":{"rendered":"Victor Ponta: Liderul Jobbik poate fi declarat indezirabil miercuri"},"content":{"rendered":"<div class=\"entry data-app-meta data-app-meta-article\" data-embed-base-url-canonical=\"https:\/\/www.digi24.ro\/embed\/stiri\/actualitate\/politica\/victor-ponta-liderul-jobbik-poate-fi-declarat-indezirabil-miercuri-213546\">\n<p data-index=\"1\"><img decoding=\"async\" src=\"https:\/\/analyse.optim.biz\/wp-content\/uploads\/2024\/09\/yxnoptkwowi2ntbiytixzji4mmm4y2e5ntbiytk1ymfimzc3-thumb_.jpg\" data-skip-htmlfix=\"1\" title=\"yxnoptkwowi2ntbiytixzji4mmm4y2e5ntbiytk1ymfimzc3-thumb_\"><\/p>\n<p data-index=\"2\"><em><strong>Vona Gabor \/ Foto: Mediafax<\/strong><\/em><\/p>\n<p data-index=\"3\">El a precizat c\u0103 ministerul a elaborat, mar\u0163i diminea\u0163a, documenta\u0163ia \u00een acest sens, dar c\u0103 pre\u015fedintele, av\u00e2nd informa\u0163ii despre ce se \u00eent\u00e2mpl\u0103 la nivelul Guvernului, a vrut s\u0103 \u201efure caimacul\u201d.<\/p>\n<p data-index=\"4\">Vicotr Ponta a afirmat anterior c\u0103 Rom\u00e2nia poate interzice prezen\u0163a pe teritoriu a unei persoane, iar Guvernul a transmis Pre\u015fedin\u0163iei un material al Ministerului de Interne privind activitatea liderului Jobbik, informeaz\u0103 Mediafax.\u00a0<\/p>\n<p data-index=\"5\">\u201eNu poate fi &#8211; \u015fi cred c\u0103 \u015ftie toat\u0103 lumea- interzis\u0103 intrarea \u00een Rom\u00e2nia a unor cet\u0103\u0163eni europeni care apar\u0163in unui partid, pentru simplul motiv c\u0103 nu putem s\u0103 le cerem carnetul de partid la intrarea \u00een \u0163ar\u0103, dar putem s\u0103 interzicem prezen\u0163a pe teritoriul Rom\u00e2niei a unei persoane \u015fi am transmis c\u0103tre pre\u015fedintele Rom\u00e2niei materialul \u00eentocmit de Ministerul de Interne legat de activitatea pre\u015fedintelui Jobbik, domnul Vona Gabor, \u015fi pre\u015fedintele, dac\u0103 acum nu mai este sus\u0163in\u0103tor al domnului Tokes \u015fi al domnului Vona Gabor, dac\u0103 i-a reevaluat \u015fi \u00eei consider\u0103 un pericol pentru Rom\u00e2nia, sunt convins c\u0103 va ac\u0163iona \u00een baza sesiz\u0103rii Guvernului\u201d, a spus Victor Ponta, \u00een \u015fedin\u0163a de guvern.<\/p>\n<p data-index=\"6\">Pre\u015fedintele\u00a0Traian B\u0103sescu\u00a0a cerut, mar\u0163i, Guvernului \u015fi Parlamentului emiterea unui act normativ prin care s\u0103 se interzic\u0103 prezen\u0163a membrilor partidului Jobbik \u00een Rom\u00e2nia, pe care l-a catalogat drept \u201eextremist\u201d. \u00a0<\/p>\n<\/div>\n<p> Source URL: https:\/\/www.digi24.ro\/stiri\/actualitate\/politica\/victor-ponta-liderul-jobbik-poate-fi-declarat-indezirabil-miercuri-213546<\/p>\n","protected":false},"excerpt":{"rendered":"<p>Vona Gabor \/ Foto: Mediafax El a precizat c\u0103 ministerul a elaborat, mar\u0163i diminea\u0163a, documenta\u0163ia \u00een acest sens, dar c\u0103 pre\u015fedintele, av\u00e2nd informa\u0163ii despre ce se \u00eent\u00e2mpl\u0103 la nivelul Guvernului, a vrut s\u0103 \u201efure caimacul\u201d. Vicotr Ponta a afirmat anterior c\u0103 Rom\u00e2nia poate interzice prezen\u0163a pe teritoriu a unei persoane, iar Guvernul a transmis Pre\u015fedin\u0163iei [&hellip;]<\/p>\n","protected":false},"author":1,"featured_media":209706,"comment_status":"open","ping_status":"","sticky":false,"template":"","format":"standard","meta":{"footnotes":""},"categories":[2],"tags":[11],"class_list":["post-209705","post","type-post","status-publish","format-standard","has-post-thumbnail","hentry","category-politics","tag-digi24"],"_links":{"self":[{"href":"https:\/\/analyse.optim.biz\/index.php?rest_route=\/wp\/v2\/posts\/209705","targetHints":{"allow":["GET"]}}],"collection":[{"href":"https:\/\/analyse.optim.biz\/index.php?rest_route=\/wp\/v2\/posts"}],"about":[{"href":"https:\/\/analyse.optim.biz\/index.php?rest_route=\/wp\/v2\/types\/post"}],"author":[{"embeddable":true,"href":"https:\/\/analyse.optim.biz\/index.php?rest_route=\/wp\/v2\/users\/1"}],"replies":[{"embeddable":true,"href":"https:\/\/analyse.optim.biz\/index.php?rest_route=%2Fwp%2Fv2%2Fcomments&post=209705"}],"version-history":[{"count":0,"href":"https:\/\/analyse.optim.biz\/index.php?rest_route=\/wp\/v2\/posts\/209705\/revisions"}],"wp:featuredmedia":[{"embeddable":true,"href":"https:\/\/analyse.optim.biz\/index.php?rest_route=\/wp\/v2\/media\/209706"}],"wp:attachment":[{"href":"https:\/\/analyse.optim.biz\/index.php?rest_route=%2Fwp%2Fv2%2Fmedia&parent=209705"}],"wp:term":[{"taxonomy":"category","embeddable":true,"href":"https:\/\/analyse.optim.biz\/index.php?rest_route=%2Fwp%2Fv2%2Fcategories&post=209705"},{"taxonomy":"post_tag","embeddable":true,"href":"https:\/\/analyse.optim.biz\/index.php?rest_route=%2Fwp%2Fv2%2Ftags&post=209705"}],"curies":[{"name":"wp","href":"https:\/\/api.w.org\/{rel}","templated":true}]}}