{"id":2097033,"date":"2026-08-17T09:15:32","date_gmt":"2026-08-17T06:15:32","guid":{"rendered":"https:\/\/analyse.optim.biz\/?p=2097033"},"modified":"2026-08-17T09:15:32","modified_gmt":"2026-08-17T06:15:32","slug":"prins-de-doua-ori-baut-la-volan-pe-acelasi-drum-langa-timisoara","status":"publish","type":"post","link":"https:\/\/analyse.optim.biz\/?p=2097033","title":{"rendered":"Prins de dou\u0103 ori b\u0103ut la volan, pe acela\u0219i drum, l\u00e2ng\u0103 Timi\u0219oara"},"content":{"rendered":"<p>[analyse_image type=&#8221;featured&#8221; src=&#8221;https:\/\/www.tion.ro\/wp-content\/uploads\/2025\/02\/+otf\/1200&#215;630\/vbvEJjliV1IQbAy9gdZc9E5PVF9WRVJZX1NFQ__SRbM5yvbYtSW3yOxCGoyrnTweOb9Bqkc08s37x8Wo5tlYH0bT__Xp0DtvOj+5tj09e8cA6M__DKMN0atipJaEBo=\/0655443WhatsAppImage20250227at1244491.jpeg&#8221;]<\/p>\n<article id=\"post-2334666\" class>\n<div class=\"entry-content clearfix\">\n<div class=\"enewsArticleContent\">\n<p class=\"isSelectedEnd\">Un b\u0103rbat de 49 de ani din Saco\u0219u Turcesc a fost prins de dou\u0103 ori b\u0103ut la volan, \u00een aceea\u0219i noapte, la Mo\u0219ni\u021ba Nou\u0103. A doua oar\u0103, poli\u021bi\u0219tii au constatat c\u0103 acesta nu avea drept de a conduce, fiind suspendat.<\/p>\n<p class=\"isSelectedEnd\">Prima oprire a avut loc \u00een 14 august, \u00een jurul orei 23, \u00een Mo\u0219ni\u021ba Nou\u0103. Poli\u021bi\u0219tii Sec\u021biei 2 Urbane au oprit ma\u0219ina condus\u0103 de b\u0103rbat \u0219i l-au testat cu aparatul etilotest.<\/p>\n<p class=\"isSelectedEnd\">Rezultatul a fost de 1,44 mg\/l alcool pur \u00een aerul expirat. Poli\u021bi\u0219tii i-au deschis dosar penal pentru conducerea unui vehicul sub influen\u021ba alcoolului.<\/p>\n<p class=\"isSelectedEnd\">C\u00e2teva ore mai t\u00e2rziu, \u00een jurul orei 5 diminea\u021ba, b\u0103rbatul a fost prins din nou la volan. Poli\u021bi\u0219tii Serviciului Rutier Timi\u0219 l-au oprit pe acela\u0219i drum, tot \u00een Mo\u0219ni\u021ba Nou\u0103, \u00een timp ce conducea acela\u0219i autoturism.<\/p>\n<p class=\"isSelectedEnd\">De aceast\u0103 dat\u0103 b\u0103rbatul cu permisul suspendat \u0219i b\u0103ut avea o alcoolemie de 1,16 mg\/l alcool pur \u00een aerul expirat.<\/p>\n<p class=\"isSelectedEnd\">Acum b\u0103rbatul este cercetat pentru dou\u0103 infrac\u021biuni de conducere sub influen\u021ba alcoolului \u0219i pentru conducerea unui vehicul \u00een timp ce avea dreptul de a conduce suspendat.<\/p>\n<p class=\"isSelectedEnd\">El a fost re\u021binut pentru 24 de ore \u0219i dus \u00een Centrul de Re\u021binere \u0219i Arestare Preventiv\u0103 Timi\u0219.<\/p>\n<p>Cercet\u0103rile sunt \u00een continuare \u00een desf\u0103\u0219urare.<\/p>\n<div class=\"fbShareLikeTwitterAndEmailContainer\">\n<div class=\"wrapper\">\n<div class=\"email\">\n<div id=\"mailto-pop\" class=\"pop-form pop-form-mailto\">\n<div class=\"pop-form-header\">\n<h4>Trimite articolul<\/h4>\n<p><a class=\"pop-form-close\">X<\/a><\/div>\n<\/div>\n<\/div>\n<\/div>\n<\/div>\n<div class=\"tagsContainer\">\n<div class=\"tagsLabel\">Taguri:<\/div>\n<div class=\"tags\">\n<div class=\"tag\"><a href=\"https:\/\/www.tion.ro\/cimke\/baut-la-volan\" rel=\"tag\"><span class=\"link\">baut la volan<\/span><\/a><\/div>\n<\/div>\n<\/div>\n<div class=\"comments\">\n<div class=\"top\">\n<div class=\"commentsNumber\"><span class=\"number\">0<\/span><span class=\"text\">Comentarii<\/span><\/div>\n<\/div>\n<div class=\"center\">\n<div id=\"respond\" class=\"comment-respond\">\n<h3 id=\"reply-title\" class=\"comment-reply-title\"><small><a rel=\"nofollow\" id=\"cancel-comment-reply-link\" href=\"https:\/\/www.tion.ro\/eveniment\/prins-de-doua-ori-baut-la-volan-pe-acelasi-drum-langa-timisoara-2334666\/#respond\">Cancel reply<\/a><\/small><\/h3>\n<p class=\"comment-notes\"><span id=\"email-notes\">Your email address will not be published.<\/span><span class=\"required-field-message\">Required fields are marked <span class=\"required\">*<\/span><\/span><\/p>\n<p class=\"commentFormComment\"><span id=\"commentFormCount\"><br \/>\n                            inca<br \/>\n                            <span id=\"countCommentText\">1000<\/span><br \/>\n                            caractere ramase<br \/>\n                        <\/span><\/p>\n<\/div>\n<\/div>\n<div class=\"bottom\">\n<p class=\"forumDisclaimerHuRo\">\n            Citi\u021bi principiile noastre de moderare <a href=\"https:\/\/www.tion.ro\/reguli-postare-comentarii\/\" target=\"_blank\">aici<\/a>!\n        <\/p>\n<\/div>\n<\/div>\n<\/div>\n<\/div>\n<\/article>\n<div class=\"entry-content clearfix\">\n<div class=\"enewsArticleContent\">\n<p class=\"isSelectedEnd\">Un b\u0103rbat de 49 de ani din Saco\u0219u Turcesc a fost prins de dou\u0103 ori b\u0103ut la volan, \u00een aceea\u0219i noapte, la Mo\u0219ni\u021ba Nou\u0103. A doua oar\u0103, poli\u021bi\u0219tii au constatat c\u0103 acesta nu avea drept de a conduce, fiind suspendat.<\/p>\n<p class=\"isSelectedEnd\">Prima oprire a avut loc \u00een 14 august, \u00een jurul orei 23, \u00een Mo\u0219ni\u021ba Nou\u0103. Poli\u021bi\u0219tii Sec\u021biei 2 Urbane au oprit ma\u0219ina condus\u0103 de b\u0103rbat \u0219i l-au testat cu aparatul etilotest.<\/p>\n<p class=\"isSelectedEnd\">Rezultatul a fost de 1,44 mg\/l alcool pur \u00een aerul expirat. Poli\u021bi\u0219tii i-au deschis dosar penal pentru conducerea unui vehicul sub influen\u021ba alcoolului.<\/p>\n<p class=\"isSelectedEnd\">C\u00e2teva ore mai t\u00e2rziu, \u00een jurul orei 5 diminea\u021ba, b\u0103rbatul a fost prins din nou la volan. Poli\u021bi\u0219tii Serviciului Rutier Timi\u0219 l-au oprit pe acela\u0219i drum, tot \u00een Mo\u0219ni\u021ba Nou\u0103, \u00een timp ce conducea acela\u0219i autoturism.<\/p>\n<p class=\"isSelectedEnd\">De aceast\u0103 dat\u0103 b\u0103rbatul cu permisul suspendat \u0219i b\u0103ut avea o alcoolemie de 1,16 mg\/l alcool pur \u00een aerul expirat.<\/p>\n<p class=\"isSelectedEnd\">Acum b\u0103rbatul este cercetat pentru dou\u0103 infrac\u021biuni de conducere sub influen\u021ba alcoolului \u0219i pentru conducerea unui vehicul \u00een timp ce avea dreptul de a conduce suspendat.<\/p>\n<p class=\"isSelectedEnd\">El a fost re\u021binut pentru 24 de ore \u0219i dus \u00een Centrul de Re\u021binere \u0219i Arestare Preventiv\u0103 Timi\u0219.<\/p>\n<p>Cercet\u0103rile sunt \u00een continuare \u00een desf\u0103\u0219urare.<\/p>\n<div class=\"fbShareLikeTwitterAndEmailContainer\">\n<div class=\"wrapper\">\n<div class=\"email\">\n<div id=\"mailto-pop\" class=\"pop-form pop-form-mailto\">\n<div class=\"pop-form-header\">\n<h4>Trimite articolul<\/h4>\n<p><a class=\"pop-form-close\">X<\/a><\/div>\n<\/div>\n<\/div>\n<\/div>\n<\/div>\n<div class=\"tagsContainer\">\n<div class=\"tagsLabel\">Taguri:<\/div>\n<div class=\"tags\">\n<div class=\"tag\"><a href=\"https:\/\/www.tion.ro\/cimke\/baut-la-volan\" rel=\"tag\"><span class=\"link\">baut la volan<\/span><\/a><\/div>\n<\/div>\n<\/div>\n<div class=\"comments\">\n<div class=\"top\">\n<div class=\"commentsNumber\"><span class=\"number\">0<\/span><span class=\"text\">Comentarii<\/span><\/div>\n<\/div>\n<div class=\"center\">\n<div id=\"respond\" class=\"comment-respond\">\n<h3 id=\"reply-title\" class=\"comment-reply-title\"><small><a rel=\"nofollow\" id=\"cancel-comment-reply-link\" href=\"https:\/\/www.tion.ro\/eveniment\/prins-de-doua-ori-baut-la-volan-pe-acelasi-drum-langa-timisoara-2334666\/#respond\">Cancel reply<\/a><\/small><\/h3>\n<p class=\"comment-notes\"><span id=\"email-notes\">Your email address will not be published.<\/span><span class=\"required-field-message\">Required fields are marked <span class=\"required\">*<\/span><\/span><\/p>\n<p class=\"commentFormComment\"><span id=\"commentFormCount\"><br \/>\n                            inca<br \/>\n                            <span id=\"countCommentText\">1000<\/span><br \/>\n                            caractere ramase<br \/>\n                        <\/span><\/p>\n<\/div>\n<\/div>\n<div class=\"bottom\">\n<p class=\"forumDisclaimerHuRo\">\n            Citi\u021bi principiile noastre de moderare <a href=\"https:\/\/www.tion.ro\/reguli-postare-comentarii\/\" target=\"_blank\">aici<\/a>!\n        <\/p>\n<\/div>\n<\/div>\n<\/div>\n<\/div>\n<p>[analyse_source url=&#8221;https:\/\/www.tion.ro\/eveniment\/prins-de-doua-ori-baut-la-volan-pe-acelasi-drum-langa-timisoara-2334666\/&#8221;]<\/p>\n","protected":false},"excerpt":{"rendered":"<p>[analyse_image type=&#8221;featured&#8221; src=&#8221;https:\/\/www.tion.ro\/wp-content\/uploads\/2025\/02\/+otf\/1200&#215;630\/vbvEJjliV1IQbAy9gdZc9E5PVF9WRVJZX1NFQ__SRbM5yvbYtSW3yOxCGoyrnTweOb9Bqkc08s37x8Wo5tlYH0bT__Xp0DtvOj+5tj09e8cA6M__DKMN0atipJaEBo=\/0655443WhatsAppImage20250227at1244491.jpeg&#8221;] Un b\u0103rbat de 49 de ani din Saco\u0219u Turcesc a fost prins de dou\u0103 ori b\u0103ut la volan, \u00een aceea\u0219i noapte, la Mo\u0219ni\u021ba Nou\u0103. A doua oar\u0103, poli\u021bi\u0219tii au constatat c\u0103 acesta nu avea drept de a conduce, fiind suspendat. Prima oprire a avut loc \u00een 14 august, \u00een jurul orei 23, [&hellip;]<\/p>\n","protected":false},"author":1,"featured_media":0,"comment_status":"open","ping_status":"","sticky":false,"template":"","format":"standard","meta":{"footnotes":""},"categories":[89],"tags":[226,191],"class_list":["post-2097033","post","type-post","status-publish","format-standard","hentry","category-romania","tag-crawlmanager","tag-tion-ro"],"_links":{"self":[{"href":"https:\/\/analyse.optim.biz\/index.php?rest_route=\/wp\/v2\/posts\/2097033","targetHints":{"allow":["GET"]}}],"collection":[{"href":"https:\/\/analyse.optim.biz\/index.php?rest_route=\/wp\/v2\/posts"}],"about":[{"href":"https:\/\/analyse.optim.biz\/index.php?rest_route=\/wp\/v2\/types\/post"}],"author":[{"embeddable":true,"href":"https:\/\/analyse.optim.biz\/index.php?rest_route=\/wp\/v2\/users\/1"}],"replies":[{"embeddable":true,"href":"https:\/\/analyse.optim.biz\/index.php?rest_route=%2Fwp%2Fv2%2Fcomments&post=2097033"}],"version-history":[{"count":0,"href":"https:\/\/analyse.optim.biz\/index.php?rest_route=\/wp\/v2\/posts\/2097033\/revisions"}],"wp:attachment":[{"href":"https:\/\/analyse.optim.biz\/index.php?rest_route=%2Fwp%2Fv2%2Fmedia&parent=2097033"}],"wp:term":[{"taxonomy":"category","embeddable":true,"href":"https:\/\/analyse.optim.biz\/index.php?rest_route=%2Fwp%2Fv2%2Fcategories&post=2097033"},{"taxonomy":"post_tag","embeddable":true,"href":"https:\/\/analyse.optim.biz\/index.php?rest_route=%2Fwp%2Fv2%2Ftags&post=2097033"}],"curies":[{"name":"wp","href":"https:\/\/api.w.org\/{rel}","templated":true}]}}