{"id":2097031,"date":"2026-08-17T08:47:49","date_gmt":"2026-08-17T05:47:49","guid":{"rendered":"https:\/\/analyse.optim.biz\/?p=2097031"},"modified":"2026-08-17T08:47:49","modified_gmt":"2026-08-17T05:47:49","slug":"cristiano-ronaldo-la-probabil-ultimul-sau-sezon-in-fotbalul-profesionist","status":"publish","type":"post","link":"https:\/\/analyse.optim.biz\/?p=2097031","title":{"rendered":"Cristiano Ronaldo, la \u201eprobabil\u201d ultimul s\u0103u sezon \u00een fotbalul profesionist"},"content":{"rendered":"<p>[analyse_image type=&#8221;featured&#8221; src=&#8221;https:\/\/www.tion.ro\/wp-content\/uploads\/2026\/07\/+otf\/1200&#215;630\/m2zX897mFu1yxnzIW3QNVk5PVF9WRVJZX1NFQ+EhvgIoZLztH2sIdF8eb1nvzdyuN1l8H2jdkvzoj4wq5__IFLLzf7ORtOv2OhGRR__mEBm5i__JwOpB__0uiQQcfdk=\/340509314130738-scaled.jpg&#8221;]<\/p>\n<article id=\"post-2334669\" class>\n<div class=\"entry-content clearfix\">\n<div class=\"enewsArticleContent\">\n<p>Cristiano Ronaldo a anun\u021bat c\u0103 2026 va fi <em>\u201eprobabil\u201d<\/em> ultimul an din cariera sa de fotbalist profesionist, declar\u00e2nd c\u0103 \u00ee\u0219i dore\u0219te s\u0103 lase \u00een urm\u0103 <em>\u201eo mo\u0219tenire spectaculoas\u0103\u201d<\/em>, informeaz\u0103 Agerpres, cit\u00e2nd AFP. Atacantul portughez, \u00een v\u00e2rst\u0103 de 41 de ani, a f\u0103cut declara\u021bia \u00eentr-un interviu acordat revistei Vogue. Ronaldo a precizat c\u0103 perioada de dup\u0103 retragere este deja planificat\u0103 \u0219i c\u0103 are numeroase activit\u0103\u021bi cu care \u00ee\u0219i va ocupa timpul.<\/p>\n<blockquote>\n<p>\u201eAcesta este probabil ultimul meu an de fotbal \u0219i vreau s\u0103 las o mo\u0219tenire spectaculoas\u0103. (\u2026) \u00centruc\u00e2t fotbalul poate l\u0103sa un gol mare, trebuie s\u0103-\u021bi umpli timpul \u00een moduri diferite, nu doar unul singur. Am at\u00e2t de multe lucruri care s\u0103 m\u0103 \u021bin\u0103 ocupat, \u00eenc\u00e2t este dificil s\u0103 v\u0103 spun doar unul\u201d, a afirmat Ronaldo pentru Vogue, cu ocazia c\u0103s\u0103toriei sale cu Georgina Rodriguez.<\/p>\n<\/blockquote>\n<p>Cei doi s-au c\u0103s\u0103torit mar\u021bi, \u00een Portugalia, \u00een cadrul unei ceremonii private, dar intens mediatizate.<\/p>\n<p>Cvintuplul c\u00e2\u0219tig\u0103tor al Balonului de Aur evolueaz\u0103 \u00een prezent \u00een Arabia Saudit\u0103, la Al-Nassr. Ronaldo a ajuns, de-a lungul carierei, la peste 970 de goluri marcate \u00een aproximativ 1.300 de partide. Portughezul a cucerit 32 de trofee \u0219i de\u021bine numeroase recorduri individuale. El este fotbalistul cu cele mai multe apari\u021bii \u0219i goluri marcate pentru o echip\u0103 na\u021bional\u0103 \u0219i este, totodat\u0103, golgheterul all-time al Ligii Campionilor.<\/p>\n<p>La Cupa Mondial\u0103 din 2026, Ronaldo a participat pentru a \u0219asea oar\u0103 la turneul final cu na\u021bionala Portugaliei, o performan\u021b\u0103 record. Portughezii au fost elimina\u021bi \u00een optimile de final\u0103 de Spania, scor 0-1.<\/p>\n<div class=\"fbShareLikeTwitterAndEmailContainer\">\n<div class=\"wrapper\">\n<div class=\"email\">\n<div id=\"mailto-pop\" class=\"pop-form pop-form-mailto\">\n<div class=\"pop-form-header\">\n<h4>Trimite articolul<\/h4>\n<p><a class=\"pop-form-close\">X<\/a><\/div>\n<\/div>\n<\/div>\n<\/div>\n<\/div>\n<div class=\"tagsContainer\">\n<div class=\"tagsLabel\">Taguri:<\/div>\n<div class=\"tags\">\n<div class=\"tag\"><a href=\"https:\/\/www.tion.ro\/cimke\/al-nassr\" rel=\"tag\"><span class=\"link\">al nassr<\/span><span class=\"separator\">,<\/span><\/a><\/div>\n<div class=\"tag\"><a href=\"https:\/\/www.tion.ro\/cimke\/cristiano-ronaldo\" rel=\"tag\"><span class=\"link\">cristiano ronaldo<\/span><span class=\"separator\">,<\/span><\/a><\/div>\n<div class=\"tag\"><a href=\"https:\/\/www.tion.ro\/cimke\/retragere\" rel=\"tag\"><span class=\"link\">retragere<\/span><\/a><\/div>\n<\/div>\n<\/div>\n<div class=\"comments\">\n<div class=\"top\">\n<div class=\"commentsNumber\"><span class=\"number\">0<\/span><span class=\"text\">Comentarii<\/span><\/div>\n<\/div>\n<div class=\"center\">\n<div id=\"respond\" class=\"comment-respond\">\n<h3 id=\"reply-title\" class=\"comment-reply-title\"><small><a rel=\"nofollow\" id=\"cancel-comment-reply-link\" href=\"https:\/\/www.tion.ro\/stiri-sportive\/cristiano-ronaldo-la-probabil-ultimul-sau-sezon-in-fotbalul-profesionist-2334669\/#respond\">Cancel reply<\/a><\/small><\/h3>\n<p class=\"comment-notes\"><span id=\"email-notes\">Your email address will not be published.<\/span><span class=\"required-field-message\">Required fields are marked <span class=\"required\">*<\/span><\/span><\/p>\n<p class=\"commentFormComment\"><span id=\"commentFormCount\"><br \/>\n                            inca<br \/>\n                            <span id=\"countCommentText\">1000<\/span><br \/>\n                            caractere ramase<br \/>\n                        <\/span><\/p>\n<\/div>\n<\/div>\n<div class=\"bottom\">\n<p class=\"forumDisclaimerHuRo\">\n            Citi\u021bi principiile noastre de moderare <a href=\"https:\/\/www.tion.ro\/reguli-postare-comentarii\/\" target=\"_blank\">aici<\/a>!\n        <\/p>\n<\/div>\n<\/div>\n<\/div>\n<\/div>\n<\/article>\n<div class=\"entry-content clearfix\">\n<div class=\"enewsArticleContent\">\n<p>Cristiano Ronaldo a anun\u021bat c\u0103 2026 va fi <em>\u201eprobabil\u201d<\/em> ultimul an din cariera sa de fotbalist profesionist, declar\u00e2nd c\u0103 \u00ee\u0219i dore\u0219te s\u0103 lase \u00een urm\u0103 <em>\u201eo mo\u0219tenire spectaculoas\u0103\u201d<\/em>, informeaz\u0103 Agerpres, cit\u00e2nd AFP. Atacantul portughez, \u00een v\u00e2rst\u0103 de 41 de ani, a f\u0103cut declara\u021bia \u00eentr-un interviu acordat revistei Vogue. Ronaldo a precizat c\u0103 perioada de dup\u0103 retragere este deja planificat\u0103 \u0219i c\u0103 are numeroase activit\u0103\u021bi cu care \u00ee\u0219i va ocupa timpul.<\/p>\n<blockquote>\n<p>\u201eAcesta este probabil ultimul meu an de fotbal \u0219i vreau s\u0103 las o mo\u0219tenire spectaculoas\u0103. (\u2026) \u00centruc\u00e2t fotbalul poate l\u0103sa un gol mare, trebuie s\u0103-\u021bi umpli timpul \u00een moduri diferite, nu doar unul singur. Am at\u00e2t de multe lucruri care s\u0103 m\u0103 \u021bin\u0103 ocupat, \u00eenc\u00e2t este dificil s\u0103 v\u0103 spun doar unul\u201d, a afirmat Ronaldo pentru Vogue, cu ocazia c\u0103s\u0103toriei sale cu Georgina Rodriguez.<\/p>\n<\/blockquote>\n<p>Cei doi s-au c\u0103s\u0103torit mar\u021bi, \u00een Portugalia, \u00een cadrul unei ceremonii private, dar intens mediatizate.<\/p>\n<p>Cvintuplul c\u00e2\u0219tig\u0103tor al Balonului de Aur evolueaz\u0103 \u00een prezent \u00een Arabia Saudit\u0103, la Al-Nassr. Ronaldo a ajuns, de-a lungul carierei, la peste 970 de goluri marcate \u00een aproximativ 1.300 de partide. Portughezul a cucerit 32 de trofee \u0219i de\u021bine numeroase recorduri individuale. El este fotbalistul cu cele mai multe apari\u021bii \u0219i goluri marcate pentru o echip\u0103 na\u021bional\u0103 \u0219i este, totodat\u0103, golgheterul all-time al Ligii Campionilor.<\/p>\n<p>La Cupa Mondial\u0103 din 2026, Ronaldo a participat pentru a \u0219asea oar\u0103 la turneul final cu na\u021bionala Portugaliei, o performan\u021b\u0103 record. Portughezii au fost elimina\u021bi \u00een optimile de final\u0103 de Spania, scor 0-1.<\/p>\n<div class=\"fbShareLikeTwitterAndEmailContainer\">\n<div class=\"wrapper\">\n<div class=\"email\">\n<div id=\"mailto-pop\" class=\"pop-form pop-form-mailto\">\n<div class=\"pop-form-header\">\n<h4>Trimite articolul<\/h4>\n<p><a class=\"pop-form-close\">X<\/a><\/div>\n<\/div>\n<\/div>\n<\/div>\n<\/div>\n<div class=\"tagsContainer\">\n<div class=\"tagsLabel\">Taguri:<\/div>\n<div class=\"tags\">\n<div class=\"tag\"><a href=\"https:\/\/www.tion.ro\/cimke\/al-nassr\" rel=\"tag\"><span class=\"link\">al nassr<\/span><span class=\"separator\">,<\/span><\/a><\/div>\n<div class=\"tag\"><a href=\"https:\/\/www.tion.ro\/cimke\/cristiano-ronaldo\" rel=\"tag\"><span class=\"link\">cristiano ronaldo<\/span><span class=\"separator\">,<\/span><\/a><\/div>\n<div class=\"tag\"><a href=\"https:\/\/www.tion.ro\/cimke\/retragere\" rel=\"tag\"><span class=\"link\">retragere<\/span><\/a><\/div>\n<\/div>\n<\/div>\n<div class=\"comments\">\n<div class=\"top\">\n<div class=\"commentsNumber\"><span class=\"number\">0<\/span><span class=\"text\">Comentarii<\/span><\/div>\n<\/div>\n<div class=\"center\">\n<div id=\"respond\" class=\"comment-respond\">\n<h3 id=\"reply-title\" class=\"comment-reply-title\"><small><a rel=\"nofollow\" id=\"cancel-comment-reply-link\" href=\"https:\/\/www.tion.ro\/stiri-sportive\/cristiano-ronaldo-la-probabil-ultimul-sau-sezon-in-fotbalul-profesionist-2334669\/#respond\">Cancel reply<\/a><\/small><\/h3>\n<p class=\"comment-notes\"><span id=\"email-notes\">Your email address will not be published.<\/span><span class=\"required-field-message\">Required fields are marked <span class=\"required\">*<\/span><\/span><\/p>\n<p class=\"commentFormComment\"><span id=\"commentFormCount\"><br \/>\n                            inca<br \/>\n                            <span id=\"countCommentText\">1000<\/span><br \/>\n                            caractere ramase<br \/>\n                        <\/span><\/p>\n<\/div>\n<\/div>\n<div class=\"bottom\">\n<p class=\"forumDisclaimerHuRo\">\n            Citi\u021bi principiile noastre de moderare <a href=\"https:\/\/www.tion.ro\/reguli-postare-comentarii\/\" target=\"_blank\">aici<\/a>!\n        <\/p>\n<\/div>\n<\/div>\n<\/div>\n<\/div>\n<p>[analyse_source url=&#8221;https:\/\/www.tion.ro\/stiri-sportive\/cristiano-ronaldo-la-probabil-ultimul-sau-sezon-in-fotbalul-profesionist-2334669\/&#8221;]<\/p>\n","protected":false},"excerpt":{"rendered":"<p>[analyse_image type=&#8221;featured&#8221; src=&#8221;https:\/\/www.tion.ro\/wp-content\/uploads\/2026\/07\/+otf\/1200&#215;630\/m2zX897mFu1yxnzIW3QNVk5PVF9WRVJZX1NFQ+EhvgIoZLztH2sIdF8eb1nvzdyuN1l8H2jdkvzoj4wq5__IFLLzf7ORtOv2OhGRR__mEBm5i__JwOpB__0uiQQcfdk=\/340509314130738-scaled.jpg&#8221;] Cristiano Ronaldo a anun\u021bat c\u0103 2026 va fi \u201eprobabil\u201d ultimul an din cariera sa de fotbalist profesionist, declar\u00e2nd c\u0103 \u00ee\u0219i dore\u0219te s\u0103 lase \u00een urm\u0103 \u201eo mo\u0219tenire spectaculoas\u0103\u201d, informeaz\u0103 Agerpres, cit\u00e2nd AFP. Atacantul portughez, \u00een v\u00e2rst\u0103 de 41 de ani, a f\u0103cut declara\u021bia \u00eentr-un interviu acordat revistei Vogue. Ronaldo a precizat c\u0103 [&hellip;]<\/p>\n","protected":false},"author":1,"featured_media":0,"comment_status":"open","ping_status":"","sticky":false,"template":"","format":"standard","meta":{"footnotes":""},"categories":[89],"tags":[226,191],"class_list":["post-2097031","post","type-post","status-publish","format-standard","hentry","category-romania","tag-crawlmanager","tag-tion-ro"],"_links":{"self":[{"href":"https:\/\/analyse.optim.biz\/index.php?rest_route=\/wp\/v2\/posts\/2097031","targetHints":{"allow":["GET"]}}],"collection":[{"href":"https:\/\/analyse.optim.biz\/index.php?rest_route=\/wp\/v2\/posts"}],"about":[{"href":"https:\/\/analyse.optim.biz\/index.php?rest_route=\/wp\/v2\/types\/post"}],"author":[{"embeddable":true,"href":"https:\/\/analyse.optim.biz\/index.php?rest_route=\/wp\/v2\/users\/1"}],"replies":[{"embeddable":true,"href":"https:\/\/analyse.optim.biz\/index.php?rest_route=%2Fwp%2Fv2%2Fcomments&post=2097031"}],"version-history":[{"count":0,"href":"https:\/\/analyse.optim.biz\/index.php?rest_route=\/wp\/v2\/posts\/2097031\/revisions"}],"wp:attachment":[{"href":"https:\/\/analyse.optim.biz\/index.php?rest_route=%2Fwp%2Fv2%2Fmedia&parent=2097031"}],"wp:term":[{"taxonomy":"category","embeddable":true,"href":"https:\/\/analyse.optim.biz\/index.php?rest_route=%2Fwp%2Fv2%2Fcategories&post=2097031"},{"taxonomy":"post_tag","embeddable":true,"href":"https:\/\/analyse.optim.biz\/index.php?rest_route=%2Fwp%2Fv2%2Ftags&post=2097031"}],"curies":[{"name":"wp","href":"https:\/\/api.w.org\/{rel}","templated":true}]}}