{"id":2097029,"date":"2026-08-17T08:44:34","date_gmt":"2026-08-17T05:44:34","guid":{"rendered":"https:\/\/analyse.optim.biz\/?p=2097029"},"modified":"2026-08-17T08:44:34","modified_gmt":"2026-08-17T05:44:34","slug":"soferi-bauti-si-fara-permis-depistati-in-timis-dupa-o-razie-de-noapte","status":"publish","type":"post","link":"https:\/\/analyse.optim.biz\/?p=2097029","title":{"rendered":"\u0218oferi b\u0103u\u021bi \u0219i f\u0103r\u0103 permis, depista\u021bi \u00een Timi\u0219, dup\u0103 o razie de noapte"},"content":{"rendered":"<p>[analyse_image type=&#8221;featured&#8221; src=&#8221;https:\/\/www.tion.ro\/wp-content\/uploads\/2025\/12\/+otf\/1200&#215;630\/rEPrJhjBO666NJvTvRi5ZU5PVF9WRVJZX1NFQ__yMW2QjLmVstBVMeE8h+KyfdZ2kNZheYpnm2JSTNsVkqT6sZMfg24pvjyy5edEXeRpLYcmiu9enKmJlJdJBa+I=\/4763712WhatsAppImage20251203at1140301.jpeg&#8221;]<\/p>\n<article id=\"post-2334657\" class>\n<div class=\"entry-content clearfix\">\n<div class=\"enewsArticleContent\">\n<p class=\"isSelectedEnd\">Poli\u021bi\u0219tii au f\u0103cut controale \u00een trafic \u00een noaptea de 15 spre 16 august, \u00een mai multe zone din Timi\u0219. Ac\u021biunea a avut loc \u00eentre orele 19 \u0219i p\u00e2n\u0103 la 4 diminea\u021ba \u0219i a urm\u0103rit, \u00een principal, depistarea \u0219oferilor care se urc\u0103 la volan dup\u0103 ce au consumat alcool sau alte substan\u021be.<\/p>\n<p class=\"isSelectedEnd\">La finalul nop\u021bii, poli\u021bi\u0219tii au descoperit 6 nereguli, mai exact un caz a fost legat de conducerea unui vehicul ne\u00eenmatriculat, un altul de conducerea f\u0103r\u0103 permis, iar \u00een alte patru situa\u021bii \u0219oferii au fost prin\u0219i la volan b\u0103u\u021bi sau droga\u021bi<\/p>\n<p class=\"isSelectedEnd\">\u0218i la capitolul amenzi poli\u021bi\u0219tii au dat 26 de amenzi, care au ajuns la aproape 9.000 de lei. Cele mai multe dintre ele, 24, au fost pentru \u00eenc\u0103lcarea regulilor de circula\u021bie.<\/p>\n<p class=\"isSelectedEnd\">\u00cen timpul controalelor au verificat 395 de ma\u0219ini \u0219i legitimate 447 de persoane. Poli\u021bi\u0219tii au folosit \u0219i sistemul E-DAC pentru verific\u0103ri.<\/p>\n<p class=\"isSelectedEnd\">Tot \u00een aceast\u0103 ac\u021biune au fost re\u021binute dou\u0103 permise de conducere, din cauza alcoolului. A fost re\u021binut \u0219i un certificat de \u00eenmatriculare.<\/p>\n<p class=\"isSelectedEnd\">Poli\u021bi\u0219tii au verificat \u0219i consumul de substan\u021be psihoactive. Au fost f\u0103cute 25 de test\u0103ri cu aparatul pentru depistarea acestora.<\/p>\n<p>\u00a0<\/p>\n<div class=\"fbShareLikeTwitterAndEmailContainer\">\n<div class=\"wrapper\">\n<div class=\"email\">\n<div id=\"mailto-pop\" class=\"pop-form pop-form-mailto\">\n<div class=\"pop-form-header\">\n<h4>Trimite articolul<\/h4>\n<p><a class=\"pop-form-close\">X<\/a><\/div>\n<\/div>\n<\/div>\n<\/div>\n<\/div>\n<div class=\"tagsContainer\">\n<div class=\"tagsLabel\">Taguri:<\/div>\n<div class=\"tags\">\n<div class=\"tag\"><a href=\"https:\/\/www.tion.ro\/cimke\/razie\" rel=\"tag\"><span class=\"link\">razie<\/span><\/a><\/div>\n<\/div>\n<\/div>\n<div class=\"comments\">\n<div class=\"top\">\n<div class=\"commentsNumber\"><span class=\"number\">1<\/span><span class=\"text\">Comentarii<\/span><\/div>\n<\/div>\n<div class=\"center\">\n<div id=\"respond\" class=\"comment-respond\">\n<h3 id=\"reply-title\" class=\"comment-reply-title\"><small><a rel=\"nofollow\" id=\"cancel-comment-reply-link\" href=\"https:\/\/www.tion.ro\/eveniment\/soferi-bauti-si-fara-permis-depistati-in-timis-dupa-o-razie-de-noapte-2334657\/#respond\">Cancel reply<\/a><\/small><\/h3>\n<p class=\"comment-notes\"><span id=\"email-notes\">Your email address will not be published.<\/span><span class=\"required-field-message\">Required fields are marked <span class=\"required\">*<\/span><\/span><\/p>\n<p class=\"commentFormComment\"><span id=\"commentFormCount\"><br \/>\n                            inca<br \/>\n                            <span id=\"countCommentText\">1000<\/span><br \/>\n                            caractere ramase<br \/>\n                        <\/span><\/p>\n<\/div>\n<\/div>\n<div class=\"bottom\">\n<p class=\"forumDisclaimerHuRo\">\n            Citi\u021bi principiile noastre de moderare <a href=\"https:\/\/www.tion.ro\/reguli-postare-comentarii\/\" target=\"_blank\">aici<\/a>!\n        <\/p>\n<\/div>\n<\/div>\n<div id=\"forum\">\n<li class=\"comment even thread-even depth-1\" id=\"comment-1015860\">\n<div id=\"div-comment-1015860\" class=\"comment-body\">\n<div class=\"comment-author vcard\"><img decoding=\"async\" alt src=\"https:\/\/secure.gravatar.com\/avatar\/68aa5f8afb6157dcf364abc39a06f6c8?s=32&amp;d=mm&amp;r=g\" class=\"avatar avatar-32 photo\" height=\"32\" width=\"32\" loading=\"lazy\"><cite class=\"fn\">alta data si mai lata<\/cite><span class=\"says\">says:<\/span><\/div>\n<div class=\"comment-meta commentmetadata\"><a href=\"https:\/\/www.tion.ro\/eveniment\/soferi-bauti-si-fara-permis-depistati-in-timis-dupa-o-razie-de-noapte-2334657\/#comment-1015860\">August 17, 2026 at 12:01 pm<\/a><\/div>\n<p>Bauti, bauti, dar cine i-a baut?<\/p>\n<div class=\"reply\"><a rel=\"nofollow\" class=\"comment-reply-link\" href=\"https:\/\/www.tion.ro\/eveniment\/soferi-bauti-si-fara-permis-depistati-in-timis-dupa-o-razie-de-noapte-2334657\/#comment-1015860\" data-commentid=\"1015860\" data-postid=\"2334657\" data-belowelement=\"div-comment-1015860\" data-respondelement=\"respond\" data-replyto=\"Reply to alta data si mai lata\" aria-label=\"Reply to alta data si mai lata\">Reply<\/a><\/div>\n<\/div>\n<\/li>\n<\/div>\n<\/div>\n<\/div>\n<\/article>\n<div class=\"entry-content clearfix\">\n<div class=\"enewsArticleContent\">\n<p class=\"isSelectedEnd\">Poli\u021bi\u0219tii au f\u0103cut controale \u00een trafic \u00een noaptea de 15 spre 16 august, \u00een mai multe zone din Timi\u0219. Ac\u021biunea a avut loc \u00eentre orele 19 \u0219i p\u00e2n\u0103 la 4 diminea\u021ba \u0219i a urm\u0103rit, \u00een principal, depistarea \u0219oferilor care se urc\u0103 la volan dup\u0103 ce au consumat alcool sau alte substan\u021be.<\/p>\n<p class=\"isSelectedEnd\">La finalul nop\u021bii, poli\u021bi\u0219tii au descoperit 6 nereguli, mai exact un caz a fost legat de conducerea unui vehicul ne\u00eenmatriculat, un altul de conducerea f\u0103r\u0103 permis, iar \u00een alte patru situa\u021bii \u0219oferii au fost prin\u0219i la volan b\u0103u\u021bi sau droga\u021bi<\/p>\n<p class=\"isSelectedEnd\">\u0218i la capitolul amenzi poli\u021bi\u0219tii au dat 26 de amenzi, care au ajuns la aproape 9.000 de lei. Cele mai multe dintre ele, 24, au fost pentru \u00eenc\u0103lcarea regulilor de circula\u021bie.<\/p>\n<p class=\"isSelectedEnd\">\u00cen timpul controalelor au verificat 395 de ma\u0219ini \u0219i legitimate 447 de persoane. Poli\u021bi\u0219tii au folosit \u0219i sistemul E-DAC pentru verific\u0103ri.<\/p>\n<p class=\"isSelectedEnd\">Tot \u00een aceast\u0103 ac\u021biune au fost re\u021binute dou\u0103 permise de conducere, din cauza alcoolului. A fost re\u021binut \u0219i un certificat de \u00eenmatriculare.<\/p>\n<p class=\"isSelectedEnd\">Poli\u021bi\u0219tii au verificat \u0219i consumul de substan\u021be psihoactive. Au fost f\u0103cute 25 de test\u0103ri cu aparatul pentru depistarea acestora.<\/p>\n<p>\u00a0<\/p>\n<div class=\"fbShareLikeTwitterAndEmailContainer\">\n<div class=\"wrapper\">\n<div class=\"email\">\n<div id=\"mailto-pop\" class=\"pop-form pop-form-mailto\">\n<div class=\"pop-form-header\">\n<h4>Trimite articolul<\/h4>\n<p><a class=\"pop-form-close\">X<\/a><\/div>\n<\/div>\n<\/div>\n<\/div>\n<\/div>\n<div class=\"tagsContainer\">\n<div class=\"tagsLabel\">Taguri:<\/div>\n<div class=\"tags\">\n<div class=\"tag\"><a href=\"https:\/\/www.tion.ro\/cimke\/razie\" rel=\"tag\"><span class=\"link\">razie<\/span><\/a><\/div>\n<\/div>\n<\/div>\n<div class=\"comments\">\n<div class=\"top\">\n<div class=\"commentsNumber\"><span class=\"number\">1<\/span><span class=\"text\">Comentarii<\/span><\/div>\n<\/div>\n<div class=\"center\">\n<div id=\"respond\" class=\"comment-respond\">\n<h3 id=\"reply-title\" class=\"comment-reply-title\"><small><a rel=\"nofollow\" id=\"cancel-comment-reply-link\" href=\"https:\/\/www.tion.ro\/eveniment\/soferi-bauti-si-fara-permis-depistati-in-timis-dupa-o-razie-de-noapte-2334657\/#respond\">Cancel reply<\/a><\/small><\/h3>\n<p class=\"comment-notes\"><span id=\"email-notes\">Your email address will not be published.<\/span><span class=\"required-field-message\">Required fields are marked <span class=\"required\">*<\/span><\/span><\/p>\n<p class=\"commentFormComment\"><span id=\"commentFormCount\"><br \/>\n                            inca<br \/>\n                            <span id=\"countCommentText\">1000<\/span><br \/>\n                            caractere ramase<br \/>\n                        <\/span><\/p>\n<\/div>\n<\/div>\n<div class=\"bottom\">\n<p class=\"forumDisclaimerHuRo\">\n            Citi\u021bi principiile noastre de moderare <a href=\"https:\/\/www.tion.ro\/reguli-postare-comentarii\/\" target=\"_blank\">aici<\/a>!\n        <\/p>\n<\/div>\n<\/div>\n<div id=\"forum\">\n<li class=\"comment even thread-even depth-1\" id=\"comment-1015860\">\n<div id=\"div-comment-1015860\" class=\"comment-body\">\n<div class=\"comment-author vcard\"><img decoding=\"async\" alt src=\"https:\/\/secure.gravatar.com\/avatar\/68aa5f8afb6157dcf364abc39a06f6c8?s=32&amp;d=mm&amp;r=g\" class=\"avatar avatar-32 photo\" height=\"32\" width=\"32\" loading=\"lazy\"><cite class=\"fn\">alta data si mai lata<\/cite><span class=\"says\">says:<\/span><\/div>\n<div class=\"comment-meta commentmetadata\"><a href=\"https:\/\/www.tion.ro\/eveniment\/soferi-bauti-si-fara-permis-depistati-in-timis-dupa-o-razie-de-noapte-2334657\/#comment-1015860\">August 17, 2026 at 12:01 pm<\/a><\/div>\n<p>Bauti, bauti, dar cine i-a baut?<\/p>\n<div class=\"reply\"><a rel=\"nofollow\" class=\"comment-reply-link\" href=\"https:\/\/www.tion.ro\/eveniment\/soferi-bauti-si-fara-permis-depistati-in-timis-dupa-o-razie-de-noapte-2334657\/#comment-1015860\" data-commentid=\"1015860\" data-postid=\"2334657\" data-belowelement=\"div-comment-1015860\" data-respondelement=\"respond\" data-replyto=\"Reply to alta data si mai lata\" aria-label=\"Reply to alta data si mai lata\">Reply<\/a><\/div>\n<\/div>\n<\/li>\n<\/div>\n<\/div>\n<\/div>\n<p>[analyse_source url=&#8221;https:\/\/www.tion.ro\/eveniment\/soferi-bauti-si-fara-permis-depistati-in-timis-dupa-o-razie-de-noapte-2334657\/&#8221;]<\/p>\n","protected":false},"excerpt":{"rendered":"<p>[analyse_image type=&#8221;featured&#8221; src=&#8221;https:\/\/www.tion.ro\/wp-content\/uploads\/2025\/12\/+otf\/1200&#215;630\/rEPrJhjBO666NJvTvRi5ZU5PVF9WRVJZX1NFQ__yMW2QjLmVstBVMeE8h+KyfdZ2kNZheYpnm2JSTNsVkqT6sZMfg24pvjyy5edEXeRpLYcmiu9enKmJlJdJBa+I=\/4763712WhatsAppImage20251203at1140301.jpeg&#8221;] Poli\u021bi\u0219tii au f\u0103cut controale \u00een trafic \u00een noaptea de 15 spre 16 august, \u00een mai multe zone din Timi\u0219. Ac\u021biunea a avut loc \u00eentre orele 19 \u0219i p\u00e2n\u0103 la 4 diminea\u021ba \u0219i a urm\u0103rit, \u00een principal, depistarea \u0219oferilor care se urc\u0103 la volan dup\u0103 ce au consumat alcool sau alte substan\u021be. La [&hellip;]<\/p>\n","protected":false},"author":1,"featured_media":0,"comment_status":"open","ping_status":"","sticky":false,"template":"","format":"standard","meta":{"footnotes":""},"categories":[89],"tags":[226,191],"class_list":["post-2097029","post","type-post","status-publish","format-standard","hentry","category-romania","tag-crawlmanager","tag-tion-ro"],"_links":{"self":[{"href":"https:\/\/analyse.optim.biz\/index.php?rest_route=\/wp\/v2\/posts\/2097029","targetHints":{"allow":["GET"]}}],"collection":[{"href":"https:\/\/analyse.optim.biz\/index.php?rest_route=\/wp\/v2\/posts"}],"about":[{"href":"https:\/\/analyse.optim.biz\/index.php?rest_route=\/wp\/v2\/types\/post"}],"author":[{"embeddable":true,"href":"https:\/\/analyse.optim.biz\/index.php?rest_route=\/wp\/v2\/users\/1"}],"replies":[{"embeddable":true,"href":"https:\/\/analyse.optim.biz\/index.php?rest_route=%2Fwp%2Fv2%2Fcomments&post=2097029"}],"version-history":[{"count":0,"href":"https:\/\/analyse.optim.biz\/index.php?rest_route=\/wp\/v2\/posts\/2097029\/revisions"}],"wp:attachment":[{"href":"https:\/\/analyse.optim.biz\/index.php?rest_route=%2Fwp%2Fv2%2Fmedia&parent=2097029"}],"wp:term":[{"taxonomy":"category","embeddable":true,"href":"https:\/\/analyse.optim.biz\/index.php?rest_route=%2Fwp%2Fv2%2Fcategories&post=2097029"},{"taxonomy":"post_tag","embeddable":true,"href":"https:\/\/analyse.optim.biz\/index.php?rest_route=%2Fwp%2Fv2%2Ftags&post=2097029"}],"curies":[{"name":"wp","href":"https:\/\/api.w.org\/{rel}","templated":true}]}}