{"id":2097027,"date":"2026-08-17T08:02:44","date_gmt":"2026-08-17T05:02:44","guid":{"rendered":"https:\/\/analyse.optim.biz\/?p=2097027"},"modified":"2026-08-17T08:02:44","modified_gmt":"2026-08-17T05:02:44","slug":"vremea-se-schimba-brusc-in-timis-dupa-temperaturi-de-pana-la-37-de-grade-urmeaza-ploi-vijelii-si-o-racire-accentuata","status":"publish","type":"post","link":"https:\/\/analyse.optim.biz\/?p=2097027","title":{"rendered":"Vremea se schimb\u0103 brusc \u00een Timi\u0219. Dup\u0103 temperaturi de p\u00e2n\u0103 la 37 de grade, urmeaz\u0103 ploi, vijelii \u0219i o r\u0103cire accentuat\u0103"},"content":{"rendered":"<p>[analyse_image type=&#8221;featured&#8221; src=&#8221;https:\/\/www.tion.ro\/wp-content\/uploads\/2025\/10\/+otf\/1200&#215;630\/xNF0HdzJrURfAxcMJAUExU5PVF9WRVJZX1NFQ1XBwvn7W7QqUnDxSlWJ+qOFnDtOKlv58kGgXJgcoDJGA7__MFWj4iBJW+TlmNZGkPiRz__DcgSMWMzEBlZPoFaQg=\/9910060ploaieplouaumbrelaaversevremereaprecipitatii3-scaled.jpg&#8221;]<\/p>\n<article id=\"post-2334621\" class>\n<div class=\"entry-content clearfix\">\n<div class=\"enewsArticleContent\">\n<p>Potrivit Administra\u021biei Na\u021bionale de Meteorologie (ANM), avertizarea de Cod galben este valabil\u0103 luni, p\u00e2n\u0103 la ora 24:00, \u00een Banat, Cri\u0219ana, Maramure\u0219, vestul \u0219i sud-vestul Olteniei, cea mai mare parte a Transilvaniei \u0219i nord-estul Moldovei. Temperaturile maxime se vor situa \u00eentre 33 \u0219i 37 de grade, cele mai ridicate valori fiind a\u0219teptate \u00een C\u00e2mpia de Vest.<\/p>\n<p>Disconfortul termic va fi ridicat, iar pe arii restr\u00e2nse, \u00een regiunile vestice \u0219i \u00een extremitatea de sud-vest, indicele temperatur\u0103-umezeal\u0103 (ITU) poate atinge pragul critic de 80 de unit\u0103\u021bi.<\/p>\n<h3><strong>Ploi \u0219i vijelii \u00een Banat, \u00een noaptea de luni spre mar\u021bi<\/strong><\/h3>\n<p>Schimbarea vremii \u00eencepe \u00een cursul nop\u021bii. ANM anun\u021b\u0103 perioade de instabilitate atmosferic\u0103 \u00een Banat, Cri\u0219ana \u0219i Maramure\u0219, cu averse toren\u021biale, desc\u0103rc\u0103ri electrice, vijelii \u0219i, izolat, grindin\u0103 de mici dimensiuni.<\/p>\n<p>Cantit\u0103\u021bile de ap\u0103 vor ajunge \u00een general la 15-20 de litri pe metru p\u0103trat \u0219i, izolat, pot dep\u0103\u0219i 20-25 de litri pe metru p\u0103trat.<\/p>\n<p>Tot \u00een noaptea de luni spre mar\u021bi, v\u00e2ntul se va intensifica \u00een regiunile vestice, iar mar\u021bi va sufla mai tare \u00een cea mai mare parte a \u021b\u0103rii. Rafalele vor ajunge la 40-50 km\/h \u0219i, local, pot dep\u0103\u0219i 60-70 km\/h, \u00een special \u00een zonele montane.<\/p>\n<h3><strong>Temperaturile scad cu p\u00e2n\u0103 la 12 grade<\/strong><\/h3>\n<p>Mar\u021bi, vestul, centrul \u0219i nordul \u021b\u0103rii vor trece printr-o r\u0103cire accentuat\u0103. Temperaturile maxime vor fi, \u00een general, cu 10-12 grade mai mici dec\u00e2t \u00een ziua precedent\u0103 \u0219i se vor \u00eencadra \u00eentre 20 \u0219i 28 de grade la nivelul acestor regiuni.<\/p>\n<div class=\"fbShareLikeTwitterAndEmailContainer\">\n<div class=\"wrapper\">\n<div class=\"email\">\n<div id=\"mailto-pop\" class=\"pop-form pop-form-mailto\">\n<div class=\"pop-form-header\">\n<h4>Trimite articolul<\/h4>\n<p><a class=\"pop-form-close\">X<\/a><\/div>\n<\/div>\n<\/div>\n<\/div>\n<\/div>\n<div class=\"tagsContainer\">\n<div class=\"tagsLabel\">Taguri:<\/div>\n<div class=\"tags\">\n<div class=\"tag\"><a href=\"https:\/\/www.tion.ro\/cimke\/anm\" rel=\"tag\"><span class=\"link\">anm<\/span><span class=\"separator\">,<\/span><\/a><\/div>\n<div class=\"tag\"><a href=\"https:\/\/www.tion.ro\/cimke\/anm-cod-galben-timis\" rel=\"tag\"><span class=\"link\">anm cod galben timis<\/span><span class=\"separator\">,<\/span><\/a><\/div>\n<div class=\"tag\"><a href=\"https:\/\/www.tion.ro\/cimke\/ploi\" rel=\"tag\"><span class=\"link\">ploi<\/span><\/a><\/div>\n<\/div>\n<\/div>\n<div class=\"comments\">\n<div class=\"top\">\n<div class=\"commentsNumber\"><span class=\"number\">0<\/span><span class=\"text\">Comentarii<\/span><\/div>\n<\/div>\n<div class=\"center\">\n<div id=\"respond\" class=\"comment-respond\">\n<h3 id=\"reply-title\" class=\"comment-reply-title\"><small><a rel=\"nofollow\" id=\"cancel-comment-reply-link\" href=\"https:\/\/www.tion.ro\/stirile-judetului-timis\/vremea-se-schimba-brusc-in-timis-dupa-temperaturi-de-pana-la-37-de-grade-urmeaza-ploi-vijelii-si-o-racire-accentuata-2334621\/#respond\">Cancel reply<\/a><\/small><\/h3>\n<p class=\"comment-notes\"><span id=\"email-notes\">Your email address will not be published.<\/span><span class=\"required-field-message\">Required fields are marked <span class=\"required\">*<\/span><\/span><\/p>\n<p class=\"commentFormComment\"><span id=\"commentFormCount\"><br \/>\n                            inca<br \/>\n                            <span id=\"countCommentText\">1000<\/span><br \/>\n                            caractere ramase<br \/>\n                        <\/span><\/p>\n<\/div>\n<\/div>\n<div class=\"bottom\">\n<p class=\"forumDisclaimerHuRo\">\n            Citi\u021bi principiile noastre de moderare <a href=\"https:\/\/www.tion.ro\/reguli-postare-comentarii\/\" target=\"_blank\">aici<\/a>!\n        <\/p>\n<\/div>\n<\/div>\n<\/div>\n<\/div>\n<\/article>\n<div class=\"entry-content clearfix\">\n<div class=\"enewsArticleContent\">\n<p>Potrivit Administra\u021biei Na\u021bionale de Meteorologie (ANM), avertizarea de Cod galben este valabil\u0103 luni, p\u00e2n\u0103 la ora 24:00, \u00een Banat, Cri\u0219ana, Maramure\u0219, vestul \u0219i sud-vestul Olteniei, cea mai mare parte a Transilvaniei \u0219i nord-estul Moldovei. Temperaturile maxime se vor situa \u00eentre 33 \u0219i 37 de grade, cele mai ridicate valori fiind a\u0219teptate \u00een C\u00e2mpia de Vest.<\/p>\n<p>Disconfortul termic va fi ridicat, iar pe arii restr\u00e2nse, \u00een regiunile vestice \u0219i \u00een extremitatea de sud-vest, indicele temperatur\u0103-umezeal\u0103 (ITU) poate atinge pragul critic de 80 de unit\u0103\u021bi.<\/p>\n<h3><strong>Ploi \u0219i vijelii \u00een Banat, \u00een noaptea de luni spre mar\u021bi<\/strong><\/h3>\n<p>Schimbarea vremii \u00eencepe \u00een cursul nop\u021bii. ANM anun\u021b\u0103 perioade de instabilitate atmosferic\u0103 \u00een Banat, Cri\u0219ana \u0219i Maramure\u0219, cu averse toren\u021biale, desc\u0103rc\u0103ri electrice, vijelii \u0219i, izolat, grindin\u0103 de mici dimensiuni.<\/p>\n<p>Cantit\u0103\u021bile de ap\u0103 vor ajunge \u00een general la 15-20 de litri pe metru p\u0103trat \u0219i, izolat, pot dep\u0103\u0219i 20-25 de litri pe metru p\u0103trat.<\/p>\n<p>Tot \u00een noaptea de luni spre mar\u021bi, v\u00e2ntul se va intensifica \u00een regiunile vestice, iar mar\u021bi va sufla mai tare \u00een cea mai mare parte a \u021b\u0103rii. Rafalele vor ajunge la 40-50 km\/h \u0219i, local, pot dep\u0103\u0219i 60-70 km\/h, \u00een special \u00een zonele montane.<\/p>\n<h3><strong>Temperaturile scad cu p\u00e2n\u0103 la 12 grade<\/strong><\/h3>\n<p>Mar\u021bi, vestul, centrul \u0219i nordul \u021b\u0103rii vor trece printr-o r\u0103cire accentuat\u0103. Temperaturile maxime vor fi, \u00een general, cu 10-12 grade mai mici dec\u00e2t \u00een ziua precedent\u0103 \u0219i se vor \u00eencadra \u00eentre 20 \u0219i 28 de grade la nivelul acestor regiuni.<\/p>\n<div class=\"fbShareLikeTwitterAndEmailContainer\">\n<div class=\"wrapper\">\n<div class=\"email\">\n<div id=\"mailto-pop\" class=\"pop-form pop-form-mailto\">\n<div class=\"pop-form-header\">\n<h4>Trimite articolul<\/h4>\n<p><a class=\"pop-form-close\">X<\/a><\/div>\n<\/div>\n<\/div>\n<\/div>\n<\/div>\n<div class=\"tagsContainer\">\n<div class=\"tagsLabel\">Taguri:<\/div>\n<div class=\"tags\">\n<div class=\"tag\"><a href=\"https:\/\/www.tion.ro\/cimke\/anm\" rel=\"tag\"><span class=\"link\">anm<\/span><span class=\"separator\">,<\/span><\/a><\/div>\n<div class=\"tag\"><a href=\"https:\/\/www.tion.ro\/cimke\/anm-cod-galben-timis\" rel=\"tag\"><span class=\"link\">anm cod galben timis<\/span><span class=\"separator\">,<\/span><\/a><\/div>\n<div class=\"tag\"><a href=\"https:\/\/www.tion.ro\/cimke\/ploi\" rel=\"tag\"><span class=\"link\">ploi<\/span><\/a><\/div>\n<\/div>\n<\/div>\n<div class=\"comments\">\n<div class=\"top\">\n<div class=\"commentsNumber\"><span class=\"number\">0<\/span><span class=\"text\">Comentarii<\/span><\/div>\n<\/div>\n<div class=\"center\">\n<div id=\"respond\" class=\"comment-respond\">\n<h3 id=\"reply-title\" class=\"comment-reply-title\"><small><a rel=\"nofollow\" id=\"cancel-comment-reply-link\" href=\"https:\/\/www.tion.ro\/stirile-judetului-timis\/vremea-se-schimba-brusc-in-timis-dupa-temperaturi-de-pana-la-37-de-grade-urmeaza-ploi-vijelii-si-o-racire-accentuata-2334621\/#respond\">Cancel reply<\/a><\/small><\/h3>\n<p class=\"comment-notes\"><span id=\"email-notes\">Your email address will not be published.<\/span><span class=\"required-field-message\">Required fields are marked <span class=\"required\">*<\/span><\/span><\/p>\n<p class=\"commentFormComment\"><span id=\"commentFormCount\"><br \/>\n                            inca<br \/>\n                            <span id=\"countCommentText\">1000<\/span><br \/>\n                            caractere ramase<br \/>\n                        <\/span><\/p>\n<\/div>\n<\/div>\n<div class=\"bottom\">\n<p class=\"forumDisclaimerHuRo\">\n            Citi\u021bi principiile noastre de moderare <a href=\"https:\/\/www.tion.ro\/reguli-postare-comentarii\/\" target=\"_blank\">aici<\/a>!\n        <\/p>\n<\/div>\n<\/div>\n<\/div>\n<\/div>\n<p>[analyse_source url=&#8221;https:\/\/www.tion.ro\/stirile-judetului-timis\/vremea-se-schimba-brusc-in-timis-dupa-temperaturi-de-pana-la-37-de-grade-urmeaza-ploi-vijelii-si-o-racire-accentuata-2334621\/&#8221;]<\/p>\n","protected":false},"excerpt":{"rendered":"<p>[analyse_image type=&#8221;featured&#8221; src=&#8221;https:\/\/www.tion.ro\/wp-content\/uploads\/2025\/10\/+otf\/1200&#215;630\/xNF0HdzJrURfAxcMJAUExU5PVF9WRVJZX1NFQ1XBwvn7W7QqUnDxSlWJ+qOFnDtOKlv58kGgXJgcoDJGA7__MFWj4iBJW+TlmNZGkPiRz__DcgSMWMzEBlZPoFaQg=\/9910060ploaieplouaumbrelaaversevremereaprecipitatii3-scaled.jpg&#8221;] Potrivit Administra\u021biei Na\u021bionale de Meteorologie (ANM), avertizarea de Cod galben este valabil\u0103 luni, p\u00e2n\u0103 la ora 24:00, \u00een Banat, Cri\u0219ana, Maramure\u0219, vestul \u0219i sud-vestul Olteniei, cea mai mare parte a Transilvaniei \u0219i nord-estul Moldovei. Temperaturile maxime se vor situa \u00eentre 33 \u0219i 37 de grade, cele mai ridicate valori fiind a\u0219teptate \u00een [&hellip;]<\/p>\n","protected":false},"author":1,"featured_media":0,"comment_status":"open","ping_status":"","sticky":false,"template":"","format":"standard","meta":{"footnotes":""},"categories":[89],"tags":[226,191],"class_list":["post-2097027","post","type-post","status-publish","format-standard","hentry","category-romania","tag-crawlmanager","tag-tion-ro"],"_links":{"self":[{"href":"https:\/\/analyse.optim.biz\/index.php?rest_route=\/wp\/v2\/posts\/2097027","targetHints":{"allow":["GET"]}}],"collection":[{"href":"https:\/\/analyse.optim.biz\/index.php?rest_route=\/wp\/v2\/posts"}],"about":[{"href":"https:\/\/analyse.optim.biz\/index.php?rest_route=\/wp\/v2\/types\/post"}],"author":[{"embeddable":true,"href":"https:\/\/analyse.optim.biz\/index.php?rest_route=\/wp\/v2\/users\/1"}],"replies":[{"embeddable":true,"href":"https:\/\/analyse.optim.biz\/index.php?rest_route=%2Fwp%2Fv2%2Fcomments&post=2097027"}],"version-history":[{"count":0,"href":"https:\/\/analyse.optim.biz\/index.php?rest_route=\/wp\/v2\/posts\/2097027\/revisions"}],"wp:attachment":[{"href":"https:\/\/analyse.optim.biz\/index.php?rest_route=%2Fwp%2Fv2%2Fmedia&parent=2097027"}],"wp:term":[{"taxonomy":"category","embeddable":true,"href":"https:\/\/analyse.optim.biz\/index.php?rest_route=%2Fwp%2Fv2%2Fcategories&post=2097027"},{"taxonomy":"post_tag","embeddable":true,"href":"https:\/\/analyse.optim.biz\/index.php?rest_route=%2Fwp%2Fv2%2Ftags&post=2097027"}],"curies":[{"name":"wp","href":"https:\/\/api.w.org\/{rel}","templated":true}]}}