{"id":2097024,"date":"2026-08-17T07:57:29","date_gmt":"2026-08-17T04:57:29","guid":{"rendered":"https:\/\/analyse.optim.biz\/?p=2097024"},"modified":"2026-08-17T07:57:29","modified_gmt":"2026-08-17T04:57:29","slug":"pisi-cutu-fest-primul-festival-din-romania-dedicat-iubitorilor-de-caini-si-pisici-va-avea-loc-la-murani","status":"publish","type":"post","link":"https:\/\/analyse.optim.biz\/?p=2097024","title":{"rendered":"Pisi-Cu\u021bu Fest, primul festival din Rom\u00e2nia dedicat iubitorilor de c\u00e2ini \u0219i pisici, va avea loc la Murani"},"content":{"rendered":"<p>[analyse_image type=&#8221;featured&#8221; src=&#8221;https:\/\/www.tion.ro\/wp-content\/uploads\/2026\/08\/+otf\/1200&#215;630\/fFQQFg9u1ZjRAqctBg5AWU5PVF9WRVJZX1NFQ3khF+ucNGwqf1TkkI+vsrRDmoa39Tr9u+MwxuBQQXkQ595q3r7ACKCnNAMoeS1xHzFianvLvTt2qO6HysU4qzo=\/6953262pexelswanderkash20816519-scaled.jpg&#8221;]<\/p>\n<article id=\"post-2334618\" class>\n<div class=\"entry-content clearfix\">\n<div class=\"enewsArticleContent\">\n<p>Festivalul \u00ee\u0219i propune s\u0103 fie mai mult dec\u00e2t un eveniment de divertisment. Timp de dou\u0103 zile, participan\u021bii vor putea afla informa\u021bii despre alegerea unui companion, \u00eengrijirea \u0219i educarea acestuia, dar \u0219i despre modalit\u0103\u021bile prin care putem contribui la s\u0103n\u0103tatea \u0219i bun\u0103starea animalelor de companie.<\/p>\n<p>Programul se va desf\u0103\u0219ura zilnic, \u00eentre orele 11:00 \u0219i 15:00, iar printre invita\u021bi se num\u0103r\u0103 medici veterinari, cresc\u0103tori de c\u00e2ini \u0219i pisici, dresori \u0219i instructori canini, groomeri (n.r. \u2013 speciali\u0219ti \u00een igiena \u0219i cosmetica animalelor de companie), me\u0219teri populari \u0219i al\u021bi speciali\u0219ti.<\/p>\n<p>Reprezentan\u021bi ai Facult\u0103\u021bii de Medicin\u0103 Veterinar\u0103 din Timi\u0219oara vor fi prezen\u021bi la festival \u0219i vor r\u0103spunde \u00eentreb\u0103rilor publicului pe teme legate de s\u0103n\u0103tatea \u0219i \u00eengrijirea animalelor.<\/p>\n<p>De asemenea, participan\u021bii vor putea discuta cu dresori \u0219i instructori canini despre educa\u021bia animalelor de companie, \u00een timp ce groomerii vor oferi sfaturi despre \u00eengrijirea corect\u0103 a bl\u0103nii.<\/p>\n<p>O experien\u021b\u0103 mai pu\u021bin obi\u0219nuit\u0103 preg\u0103tit\u0103 pentru festival este terapia prin sunete pentru animale \u0219i st\u0103p\u00e2ni, menit\u0103 s\u0103 ofere participan\u021bilor o experien\u021b\u0103 relaxant\u0103 al\u0103turi de companionii lor.<\/p>\n<p>Unul dintre momentele importante ale evenimentului va fi t\u00e2rgul de adop\u021bii, organizat \u00eempreun\u0103 cu asocia\u021bii care se ocup\u0103 de animale abandonate.<\/p>\n<p>Cei care \u00ee\u0219i doresc s\u0103 ofere o cas\u0103 unui c\u00e2ine sau unei pisici vor avea ocazia s\u0103 cunoasc\u0103 animalele disponibile pentru adop\u021bie \u0219i, de ce nu, s\u0103 plece de la festival cu un nou membru al familiei.<\/p>\n<p>Organizatorii spun c\u0103 au \u00eencercat s\u0103 reuneasc\u0103 \u00eentr-un singur eveniment c\u00e2t mai multe dintre elementele importante pentru o rela\u021bie s\u0103n\u0103toas\u0103 \u0219i de lung\u0103 durat\u0103 \u00eentre oameni \u0219i animalele lor de companie.<\/p>\n<blockquote>\n<p>\u201eAm \u00eencercat s\u0103 avem toate ingredientele pentru ca acest eveniment s\u0103 fie unul foarte interesant, pl\u0103cut \u0219i util, unde s\u0103 petrecem \u00eempreun\u0103 un timp de calitate\u201d, transmit organizatorii.<\/p>\n<\/blockquote>\n<p>Pisi-Cu\u021bu Fest va avea loc \u00een perioada 12-13 septembrie, la Murani, l\u00e2ng\u0103 Timi\u0219oara. <strong><a href=\"https:\/\/m.iabilet.ro\/bilete-murani-pisi-cutu-fest-128440\/\" target=\"_blank\" rel=\"noopener\">Biletul cost\u0103 50 de lei \u0219i este valabil pentru ambele zile.<\/a><\/strong><\/p>\n<p>Organizatorii \u00eei a\u0219teapt\u0103 la Murani pe to\u021bi cei care iubesc c\u00e2inii \u0219i pisicile \u0219i vor s\u0103 petreac\u0103 un weekend \u00een compania celor mai \u00eendr\u0103gite animale de companie.<\/p>\n<p><img decoding=\"async\" loading=\"lazy\" class=\"aligncenter size-large wp-image-2334624\" src=\"https:\/\/www.tion.ro\/wp-content\/uploads\/2026\/08\/6952975WhatsAppImage20260817at103526.jpeg\" alt width=\"833\" height=\"1024\"><\/p>\n<p>\u00a0<\/p>\n<div class=\"fbShareLikeTwitterAndEmailContainer\">\n<div class=\"wrapper\">\n<div class=\"email\">\n<div id=\"mailto-pop\" class=\"pop-form pop-form-mailto\">\n<div class=\"pop-form-header\">\n<h4>Trimite articolul<\/h4>\n<p><a class=\"pop-form-close\">X<\/a><\/div>\n<\/div>\n<\/div>\n<\/div>\n<\/div>\n<div class=\"tagsContainer\">\n<div class=\"tagsLabel\">Taguri:<\/div>\n<div class=\"tags\">\n<div class=\"tag\"><a href=\"https:\/\/www.tion.ro\/cimke\/animale-de-companie\" rel=\"tag\"><span class=\"link\">animale de companie<\/span><span class=\"separator\">,<\/span><\/a><\/div>\n<div class=\"tag\"><a href=\"https:\/\/www.tion.ro\/cimke\/murani\" rel=\"tag\"><span class=\"link\">murani<\/span><span class=\"separator\">,<\/span><\/a><\/div>\n<div class=\"tag\"><a href=\"https:\/\/www.tion.ro\/cimke\/pisi-cutu-fest\" rel=\"tag\"><span class=\"link\">Pisi-Cu\u021bu Fest<\/span><\/a><\/div>\n<\/div>\n<\/div>\n<div class=\"comments\">\n<div class=\"top\">\n<div class=\"commentsNumber\"><span class=\"number\">0<\/span><span class=\"text\">Comentarii<\/span><\/div>\n<\/div>\n<div class=\"center\">\n<div id=\"respond\" class=\"comment-respond\">\n<h3 id=\"reply-title\" class=\"comment-reply-title\"><small><a rel=\"nofollow\" id=\"cancel-comment-reply-link\" href=\"https:\/\/www.tion.ro\/stirile-judetului-timis\/pisi-cutu-fest-primul-festival-din-romania-dedicat-iubitorilor-de-caini-si-pisici-va-avea-loc-la-murani-2334618\/#respond\">Cancel reply<\/a><\/small><\/h3>\n<p class=\"comment-notes\"><span id=\"email-notes\">Your email address will not be published.<\/span><span class=\"required-field-message\">Required fields are marked <span class=\"required\">*<\/span><\/span><\/p>\n<p class=\"commentFormComment\"><span id=\"commentFormCount\"><br \/>\n                            inca<br \/>\n                            <span id=\"countCommentText\">1000<\/span><br \/>\n                            caractere ramase<br \/>\n                        <\/span><\/p>\n<\/div>\n<\/div>\n<div class=\"bottom\">\n<p class=\"forumDisclaimerHuRo\">\n            Citi\u021bi principiile noastre de moderare <a href=\"https:\/\/www.tion.ro\/reguli-postare-comentarii\/\" target=\"_blank\">aici<\/a>!\n        <\/p>\n<\/div>\n<\/div>\n<\/div>\n<\/div>\n<\/article>\n<div class=\"entry-content clearfix\">\n<div class=\"enewsArticleContent\">\n<p>Festivalul \u00ee\u0219i propune s\u0103 fie mai mult dec\u00e2t un eveniment de divertisment. Timp de dou\u0103 zile, participan\u021bii vor putea afla informa\u021bii despre alegerea unui companion, \u00eengrijirea \u0219i educarea acestuia, dar \u0219i despre modalit\u0103\u021bile prin care putem contribui la s\u0103n\u0103tatea \u0219i bun\u0103starea animalelor de companie.<\/p>\n<p>Programul se va desf\u0103\u0219ura zilnic, \u00eentre orele 11:00 \u0219i 15:00, iar printre invita\u021bi se num\u0103r\u0103 medici veterinari, cresc\u0103tori de c\u00e2ini \u0219i pisici, dresori \u0219i instructori canini, groomeri (n.r. \u2013 speciali\u0219ti \u00een igiena \u0219i cosmetica animalelor de companie), me\u0219teri populari \u0219i al\u021bi speciali\u0219ti.<\/p>\n<p>Reprezentan\u021bi ai Facult\u0103\u021bii de Medicin\u0103 Veterinar\u0103 din Timi\u0219oara vor fi prezen\u021bi la festival \u0219i vor r\u0103spunde \u00eentreb\u0103rilor publicului pe teme legate de s\u0103n\u0103tatea \u0219i \u00eengrijirea animalelor.<\/p>\n<p>De asemenea, participan\u021bii vor putea discuta cu dresori \u0219i instructori canini despre educa\u021bia animalelor de companie, \u00een timp ce groomerii vor oferi sfaturi despre \u00eengrijirea corect\u0103 a bl\u0103nii.<\/p>\n<p>O experien\u021b\u0103 mai pu\u021bin obi\u0219nuit\u0103 preg\u0103tit\u0103 pentru festival este terapia prin sunete pentru animale \u0219i st\u0103p\u00e2ni, menit\u0103 s\u0103 ofere participan\u021bilor o experien\u021b\u0103 relaxant\u0103 al\u0103turi de companionii lor.<\/p>\n<p>Unul dintre momentele importante ale evenimentului va fi t\u00e2rgul de adop\u021bii, organizat \u00eempreun\u0103 cu asocia\u021bii care se ocup\u0103 de animale abandonate.<\/p>\n<p>Cei care \u00ee\u0219i doresc s\u0103 ofere o cas\u0103 unui c\u00e2ine sau unei pisici vor avea ocazia s\u0103 cunoasc\u0103 animalele disponibile pentru adop\u021bie \u0219i, de ce nu, s\u0103 plece de la festival cu un nou membru al familiei.<\/p>\n<p>Organizatorii spun c\u0103 au \u00eencercat s\u0103 reuneasc\u0103 \u00eentr-un singur eveniment c\u00e2t mai multe dintre elementele importante pentru o rela\u021bie s\u0103n\u0103toas\u0103 \u0219i de lung\u0103 durat\u0103 \u00eentre oameni \u0219i animalele lor de companie.<\/p>\n<blockquote>\n<p>\u201eAm \u00eencercat s\u0103 avem toate ingredientele pentru ca acest eveniment s\u0103 fie unul foarte interesant, pl\u0103cut \u0219i util, unde s\u0103 petrecem \u00eempreun\u0103 un timp de calitate\u201d, transmit organizatorii.<\/p>\n<\/blockquote>\n<p>Pisi-Cu\u021bu Fest va avea loc \u00een perioada 12-13 septembrie, la Murani, l\u00e2ng\u0103 Timi\u0219oara. <strong><a href=\"https:\/\/m.iabilet.ro\/bilete-murani-pisi-cutu-fest-128440\/\" target=\"_blank\" rel=\"noopener\">Biletul cost\u0103 50 de lei \u0219i este valabil pentru ambele zile.<\/a><\/strong><\/p>\n<p>Organizatorii \u00eei a\u0219teapt\u0103 la Murani pe to\u021bi cei care iubesc c\u00e2inii \u0219i pisicile \u0219i vor s\u0103 petreac\u0103 un weekend \u00een compania celor mai \u00eendr\u0103gite animale de companie.<\/p>\n<p><img decoding=\"async\" loading=\"lazy\" class=\"aligncenter size-large wp-image-2334624\" src=\"https:\/\/www.tion.ro\/wp-content\/uploads\/2026\/08\/6952975WhatsAppImage20260817at103526.jpeg\" alt width=\"833\" height=\"1024\"><\/p>\n<p>\u00a0<\/p>\n<div class=\"fbShareLikeTwitterAndEmailContainer\">\n<div class=\"wrapper\">\n<div class=\"email\">\n<div id=\"mailto-pop\" class=\"pop-form pop-form-mailto\">\n<div class=\"pop-form-header\">\n<h4>Trimite articolul<\/h4>\n<p><a class=\"pop-form-close\">X<\/a><\/div>\n<\/div>\n<\/div>\n<\/div>\n<\/div>\n<div class=\"tagsContainer\">\n<div class=\"tagsLabel\">Taguri:<\/div>\n<div class=\"tags\">\n<div class=\"tag\"><a href=\"https:\/\/www.tion.ro\/cimke\/animale-de-companie\" rel=\"tag\"><span class=\"link\">animale de companie<\/span><span class=\"separator\">,<\/span><\/a><\/div>\n<div class=\"tag\"><a href=\"https:\/\/www.tion.ro\/cimke\/murani\" rel=\"tag\"><span class=\"link\">murani<\/span><span class=\"separator\">,<\/span><\/a><\/div>\n<div class=\"tag\"><a href=\"https:\/\/www.tion.ro\/cimke\/pisi-cutu-fest\" rel=\"tag\"><span class=\"link\">Pisi-Cu\u021bu Fest<\/span><\/a><\/div>\n<\/div>\n<\/div>\n<div class=\"comments\">\n<div class=\"top\">\n<div class=\"commentsNumber\"><span class=\"number\">0<\/span><span class=\"text\">Comentarii<\/span><\/div>\n<\/div>\n<div class=\"center\">\n<div id=\"respond\" class=\"comment-respond\">\n<h3 id=\"reply-title\" class=\"comment-reply-title\"><small><a rel=\"nofollow\" id=\"cancel-comment-reply-link\" href=\"https:\/\/www.tion.ro\/stirile-judetului-timis\/pisi-cutu-fest-primul-festival-din-romania-dedicat-iubitorilor-de-caini-si-pisici-va-avea-loc-la-murani-2334618\/#respond\">Cancel reply<\/a><\/small><\/h3>\n<p class=\"comment-notes\"><span id=\"email-notes\">Your email address will not be published.<\/span><span class=\"required-field-message\">Required fields are marked <span class=\"required\">*<\/span><\/span><\/p>\n<p class=\"commentFormComment\"><span id=\"commentFormCount\"><br \/>\n                            inca<br \/>\n                            <span id=\"countCommentText\">1000<\/span><br \/>\n                            caractere ramase<br \/>\n                        <\/span><\/p>\n<\/div>\n<\/div>\n<div class=\"bottom\">\n<p class=\"forumDisclaimerHuRo\">\n            Citi\u021bi principiile noastre de moderare <a href=\"https:\/\/www.tion.ro\/reguli-postare-comentarii\/\" target=\"_blank\">aici<\/a>!\n        <\/p>\n<\/div>\n<\/div>\n<\/div>\n<\/div>\n<p>[analyse_source url=&#8221;https:\/\/www.tion.ro\/stirile-judetului-timis\/pisi-cutu-fest-primul-festival-din-romania-dedicat-iubitorilor-de-caini-si-pisici-va-avea-loc-la-murani-2334618\/&#8221;]<\/p>\n","protected":false},"excerpt":{"rendered":"<p>[analyse_image type=&#8221;featured&#8221; src=&#8221;https:\/\/www.tion.ro\/wp-content\/uploads\/2026\/08\/+otf\/1200&#215;630\/fFQQFg9u1ZjRAqctBg5AWU5PVF9WRVJZX1NFQ3khF+ucNGwqf1TkkI+vsrRDmoa39Tr9u+MwxuBQQXkQ595q3r7ACKCnNAMoeS1xHzFianvLvTt2qO6HysU4qzo=\/6953262pexelswanderkash20816519-scaled.jpg&#8221;] Festivalul \u00ee\u0219i propune s\u0103 fie mai mult dec\u00e2t un eveniment de divertisment. Timp de dou\u0103 zile, participan\u021bii vor putea afla informa\u021bii despre alegerea unui companion, \u00eengrijirea \u0219i educarea acestuia, dar \u0219i despre modalit\u0103\u021bile prin care putem contribui la s\u0103n\u0103tatea \u0219i bun\u0103starea animalelor de companie. Programul se va desf\u0103\u0219ura zilnic, \u00eentre orele 11:00 [&hellip;]<\/p>\n","protected":false},"author":1,"featured_media":0,"comment_status":"open","ping_status":"","sticky":false,"template":"","format":"standard","meta":{"footnotes":""},"categories":[89],"tags":[226,191],"class_list":["post-2097024","post","type-post","status-publish","format-standard","hentry","category-romania","tag-crawlmanager","tag-tion-ro"],"_links":{"self":[{"href":"https:\/\/analyse.optim.biz\/index.php?rest_route=\/wp\/v2\/posts\/2097024","targetHints":{"allow":["GET"]}}],"collection":[{"href":"https:\/\/analyse.optim.biz\/index.php?rest_route=\/wp\/v2\/posts"}],"about":[{"href":"https:\/\/analyse.optim.biz\/index.php?rest_route=\/wp\/v2\/types\/post"}],"author":[{"embeddable":true,"href":"https:\/\/analyse.optim.biz\/index.php?rest_route=\/wp\/v2\/users\/1"}],"replies":[{"embeddable":true,"href":"https:\/\/analyse.optim.biz\/index.php?rest_route=%2Fwp%2Fv2%2Fcomments&post=2097024"}],"version-history":[{"count":0,"href":"https:\/\/analyse.optim.biz\/index.php?rest_route=\/wp\/v2\/posts\/2097024\/revisions"}],"wp:attachment":[{"href":"https:\/\/analyse.optim.biz\/index.php?rest_route=%2Fwp%2Fv2%2Fmedia&parent=2097024"}],"wp:term":[{"taxonomy":"category","embeddable":true,"href":"https:\/\/analyse.optim.biz\/index.php?rest_route=%2Fwp%2Fv2%2Fcategories&post=2097024"},{"taxonomy":"post_tag","embeddable":true,"href":"https:\/\/analyse.optim.biz\/index.php?rest_route=%2Fwp%2Fv2%2Ftags&post=2097024"}],"curies":[{"name":"wp","href":"https:\/\/api.w.org\/{rel}","templated":true}]}}