{"id":2097021,"date":"2026-08-17T09:44:05","date_gmt":"2026-08-17T06:44:05","guid":{"rendered":"https:\/\/analyse.optim.biz\/?p=2097021"},"modified":"2026-08-17T09:44:05","modified_gmt":"2026-08-17T06:44:05","slug":"foto-se-lucreaza-la-uszoda-ambulanta-pentru-monumente-s-a-apucat-de-restaurare-si-punere-in-siguranta","status":"publish","type":"post","link":"https:\/\/analyse.optim.biz\/?p=2097021","title":{"rendered":"FOTO. Se lucreaz\u0103 la Uszoda! Ambulan\u021ba pentru Monumente s-a apucat de restaurare \u0219i punere \u00een siguran\u021b\u0103"},"content":{"rendered":"<p>[analyse_image type=&#8221;featured&#8221; src=&#8221;https:\/\/www.tion.ro\/wp-content\/uploads\/2026\/08\/+otf\/1200&#215;630\/Kx3YDc1TF3mq2nrzfDTtU05PVF9WRVJZX1NFQ1aobnuTCiC2+S134ddArPtFiWupS__Lz6g32qm6IcygOLoI9s7IVLolnaOjl5zItyXKjbGfL6qVFpi____jnP+UlE=\/6959520Uszoda2.jpeg&#8221;]<\/p>\n<article id=\"post-2334714\" class>\n<div class=\"entry-content clearfix\">\n<div class=\"enewsArticleContent\">\n<p>La 100 de ani de la deschiderea bazei de \u00eenot din Parcul Central, cunoscut\u0103 \u00een prezent drept Uszoda, aceasta este restaurat\u0103 \u0219i pus\u0103 \u00een siguran\u021b\u0103 de Asocia\u021bia Arhabito, prin proiectul Ambulan\u021ba pentru Monumente \u2013 Banat. Peste 100 de voluntari din \u00eentreaga \u021bar\u0103, studen\u021bi ai facult\u0103\u021bilor de profil \u0219i speciali\u0219ti \u00een patrimoniu, vor lucra timp de o lun\u0103 la conservarea ansamblului. Prim\u0103ria Timi\u0219oara va asigura materialele necesare pentru lucr\u0103ri.<\/p>\n<blockquote>\n<p>\u201eAvem \u00een comunitate oameni care vor s\u0103 se implice \u0219i organiza\u021bii cu expertiz\u0103 \u0219i rezultate dovedite \u0219i m\u0103 bucur c\u0103 reu\u0219im s\u0103 atragem parteneri precum Asocia\u021bia Arhabito \u0219i voluntari. Vrem ca Uszoda s\u0103 devin\u0103 un spa\u021biu viu, folosit de comunitate, dar, \u00een acela\u0219i timp, dorim s\u0103 p\u0103str\u0103m memoria acestui loc.<\/p>\n<p>Baza nu mai poate fi transformat\u0103 \u00eentr-un \u0219trand dup\u0103 modelul de acum 100 de ani, c\u00e2nd a fost construit\u0103, dar o reg\u00e2ndim \u00eentr-un circuit sportiv, cu spa\u021bii pentru mi\u0219care \u0219i activit\u0103\u021bi, p\u0103str\u00e2nd, \u00een acela\u0219i timp, memoria locului. Facem acum, \u00eempreun\u0103 cu exper\u021bi \u0219i voluntari, un pas important \u00een transformarea Uszodei\u201d, a declarat viceprimarul Ruben La\u021bc\u0103u.<\/p>\n<\/blockquote>\n<div class=\"enews_gallery_holder\">\n<div class=\"ml-gallery\"><a href=\"https:\/\/www.tion.ro\/galeria\/uszoda-ambulanta-pentru-monumente\/\" class=\"ml-gallery-link\"><img loading=\"lazy\" decoding=\"async\" class=\"mjjQEb lazyload ml-gallery-cover\" src=\"https:\/\/www.tion.ro\/wp-content\/plugins\/endless-core\/images\/1x1.png\" width=\"155\" height=\"100\" data-src=\"https:\/\/www.tion.ro\/wp-content\/uploads\/2026\/08\/6959522Uszoda5.jpeg\" data-srcset=\"https:\/\/www.tion.ro\/wp-content\/uploads\/2026\/08\/+otf\/839x538\/X6__E5xiCU3xa7QjvXTgxt05PVF9WRVJZX1NFQ8FJFncz1DFgquRN4W5BSD1ox2yWslzWkjbu8CSck+LZJlIcTNThYNiXGMvVJsb0ezwgpnHM2uCSqEbDJ3tfi0s=\/6959522Uszoda5.jpeg 839w,https:\/\/www.tion.ro\/wp-content\/uploads\/2026\/08\/+otf\/100w\/X6__E5xiCU3xa7QjvXTgxt05PVF9WRVJZX1NFQ8FJFncz1DFgquRN4W5BSD1ox2yWslzWkjbu8CSck+LZJlIcTNThYNiXGMvVJsb0ezwgpnHM2uCSqEbDJ3tfi0s=\/6959522Uszoda5.jpeg 100w\" data-sizes=\"auto\"><\/p>\n<p class=\"wp-caption-text-gallery\">Uszoda \u2013 Ambulan\u021ba pentru Monumente<\/p>\n<p><\/a><\/div>\n<\/div>\n<p>foto: PMT<\/p>\n<h3><strong>Aproape o lun\u0103 de lucr\u0103ri <\/strong><\/h3>\n<p>Voluntarii s-au apucat de treab\u0103 \u00eencep\u00e2nd de luni, av\u00e2nd programate interven\u021bii pentru oprirea degrad\u0103rii \u0219i recuperarea valorii arhitecturale a ansamblului p\u00e2n\u0103 pe 13 septembrie. Printre altele, lucr\u0103rile vizeaz\u0103 punerea \u00een siguran\u021b\u0103 \u0219i restaurarea ansamblului prin consolidarea \u0219i completarea \u0219arpantelor, refacerea \u00eenvelitorii din \u021bigl\u0103, redeschiderea golurilor obturate \u0219i reconstituirea profilelor acestora, precum \u0219i interven\u021bii asupra paramentelor, cu respectarea caracterului istoric al Uszodei.<\/p>\n<blockquote>\n<p>\u201eAnul acesta, baza sportiv\u0103 cunoscut\u0103 ast\u0103zi drept Uszoda marcheaz\u0103 100 de ani de la \u00eenfiin\u021bare. Am considerat c\u0103 acest moment aniversar este un prilej potrivit pentru a \u00eendrepta eforturile proiectului Ambulan\u021ba pentru Monumente \u2013 Banat c\u0103tre acest loc emblematic pentru Timi\u0219oara \u0219i pentru memoria ora\u0219ului. Este prima interven\u021bie pe care o desf\u0103\u0219ur\u0103m \u00een mediul urban. P\u00e2n\u0103 acum, proiectele Ambulan\u021ba pentru Monumente \u2013 Banat au vizat cu prec\u0103dere ansambluri \u0219i monumente istorice din mediul rural. Interven\u021bia de la Uszoda reprezint\u0103, astfel, o nou\u0103 provocare pentru echipa noastr\u0103, dar \u0219i o oportunitate de a fi mai aproape de comunitatea timi\u0219orean\u0103 \u0219i de a implica un num\u0103r c\u00e2t mai mare de oameni \u00eentr-un efort comun pentru salvarea patrimoniului cultural.<\/p>\n<p>Ne propunem s\u0103 desf\u0103\u0219ur\u0103m la Uszoda o interven\u021bie integrat\u0103 de salvgardare, bazat\u0103 pe o abordare dual\u0103: conservarea \u0219i recuperarea substan\u021bei istorice, concomitent cu reactivarea cultural\u0103 a sitului. Ne propunem \u0219i o salvare memorial\u0103 \u0219i identitar\u0103 a locului \u2013 a pove\u0219tilor, amintirilor \u0219i experien\u021belor pe care baza sportiv\u0103 le-a adunat de-a lungul unui secol \u0219i care au f\u0103cut-o parte din memoria colectiv\u0103 a genera\u021biilor de timi\u0219oreni\u201d, a declarat pre\u0219edintele Asocia\u021biei Arhabito, Mihai-Claudiu Moldovan.<\/p>\n<\/blockquote>\n<p>\u00cen paralel, sunt preg\u0103tite activit\u0103\u021bi culturale \u0219i comunitare dedicate centenarului ansamblului, astfel \u00eenc\u00e2t baza s\u0103 reintre \u00een circuitul cultural \u0219i sportiv al ora\u0219ului.<\/p>\n<h3><strong>De ani buni se tot \u201eredeschide\u201d<\/strong><\/h3>\n<p class=\"PDq2pG_selectionAnchorContainer\" data-start=\"0\" data-end=\"359\">V\u0103 amintim, dup\u0103 1990, Baza Uszoda, unul dintre centrele importante de nata\u021bie ale Timi\u0219oarei, a ajuns \u00een paragin\u0103 \u0219i a devenit ad\u0103post pentru oamenii str\u0103zii. Terenul a ajuns la Prim\u0103ria Timi\u0219oara \u00een 2016, iar planurile pentru fosta baz\u0103 sportiv\u0103 s-au schimbat constant, de la reamenajare \u0219i extinderea Parcului Central p\u00e2n\u0103 la construirea unei parc\u0103ri cu bazin de \u00eenot.<\/p>\n<p class data-start=\"361\" data-end=\"821\">\u00cen 2021, administra\u021bia Fritz anun\u021ba proiectul <em>\u201eUszoda rena\u0219te\u201d<\/em>, care \u00eensemna <strong><a href=\"https:\/\/www.tion.ro\/stirile-judetului-timis\/in-baza-uszoda-la-film-si-spectacole-fritz-anunta-un-proiect-de-reconversie-si-redeschiderea-la-vara-1447101\/\" target=\"_blank\" rel=\"noopener\">deschiderea bazei sportive \u00eenc\u0103 din acea var\u0103<\/a><\/strong>. Planul viza amenajarea unor spa\u021bii sportive \u0219i de recreere pe ambele maluri ale Beg\u0103i, a unui pod \u0219i a unui skatepark, iar prim\u0103ria vorbea despre \u00eenceperea rapid\u0103 a lucr\u0103rilor. \u00cen realitate, primele interven\u021bii au avut loc abia \u00een 2022 \u0219i au constat \u00een cur\u0103\u021benie, iar \u00een 2023 a fost <strong><a href=\"https:\/\/www.tion.ro\/stirile-judetului-timis\/terenul-de-baschet-de-la-baza-uszoda-redeschis-amenajare-temporara-1751248\/\" target=\"_blank\" rel=\"noopener\">ref\u0103cut terenul de baschet adiacent bazinului<\/a><\/strong>.<\/p>\n<p class data-start=\"823\" data-end=\"1267\" data-is-last-node data-is-only-node>\u00cen 2024, municipalitatea a prev\u0103zut alte fonduri pentru proiectarea regener\u0103rii urbane a zonei, \u00eens\u0103 investi\u021bia nu a mai avansat, iar \u00een 2025 linia bugetar\u0103 a disp\u0103rut, fiind invocate m\u0103surile de austeritate. Recent, Uszoda a fost inclus\u0103 de pre\u0219edintele CJ Timi\u0219, Alfred Simonis, \u00eentre <strong><a href=\"https:\/\/www.tion.ro\/stirile-judetului-timis\/nu-avem-nevoie-de-un-batman-administrativ-fritz-nu-ii-da-lui-simonis-ceasul-floral-termalul-uszoda-si-gradina-de-vara-2232253\/\" target=\"_blank\" rel=\"noopener\">obiectivele pe care le cere prim\u0103riei pentru reabilitare<\/a><\/strong>. Dominic Fritz a respins solicitarea, invoc\u00e2nd, printre altele, viitorul parteneriat cu Ambulan\u021ba pentru Monumente.<\/p>\n<div class=\"fbShareLikeTwitterAndEmailContainer\">\n<div class=\"wrapper\">\n<div class=\"email\">\n<div id=\"mailto-pop\" class=\"pop-form pop-form-mailto\">\n<div class=\"pop-form-header\">\n<h4>Trimite articolul<\/h4>\n<p><a class=\"pop-form-close\">X<\/a><\/div>\n<\/div>\n<\/div>\n<\/div>\n<\/div>\n<div class=\"tagsContainer\">\n<div class=\"tagsLabel\">Taguri:<\/div>\n<div class=\"tags\">\n<div class=\"tag\"><a href=\"https:\/\/www.tion.ro\/cimke\/ambulanta-pentru-monumente\" rel=\"tag\"><span class=\"link\">ambulanta pentru monumente<\/span><span class=\"separator\">,<\/span><\/a><\/div>\n<div class=\"tag\"><a href=\"https:\/\/www.tion.ro\/cimke\/baza-uszoda\" rel=\"tag\"><span class=\"link\">Baza Uszoda<\/span><span class=\"separator\">,<\/span><\/a><\/div>\n<div class=\"tag\"><a href=\"https:\/\/www.tion.ro\/cimke\/voluntari\" rel=\"tag\"><span class=\"link\">voluntari<\/span><\/a><\/div>\n<\/div>\n<\/div>\n<div class=\"comments\">\n<div class=\"top\">\n<div class=\"commentsNumber\"><span class=\"number\">0<\/span><span class=\"text\">Comentarii<\/span><\/div>\n<\/div>\n<div class=\"center\">\n<div id=\"respond\" class=\"comment-respond\">\n<h3 id=\"reply-title\" class=\"comment-reply-title\"><small><a rel=\"nofollow\" id=\"cancel-comment-reply-link\" href=\"https:\/\/www.tion.ro\/stirile-judetului-timis\/foto-se-lucreaza-la-uszoda-ambulanta-pentru-monumente-s-a-apucat-de-restaurare-si-punere-in-siguranta-2334714\/#respond\">Cancel reply<\/a><\/small><\/h3>\n<p class=\"comment-notes\"><span id=\"email-notes\">Your email address will not be published.<\/span><span class=\"required-field-message\">Required fields are marked <span class=\"required\">*<\/span><\/span><\/p>\n<p class=\"commentFormComment\"><span id=\"commentFormCount\"><br \/>\n                            inca<br \/>\n                            <span id=\"countCommentText\">1000<\/span><br \/>\n                            caractere ramase<br \/>\n                        <\/span><\/p>\n<\/div>\n<\/div>\n<div class=\"bottom\">\n<p class=\"forumDisclaimerHuRo\">\n            Citi\u021bi principiile noastre de moderare <a href=\"https:\/\/www.tion.ro\/reguli-postare-comentarii\/\" target=\"_blank\">aici<\/a>!\n        <\/p>\n<\/div>\n<\/div>\n<\/div>\n<\/div>\n<\/article>\n<div class=\"entry-content clearfix\">\n<div class=\"enewsArticleContent\">\n<p>La 100 de ani de la deschiderea bazei de \u00eenot din Parcul Central, cunoscut\u0103 \u00een prezent drept Uszoda, aceasta este restaurat\u0103 \u0219i pus\u0103 \u00een siguran\u021b\u0103 de Asocia\u021bia Arhabito, prin proiectul Ambulan\u021ba pentru Monumente \u2013 Banat. Peste 100 de voluntari din \u00eentreaga \u021bar\u0103, studen\u021bi ai facult\u0103\u021bilor de profil \u0219i speciali\u0219ti \u00een patrimoniu, vor lucra timp de o lun\u0103 la conservarea ansamblului. Prim\u0103ria Timi\u0219oara va asigura materialele necesare pentru lucr\u0103ri.<\/p>\n<blockquote>\n<p>\u201eAvem \u00een comunitate oameni care vor s\u0103 se implice \u0219i organiza\u021bii cu expertiz\u0103 \u0219i rezultate dovedite \u0219i m\u0103 bucur c\u0103 reu\u0219im s\u0103 atragem parteneri precum Asocia\u021bia Arhabito \u0219i voluntari. Vrem ca Uszoda s\u0103 devin\u0103 un spa\u021biu viu, folosit de comunitate, dar, \u00een acela\u0219i timp, dorim s\u0103 p\u0103str\u0103m memoria acestui loc.<\/p>\n<p>Baza nu mai poate fi transformat\u0103 \u00eentr-un \u0219trand dup\u0103 modelul de acum 100 de ani, c\u00e2nd a fost construit\u0103, dar o reg\u00e2ndim \u00eentr-un circuit sportiv, cu spa\u021bii pentru mi\u0219care \u0219i activit\u0103\u021bi, p\u0103str\u00e2nd, \u00een acela\u0219i timp, memoria locului. Facem acum, \u00eempreun\u0103 cu exper\u021bi \u0219i voluntari, un pas important \u00een transformarea Uszodei\u201d, a declarat viceprimarul Ruben La\u021bc\u0103u.<\/p>\n<\/blockquote>\n<div class=\"enews_gallery_holder\">\n<div class=\"ml-gallery\"><a href=\"https:\/\/www.tion.ro\/galeria\/uszoda-ambulanta-pentru-monumente\/\" class=\"ml-gallery-link\"><img loading=\"lazy\" decoding=\"async\" class=\"mjjQEb lazyload ml-gallery-cover\" src=\"https:\/\/www.tion.ro\/wp-content\/plugins\/endless-core\/images\/1x1.png\" width=\"155\" height=\"100\" data-src=\"https:\/\/www.tion.ro\/wp-content\/uploads\/2026\/08\/6959522Uszoda5.jpeg\" data-srcset=\"https:\/\/www.tion.ro\/wp-content\/uploads\/2026\/08\/+otf\/839x538\/X6__E5xiCU3xa7QjvXTgxt05PVF9WRVJZX1NFQ8FJFncz1DFgquRN4W5BSD1ox2yWslzWkjbu8CSck+LZJlIcTNThYNiXGMvVJsb0ezwgpnHM2uCSqEbDJ3tfi0s=\/6959522Uszoda5.jpeg 839w,https:\/\/www.tion.ro\/wp-content\/uploads\/2026\/08\/+otf\/100w\/X6__E5xiCU3xa7QjvXTgxt05PVF9WRVJZX1NFQ8FJFncz1DFgquRN4W5BSD1ox2yWslzWkjbu8CSck+LZJlIcTNThYNiXGMvVJsb0ezwgpnHM2uCSqEbDJ3tfi0s=\/6959522Uszoda5.jpeg 100w\" data-sizes=\"auto\"><\/p>\n<p class=\"wp-caption-text-gallery\">Uszoda \u2013 Ambulan\u021ba pentru Monumente<\/p>\n<p><\/a><\/div>\n<\/div>\n<p>foto: PMT<\/p>\n<h3><strong>Aproape o lun\u0103 de lucr\u0103ri <\/strong><\/h3>\n<p>Voluntarii s-au apucat de treab\u0103 \u00eencep\u00e2nd de luni, av\u00e2nd programate interven\u021bii pentru oprirea degrad\u0103rii \u0219i recuperarea valorii arhitecturale a ansamblului p\u00e2n\u0103 pe 13 septembrie. Printre altele, lucr\u0103rile vizeaz\u0103 punerea \u00een siguran\u021b\u0103 \u0219i restaurarea ansamblului prin consolidarea \u0219i completarea \u0219arpantelor, refacerea \u00eenvelitorii din \u021bigl\u0103, redeschiderea golurilor obturate \u0219i reconstituirea profilelor acestora, precum \u0219i interven\u021bii asupra paramentelor, cu respectarea caracterului istoric al Uszodei.<\/p>\n<blockquote>\n<p>\u201eAnul acesta, baza sportiv\u0103 cunoscut\u0103 ast\u0103zi drept Uszoda marcheaz\u0103 100 de ani de la \u00eenfiin\u021bare. Am considerat c\u0103 acest moment aniversar este un prilej potrivit pentru a \u00eendrepta eforturile proiectului Ambulan\u021ba pentru Monumente \u2013 Banat c\u0103tre acest loc emblematic pentru Timi\u0219oara \u0219i pentru memoria ora\u0219ului. Este prima interven\u021bie pe care o desf\u0103\u0219ur\u0103m \u00een mediul urban. P\u00e2n\u0103 acum, proiectele Ambulan\u021ba pentru Monumente \u2013 Banat au vizat cu prec\u0103dere ansambluri \u0219i monumente istorice din mediul rural. Interven\u021bia de la Uszoda reprezint\u0103, astfel, o nou\u0103 provocare pentru echipa noastr\u0103, dar \u0219i o oportunitate de a fi mai aproape de comunitatea timi\u0219orean\u0103 \u0219i de a implica un num\u0103r c\u00e2t mai mare de oameni \u00eentr-un efort comun pentru salvarea patrimoniului cultural.<\/p>\n<p>Ne propunem s\u0103 desf\u0103\u0219ur\u0103m la Uszoda o interven\u021bie integrat\u0103 de salvgardare, bazat\u0103 pe o abordare dual\u0103: conservarea \u0219i recuperarea substan\u021bei istorice, concomitent cu reactivarea cultural\u0103 a sitului. Ne propunem \u0219i o salvare memorial\u0103 \u0219i identitar\u0103 a locului \u2013 a pove\u0219tilor, amintirilor \u0219i experien\u021belor pe care baza sportiv\u0103 le-a adunat de-a lungul unui secol \u0219i care au f\u0103cut-o parte din memoria colectiv\u0103 a genera\u021biilor de timi\u0219oreni\u201d, a declarat pre\u0219edintele Asocia\u021biei Arhabito, Mihai-Claudiu Moldovan.<\/p>\n<\/blockquote>\n<p>\u00cen paralel, sunt preg\u0103tite activit\u0103\u021bi culturale \u0219i comunitare dedicate centenarului ansamblului, astfel \u00eenc\u00e2t baza s\u0103 reintre \u00een circuitul cultural \u0219i sportiv al ora\u0219ului.<\/p>\n<h3><strong>De ani buni se tot \u201eredeschide\u201d<\/strong><\/h3>\n<p class=\"PDq2pG_selectionAnchorContainer\" data-start=\"0\" data-end=\"359\">V\u0103 amintim, dup\u0103 1990, Baza Uszoda, unul dintre centrele importante de nata\u021bie ale Timi\u0219oarei, a ajuns \u00een paragin\u0103 \u0219i a devenit ad\u0103post pentru oamenii str\u0103zii. Terenul a ajuns la Prim\u0103ria Timi\u0219oara \u00een 2016, iar planurile pentru fosta baz\u0103 sportiv\u0103 s-au schimbat constant, de la reamenajare \u0219i extinderea Parcului Central p\u00e2n\u0103 la construirea unei parc\u0103ri cu bazin de \u00eenot.<\/p>\n<p class data-start=\"361\" data-end=\"821\">\u00cen 2021, administra\u021bia Fritz anun\u021ba proiectul <em>\u201eUszoda rena\u0219te\u201d<\/em>, care \u00eensemna <strong><a href=\"https:\/\/www.tion.ro\/stirile-judetului-timis\/in-baza-uszoda-la-film-si-spectacole-fritz-anunta-un-proiect-de-reconversie-si-redeschiderea-la-vara-1447101\/\" target=\"_blank\" rel=\"noopener\">deschiderea bazei sportive \u00eenc\u0103 din acea var\u0103<\/a><\/strong>. Planul viza amenajarea unor spa\u021bii sportive \u0219i de recreere pe ambele maluri ale Beg\u0103i, a unui pod \u0219i a unui skatepark, iar prim\u0103ria vorbea despre \u00eenceperea rapid\u0103 a lucr\u0103rilor. \u00cen realitate, primele interven\u021bii au avut loc abia \u00een 2022 \u0219i au constat \u00een cur\u0103\u021benie, iar \u00een 2023 a fost <strong><a href=\"https:\/\/www.tion.ro\/stirile-judetului-timis\/terenul-de-baschet-de-la-baza-uszoda-redeschis-amenajare-temporara-1751248\/\" target=\"_blank\" rel=\"noopener\">ref\u0103cut terenul de baschet adiacent bazinului<\/a><\/strong>.<\/p>\n<p class data-start=\"823\" data-end=\"1267\" data-is-last-node data-is-only-node>\u00cen 2024, municipalitatea a prev\u0103zut alte fonduri pentru proiectarea regener\u0103rii urbane a zonei, \u00eens\u0103 investi\u021bia nu a mai avansat, iar \u00een 2025 linia bugetar\u0103 a disp\u0103rut, fiind invocate m\u0103surile de austeritate. Recent, Uszoda a fost inclus\u0103 de pre\u0219edintele CJ Timi\u0219, Alfred Simonis, \u00eentre <strong><a href=\"https:\/\/www.tion.ro\/stirile-judetului-timis\/nu-avem-nevoie-de-un-batman-administrativ-fritz-nu-ii-da-lui-simonis-ceasul-floral-termalul-uszoda-si-gradina-de-vara-2232253\/\" target=\"_blank\" rel=\"noopener\">obiectivele pe care le cere prim\u0103riei pentru reabilitare<\/a><\/strong>. Dominic Fritz a respins solicitarea, invoc\u00e2nd, printre altele, viitorul parteneriat cu Ambulan\u021ba pentru Monumente.<\/p>\n<div class=\"fbShareLikeTwitterAndEmailContainer\">\n<div class=\"wrapper\">\n<div class=\"email\">\n<div id=\"mailto-pop\" class=\"pop-form pop-form-mailto\">\n<div class=\"pop-form-header\">\n<h4>Trimite articolul<\/h4>\n<p><a class=\"pop-form-close\">X<\/a><\/div>\n<\/div>\n<\/div>\n<\/div>\n<\/div>\n<div class=\"tagsContainer\">\n<div class=\"tagsLabel\">Taguri:<\/div>\n<div class=\"tags\">\n<div class=\"tag\"><a href=\"https:\/\/www.tion.ro\/cimke\/ambulanta-pentru-monumente\" rel=\"tag\"><span class=\"link\">ambulanta pentru monumente<\/span><span class=\"separator\">,<\/span><\/a><\/div>\n<div class=\"tag\"><a href=\"https:\/\/www.tion.ro\/cimke\/baza-uszoda\" rel=\"tag\"><span class=\"link\">Baza Uszoda<\/span><span class=\"separator\">,<\/span><\/a><\/div>\n<div class=\"tag\"><a href=\"https:\/\/www.tion.ro\/cimke\/voluntari\" rel=\"tag\"><span class=\"link\">voluntari<\/span><\/a><\/div>\n<\/div>\n<\/div>\n<div class=\"comments\">\n<div class=\"top\">\n<div class=\"commentsNumber\"><span class=\"number\">0<\/span><span class=\"text\">Comentarii<\/span><\/div>\n<\/div>\n<div class=\"center\">\n<div id=\"respond\" class=\"comment-respond\">\n<h3 id=\"reply-title\" class=\"comment-reply-title\"><small><a rel=\"nofollow\" id=\"cancel-comment-reply-link\" href=\"https:\/\/www.tion.ro\/stirile-judetului-timis\/foto-se-lucreaza-la-uszoda-ambulanta-pentru-monumente-s-a-apucat-de-restaurare-si-punere-in-siguranta-2334714\/#respond\">Cancel reply<\/a><\/small><\/h3>\n<p class=\"comment-notes\"><span id=\"email-notes\">Your email address will not be published.<\/span><span class=\"required-field-message\">Required fields are marked <span class=\"required\">*<\/span><\/span><\/p>\n<p class=\"commentFormComment\"><span id=\"commentFormCount\"><br \/>\n                            inca<br \/>\n                            <span id=\"countCommentText\">1000<\/span><br \/>\n                            caractere ramase<br \/>\n                        <\/span><\/p>\n<\/div>\n<\/div>\n<div class=\"bottom\">\n<p class=\"forumDisclaimerHuRo\">\n            Citi\u021bi principiile noastre de moderare <a href=\"https:\/\/www.tion.ro\/reguli-postare-comentarii\/\" target=\"_blank\">aici<\/a>!\n        <\/p>\n<\/div>\n<\/div>\n<\/div>\n<\/div>\n<p>[analyse_source url=&#8221;https:\/\/www.tion.ro\/stirile-judetului-timis\/foto-se-lucreaza-la-uszoda-ambulanta-pentru-monumente-s-a-apucat-de-restaurare-si-punere-in-siguranta-2334714\/&#8221;]<\/p>\n","protected":false},"excerpt":{"rendered":"<p>[analyse_image type=&#8221;featured&#8221; src=&#8221;https:\/\/www.tion.ro\/wp-content\/uploads\/2026\/08\/+otf\/1200&#215;630\/Kx3YDc1TF3mq2nrzfDTtU05PVF9WRVJZX1NFQ1aobnuTCiC2+S134ddArPtFiWupS__Lz6g32qm6IcygOLoI9s7IVLolnaOjl5zItyXKjbGfL6qVFpi____jnP+UlE=\/6959520Uszoda2.jpeg&#8221;] La 100 de ani de la deschiderea bazei de \u00eenot din Parcul Central, cunoscut\u0103 \u00een prezent drept Uszoda, aceasta este restaurat\u0103 \u0219i pus\u0103 \u00een siguran\u021b\u0103 de Asocia\u021bia Arhabito, prin proiectul Ambulan\u021ba pentru Monumente \u2013 Banat. Peste 100 de voluntari din \u00eentreaga \u021bar\u0103, studen\u021bi ai facult\u0103\u021bilor de profil \u0219i speciali\u0219ti \u00een patrimoniu, vor [&hellip;]<\/p>\n","protected":false},"author":1,"featured_media":0,"comment_status":"open","ping_status":"","sticky":false,"template":"","format":"standard","meta":{"footnotes":""},"categories":[89],"tags":[226,191],"class_list":["post-2097021","post","type-post","status-publish","format-standard","hentry","category-romania","tag-crawlmanager","tag-tion-ro"],"_links":{"self":[{"href":"https:\/\/analyse.optim.biz\/index.php?rest_route=\/wp\/v2\/posts\/2097021","targetHints":{"allow":["GET"]}}],"collection":[{"href":"https:\/\/analyse.optim.biz\/index.php?rest_route=\/wp\/v2\/posts"}],"about":[{"href":"https:\/\/analyse.optim.biz\/index.php?rest_route=\/wp\/v2\/types\/post"}],"author":[{"embeddable":true,"href":"https:\/\/analyse.optim.biz\/index.php?rest_route=\/wp\/v2\/users\/1"}],"replies":[{"embeddable":true,"href":"https:\/\/analyse.optim.biz\/index.php?rest_route=%2Fwp%2Fv2%2Fcomments&post=2097021"}],"version-history":[{"count":0,"href":"https:\/\/analyse.optim.biz\/index.php?rest_route=\/wp\/v2\/posts\/2097021\/revisions"}],"wp:attachment":[{"href":"https:\/\/analyse.optim.biz\/index.php?rest_route=%2Fwp%2Fv2%2Fmedia&parent=2097021"}],"wp:term":[{"taxonomy":"category","embeddable":true,"href":"https:\/\/analyse.optim.biz\/index.php?rest_route=%2Fwp%2Fv2%2Fcategories&post=2097021"},{"taxonomy":"post_tag","embeddable":true,"href":"https:\/\/analyse.optim.biz\/index.php?rest_route=%2Fwp%2Fv2%2Ftags&post=2097021"}],"curies":[{"name":"wp","href":"https:\/\/api.w.org\/{rel}","templated":true}]}}