{"id":2096988,"date":"2026-08-17T06:42:06","date_gmt":"2026-08-17T03:42:06","guid":{"rendered":"https:\/\/analyse.optim.biz\/?p=2096988"},"modified":"2026-08-17T06:42:06","modified_gmt":"2026-08-17T03:42:06","slug":"bolojan-si-sefa-ccr-impreuna-puterile-in-state-sunt-supuse-democratia-este-suspendata","status":"publish","type":"post","link":"https:\/\/analyse.optim.biz\/?p=2096988","title":{"rendered":"Bolojan \u0219i \u0219efa CCR \u00eempreun\u0103. Puterile \u00een state sunt supuse, democra\u021bia este suspendat\u0103"},"content":{"rendered":"<p>[analyse_image type=&#8221;featured&#8221; src=&#8221;https:\/\/60m.ro\/wp-content\/uploads\/2026\/08\/montaj-bolojan-tanasescu-01.jpg&#8221;]<\/p>\n<div class=\"articleBody\" data-key=\"articleBody\">\nJudec\u0103torul\u00a0Bogdan Mateescu\u00a0\u00eei cere pre\u0219edintei Cur\u021bii Constitu\u021bionale, Simina T\u0103n\u0103sescu, s\u0103 ofere explica\u021bii dup\u0103 informa\u021biile legate de presupusa \u00eent\u00e2lnire cu premierul demis Ilie Bolojan. Magistratul consider\u0103 c\u0103, dac\u0103 \u00eent\u00e2lnirea a avut loc, \u0219efa CCR ar trebui s\u0103 se g\u00e2ndeasc\u0103 la demisie pentru a proteja imaginea \u0219i credibilitatea institu\u021biei.<\/p>\n<p>\u0218efa CCR, chemat\u0103 s\u0103 dea explica\u021bii legate de \u00eent\u00e2lnirea cu Bolojan<\/p>\n<p>Judec\u0103torul consider\u0103 c\u0103 o astfel de situa\u021bie trebuie clarificat\u0103 public, mai ales \u00een contextul \u00een care CCR urma s\u0103 analizeze mai multe acte normative cu impact politic \u0219i financiar.<\/p>\n<p>\u201ePentru a ap\u0103ra ideea de justi\u021bie constitu\u021bional\u0103 ai c\u0103rei destinatari suntem cu to\u021bii \u0219i pentru a sublinia c\u0103 statul \u0103sta de drept nu \u00eenseamn\u0103 discu\u021bii obscure prin birourile demnitarilor participan\u021bi \u00een aparente conflicte constitu\u021bionale. Pentru a pastra, astfel, cu totul si aparenta unui echilibru nespecific doar regimurilor totalitare, inclusiv dictaturilor cosmetizate in aparenta unor democratii\u201d, a scris judec\u0103torul pe Facebook.<\/p>\n<p>Judec\u0103torul sus\u021bine c\u0103 \u0219efa CCR trebuie s\u0103 clarifice situa\u021bia \u00een fa\u021ba rom\u00e2nilor<\/p>\n<p>Bogdan Mateescu afirm\u0103 c\u0103 pre\u0219edinta Cur\u021bii Constitu\u021bionale are obliga\u021bia de a l\u0103muri public informa\u021biile ap\u0103rute despre presupusa \u00eentrevedere cu\u00a0Bolojan.<\/p>\n<p>\u201eCred \u0219i eu c\u0103 doamna prof. univ. dr. Simina T\u0103n\u0103sescu este datoare \u00eenainte de toate cu explica\u021bii \u00eentregii societ\u0103\u021bi\u201d, a continuat el.<\/p>\n<p>Judec\u0103torul adaug\u0103 c\u0103 eventualele suspiciuni care pot afecta imaginea Cur\u021bii trebuie clarificate, indiferent de pozi\u021bia ocupat\u0103 de persoana vizat\u0103.<\/p>\n<p>Demisia Simonei T\u0103n\u0103sescu din trecut, readus\u0103 \u00een aten\u021bie de judec\u0103torul Bogdan Mateescu<\/p>\n<p>\u00cen mesaj, judec\u0103torul Bogdan Mateescu face referire la un episod anterior din cariera Simonei T\u0103n\u0103sescu. El aminte\u0219te c\u0103 aceasta a demisionat din func\u021bia de consilier preziden\u021bial dup\u0103 o discu\u021bie cu un judec\u0103tor al Cur\u021bii Constitu\u021bionale.<\/p>\n<p>\u201eAlt\u0103dat\u0103, tot \u00een urma unei discu\u021bii inadecvate cu un judec\u0103tor constitu\u021bional, domnia sa a \u00een\u021beles importan\u021ba func\u021biei de\u021binute \u0219i a dat un exemplu de demnitate, demision\u00e2nd. Demnitatea este o trasatura de caracter, iar nu atasata vreunei (alte) functii. De aceea orice speculatie verosimila daunatoare trebuie in mod necesar explicata public de la acest nivel\u201d, a continuat acesta.<\/p>\n<p>Judec\u0103torul spune c\u0103 miza este credibilitatea CCR<\/p>\n<p>Bogdan Mateescu afirm\u0103 c\u0103 situa\u021bia nu este legat\u0103 doar imaginea pre\u0219edintei Cur\u021bii Constitu\u021bionale, ci poate avea consecin\u021be asupra \u00eencrederii publice \u00een institu\u021bie.<\/p>\n<p>\u201eDar dincolo de demnitate, \u00een joc este credibilitatea gardianului respect\u0103rii legii fundamentale \u00een \u021bara noastr\u0103, s\u0103 nu ne ascundem dup\u0103 deget. Este, a\u0219adar, important ca to\u021bi s\u0103 \u0219tim dac\u0103 e real\u0103 \u00eent\u00e2lnirea avut\u0103, pentru c\u0103 \u00een caz afirmativ, timingul (fa\u021b\u0103 de momentul adopt\u0103rii unor decizii cu impact) nu ajut\u0103 deloc\u201d, mai spune judec\u0103torul.<\/p>\n<p>Simina T\u0103n\u0103sescu s-ar fi \u00eent\u00e2lnit cu Ilie Bolojan \u00een biroul lui Mircea Abrudean<\/p>\n<p>Potrivit unor surse, pre\u0219edinta Cur\u021bii Constitu\u021bionale,\u00a0Simina T\u0103n\u0103sescu, s-ar fi \u00eent\u00e2lnit vineri, 14 august, cu Ilie Bolojan.<\/p>\n<p>\u00cent\u00e2lnirea ar fi avut loc la Senat, \u00een biroul pre\u0219edintelui Mircea Abrudean, cu trei zile \u00eenainte ca judec\u0103torii CCR s\u0103 se reuneasc\u0103 pentru a analiza mai multe acte normative cu impact politic \u0219i financiar.<\/p>\n<p>Momentul este cu at\u00e2t mai important cu c\u00e2t judec\u0103torii CCR ar putea pronun\u021ba luni, 17 august, deciziile privind obiec\u021biile de neconstitu\u021bionalitate formulate \u00eempotriva Legii ANI, at\u00e2t de un grup de senatori, c\u00e2t \u0219i de pre\u0219edintele Nicu\u0219or Dan. Simina T\u0103n\u0103sescu este raportor \u00een cazul acestei legi.<\/p>\n<p>Printre actele aflate pe agenda Cur\u021bii se num\u0103r\u0103 \u0219i noua Lege a integrit\u0103\u021bii.\n<\/p><\/div>\n<p>[analyse_source url=&#8221;https:\/\/60m.ro\/bolojan-si-sefa-ccr-impreuna-puterile-in-state-sunt-supuse-democratia-este-suspendata\/&#8221;]<\/p>\n","protected":false},"excerpt":{"rendered":"<p>[analyse_image type=&#8221;featured&#8221; src=&#8221;https:\/\/60m.ro\/wp-content\/uploads\/2026\/08\/montaj-bolojan-tanasescu-01.jpg&#8221;] Judec\u0103torul\u00a0Bogdan Mateescu\u00a0\u00eei cere pre\u0219edintei Cur\u021bii Constitu\u021bionale, Simina T\u0103n\u0103sescu, s\u0103 ofere explica\u021bii dup\u0103 informa\u021biile legate de presupusa \u00eent\u00e2lnire cu premierul demis Ilie Bolojan. Magistratul consider\u0103 c\u0103, dac\u0103 \u00eent\u00e2lnirea a avut loc, \u0219efa CCR ar trebui s\u0103 se g\u00e2ndeasc\u0103 la demisie pentru a proteja imaginea \u0219i credibilitatea institu\u021biei. \u0218efa CCR, chemat\u0103 s\u0103 dea explica\u021bii [&hellip;]<\/p>\n","protected":false},"author":1,"featured_media":0,"comment_status":"open","ping_status":"","sticky":false,"template":"","format":"standard","meta":{"footnotes":""},"categories":[89],"tags":[100,226],"class_list":["post-2096988","post","type-post","status-publish","format-standard","hentry","category-romania","tag-60m-ro","tag-crawlmanager"],"_links":{"self":[{"href":"https:\/\/analyse.optim.biz\/index.php?rest_route=\/wp\/v2\/posts\/2096988","targetHints":{"allow":["GET"]}}],"collection":[{"href":"https:\/\/analyse.optim.biz\/index.php?rest_route=\/wp\/v2\/posts"}],"about":[{"href":"https:\/\/analyse.optim.biz\/index.php?rest_route=\/wp\/v2\/types\/post"}],"author":[{"embeddable":true,"href":"https:\/\/analyse.optim.biz\/index.php?rest_route=\/wp\/v2\/users\/1"}],"replies":[{"embeddable":true,"href":"https:\/\/analyse.optim.biz\/index.php?rest_route=%2Fwp%2Fv2%2Fcomments&post=2096988"}],"version-history":[{"count":0,"href":"https:\/\/analyse.optim.biz\/index.php?rest_route=\/wp\/v2\/posts\/2096988\/revisions"}],"wp:attachment":[{"href":"https:\/\/analyse.optim.biz\/index.php?rest_route=%2Fwp%2Fv2%2Fmedia&parent=2096988"}],"wp:term":[{"taxonomy":"category","embeddable":true,"href":"https:\/\/analyse.optim.biz\/index.php?rest_route=%2Fwp%2Fv2%2Fcategories&post=2096988"},{"taxonomy":"post_tag","embeddable":true,"href":"https:\/\/analyse.optim.biz\/index.php?rest_route=%2Fwp%2Fv2%2Ftags&post=2096988"}],"curies":[{"name":"wp","href":"https:\/\/api.w.org\/{rel}","templated":true}]}}