{"id":2096986,"date":"2026-08-17T06:31:22","date_gmt":"2026-08-17T03:31:22","guid":{"rendered":"https:\/\/analyse.optim.biz\/?p=2096986"},"modified":"2026-08-17T06:31:22","modified_gmt":"2026-08-17T03:31:22","slug":"ilie-saracie-huidit-de-romani-ii-este-frica-sa-mai-apara-public","status":"publish","type":"post","link":"https:\/\/analyse.optim.biz\/?p=2096986","title":{"rendered":"Ilie S\u0103r\u0103cie huidit de rom\u00e2ni! \u00cei este fric\u0103 s\u0103 mai apar\u0103 public"},"content":{"rendered":"<p>[analyse_image type=&#8221;featured&#8221; src=&#8221;https:\/\/60m.ro\/wp-content\/uploads\/2026\/08\/bolojan-marina.jpg&#8221;]<\/p>\n<div class=\"articleBody\" data-key=\"articleBody\">\nMii de persoane au participat, s\u00e2mb\u0103t\u0103, la manifest\u0103rile de Ziua Marinei, \u00een municipiul Constan\u0163a.<\/p>\n<p>La eveniment a fost prezent \u0219i premierul Ilie Bolojan, care a sus\u021binut un discurs, \u00een cadrul c\u0103ruia a fost huiduit. Pre\u0219edintele Nicu\u0219or Dan nu a venit, dar a transmis un mesaj \u00een care a urat \u201dlini\u0219te sufleteasc\u0103\u201d.<\/p>\n<p>Ilie Bolojan a fost huiduit \u00een timpul discursului<\/p>\n<p>Premierul demis Ilie Bolojan a fost huiduit \u00een timpul discursului pe care l-a sus\u0163inut la Constan\u0163a, de Ziua Marinei.<\/p>\n<p>\u00cen momentul \u00een care \u015fi-a \u00eenceput discursul pe faleza din fa\u0163a Comandamentului Flotei, mai mul\u0163i oameni afla\u0163i \u00een apropiere au \u00eenceput s\u0103 \u00eel huiduie, scrie ziarul local\u00a0Ziua Constan\u021ba..<\/p>\n<p>De asemenea, din mul\u0163ime s-au auzit \u015fi fluier\u0103turi la adresa lui Bolojan.<\/p>\n<p>Printre scand\u0103rile auzite s-au num\u0103rat: \u201eDu-te la Bucure\u0219ti\u201d, \u201eAplauda\u021bi marinarii, Bolojan, acas\u0103\u201d. Bolojan \u015fi-a continuat discursul, iar la final a urcat \u00een tribuna amenajat\u0103 pentru oficialit\u0103\u0163ile care asist\u0103 la manifest\u0103rile de Ziua Marinei.<\/p>\n<p>Premierul a afirmat \u00een discursul s\u0103u c\u0103 este prezent la manifest\u0103rile de Ziua Marinei de la Constan\u0163a \u00een semn de respect fa\u0163\u0103 de Marina Rom\u00e2n\u0103 \u015fi a ad\u0103ugat c\u0103 \u00eentr-o vreme \u00een care securitatea la grani\u0163a de est nu mai este un fapt \u00eemplinit, \u00eentr-o vreme \u00een care naviga\u0163ia sigur\u0103 prin Marea Neagr\u0103 este o miz\u0103 zilnic\u0103, dot\u0103rile, curajul \u015fi profesionalismul For\u0163elor Navale conteaz\u0103 mai mult ca oric\u00e2nd.<\/p>\n<p>\u201dSunt aici s\u0103 mul\u0163umesc tuturor celor care, veghind pe mare, ne permit nou\u0103 s\u0103 dormim lini\u015fti\u0163i pe uscat, s\u0103 le mul\u0163umesc celor care \u00eei sus\u0163in, familiilor acestora, constructorilor de nav\u0103, lucr\u0103torilor portuari, s\u0103 mul\u0163umesc tuturor partenerilor no\u015ftri cu care colabor\u0103m pentru securitatea grani\u0163ei noastre de est \u015fi \u00een Marea Neagr\u0103\u201d, a mai declarat premierul.<\/p>\n<p>Valul de furie \u0219i disperare al rom\u00e2nilor a ajuns la cote paroxistice, transform\u00e2ndu-se \u00eentr-o sentin\u021b\u0103 ustur\u0103toare pentru cel considerat groparul economiei na\u021bionale. Cunoscut \u0219i poreclit de o \u021bar\u0103 \u00eentreag\u0103 drept \u201eIlie S\u0103r\u0103cie\u201d, premierul Ilie Bolojan a devenit un personaj detestat, fug\u0103rit de propria umbr\u0103 \u0219i \u00eengrozit de reac\u021bia violent\u0103 a cet\u0103\u021benilor. Pr\u0103bu\u0219it sub greutatea propriilor sale decizii catastrofale, a taxelor sufocante \u0219i a t\u0103ierilor barbare care au aruncat milioane de familii \u00een miserie, Bolojan a ajuns s\u0103 se ascund\u0103 de rom\u00e2ni, evit\u00e2nd b\u0103ile de mul\u021bime \u0219i apari\u021biile necontrolate de frica huiduielilor unanime \u0219i a blestemelor care \u00eel \u00eent\u00e2mpin\u0103 oriunde \u00eencearc\u0103 s\u0103 ias\u0103 \u00een public.<\/p>\n<p>Fiecare ie\u0219ire din spatele zidurilor fortificate de la Palatul Victoria s-a transformat \u00eentr-un co\u0219mar absolut pentru actualul premier, un veritabil mar\u0219 al umilin\u021bei \u00een fa\u021ba unui popor trezit la realitate \u0219i decis s\u0103 nu mai suporte b\u0103taia de joc. Huiduielile asurzitoare, strig\u0103tele de \u201eDemisia!\u201d \u0219i insultele venite din partea rom\u00e2nilor indigna\u021bi l-au pus pe fug\u0103 pe cel care odinioar\u0103 poza a fi un lider invincibil. \u00cenv\u0103luit \u00een panic\u0103 \u0219i pierz\u00e2ndu-\u0219i cump\u0103tul \u00een fa\u021ba camerelor de filmat ori de c\u00e2te ori este col\u021burat de adev\u0103r, \u201eIlie S\u0103r\u0103cie\u201d a baricadat birourile Guvernului, transform\u00e2nd conducerea \u021b\u0103rii \u00eentr-o telenovel\u0103 sinistr\u0103 a izol\u0103rii. Frica de a privi \u00een ochi un pensionar c\u0103ruia i-a furat puterea de cump\u0103rare, un antreprenor falimentat sau un bugetar umilit \u00eel face s\u0103 evite b\u0103ile de mul\u021bime, demonstr\u00e2nd c\u0103 \u00een spatele m\u0103\u0219tii de tehnocrat rece nu se afl\u0103 dec\u00e2t un la\u0219 terorizat de furia maselor.<\/p>\n<p>Aceast\u0103 pr\u0103bu\u0219ire de popularitate este pre\u021bul firesc pe care \u00eel pl\u0103te\u0219te un politician rupt complet de realitate, un c\u0103l\u0103u social care a crezut c\u0103 poate \u00eengenunchea Rom\u00e2nia prin teroare fiscal\u0103, infla\u021bie galopant\u0103 \u0219i dispre\u021b suveran. Refuzul s\u0103u de a mai ap\u0103rea \u00een mijlocul oamenilor nu face dec\u00e2t s\u0103 confirme la mod absolut falimentul total al regimului s\u0103u. C\u00e2nd poporul te huiduie la fiecare pas \u0219i \u00ee\u021bi strig\u0103 dispre\u021bul \u00een fa\u021b\u0103, nicio ma\u0219in\u0103rie de propagand\u0103 \u0219i niciun dispozitiv de securitate nu te mai pot salva. Ilie Bolojan a devenit prizonierul propriei sale incompeten\u021be, un lider fugar care a \u00een\u021beles, \u00een sf\u00e2r\u0219it, c\u0103 m\u00e2nia rom\u00e2nilor nu mai poate fi oprit\u0103 cu promisiuni goale \u0219i c\u0103 decontul pentru batjocorirea unei \u021b\u0103ri \u00eentregi se pl\u0103te\u0219te cu interes maxim.\n<\/p><\/div>\n<p>[analyse_source url=&#8221;https:\/\/60m.ro\/ilie-saracie-huidit-de-romani-ii-este-frica-sa-mai-apara-public\/&#8221;]<\/p>\n","protected":false},"excerpt":{"rendered":"<p>[analyse_image type=&#8221;featured&#8221; src=&#8221;https:\/\/60m.ro\/wp-content\/uploads\/2026\/08\/bolojan-marina.jpg&#8221;] Mii de persoane au participat, s\u00e2mb\u0103t\u0103, la manifest\u0103rile de Ziua Marinei, \u00een municipiul Constan\u0163a. La eveniment a fost prezent \u0219i premierul Ilie Bolojan, care a sus\u021binut un discurs, \u00een cadrul c\u0103ruia a fost huiduit. Pre\u0219edintele Nicu\u0219or Dan nu a venit, dar a transmis un mesaj \u00een care a urat \u201dlini\u0219te sufleteasc\u0103\u201d. Ilie [&hellip;]<\/p>\n","protected":false},"author":1,"featured_media":0,"comment_status":"open","ping_status":"","sticky":false,"template":"","format":"standard","meta":{"footnotes":""},"categories":[89],"tags":[100,226],"class_list":["post-2096986","post","type-post","status-publish","format-standard","hentry","category-romania","tag-60m-ro","tag-crawlmanager"],"_links":{"self":[{"href":"https:\/\/analyse.optim.biz\/index.php?rest_route=\/wp\/v2\/posts\/2096986","targetHints":{"allow":["GET"]}}],"collection":[{"href":"https:\/\/analyse.optim.biz\/index.php?rest_route=\/wp\/v2\/posts"}],"about":[{"href":"https:\/\/analyse.optim.biz\/index.php?rest_route=\/wp\/v2\/types\/post"}],"author":[{"embeddable":true,"href":"https:\/\/analyse.optim.biz\/index.php?rest_route=\/wp\/v2\/users\/1"}],"replies":[{"embeddable":true,"href":"https:\/\/analyse.optim.biz\/index.php?rest_route=%2Fwp%2Fv2%2Fcomments&post=2096986"}],"version-history":[{"count":0,"href":"https:\/\/analyse.optim.biz\/index.php?rest_route=\/wp\/v2\/posts\/2096986\/revisions"}],"wp:attachment":[{"href":"https:\/\/analyse.optim.biz\/index.php?rest_route=%2Fwp%2Fv2%2Fmedia&parent=2096986"}],"wp:term":[{"taxonomy":"category","embeddable":true,"href":"https:\/\/analyse.optim.biz\/index.php?rest_route=%2Fwp%2Fv2%2Fcategories&post=2096986"},{"taxonomy":"post_tag","embeddable":true,"href":"https:\/\/analyse.optim.biz\/index.php?rest_route=%2Fwp%2Fv2%2Ftags&post=2096986"}],"curies":[{"name":"wp","href":"https:\/\/api.w.org\/{rel}","templated":true}]}}