{"id":2096985,"date":"2026-08-17T06:23:32","date_gmt":"2026-08-17T03:23:32","guid":{"rendered":"https:\/\/analyse.optim.biz\/?p=2096985"},"modified":"2026-08-17T06:23:32","modified_gmt":"2026-08-17T03:23:32","slug":"admiterea-la-liceu-se-schimba-din-2027-elevii-ar-putea-da-inca-doua-examene-dupa-evaluarea-nationala","status":"publish","type":"post","link":"https:\/\/analyse.optim.biz\/?p=2096985","title":{"rendered":"Admiterea la liceu se schimb\u0103 din 2027: elevii ar putea da \u00eenc\u0103 dou\u0103 examene dup\u0103 Evaluarea Na\u021bional\u0103"},"content":{"rendered":"<p>[analyse_image type=&#8221;featured&#8221; src=&#8221;https:\/\/60m.ro\/wp-content\/uploads\/2026\/08\/admitere.jpg&#8221;]<\/p>\n<div class=\"articleBody\" data-key=\"articleBody\">\nElevii\u00a0care intr\u0103 \u00een clasa a VIII-a \u00een septembrie 2026 ar putea avea parte de o\u00a0admitere la liceu\u00a0diferit\u0103 \u00een vara anului 2027. Evaluarea Na\u021bional\u0103 r\u0103m\u00e2ne baza procesului de admitere, \u00eens\u0103 anumite\u00a0licee\u00a0vor putea organiza\u00a0propriul concurs, cu dou\u0103\u00a0probe suplimentare, potrivit proiectului Ministerului Educa\u021biei prezentat de Consiliul Na\u021bional al Elevilor.<\/p>\n<p>Dou\u0103 probe suplimentare, dar numai la anumite licee<\/p>\n<p>Noul sistem nu presupune introducerea obligatorie a unui examen suplimentar pentru to\u021bi absolven\u021bii clasei a VIII-a.<\/p>\n<p>Fiecare liceu va putea decide dac\u0103 organizeaz\u0103 sau nu un concurs propriu. Unit\u0103\u021bile care aleg aceast\u0103 variant\u0103 vor avea posibilitatea s\u0103 ocupe prin examen maximum jum\u0103tate dintre locurile disponibile la o specializare.<\/p>\n<p>Celelalte locuri vor r\u0103m\u00e2ne disponibile prin repartizarea computerizat\u0103, pe baza regulilor generale de admitere.<\/p>\n<p>Pentru a putea participa la concursul unui liceu, candidatul va trebui mai \u00eent\u00e2i s\u0103 ob\u021bin\u0103 minimum nota 5 la fiecare prob\u0103 sus\u021binut\u0103 \u00een cadrul Evalu\u0103rii Na\u021bionale.<\/p>\n<p>Examenele vor avea loc dup\u0103 Evaluarea Na\u021bional\u0103<\/p>\n<p>Cele dou\u0103 probe suplimentare ar urma s\u0103 fie organizate dup\u0103 publicarea rezultatelor finale de la Evaluarea Na\u021bional\u0103.<\/p>\n<p>Disciplinele vor fi stabilite \u00een func\u021bie de profilul \u0219i specializarea pentru care candideaz\u0103 elevul, iar subiectele ar urma s\u0103 fie unice la nivel na\u021bional.<\/p>\n<p>\u00cen schimb, fiecare liceu va putea stabili ponderea pe care rezultatele ob\u021binute la concursul propriu o vor avea \u00een calcularea mediei finale de admitere.<\/p>\n<p>Ce examene ar putea da elevii, \u00een func\u021bie de profil<\/p>\n<p>Pentru specializarea matematic\u0103-informatic\u0103, liceele vor putea selecta probe dintre matematic\u0103, informatic\u0103 \u0219i fizic\u0103.<\/p>\n<p>La \u0219tiin\u021bele naturii, op\u021biunile vor fi biologia, chimia \u0219i fizica.<\/p>\n<p>\u00cen cazul filologiei, probele vor putea fi alese dintre limba rom\u00e2n\u0103, o limb\u0103 modern\u0103 \u0219i latin\u0103, \u00een timp ce pentru \u0219tiin\u021bele sociale variantele prev\u0103zute sunt geografia, istoria \u0219i educa\u021bia social\u0103.<\/p>\n<p>\u00cen func\u021bie de profilul ales \u0219i de decizia liceului, un candidat ar putea astfel s\u0103 sus\u021bin\u0103 dou\u0103 examene suplimentare dup\u0103 ce a trecut deja prin probele Evalu\u0103rii Na\u021bionale.<\/p>\n<p>Evaluarea Na\u021bional\u0103 r\u0103m\u00e2ne esen\u021bial\u0103 pentru admitere<\/p>\n<p>Proiectul nu prevede renun\u021barea la Evaluarea Na\u021bional\u0103. Rezultatele acestui examen vor continua s\u0103 fie utilizate pentru repartizarea computerizat\u0103.<\/p>\n<p>\u00cen cazul liceelor care aleg s\u0103 organizeze propriul concurs, notele ob\u021binute la cele dou\u0103 probe suplimentare vor putea intra \u00een calculul mediei finale, \u00een propor\u021bia decis\u0103 de fiecare unitate de \u00eenv\u0103\u021b\u0103m\u00e2nt.<\/p>\n<p>Nici participarea la concursul unui liceu nu va \u00eenchide drumul c\u0103tre repartizarea computerizat\u0103. Elevul care nu sus\u021bine probele suplimentare sau nu reu\u0219e\u0219te s\u0103 ob\u021bin\u0103 unul dintre locurile oferite prin concurs va putea participa \u00een continuare la repartizarea general\u0103.<\/p>\n<p>Ce se \u00eent\u00e2mpl\u0103 cu media claselor V-VIII<\/p>\n<p>Rezultatele ob\u021binute de elevi pe parcursul celor patru ani de gimnaziu nu vor intra \u00een calculul mediei de admitere.<\/p>\n<p>Media claselor V-VIII va putea fi folosit\u0103 \u00eens\u0103 drept primul criteriu de departajare \u00een situa\u021bia \u00een care doi candida\u021bi ob\u021bin aceea\u0219i medie la Evaluarea Na\u021bional\u0103.<\/p>\n<p>Schimb\u0103rile sunt deocamdat\u0103 \u00een stadiul de proiect<\/p>\n<p>Noile reguli sunt preg\u0103tite pentru genera\u021bia care \u00eencepe clasa a VIII-a \u00een septembrie 2026 \u0219i particip\u0103 la admiterea \u00een \u00eenv\u0103\u021b\u0103m\u00e2ntul liceal \u00een vara anului 2027.<\/p>\n<p>Metodologia \u0219i calendarul pentru admiterea din 2027 se afl\u0103 \u00eens\u0103 \u00een etapa de consultare. Prin urmare, prevederile prezentate \u00een proiect pot suferi modific\u0103ri \u00eenainte ca forma final\u0103 s\u0103 fie aprobat\u0103.\n<\/p><\/div>\n<p>[analyse_source url=&#8221;https:\/\/60m.ro\/admiterea-la-liceu-se-schimba-din-2027-elevii-ar-putea-da-inca-doua-examene-dupa-evaluarea-nationala\/&#8221;]<\/p>\n","protected":false},"excerpt":{"rendered":"<p>[analyse_image type=&#8221;featured&#8221; src=&#8221;https:\/\/60m.ro\/wp-content\/uploads\/2026\/08\/admitere.jpg&#8221;] Elevii\u00a0care intr\u0103 \u00een clasa a VIII-a \u00een septembrie 2026 ar putea avea parte de o\u00a0admitere la liceu\u00a0diferit\u0103 \u00een vara anului 2027. Evaluarea Na\u021bional\u0103 r\u0103m\u00e2ne baza procesului de admitere, \u00eens\u0103 anumite\u00a0licee\u00a0vor putea organiza\u00a0propriul concurs, cu dou\u0103\u00a0probe suplimentare, potrivit proiectului Ministerului Educa\u021biei prezentat de Consiliul Na\u021bional al Elevilor. Dou\u0103 probe suplimentare, dar numai la [&hellip;]<\/p>\n","protected":false},"author":1,"featured_media":0,"comment_status":"open","ping_status":"","sticky":false,"template":"","format":"standard","meta":{"footnotes":""},"categories":[89],"tags":[100,226],"class_list":["post-2096985","post","type-post","status-publish","format-standard","hentry","category-romania","tag-60m-ro","tag-crawlmanager"],"_links":{"self":[{"href":"https:\/\/analyse.optim.biz\/index.php?rest_route=\/wp\/v2\/posts\/2096985","targetHints":{"allow":["GET"]}}],"collection":[{"href":"https:\/\/analyse.optim.biz\/index.php?rest_route=\/wp\/v2\/posts"}],"about":[{"href":"https:\/\/analyse.optim.biz\/index.php?rest_route=\/wp\/v2\/types\/post"}],"author":[{"embeddable":true,"href":"https:\/\/analyse.optim.biz\/index.php?rest_route=\/wp\/v2\/users\/1"}],"replies":[{"embeddable":true,"href":"https:\/\/analyse.optim.biz\/index.php?rest_route=%2Fwp%2Fv2%2Fcomments&post=2096985"}],"version-history":[{"count":0,"href":"https:\/\/analyse.optim.biz\/index.php?rest_route=\/wp\/v2\/posts\/2096985\/revisions"}],"wp:attachment":[{"href":"https:\/\/analyse.optim.biz\/index.php?rest_route=%2Fwp%2Fv2%2Fmedia&parent=2096985"}],"wp:term":[{"taxonomy":"category","embeddable":true,"href":"https:\/\/analyse.optim.biz\/index.php?rest_route=%2Fwp%2Fv2%2Fcategories&post=2096985"},{"taxonomy":"post_tag","embeddable":true,"href":"https:\/\/analyse.optim.biz\/index.php?rest_route=%2Fwp%2Fv2%2Ftags&post=2096985"}],"curies":[{"name":"wp","href":"https:\/\/api.w.org\/{rel}","templated":true}]}}