{"id":2096980,"date":"2026-08-16T14:16:51","date_gmt":"2026-08-16T11:16:51","guid":{"rendered":"https:\/\/analyse.optim.biz\/?p=2096980"},"modified":"2026-08-16T14:16:51","modified_gmt":"2026-08-16T11:16:51","slug":"tragedie-pe-autostrada-m3-din-ungaria-12-morti-si-40-de-raniti-dupa-rasturnarea-unui-autocar-cu-59-de-oameni-la-bord","status":"publish","type":"post","link":"https:\/\/analyse.optim.biz\/?p=2096980","title":{"rendered":"Tragedie pe autostrada M3 din Ungaria: 12 mor\u021bi \u0219i 40 de r\u0103ni\u021bi dup\u0103 r\u0103sturnarea unui autocar cu 59 de oameni la bord"},"content":{"rendered":"<p>[analyse_image type=&#8221;featured&#8221; src=&#8221;https:\/\/60m.ro\/wp-content\/uploads\/2026\/08\/accident-ungaria.webp&#8221;]<\/p>\n<div class=\"articleBody\" data-key=\"articleBody\">\nDou\u0103sprezece persoane au murit, iar alte zeci ar fi fost r\u0103nite dup\u0103 ce un\u00a0autocar\u00a0\u00eenmatriculat \u00een Polonia a ie\u0219it de pe autostrada M3 \u0219i s-a r\u0103sturnat \u00eentr-un \u0219an\u021b, duminic\u0103 diminea\u021b\u0103, \u00een nord-estul Ungariei. \u00cen vehicul se aflau 59 de persoane \u2013 57 de pasageri \u0219i doi \u0219oferi. Opera\u021biunea de salvare a fost una de amploare, mai mul\u021bi oameni fiind prin\u0219i sub autocarul de aproximativ 24 de tone.<\/p>\n<p>Premierul Ungariei, Peter Magyar, a anun\u021bat duminic\u0103 faptul c\u0103 bilan\u021bul accidentului a ajuns la 12 mor\u021bi \u0219i cel pu\u021bin zece r\u0103ni\u021bi grav, exprim\u00e2ndu-\u0219i condolean\u021bele fa\u021b\u0103 de familiile victimelor. Reuters a relatat, la r\u00e2ndul s\u0103u, c\u0103 12 persoane au murit \u00een accident.<\/p>\n<p>Accidentul s-a produs \u00een jurul orei 1:00, \u00een noaptea de s\u00e2mb\u0103t\u0103 spre duminic\u0103, la kilometrul 139 al autostr\u0103zii M3, dup\u0103 ie\u0219irea Mez\u0151keresztes, pe sensul de mers c\u0103tre Ny\u00edregyh\u00e1za, potrivit Poli\u021biei din jude\u021bul Borsod-Aba\u00faj-Zempl\u00e9n. Autocarul cu numere poloneze a p\u0103r\u0103sit carosabilul, a ajuns \u00een \u0219an\u021b \u0219i s-a r\u0103sturnat.<\/p>\n<p>Locul accidentului se afl\u0103 \u00een zona dintre localit\u0103\u021bile Mez\u0151keresztes \u0219i Mez\u0151nagymih\u00e1ly, \u00een nord-estul Ungariei. Autorit\u0103\u021bile pentru situa\u021bii de urgen\u021b\u0103 au indicat Mez\u0151nagymih\u00e1ly drept localitatea de referin\u021b\u0103 pentru interven\u021bie.<\/p>\n<p>57 de pasageri \u0219i doi \u0219oferi se aflau \u00een autocar<\/p>\n<p>Direc\u021bia General\u0103 Na\u021bional\u0103 pentru Managementul Dezastrelor din cadrul Ministerului ungar de Interne a anun\u021bat c\u0103 \u00een autocar se aflau 59 de persoane, inclusiv echipajul. Presa maghiar\u0103, cit\u00e2nd informa\u021biile ini\u021biale ale autorit\u0103\u021bilor, precizeaz\u0103 c\u0103 era vorba despre 57 de pasageri \u0219i doi \u0219oferi.<\/p>\n<p>Primele echipaje de interven\u021bie au g\u0103sit vehiculul r\u0103sturnat \u00een \u0219an\u021b, mai multe persoane fiind prinse \u00een interior sau sub autocar.<\/p>\n<p>P\u00e2n\u0103 \u00een jurul orei 3:00, pompierii reu\u0219iser\u0103 s\u0103 scoat\u0103 35 de oameni din autocar, \u00eens\u0103 mai mul\u021bi pasageri se aflau \u00eenc\u0103 sub vehicul. Autocarul are o greutate de aproximativ 24 de tone, astfel c\u0103 autorit\u0103\u021bile au solicitat macarale civile pentru a-l putea ridica. P\u00e2n\u0103 la sosirea acestora, pompierii au \u00eencercat s\u0103 ridice cu trolii partea din spate a vehiculului pentru a putea ajunge la oamenii prin\u0219i dedesubt.<\/p>\n<p>\u00centr-o actualizare publicat\u0103 la ora 6:05, serviciul ungar pentru situa\u021bii de urgen\u021b\u0103 anun\u021ba c\u0103 pompierii scoseser\u0103 11 persoane de sub autocarul r\u0103sturnat. Macaralele civile ajunseser\u0103 \u00eentre timp la locul tragediei \u0219i \u00eencepuser\u0103 opera\u021biunea de ridicare a vehiculului \u0219i readucere a acestuia pe carosabil.<\/p>\n<p>La interven\u021bie au participat pompieri profesioni\u0219ti din Mez\u0151k\u00f6vesd, Mez\u0151cs\u00e1t, F\u00fczesabony, Tisza\u00fajv\u00e1ros, Szolnok \u0219i Eger, precum \u0219i echipe specializate ale serviciului jude\u021bean pentru situa\u021bii de urgen\u021b\u0103.<\/p>\n<p>Presa local\u0103: peste 40 de persoane ar fi fost r\u0103nite<\/p>\n<p>Informa\u021biile privind num\u0103rul total al r\u0103ni\u021bilor difer\u0103 \u00een aceast\u0103 faz\u0103 a opera\u021biunii. Premierul Peter Magyar a anun\u021bat cel pu\u021bin zece r\u0103ni\u021bi grav, \u00een timp ce Poli\u021bia ungar\u0103 comunicase ini\u021bial doar c\u0103 peste zece persoane au fost r\u0103nite. Serviciul Na\u021bional de Ambulan\u021b\u0103 a activat protocolul pentru accidente cu victime multiple \u0219i a trimis numeroase echipaje la fa\u021ba locului, preciz\u00e2nd c\u0103 transportarea r\u0103ni\u021bilor c\u0103tre spitale continua.<\/p>\n<p>Publica\u021bia regional\u0103 maghiar\u0103 BOON, care urm\u0103re\u0219te evenimentele din jude\u021bul Borsod-Aba\u00faj-Zempl\u00e9n, a relatat \u00eens\u0103, cit\u00e2nd propriile informa\u021bii de la fa\u021ba locului, c\u0103 11 pasageri muriser\u0103 \u0219i peste 40 de persoane fuseser\u0103 r\u0103nite. Informa\u021bia a fost publicat\u0103 \u00eenainte ca premierul s\u0103 anun\u021be cre\u0219terea bilan\u021bului la 12 decese.<\/p>\n<p>Cele dou\u0103 cifre privind r\u0103ni\u021bii nu sunt neap\u0103rat incompatibile: datele transmise ulterior de premier se refer\u0103 explicit la cel pu\u021bin zece persoane grav r\u0103nite, \u00een timp ce informa\u021bia BOON vizeaz\u0103 num\u0103rul total al persoanelor r\u0103nite. Autorit\u0103\u021bile ungare nu au publicat \u00eenc\u0103 un bilan\u021b complet, defalcat \u00een func\u021bie de gravitatea leziunilor.<\/p>\n<p>Un autocar de \u00eenlocuire a plecat din Polonia<\/p>\n<p>Autorit\u0103\u021bile ungare au trimis la locul accidentului \u0219i un autobuz \u00een care persoanele nevoite de \u00eengrijire medical\u0103 puteau fi ad\u0103postite \u0219i \u00eenc\u0103lzite. \u00cen acela\u0219i timp, un autocar de \u00eenlocuire a pornit din Polonia c\u0103tre Ungaria, pentru a-i prelua pe pasagerii care vor putea s\u0103 \u00ee\u0219i continue c\u0103l\u0103toria.<\/p>\n<p>Nu au fost f\u0103cute publice p\u00e2n\u0103 \u00een acest moment informa\u021bii certe privind localitatea din care plecase autocarul, destina\u021bia final\u0103 a grupului sau identitatea victimelor.<\/p>\n<p>Autostrada M3, \u00eenchis\u0103 pe sensul spre est<\/p>\n<p>Poli\u021bia a \u00eenchis pentru interven\u021bie \u0219i cercet\u0103ri sensul autostr\u0103zii M3 c\u0103tre Ny\u00edregyh\u00e1za. Traficul a fost scos de pe autostrad\u0103 la Mez\u0151keresztes, \u0219oferii put\u00e2nd reveni pe M3 \u00een zona Em\u0151d.<\/p>\n<p>La ora 6:05, autorit\u0103\u021bile pentru situa\u021bii de urgen\u021b\u0103 anun\u021bau c\u0103 sensul c\u0103tre V\u00e1s\u00e1rosnam\u00e9ny era \u00een continuare \u00eenchis \u00een zona kilometrului 139, opera\u021biunile de ridicare a autocarului fiind \u00eenc\u0103 \u00een desf\u0103\u0219urare.<\/p>\n<p>Cauza accidentului nu este cunoscut\u0103<\/p>\n<p>Deocamdat\u0103, autorit\u0103\u021bile ungare nu au anun\u021bat cauza accidentului. Informa\u021biile oficiale se limiteaz\u0103 la faptul c\u0103 autocarul a p\u0103r\u0103sit partea carosabil\u0103, a intrat \u00een \u0219an\u021b \u0219i s-a r\u0103sturnat. Nu exist\u0103 \u00een acest moment date oficiale care s\u0103 indice o coliziune cu un alt vehicul, o defec\u021biune tehnic\u0103, viteza excesiv\u0103 sau o problem\u0103 medical\u0103 a \u0219oferului.<\/p>\n<p>Poli\u021bia continu\u0103 cercetarea la fa\u021ba locului, iar bilan\u021bul victimelor \u0219i starea r\u0103ni\u021bilor pot fi actualizate pe m\u0103sur\u0103 ce opera\u021biunea de salvare \u0219i identificarea persoanelor implicate sunt finalizate.\n<\/p><\/div>\n<p>[analyse_source url=&#8221;https:\/\/60m.ro\/tragedie-pe-autostrada-m3-din-ungaria-12-morti-si-40-de-raniti-dupa-rasturnarea-unui-autocar-cu-59-de-oameni-la-bord\/&#8221;]<\/p>\n","protected":false},"excerpt":{"rendered":"<p>[analyse_image type=&#8221;featured&#8221; src=&#8221;https:\/\/60m.ro\/wp-content\/uploads\/2026\/08\/accident-ungaria.webp&#8221;] Dou\u0103sprezece persoane au murit, iar alte zeci ar fi fost r\u0103nite dup\u0103 ce un\u00a0autocar\u00a0\u00eenmatriculat \u00een Polonia a ie\u0219it de pe autostrada M3 \u0219i s-a r\u0103sturnat \u00eentr-un \u0219an\u021b, duminic\u0103 diminea\u021b\u0103, \u00een nord-estul Ungariei. \u00cen vehicul se aflau 59 de persoane \u2013 57 de pasageri \u0219i doi \u0219oferi. Opera\u021biunea de salvare a fost una [&hellip;]<\/p>\n","protected":false},"author":1,"featured_media":0,"comment_status":"open","ping_status":"","sticky":false,"template":"","format":"standard","meta":{"footnotes":""},"categories":[89],"tags":[100,226],"class_list":["post-2096980","post","type-post","status-publish","format-standard","hentry","category-romania","tag-60m-ro","tag-crawlmanager"],"_links":{"self":[{"href":"https:\/\/analyse.optim.biz\/index.php?rest_route=\/wp\/v2\/posts\/2096980","targetHints":{"allow":["GET"]}}],"collection":[{"href":"https:\/\/analyse.optim.biz\/index.php?rest_route=\/wp\/v2\/posts"}],"about":[{"href":"https:\/\/analyse.optim.biz\/index.php?rest_route=\/wp\/v2\/types\/post"}],"author":[{"embeddable":true,"href":"https:\/\/analyse.optim.biz\/index.php?rest_route=\/wp\/v2\/users\/1"}],"replies":[{"embeddable":true,"href":"https:\/\/analyse.optim.biz\/index.php?rest_route=%2Fwp%2Fv2%2Fcomments&post=2096980"}],"version-history":[{"count":0,"href":"https:\/\/analyse.optim.biz\/index.php?rest_route=\/wp\/v2\/posts\/2096980\/revisions"}],"wp:attachment":[{"href":"https:\/\/analyse.optim.biz\/index.php?rest_route=%2Fwp%2Fv2%2Fmedia&parent=2096980"}],"wp:term":[{"taxonomy":"category","embeddable":true,"href":"https:\/\/analyse.optim.biz\/index.php?rest_route=%2Fwp%2Fv2%2Fcategories&post=2096980"},{"taxonomy":"post_tag","embeddable":true,"href":"https:\/\/analyse.optim.biz\/index.php?rest_route=%2Fwp%2Fv2%2Ftags&post=2096980"}],"curies":[{"name":"wp","href":"https:\/\/api.w.org\/{rel}","templated":true}]}}