{"id":2096978,"date":"2026-08-16T14:10:37","date_gmt":"2026-08-16T11:10:37","guid":{"rendered":"https:\/\/analyse.optim.biz\/?p=2096978"},"modified":"2026-08-16T14:10:37","modified_gmt":"2026-08-16T11:10:37","slug":"varsovia-propune-o-legiune-europeana-pentru-a-proteja-continentul-de-rusia","status":"publish","type":"post","link":"https:\/\/analyse.optim.biz\/?p=2096978","title":{"rendered":"Var\u0219ovia propune o \u201eLegiune European\u0103\u201d pentru a proteja continentul de Rusia"},"content":{"rendered":"<p>[analyse_image type=&#8221;featured&#8221; src=&#8221;https:\/\/60m.ro\/wp-content\/uploads\/2025\/06\/Karol-Nawrocki-polonia-PIS9.webp&#8221;]<\/p>\n<div class=\"articleBody\" data-key=\"articleBody\">\nVicepremierul \u015fi ministrul polonez de Externe, Rados\u0142aw Sikorski, a subliniat, \u00eentr-un interviu acordat Kathimerini, necesitatea unei integr\u0103ri militare mult mai profunde \u00een\u00a0Europa, inclusiv prin crearea unei \u201eLegiuni\u00a0Europene\u201d permanente, care s\u0103 func\u0163ioneze \u00een completarea NATO, nu \u00een concuren\u0163\u0103 cu Alian\u0163a, relateaz\u0103 News.ro.<\/p>\n<p>Avertisment despre Rusia<\/p>\n<p>\u015eeful diploma\u0163iei poloneze avertizeaz\u0103 c\u0103 Rusia poart\u0103 deja un \u201er\u0103zboi\u201d \u00eempotriva societ\u0103\u0163ilor europene prin sabotaj, dezinformare, tentative de asasinat \u015fi atacuri cu drone \u015fi cere Europei s\u0103-\u015fi asume o responsabilitate mai mare pentru propria securitate.<\/p>\n<p>\u00centrebat dac\u0103, \u00een contextul \u00een care administra\u0163ia SUA a sus\u0163inut c\u0103 Europa ar trebui s\u0103-\u015fi asume o parte mai mare din responsabilitate \u00een cadrul NATO, crede c\u0103 acest lucru ar trebui s\u0103 se \u00eent\u00e2mple \u00een interiorul Alian\u0163ei sau sus\u0163ine\u0163i crearea unui sistem european de ap\u0103rare paralel ori chiar a unei armate europene. Sikorski a replicat: &#8220;Au perfect\u0103 dreptate. Washingtonul semnaleaz\u0103 de ani de zile c\u0103 centrul s\u0103u de interes strategic se deplaseaz\u0103 inevitabil c\u0103tre regiunea Indo-Pacific. Trebuie s\u0103 recunoa\u015ftem meritele acolo unde exist\u0103: pre\u015fedintele Trump a avut perfect\u0103 dreptate \u00een primul s\u0103u mandat atunci c\u00e2nd i-a criticat pe alia\u0163i pentru c\u0103 nu \u015fi-au respectat angajamentele privind cheltuielile. Acum, \u00een al doilea mandat, el a determinat Europa, \u00een stilul s\u0103u inconfundabil, s\u0103 fac\u0103 mai mult.<\/p>\n<p>Ca Uniune European\u0103, avem nevoie de o integrare militar\u0103 mult mai profund\u0103. De aceea sus\u0163in cu fermitate o &#8220;Legiune European\u0103&#8221;, o for\u0163\u0103 permanent\u0103 dedicat\u0103, care ar putea recruta profesioni\u015fti cu experien\u0163\u0103 din familia european\u0103 extins\u0103, inclusiv veterani ucraineni c\u0103li\u0163i \u00een lupt\u0103, dup\u0103 \u00eencheierea r\u0103zboiului.<\/p>\n<p>Ideea de baz\u0103 este c\u0103 Europa trebuie s\u0103-\u015fi asume responsabilitatea pentru propria securitate.<\/p>\n<p>Nu putem suna la Washington de fiecare dat\u0103 c\u00e2nd izbucne\u015fte un incendiu \u00een propria noastr\u0103 curte &#8211; indiferent dac\u0103 este vorba despre o amenin\u0163are conven\u0163ional\u0103 sau despre folosirea de c\u0103tre Moscova a fluxurilor migratorii din Africa \u015fi Orientul Mijlociu ca arm\u0103 \u00eempotriva UE&#8221;.<\/p>\n<p>Extinde Rusia r\u0103zboiul?<\/p>\n<p>Rados\u0142aw Sikorski a fost \u00eentrebat \u015fi dac\u0103 exist\u0103 indicii c\u0103 Rusia ar putea \u00eencerca s\u0103 extind\u0103 conflictul dincolo de Ucraina, prin opera\u0163iuni conven\u0163ionale sau hibride.<\/p>\n<p>&#8220;R\u0103zboiul hibrid al Rusiei \u00eempotriva statelor NATO de pe flancul estic nu mai este o amenin\u0163are din umbr\u0103 &#8211; este un atac activ, zilnic, asupra infrastructurii noastre critice \u015fi a cet\u0103\u0163enilor no\u015ftri. Nu voi intra \u00een detalii privind informa\u0163iile secrete, dar s\u0103 nu fim naivi: Moscova \u00ee\u015fi preg\u0103te\u015fte activ urm\u0103toarele mi\u015fc\u0103ri. \u00cen\u015fel\u0103ciunea este ad\u00e2nc \u00eenr\u0103d\u0103cinat\u0103 \u00een cultura strategic\u0103 rus\u0103. Este ceea ce ei numesc &#8220;Maskirovka&#8221;, o doctrin\u0103 construit\u0103 \u00een \u00eentregime pe camuflaj strategic, dezinformare \u015fi provoc\u0103ri orchestrate, inclusiv posibile opera\u0163iuni sub steag fals.<\/p>\n<p>S\u0103 nu existe nicio \u00eendoial\u0103: Rusia ne-a declarat deja r\u0103zboi, doar c\u0103 acesta nu implic\u0103 tancuri.<\/p>\n<p>Kremlinul desf\u0103\u015foar\u0103 o campanie frenetic\u0103 pentru a ne dezbina societ\u0103\u0163ile.<\/p>\n<p>Folose\u015fte dezinformarea pentru a-i \u00eentoarce pe polonezi \u00eempotriva ucrainenilor \u015fi orchestreaz\u0103 provoc\u0103ri grosolane, precum aruncarea unor capete de porc la moschei.<\/p>\n<p>Dar ac\u0163iunile au c\u0103p\u0103tat \u015fi o dimensiune violent\u0103.<\/p>\n<p>Ne confrunt\u0103m cu sabotaje sponsorizate de stat: comploturi pentru asasinate, tentative de deraiere a trenurilor, incendieri ale unor obiective comerciale \u00een \u00eentreaga Europ\u0103 \u015fi incursiuni ostile ale dronelor. Cu doar c\u00e2teva zile \u00een urm\u0103, o alt\u0103 rachet\u0103 de croazier\u0103 ruseasc\u0103 a \u00eenc\u0103lcat spa\u0163iul aerian polonez&#8221;, a comentat \u015feful diploma\u0163iei poloneze.<\/p>\n<p>\u201eExist\u0103 aici o corela\u0163ie\u201d<\/p>\n<p>Referitor la faptul c\u0103, \u00een 2025, Rusia ar fi folosit contractori \u00een tentative de sabotare a infrastructurii feroviare \u015fi de provocare a deraierii unor trenuri, el a afirmat c\u0103 \u015fi ast\u0103zi exist\u0103 atacuri hibride similare.<\/p>\n<p>&#8220;Polonia are peste cinci secole de experien\u0163\u0103 \u00een ap\u0103rarea \u00eempotriva imperialismului rus, a\u015fa c\u0103 le cunoa\u015ftem toate trucurile. Ceea ce s-a schimbat este amploarea \u015fi disperarea. Exist\u0103 aici o corela\u0163ie clar\u0103: cu c\u00e2t Rusia se descurc\u0103 mai prost pe c\u00e2mpurile de lupt\u0103 din Ucraina, cu at\u00e2t Kremlinul \u00eencearc\u0103 mai agresiv s\u0103 destabilizeze Occidentul pentru a distruge solidaritatea noastr\u0103 cu victima agresiunii sale.<\/p>\n<p>Privi\u0163i acel act e\u015fuat de terorism de stat care a vizat c\u0103ile noastre ferate. Trei dintre cele patru \u00eenc\u0103rc\u0103turi explozive au detonat, dar, datorit\u0103 incompeten\u0163ei oamenilor Rusiei \u015fi unei doze de noroc, nimeni nu a fost ucis.<\/p>\n<p>Reac\u0163ia mea a fost rapid\u0103: am \u00eenchis consulatul Rusiei. De atunci, tentativele de sabotaj nu au \u00eencetat. Numai \u00een 2026, Agen\u0163ia noastr\u0103 de Securitate Intern\u0103 a re\u0163inut \u015fase persoane prinse \u00een flagrant \u00een timp ce efectuau misiuni de recunoa\u015ftere asupra re\u0163elei noastre feroviare. Dar acesta nu este doar un r\u0103zboi violent, ci \u015fi unul psihologic. \u00cen prezent ne confrunt\u0103m cu un val masiv de dezinformare ruseasc\u0103, amplificat prin inteligen\u0163\u0103 artificial\u0103 \u015fi conceput special pentru a instrumentaliza \u015fi denatura istoria Poloniei&#8221;, a spus Sikorski.<\/p>\n<p>\u00cen opinia sa, Polonia r\u0103m\u00e2ne \u0163ara cea mai vizat\u0103 din Uniunea European\u0103, cu aproape 700.000 de atacuri cibernetice raportate anul trecut, o cre\u015ftere uluitoare de 140% fa\u0163\u0103 de anul precedent.<\/p>\n<p>Premierul Poloniei anun\u021b\u0103 dejucarea unui complot rusesc<\/p>\n<p>Serviciile de securitate din Polonia au dejucat un presupus plan de asasinare a unui cet\u0103\u021bean americano-ucrainean, opera\u021biune care ar fi fost comandat\u0103 de Rusia, potrivit autorit\u0103\u021bilor de la Var\u0219ovia, relateaz\u0103 Mediafax.<\/p>\n<p>Presa polonez\u0103 sus\u021bine c\u0103 \u021binta ar fi fost un rapper pe care Moscova \u00eel acuz\u0103 de implicare \u00een opera\u021biuni cu drone \u00eempotriva Rusiei.<\/p>\n<p>Premierul polonez Donald Tusk a anun\u021bat c\u0103 serviciile de securitate au re\u021binut un cet\u0103\u021bean rus de 29 de ani, suspectat c\u0103 urma s\u0103 ucid\u0103 o persoan\u0103 cu cet\u0103\u021benie american\u0103 \u0219i ucrainean\u0103, considerat\u0103 indezirabil\u0103 de Moscova, relateaz\u0103 TVP World.<\/p>\n<p>Suspectul a fost arestat la 7 august, \u00een cadrul unei opera\u021biuni desf\u0103\u0219urate de Agen\u021bia pentru Securitate Intern\u0103 a Poloniei (ABW) \u0219i poli\u021bie, \u00een cooperare cu autorit\u0103\u021bile americane. Tusk a afirmat c\u0103 interven\u021bia a avut loc \u00een ultimul moment \u0219i a sus\u021binut c\u0103 serviciile poloneze au reu\u0219it astfel s\u0103 \u00eempiedice o \u201eexecu\u021bie\u201d sau un \u201easasinat\u201d.<\/p>\n<p>Premierul nu a dezv\u0103luit identitatea presupusei \u021binte. Potrivit postului polonez RMF24, citat de TVP World, persoana vizat\u0103 ar fi \u00eens\u0103 Slevin Dadyan, pe numele real Albert Vasyliev, un rapper care ar de\u021bine at\u00e2t cet\u0103\u021benie american\u0103, c\u00e2t \u0219i ucrainean\u0103.<\/p>\n<p>Artistul, cunoscut \u0219i sub numele de Kyivstoner, s-ar fi aflat \u00een Polonia \u00een momentul \u00een care presupusul atac a fost dejucat.<\/p>\n<p>Potrivit informa\u021biilor publicate de presa polonez\u0103, Serviciul Federal de Securitate al Rusiei (FSB) l-ar acuza pe rapper c\u0103 ar fi coordonat opera\u021biuni logistice pentru transportarea unor drone destinate unor atacuri asupra obiectivelor strategice din Rusia.<\/p>\n<p>Aparatele de zbor ar fi fost introduse pe un traseu care trecea prin Slovacia, Polonia \u0219i Belarus. Autorit\u0103\u021bile ruse l-ar acuza, de asemenea, pe Dadyan de colaborare cu serviciile de informa\u021bii ucrainene. Artistul ar fi respins aceste acuza\u021bii. Identitatea presupusei \u021binte nu a fost \u00eens\u0103 confirmat\u0103 oficial de autorit\u0103\u021bile poloneze, astfel c\u0103 informa\u021biile privind rapperul provin, \u00een acest moment, din relat\u0103rile presei locale.<\/p>\n<p>Tusk: \u201eAr fi o premier\u0103 pe teritoriul unui stat NATO\u201d<\/p>\n<p>Donald Tusk a descris cazul drept primul de acest fel \u00een care o persoan\u0103 care ar fi ac\u021bionat la ordinul Rusiei ar fi \u00eencercat s\u0103 atace un cet\u0103\u021bean american pe teritoriul unui alt stat membru NATO. Premierul polonez a avertizat c\u0103 autorit\u0103\u021bile de la Var\u0219ovia se a\u0219teapt\u0103 ca Moscova s\u0103 continue tentativele de a elimina persoane pe care le consider\u0103 indezirabile.<\/p>\n<p>Context tensionat<\/p>\n<p>Cazul apare \u00eentr-un context de securitate tensionat pe flancul estic al NATO, relevant inclusiv pentru Rom\u00e2nia. Polonia, stat membru al Alian\u021bei \u0219i \u021bar\u0103 aflat\u0103 la frontiera cu Rusia, Belarus \u0219i Ucraina, a acuzat \u00een repetate r\u00e2nduri Moscova de opera\u021biuni hibride desf\u0103\u0219urate pe teritoriul s\u0103u dup\u0103 declan\u0219area invaziei la scar\u0103 larg\u0103 asupra Ucrainei, \u00een februarie 2022.<\/p>\n<p>Autorit\u0103\u021bile poloneze au investigat \u00een ultimii ani mai multe cazuri de presupus sabotaj, spionaj \u0219i atacuri cibernetice despre care sus\u021bin c\u0103 au leg\u0103turi cu Rusia. Moscova respinge \u00een mod obi\u0219nuit acuza\u021biile occidentale privind implicarea sa \u00een asemenea opera\u021biuni.<\/p>\n<p>Premierul polonez Donald Tusk a transmis s\u00e2mb\u0103t\u0103 un mesaj ferm de Ziua For\u021belor Armate Poloneze, afirm\u00e2nd c\u0103 Polonia vrea s\u0103 evite r\u0103zboiul, dar c\u0103 acest lucru poate fi garantat doar prin for\u021b\u0103, preg\u0103tire militar\u0103, independen\u021b\u0103 \u0219i suveranitate. Var\u0219ovia vrea astfel s\u0103 de\u021bin\u0103 cea mai mare armat\u0103 din Europa.<\/p>\n<p>Pre\u0219edintele rus Vladimir Putin le-ar fi transmis comandan\u0163ilor militari \u015fi unor \u00eenal\u0163i oficiali ru\u015fi, \u00een cadrul unei reuniuni desf\u0103\u015furate la sf\u00e2r\u015fitul anului 2025, c\u0103 obiectivul pentru 2026 este \u201epr\u0103bu\u015firea NATO \u015fi a Uniunii Europene din interior\u201d, relateaz\u0103 The New York Times, \u00eentr-o ampl\u0103 investiga\u0163ie privind opera\u0163iunile Rusiei.\n<\/p><\/div>\n<p>[analyse_source url=&#8221;https:\/\/60m.ro\/varsovia-propune-o-legiune-europeana-pentru-a-proteja-continentul-de-rusia\/&#8221;]<\/p>\n","protected":false},"excerpt":{"rendered":"<p>[analyse_image type=&#8221;featured&#8221; src=&#8221;https:\/\/60m.ro\/wp-content\/uploads\/2025\/06\/Karol-Nawrocki-polonia-PIS9.webp&#8221;] Vicepremierul \u015fi ministrul polonez de Externe, Rados\u0142aw Sikorski, a subliniat, \u00eentr-un interviu acordat Kathimerini, necesitatea unei integr\u0103ri militare mult mai profunde \u00een\u00a0Europa, inclusiv prin crearea unei \u201eLegiuni\u00a0Europene\u201d permanente, care s\u0103 func\u0163ioneze \u00een completarea NATO, nu \u00een concuren\u0163\u0103 cu Alian\u0163a, relateaz\u0103 News.ro. Avertisment despre Rusia \u015eeful diploma\u0163iei poloneze avertizeaz\u0103 c\u0103 Rusia poart\u0103 deja [&hellip;]<\/p>\n","protected":false},"author":1,"featured_media":0,"comment_status":"open","ping_status":"","sticky":false,"template":"","format":"standard","meta":{"footnotes":""},"categories":[89],"tags":[100,226],"class_list":["post-2096978","post","type-post","status-publish","format-standard","hentry","category-romania","tag-60m-ro","tag-crawlmanager"],"_links":{"self":[{"href":"https:\/\/analyse.optim.biz\/index.php?rest_route=\/wp\/v2\/posts\/2096978","targetHints":{"allow":["GET"]}}],"collection":[{"href":"https:\/\/analyse.optim.biz\/index.php?rest_route=\/wp\/v2\/posts"}],"about":[{"href":"https:\/\/analyse.optim.biz\/index.php?rest_route=\/wp\/v2\/types\/post"}],"author":[{"embeddable":true,"href":"https:\/\/analyse.optim.biz\/index.php?rest_route=\/wp\/v2\/users\/1"}],"replies":[{"embeddable":true,"href":"https:\/\/analyse.optim.biz\/index.php?rest_route=%2Fwp%2Fv2%2Fcomments&post=2096978"}],"version-history":[{"count":0,"href":"https:\/\/analyse.optim.biz\/index.php?rest_route=\/wp\/v2\/posts\/2096978\/revisions"}],"wp:attachment":[{"href":"https:\/\/analyse.optim.biz\/index.php?rest_route=%2Fwp%2Fv2%2Fmedia&parent=2096978"}],"wp:term":[{"taxonomy":"category","embeddable":true,"href":"https:\/\/analyse.optim.biz\/index.php?rest_route=%2Fwp%2Fv2%2Fcategories&post=2096978"},{"taxonomy":"post_tag","embeddable":true,"href":"https:\/\/analyse.optim.biz\/index.php?rest_route=%2Fwp%2Fv2%2Ftags&post=2096978"}],"curies":[{"name":"wp","href":"https:\/\/api.w.org\/{rel}","templated":true}]}}