{"id":2096976,"date":"2026-08-16T14:06:44","date_gmt":"2026-08-16T11:06:44","guid":{"rendered":"https:\/\/analyse.optim.biz\/?p=2096976"},"modified":"2026-08-16T14:06:44","modified_gmt":"2026-08-16T11:06:44","slug":"bucurestenii-vor-avea-probleme-cu-apa-calda-luni-elcen-opreste-cet-grozavesti","status":"publish","type":"post","link":"https:\/\/analyse.optim.biz\/?p=2096976","title":{"rendered":"Bucure\u0219tenii vor avea probleme cu apa cald\u0103 luni. ELCEN opre\u0219te CET Groz\u0103ve\u0219ti"},"content":{"rendered":"<p>[analyse_image type=&#8221;featured&#8221; src=&#8221;https:\/\/60m.ro\/wp-content\/uploads\/2026\/07\/ciprian-ciucu-termoficare.webp&#8221;]<\/p>\n<div class=\"articleBody\" data-key=\"articleBody\">\nElectrocentrale Bucure\u015fti anun\u0163\u0103 oprirea\u00a0CET Groz\u0103ve\u015fti, \u00eencep\u00e2nd de duminic\u0103 seara \u015fi p\u00e2n\u0103 luni la pr\u00e2nz, din cauza unor lucr\u0103ri pe care Apa Nova le va face la re\u0163eaua de alimentare cu ap\u0103. ELCEN a precizat c\u0103 a coordonat manevrele astfel \u00eenc\u00e2t oprirea centralei s\u0103 aib\u0103 loc duminic\u0103 noaptea, la ora 22:00, acoperind intervalul orar cu cel mai sc\u0103zut consum de energie termic\u0103 din s\u0103pt\u0103m\u00e2n\u0103.<\/p>\n<p>CET Groz\u0103ve\u015fti va fi oprit\u0103 de duminic\u0103 seara p\u00e2n\u0103 luni la pr\u00e2nz<\/p>\n<p>\u201eElectrocentrale Bucure\u015fti S.A. (ELCEN) informeaz\u0103 c\u0103 va efectua o oprire temporar\u0103 \u015fi controlat\u0103 a CET Groz\u0103ve\u015fti \u00een noaptea de duminic\u0103, 16 august (ora 22:00), p\u00e2n\u0103 luni, 17 august 2026 (ora 12:00). M\u0103sura este determinat\u0103 \u00een mod direct de o interven\u0163ie extern\u0103: compania Apa Nova Bucure\u015fti a notificat ELCEN cu privire la executarea unor lucr\u0103ri de relocare a debitmetrului de pe bran\u015famentul din Splaiul Independen\u0163ei nr. 227, ac\u0163iune ce presupune sistarea aliment\u0103rii cu ap\u0103 \u00een intervalul duminic\u0103, ora 22:00 \u2013 luni diminea\u0163a, ora 05:00\u201d, au transmis reprezentan\u0163ii Electrocentrale Bucure\u015fti.<\/p>\n<p>Alimentarea cu ap\u0103 este necesar\u0103 pentru procesul tehnologic al centralei<\/p>\n<p>Ei au explicat c\u0103 sursa de ap\u0103 furnizat\u0103 de Apa Nova este absolut necesar\u0103 \u00een procesul de tratare chimic\u0103 pentru ob\u0163inerea apei dedurizate, utilizat\u0103 \u00een circuitul de termoficare pentru prepararea apei calde menajere furnizate via Termoenergetica c\u0103tre consumatorii finali.<\/p>\n<p>\u201eSistarea aliment\u0103rii cu ap\u0103 brut\u0103 pe durata lucr\u0103rilor derulate de Apa Nova \u00eempiedic\u0103 desf\u0103\u015furarea procesului tehnologic, motiv pentru care oprirea temporar\u0103 a echipamentelor ELCEN este o m\u0103sur\u0103 tehnic\u0103 obligatorie\u201d, a transmis sursa citat\u0103.<\/p>\n<p>ELCEN: Oprirea a fost programat\u0103 \u00een intervalul cu cel mai redus consum<\/p>\n<p>Pentru ca impactul asupra locuitorilor Capitalei s\u0103 fie c\u00e2t mai redus, ELCEN a precizat c\u0103 a coordonat manevrele astfel \u00eenc\u00e2t oprirea centralei s\u0103 aib\u0103 loc duminic\u0103 noaptea, la ora 22:00, acoperind intervalul orar cu cel mai sc\u0103zut consum de energie termic\u0103 din s\u0103pt\u0103m\u00e2n\u0103.<\/p>\n<p>\u201eEfectul asupra consumatorilor din zona deservit\u0103 de CET Groz\u0103ve\u015fti va fi minim, const\u00e2nd \u00eentr-o reducere temporar\u0103 a parametrilor apei calde \u00een cursul dimine\u0163ii de luni.<\/p>\n<p>CET Groz\u0103ve\u015fti ar urma s\u0103 revin\u0103 la parametri normali p\u00e2n\u0103 luni la ora 12:00<\/p>\n<p>Echipele ELCEN vor relua imediat alimentarea \u015fi preg\u0103tirea instala\u0163iilor dup\u0103 finalizarea lucr\u0103rilor Apa Nova de luni diminea\u0163\u0103, astfel \u00eenc\u00e2t p\u00e2n\u0103 la ora 12:00, CET Groz\u0103ve\u015fti va reveni la parametrii normali de furnizare\u201d, a mai transmis Electrocentrale Bucure\u015fti.\n<\/p><\/div>\n<p>[analyse_source url=&#8221;https:\/\/60m.ro\/bucurestenii-vor-avea-probleme-cu-apa-calda-luni-elcen-opreste-cet-grozavesti\/&#8221;]<\/p>\n","protected":false},"excerpt":{"rendered":"<p>[analyse_image type=&#8221;featured&#8221; src=&#8221;https:\/\/60m.ro\/wp-content\/uploads\/2026\/07\/ciprian-ciucu-termoficare.webp&#8221;] Electrocentrale Bucure\u015fti anun\u0163\u0103 oprirea\u00a0CET Groz\u0103ve\u015fti, \u00eencep\u00e2nd de duminic\u0103 seara \u015fi p\u00e2n\u0103 luni la pr\u00e2nz, din cauza unor lucr\u0103ri pe care Apa Nova le va face la re\u0163eaua de alimentare cu ap\u0103. ELCEN a precizat c\u0103 a coordonat manevrele astfel \u00eenc\u00e2t oprirea centralei s\u0103 aib\u0103 loc duminic\u0103 noaptea, la ora 22:00, acoperind intervalul [&hellip;]<\/p>\n","protected":false},"author":1,"featured_media":0,"comment_status":"open","ping_status":"","sticky":false,"template":"","format":"standard","meta":{"footnotes":""},"categories":[89],"tags":[100,226],"class_list":["post-2096976","post","type-post","status-publish","format-standard","hentry","category-romania","tag-60m-ro","tag-crawlmanager"],"_links":{"self":[{"href":"https:\/\/analyse.optim.biz\/index.php?rest_route=\/wp\/v2\/posts\/2096976","targetHints":{"allow":["GET"]}}],"collection":[{"href":"https:\/\/analyse.optim.biz\/index.php?rest_route=\/wp\/v2\/posts"}],"about":[{"href":"https:\/\/analyse.optim.biz\/index.php?rest_route=\/wp\/v2\/types\/post"}],"author":[{"embeddable":true,"href":"https:\/\/analyse.optim.biz\/index.php?rest_route=\/wp\/v2\/users\/1"}],"replies":[{"embeddable":true,"href":"https:\/\/analyse.optim.biz\/index.php?rest_route=%2Fwp%2Fv2%2Fcomments&post=2096976"}],"version-history":[{"count":0,"href":"https:\/\/analyse.optim.biz\/index.php?rest_route=\/wp\/v2\/posts\/2096976\/revisions"}],"wp:attachment":[{"href":"https:\/\/analyse.optim.biz\/index.php?rest_route=%2Fwp%2Fv2%2Fmedia&parent=2096976"}],"wp:term":[{"taxonomy":"category","embeddable":true,"href":"https:\/\/analyse.optim.biz\/index.php?rest_route=%2Fwp%2Fv2%2Fcategories&post=2096976"},{"taxonomy":"post_tag","embeddable":true,"href":"https:\/\/analyse.optim.biz\/index.php?rest_route=%2Fwp%2Fv2%2Ftags&post=2096976"}],"curies":[{"name":"wp","href":"https:\/\/api.w.org\/{rel}","templated":true}]}}