{"id":2096975,"date":"2026-08-16T14:00:51","date_gmt":"2026-08-16T11:00:51","guid":{"rendered":"https:\/\/analyse.optim.biz\/?p=2096975"},"modified":"2026-08-16T14:00:51","modified_gmt":"2026-08-16T11:00:51","slug":"scandalul-tanasescu-bolojan-ajunge-oficial-la-senat-biroul-permanent-convocat-pentru-clarificarea-situatiei","status":"publish","type":"post","link":"https:\/\/analyse.optim.biz\/?p=2096975","title":{"rendered":"Scandalul T\u0103n\u0103sescu-Bolojan ajunge oficial la Senat: Biroul Permanent, convocat pentru \u201eclarificarea situa\u021biei\u201d"},"content":{"rendered":"<p>[analyse_image type=&#8221;featured&#8221; src=&#8221;https:\/\/60m.ro\/wp-content\/uploads\/2026\/08\/simina-tanasescu-si-ilie-bolojan-jpg-1280&#215;720-1.jpeg&#8221;]<\/p>\n<div class=\"articleBody\" data-key=\"articleBody\">\nBiroul Permanent al Senatului se va reuni luni, 17 august, de la ora 14.00, pentru \u201eclarificarea situa\u021biei\u201d privind \u00eent\u00e2lnirea dintre pre\u0219edinta Cur\u021bii Constitu\u021bionale,\u00a0Simina T\u0103n\u0103sescu, \u0219i premierul demis\u00a0Ilie Bolojan, potrivit unui anun\u021b transmis duminic\u0103 senatorilor. Reuniunea conducerii Senatului are loc pe fondul scandalului declan\u0219at dup\u0103 dezv\u0103luirea \u00eent\u00e2lnirii neanun\u021bate public, desf\u0103\u0219urat\u0103 chiar \u00een biroul pre\u0219edintelui Senatului, Mircea Abrudean. Cu numai trei ore \u00eenaintea \u0219edin\u021bei Biroului Permanent,\u00a0CCR\u00a0are programat\u0103 reuniunea \u00een care urmeaz\u0103 s\u0103 analizeze Legea integrit\u0103\u021bii \u0219i alte acte normative importante pentru PNRR.<\/p>\n<p>Senatul a anun\u021bat c\u0103 luni, la ora 14.00, va avea loc o \u0219edin\u021b\u0103 a Biroului Permanent av\u00e2nd ca obiect clarificarea situa\u021biei create de \u00eent\u00e2lnirea dintre Simina T\u0103n\u0103sescu \u0219i Ilie Bolojan.<\/p>\n<p>Nu au fost precizate deocamdat\u0103 m\u0103surile concrete care vor fi discutate \u0219i nici dac\u0103 la reuniune vor fi solicitate explica\u021bii din partea pre\u0219edintelui Senatului, Mircea Abrudean, \u00een al c\u0103rui birou a avut loc \u00eentrevederea.<\/p>\n<p>Potrivit Regulamentului Senatului, Biroul Permanent poate invita la lucr\u0103rile sale lideri ai grupurilor parlamentare, pre\u0219edin\u021bi de comisii sau alte persoane atunci c\u00e2nd consider\u0103 necesar \u0219i poate transmite comisiilor permanente diferite probleme spre analiz\u0103.<\/p>\n<p>\u00cent\u00e2lnirea a avut loc chiar \u00een biroul pre\u0219edintelui Senatului<\/p>\n<p>Simina T\u0103n\u0103sescu \u0219i Ilie Bolojan s-au \u00eent\u00e2lnit vineri, 14 august, \u00een biroul pre\u0219edintelui Senatului, Mircea Abrudean.<\/p>\n<p>\u00cent\u00e2lnirea nu fusese anun\u021bat\u0103 public. Potrivit informa\u021biilor ob\u021binute pe surse, aceasta s-a \u00eencheiat \u00een jurul orei 14.30, c\u00e2nd cei doi au fost v\u0103zu\u021bi ie\u0219ind, pe r\u00e2nd, din biroul pre\u0219edintelui Senatului. La momentul dezv\u0103luirii nu existau informa\u021bii privind subiectele discutate. Relatarea privind locul \u00eent\u00e2lnirii \u0219i ie\u0219irea separat\u0103 a celor doi a fost ulterior preluat\u0103 \u0219i de alte publica\u021bii.<\/p>\n<p>Caracterul neanun\u021bat al \u00eentrevederii a generat o serie de reac\u021bii politice \u0219i din sistemul judiciar, \u00een special din cauza momentului ales: cu trei zile \u00eenaintea unei \u0219edin\u021be importante a Cur\u021bii Constitu\u021bionale.<\/p>\n<p>La ora 11.00 se reune\u0219te CCR, la 14.00 se \u00eentrune\u0219te conducerea Senatului<\/p>\n<p>Luni se anun\u021b\u0103 astfel o zi tensionat\u0103 at\u00e2t la CCR, c\u00e2t \u0219i la Senat. Curtea Constitu\u021bional\u0103 are programat\u0103 pentru 17 august \u0219edin\u021ba \u00een care figureaz\u0103 pe ordinea de zi, \u00eentre altele, dosarele referitoare la modific\u0103rile legislative din domeniul integrit\u0103\u021bii. Una dintre obiec\u021bii a fost formulat\u0103 de 27 de senatori apar\u021bin\u00e2nd grupurilor parlamentare care au contestat actul normativ.<\/p>\n<p>La numai c\u00e2teva ore dup\u0103 \u0219edin\u021ba Cur\u021bii, de la ora 14.00, membrii Biroului Permanent al Senatului se vor reuni pentru a analiza \u00eemprejur\u0103rile \u00eent\u00e2lnirii dintre \u0219efa CCR \u0219i premierul demis.<\/p>\n<p>Legea integrit\u0103\u021bii are o miz\u0103 politic\u0103 important\u0103, inclusiv prin prevederile referitoare la consecin\u021bele constat\u0103rilor definitive ale Agen\u021biei Na\u021bionale de Integritate. \u00cen disputa politic\u0103, una dintre prevederi a fost legat\u0103 direct de situa\u021bia primarului Timi\u0219oarei \u0219i liderului USR, Dominic Fritz.<\/p>\n<p>Un element suplimentar \u00eel reprezint\u0103 faptul c\u0103 printre autorii sesiz\u0103rii de neconstitu\u021bionalitate se num\u0103r\u0103 parlamentari PNL, partid condus de Ilie Bolojan.<\/p>\n<p>Reac\u021bia Siminei T\u0103n\u0103sescu nu a negat \u00eent\u00e2lnirea<\/p>\n<p>Curtea Constitu\u021bional\u0103 a reac\u021bionat s\u00e2mb\u0103t\u0103 la informa\u021biile ap\u0103rute \u00een pres\u0103. Precizarea transmis\u0103 \u00een numele Siminei T\u0103n\u0103sescu nu neag\u0103 existen\u021ba \u00eent\u00e2lnirii cu Ilie Bolojan, dar respinge categoric ipoteza c\u0103 ar fi fost discutate dosare aflate pe rolul Cur\u021bii.<\/p>\n<p>CCR a transmis c\u0103 pre\u0219edinta institu\u021biei \u201erespinge ferm \u0219i categoric orice specula\u021bie\u201d privind discutarea \u00een afara cadrului legal a cauzelor aflate pe rol.<\/p>\n<p>Comunicatul nu explic\u0103 \u00eens\u0103 motivul \u00eent\u00e2lnirii, cine a ini\u021biat-o, de ce a fost ales biroul pre\u0219edintelui Senatului \u0219i care au fost subiectele abordate. Reac\u021bia CCR nu neag\u0103 faptul c\u0103 \u00eentrevederea a avut loc.<\/p>\n<p>Tudorel Toader: \u201e\u00cent\u00e2lnirea nu este una uzual\u0103\u201d<\/p>\n<p>Fostul judec\u0103tor CCR Tudorel Toader a apreciat c\u0103 simpla \u00eentrevedere nu produce consecin\u021be juridice, deoarece legea nu interzice asemenea contacte, dar a atras aten\u021bia asupra cadrului \u0219i momentului \u00een care acestea au loc.<\/p>\n<p>Toader a declarat c\u0103 \u00eent\u00e2lnirea \u201enu este una uzual\u0103\u201d, av\u00e2nd \u00een vedere apropierea unor decizii importante cu impact at\u00e2t juridic, c\u00e2t \u0219i politic. Fostul judec\u0103tor CCR a subliniat c\u0103 dialogul \u00eentre institu\u021bii exist\u0103, dar \u00een mod normal se desf\u0103\u0219oar\u0103 pe baza unei agende \u0219i \u00eentr-un cadru institu\u021bional cunoscut public.<\/p>\n<p>El a atras aten\u021bia \u0219i asupra problemei de imagine produse de \u00eent\u00e2lnire, afirm\u00e2nd c\u0103 percep\u021bia public\u0103 asupra unei asemenea \u00eentrevederi nu este una favorabil\u0103.<\/p>\n<p>Critici inclusiv din partea unor judec\u0103tori<\/p>\n<p>Controversa a generat reac\u021bii \u0219i \u00een magistratur\u0103. Bogdan Mateescu, fost pre\u0219edinte al CSM \u0219i actual pre\u0219edinte al Cur\u021bii de Apel Pite\u0219ti, a afirmat c\u0103 Simina T\u0103n\u0103sescu este datoare cu explica\u021bii publice \u0219i c\u0103 momentul \u00eentrevederii, raportat la deciziile pe care CCR urmeaz\u0103 s\u0103 le adopte, \u201enu ajut\u0103 deloc\u201d.<\/p>\n<p>Judec\u0103torii Alin Ene \u0219i Claudiu Dr\u0103gu\u0219in, membri ai CSM, au criticat la r\u00e2ndul lor situa\u021bia, invoc\u00e2nd independen\u021ba justi\u021biei, separa\u021bia puterilor \u0219i necesitatea men\u021binerii acelora\u0219i standarde indiferent de actorii politici implica\u021bi.<\/p>\n<p>\u00cen plan politic, PSD, AUR \u0219i Grupul parlamentar PACE \u2013 \u00cent\u00e2i Rom\u00e2nia au cerut explica\u021bii privind \u00eentrevederea, iar PACE a solicitat inclusiv o anchet\u0103 parlamentar\u0103.<\/p>\n<p>Regulamentul Senatului prevede c\u0103 o comisie permanent\u0103 poate ini\u021bia, \u00een limitele competen\u021belor sale, o anchet\u0103 parlamentar\u0103 cu aprobarea Senatului. De asemenea, la cererea unei treimi dintre senatori, plenul poate hot\u0103r\u00ee constituirea unei comisii de anchet\u0103.<\/p>\n<p>R\u0103m\u00e2ne de v\u0103zut dac\u0103 \u0219edin\u021ba Biroului Permanent de luni va conduce la un asemenea demers sau va avea exclusiv rolul de a ob\u021bine informa\u021bii \u0219i explica\u021bii privind folosirea biroului pre\u0219edintelui Senatului pentru \u00eent\u00e2lnirea dintre Bolojan \u0219i T\u0103n\u0103sescu.<\/p>\n<p>Precedentul Simina T\u0103n\u0103sescu din 2018<\/p>\n<p>\u00cen centrul dezbaterii a revenit \u0219i un episod din 2018. Simina T\u0103n\u0103sescu era atunci consilier preziden\u021bial al lui Klaus Iohannis \u0219i s-a \u00eent\u00e2lnit cu judec\u0103torul CCR Petre L\u0103z\u0103roiu, \u00een contextul unei controverse privind mandatul acestuia la Curte.<\/p>\n<p>T\u0103n\u0103sescu a demisionat ulterior din func\u021bia de consilier preziden\u021bial. Administra\u021bia Preziden\u021bial\u0103 a negat atunci existen\u021ba unor presiuni asupra judec\u0103torului constitu\u021bional, dar a justificat plecarea inclusiv prin necesitatea elimin\u0103rii suspiciunilor publice privind o posibil\u0103 imixtiune \u00een activitatea CCR.<\/p>\n<p>Opt ani mai t\u00e2rziu, Simina T\u0103n\u0103sescu se afl\u0103 de cealalt\u0103 parte a raportului institu\u021bional: conduce Curtea Constitu\u021bional\u0103, iar controversa prive\u0219te \u00eent\u00e2lnirea sa neanun\u021bat\u0103 cu \u0219eful Executivului \u0219i liderul PNL, chiar \u00eenaintea solu\u021bion\u0103rii unor sesiz\u0103ri \u00een care parlamentari ai partidului condus de Bolojan sunt implica\u021bi.\n<\/p><\/div>\n<p>[analyse_source url=&#8221;https:\/\/60m.ro\/scandalul-tanasescu-bolojan-ajunge-oficial-la-senat-biroul-permanent-convocat-pentru-clarificarea-situatiei\/&#8221;]<\/p>\n","protected":false},"excerpt":{"rendered":"<p>[analyse_image type=&#8221;featured&#8221; src=&#8221;https:\/\/60m.ro\/wp-content\/uploads\/2026\/08\/simina-tanasescu-si-ilie-bolojan-jpg-1280&#215;720-1.jpeg&#8221;] Biroul Permanent al Senatului se va reuni luni, 17 august, de la ora 14.00, pentru \u201eclarificarea situa\u021biei\u201d privind \u00eent\u00e2lnirea dintre pre\u0219edinta Cur\u021bii Constitu\u021bionale,\u00a0Simina T\u0103n\u0103sescu, \u0219i premierul demis\u00a0Ilie Bolojan, potrivit unui anun\u021b transmis duminic\u0103 senatorilor. Reuniunea conducerii Senatului are loc pe fondul scandalului declan\u0219at dup\u0103 dezv\u0103luirea \u00eent\u00e2lnirii neanun\u021bate public, desf\u0103\u0219urat\u0103 chiar \u00een biroul [&hellip;]<\/p>\n","protected":false},"author":1,"featured_media":0,"comment_status":"open","ping_status":"","sticky":false,"template":"","format":"standard","meta":{"footnotes":""},"categories":[89],"tags":[100,226],"class_list":["post-2096975","post","type-post","status-publish","format-standard","hentry","category-romania","tag-60m-ro","tag-crawlmanager"],"_links":{"self":[{"href":"https:\/\/analyse.optim.biz\/index.php?rest_route=\/wp\/v2\/posts\/2096975","targetHints":{"allow":["GET"]}}],"collection":[{"href":"https:\/\/analyse.optim.biz\/index.php?rest_route=\/wp\/v2\/posts"}],"about":[{"href":"https:\/\/analyse.optim.biz\/index.php?rest_route=\/wp\/v2\/types\/post"}],"author":[{"embeddable":true,"href":"https:\/\/analyse.optim.biz\/index.php?rest_route=\/wp\/v2\/users\/1"}],"replies":[{"embeddable":true,"href":"https:\/\/analyse.optim.biz\/index.php?rest_route=%2Fwp%2Fv2%2Fcomments&post=2096975"}],"version-history":[{"count":0,"href":"https:\/\/analyse.optim.biz\/index.php?rest_route=\/wp\/v2\/posts\/2096975\/revisions"}],"wp:attachment":[{"href":"https:\/\/analyse.optim.biz\/index.php?rest_route=%2Fwp%2Fv2%2Fmedia&parent=2096975"}],"wp:term":[{"taxonomy":"category","embeddable":true,"href":"https:\/\/analyse.optim.biz\/index.php?rest_route=%2Fwp%2Fv2%2Fcategories&post=2096975"},{"taxonomy":"post_tag","embeddable":true,"href":"https:\/\/analyse.optim.biz\/index.php?rest_route=%2Fwp%2Fv2%2Ftags&post=2096975"}],"curies":[{"name":"wp","href":"https:\/\/api.w.org\/{rel}","templated":true}]}}