{"id":2096973,"date":"2026-08-17T09:09:36","date_gmt":"2026-08-17T06:09:36","guid":{"rendered":"https:\/\/analyse.optim.biz\/?p=2096973"},"modified":"2026-08-17T09:09:36","modified_gmt":"2026-08-17T06:09:36","slug":"ce-spunea-ioana-ene-dogioiu-purtatoarea-de-cuvant-a-lui-bolojan-cand-era-in-presa-despre-intalnirile-dintre-politicieni-si-membrii-ccr-dogioiu-era-scandalizata-azi-e-doar-tacuta","status":"publish","type":"post","link":"https:\/\/analyse.optim.biz\/?p=2096973","title":{"rendered":"Ce spunea Ioana Ene Dogioiu, purt\u0103toarea de cuv\u00e2nt a lui Bolojan, c\u00e2nd era \u00een pres\u0103, despre \u00eent\u00e2lnirile dintre politicieni \u0219i membrii CCR. Dogioiu era \u201cscandalizat\u0103\u201d, azi e doar t\u0103cut\u0103"},"content":{"rendered":"<p>[analyse_image type=&#8221;featured&#8221; src=&#8221;https:\/\/60m.ro\/wp-content\/uploads\/2026\/08\/https___www.gandul.ro_wp-content_uploads_2026_08_bolojan-dogiuoiu-jpg-1280&#215;720-1.webp&#8221;]<\/p>\n<div class=\"articleBody\" data-key=\"articleBody\">\n\u00cent\u00e2lnirea dintre premierul demis Ilie Bolojan \u0219i pre\u0219edintele CCR, Simina T\u0103n\u0103sescu,\u00a0a st\u00e2rnit un scandal uria\u0219,\u00a0\u00eens\u0103 p\u00e2n\u0103 la aceast\u0103 or\u0103 nu a existat nicio luare de pozi\u021bie din partea Guvernului, pe acest subiect. Dac\u0103 acum nu a avut nimic de spus, \u00een urm\u0103 cu opt ani, purt\u0103toarea de cuv\u00e2nt a Guvernului, Ioana Ene Dogioiu, avea p\u0103reri ferme despre \u00eent\u00e2lnirile dintre politicieni \u0219i membrii CCR raportori pe anumite spe\u021be cu miz\u0103 politic\u0103.<\/p>\n<p>\u00centr-un text intitulat \u201eFarsa de la CCR. Anexa PSD\u201d, Ioana Ene Dogioiu, actuala purt\u0103toare de cuv\u00e2nt a Guvernului, scria \u00een 2018, pe c\u00e2nd lucra \u00een pres\u0103, c\u0103 \u201eceea ce s-a \u00eent\u00e2mplat la CCR cu Legea 304\/2018 nu este o cenzur\u0103 constitu\u021bional\u0103 autentic\u0103, ci, de fapt, binecuv\u00e2ntarea de c\u0103tre majoritatea de 8 judec\u0103tori, minus Livia Stanciu care a f\u0103cut opinie separat\u0103, a celor mai mari nenorociri din aceast\u0103 reglementare, o palm\u0103 dat\u0103 de 8 oameni, \u00een frunte cu Daniel Morar, raportor \u00een acest caz, drept \u00een obrazul magistra\u021bilor din aceast\u0103 \u021bar\u0103, \u00eencep\u00e2nd cu \u00cenalta Curte de Casa\u021bie \u0219i Justi\u021bie\u201d.<\/p>\n<p>De amintit c\u0103 Legea 304\/2018 la care se face referire \u00een text privea organizarea judiciar\u0103. Modific\u0103rile din 2018 au creat sec\u021bia special\u0103 pentru anchetarea magistra\u021bilor, structur\u0103 care a fost ulterior desfiin\u021bat\u0103.<\/p>\n<p>\u201eNu \u0219tiu dac\u0103 e o \u00eent\u00e2mplare sau nu, fiecare trage propriile concluzii, dar este un fapt c\u0103 \u00een decembrie Daniel Morar, raportorul \u00een cazul Legii 304, \u0219i Florin Iordache au fost fotografia\u021bi \u00een timp ce discutau, aparent foarte relaxa\u021bi \u0219i amical, la mas\u0103. La fel de scandalos mi se pare faptul c\u0103 CCR a refuzat sesizarea Comisiei de la Vene\u021bia \u00een privin\u021ba Legilor Justi\u021biei\u201d, ad\u0103uga Ioana Dogioiu.<\/p>\n<p>A\u0219adar, \u00eent\u00e2lnirea de atunci Iordache-Morar era \u201escandaloas\u0103\u201d, \u00een timp ce \u00eent\u00e2lnirea de acum Bolojan \u2013 T\u0103n\u0103sescu nu a necesitat niciun punct de vedere din partea Guvernului.<\/p>\n<p>De altfel, acela\u0219i dublu standard se observ\u0103 \u0219i \u00een abordarea PNL \u0219i USR.<\/p>\n<\/div>\n<p>[analyse_source url=&#8221;https:\/\/60m.ro\/ce-spunea-ioana-ene-dogioiu-purtatoarea-de-cuvant-a-lui-bolojan-cand-era-in-presa-despre-intalnirile-dintre-politicieni-si-membrii-ccr-dogioiu-era-scandalizata-azi-e-doar-tacuta\/&#8221;]<\/p>\n","protected":false},"excerpt":{"rendered":"<p>[analyse_image type=&#8221;featured&#8221; src=&#8221;https:\/\/60m.ro\/wp-content\/uploads\/2026\/08\/https___www.gandul.ro_wp-content_uploads_2026_08_bolojan-dogiuoiu-jpg-1280&#215;720-1.webp&#8221;] \u00cent\u00e2lnirea dintre premierul demis Ilie Bolojan \u0219i pre\u0219edintele CCR, Simina T\u0103n\u0103sescu,\u00a0a st\u00e2rnit un scandal uria\u0219,\u00a0\u00eens\u0103 p\u00e2n\u0103 la aceast\u0103 or\u0103 nu a existat nicio luare de pozi\u021bie din partea Guvernului, pe acest subiect. Dac\u0103 acum nu a avut nimic de spus, \u00een urm\u0103 cu opt ani, purt\u0103toarea de cuv\u00e2nt a Guvernului, Ioana Ene [&hellip;]<\/p>\n","protected":false},"author":1,"featured_media":0,"comment_status":"open","ping_status":"","sticky":false,"template":"","format":"standard","meta":{"footnotes":""},"categories":[89],"tags":[100,226],"class_list":["post-2096973","post","type-post","status-publish","format-standard","hentry","category-romania","tag-60m-ro","tag-crawlmanager"],"_links":{"self":[{"href":"https:\/\/analyse.optim.biz\/index.php?rest_route=\/wp\/v2\/posts\/2096973","targetHints":{"allow":["GET"]}}],"collection":[{"href":"https:\/\/analyse.optim.biz\/index.php?rest_route=\/wp\/v2\/posts"}],"about":[{"href":"https:\/\/analyse.optim.biz\/index.php?rest_route=\/wp\/v2\/types\/post"}],"author":[{"embeddable":true,"href":"https:\/\/analyse.optim.biz\/index.php?rest_route=\/wp\/v2\/users\/1"}],"replies":[{"embeddable":true,"href":"https:\/\/analyse.optim.biz\/index.php?rest_route=%2Fwp%2Fv2%2Fcomments&post=2096973"}],"version-history":[{"count":0,"href":"https:\/\/analyse.optim.biz\/index.php?rest_route=\/wp\/v2\/posts\/2096973\/revisions"}],"wp:attachment":[{"href":"https:\/\/analyse.optim.biz\/index.php?rest_route=%2Fwp%2Fv2%2Fmedia&parent=2096973"}],"wp:term":[{"taxonomy":"category","embeddable":true,"href":"https:\/\/analyse.optim.biz\/index.php?rest_route=%2Fwp%2Fv2%2Fcategories&post=2096973"},{"taxonomy":"post_tag","embeddable":true,"href":"https:\/\/analyse.optim.biz\/index.php?rest_route=%2Fwp%2Fv2%2Ftags&post=2096973"}],"curies":[{"name":"wp","href":"https:\/\/api.w.org\/{rel}","templated":true}]}}