{"id":209693,"date":"2014-03-12T16:38:53","date_gmt":"2014-03-12T13:38:53","guid":{"rendered":"https:\/\/analyse.optim.biz\/?p=209693"},"modified":"2014-03-12T16:38:53","modified_gmt":"2014-03-12T13:38:53","slug":"ani-32-de-parlamentari-sunt-incompatibili-patru-dintre-ei-suspectati-si-de-fals-in-declaratii","status":"publish","type":"post","link":"https:\/\/analyse.optim.biz\/?p=209693","title":{"rendered":"ANI: 32 de parlamentari sunt incompatibili. Patru dintre ei, suspecta\u021bi \u0219i de fals \u00een declara\u021bii"},"content":{"rendered":"<div class=\"entry data-app-meta data-app-meta-article\" data-embed-base-url-canonical=\"https:\/\/www.digi24.ro\/embed\/stiri\/actualitate\/politica\/ani-32-de-parlamentari-sunt-incompatibili-patru-dintre-ei-suspectati-si-de-fals-in-declaratii-213571\">\n<p data-index=\"1\"><img decoding=\"async\" src=\"https:\/\/analyse.optim.biz\/wp-content\/uploads\/2024\/09\/jmhhc2g9njm0mwu0ndhintnkogexodc4nwu3oge3njfhnwe3zjq-thumb_.jpg\" data-skip-htmlfix=\"1\" title=\"jmhhc2g9njm0mwu0ndhintnkogexodc4nwu3oge3njfhnwe3zjq-thumb_\"><\/p>\n<p data-index=\"2\"><strong>Foto: Mediafax<\/strong><\/p>\n<p data-index=\"3\">\u00cen ceea ce prive\u0219te incompatibilitatea, inspectorii de integritate au constatat c\u0103 cei 32 de parlamentari au ocupat \u00een timpul mandatului \u0219i func\u021biile de administrator, membru \u00een consiliul de administra\u021bie al unor compannii, comercian\u021bi sau reprezentan\u021bi ai statului \u00een adun\u0103rile generale ale unor companii, lucru interzis de legea privind statutul deputa\u021bilor \u0219i senatorilor.<\/p>\n<p data-index=\"4\">Parlamentarii care sunt suspecta\u021bi de fals \u00een declara\u021bii nu au men\u021bionat \u00een declara\u021biile de interese calit\u0103\u021bile \u0219i func\u021biile de\u021binute.<\/p>\n<p data-index=\"5\">\u00cen cazul parlamentarilor viza\u021bi de ANI a fost sesizat Parchetul de pe l\u00e2ng\u0103 \u00cenalta Curte de Casa\u021bie \u0219i Justi\u021bie.<\/p>\n<p data-index=\"6\">Cei 32 de deputa\u021bi \u0219i senatori au la dispozi\u021bie 45 de zile pentru a contesta rapoartele ANI. \u00cen caz contrar, decizia r\u0103m\u00e2ne definitiv\u0103, iar ale\u0219ii ar urma s\u0103-\u0219i piard\u0103 mandatele \u0219i s\u0103 nu mai poat\u0103 ocupa func\u021bii publice timp de trei ani.<\/p>\n<p data-index=\"7\">Pe lista ANI se afl\u0103 \u0219i parlamentari mai pu\u021bin cunoscu\u021bi, dar \u0219i nume sonore. Printre ace\u0219tia \u2013 fostul premier <strong>Petre Roman<\/strong>, \u00een prezent deputat PNL, senatorii PNL<strong> Sebastian Grap\u0103<\/strong> \u0219i<strong> Petru Ehegartner <\/strong>sau\u00a0deputatul PNL <strong>Sorin Ilie\u0219iu<\/strong>. De altfel, 15 dintre parlamentarii acuza\u021bi de incompatibilitate fac parte din PNL.<\/p>\n<p data-index=\"8\">\u00centreaga list\u0103 a parlamentarilor incompatibili este disponibil\u0103 pe <a href=\"http:\/\/www.integritate.eu\/2097\/section.aspx\/3871\" target=\"_blank\" data-skip-linkfix=\"1\" rel=\"noopener\">site-ul Agen\u021biei Na\u021bionale de Integritate<\/a>.<\/p>\n<\/div>\n<p> Source URL: https:\/\/www.digi24.ro\/stiri\/actualitate\/politica\/ani-32-de-parlamentari-sunt-incompatibili-patru-dintre-ei-suspectati-si-de-fals-in-declaratii-213571<\/p>\n","protected":false},"excerpt":{"rendered":"<p>Foto: Mediafax \u00cen ceea ce prive\u0219te incompatibilitatea, inspectorii de integritate au constatat c\u0103 cei 32 de parlamentari au ocupat \u00een timpul mandatului \u0219i func\u021biile de administrator, membru \u00een consiliul de administra\u021bie al unor compannii, comercian\u021bi sau reprezentan\u021bi ai statului \u00een adun\u0103rile generale ale unor companii, lucru interzis de legea privind statutul deputa\u021bilor \u0219i senatorilor. Parlamentarii [&hellip;]<\/p>\n","protected":false},"author":1,"featured_media":209694,"comment_status":"open","ping_status":"","sticky":false,"template":"","format":"standard","meta":{"footnotes":""},"categories":[2],"tags":[11],"class_list":["post-209693","post","type-post","status-publish","format-standard","has-post-thumbnail","hentry","category-politics","tag-digi24"],"_links":{"self":[{"href":"https:\/\/analyse.optim.biz\/index.php?rest_route=\/wp\/v2\/posts\/209693","targetHints":{"allow":["GET"]}}],"collection":[{"href":"https:\/\/analyse.optim.biz\/index.php?rest_route=\/wp\/v2\/posts"}],"about":[{"href":"https:\/\/analyse.optim.biz\/index.php?rest_route=\/wp\/v2\/types\/post"}],"author":[{"embeddable":true,"href":"https:\/\/analyse.optim.biz\/index.php?rest_route=\/wp\/v2\/users\/1"}],"replies":[{"embeddable":true,"href":"https:\/\/analyse.optim.biz\/index.php?rest_route=%2Fwp%2Fv2%2Fcomments&post=209693"}],"version-history":[{"count":0,"href":"https:\/\/analyse.optim.biz\/index.php?rest_route=\/wp\/v2\/posts\/209693\/revisions"}],"wp:featuredmedia":[{"embeddable":true,"href":"https:\/\/analyse.optim.biz\/index.php?rest_route=\/wp\/v2\/media\/209694"}],"wp:attachment":[{"href":"https:\/\/analyse.optim.biz\/index.php?rest_route=%2Fwp%2Fv2%2Fmedia&parent=209693"}],"wp:term":[{"taxonomy":"category","embeddable":true,"href":"https:\/\/analyse.optim.biz\/index.php?rest_route=%2Fwp%2Fv2%2Fcategories&post=209693"},{"taxonomy":"post_tag","embeddable":true,"href":"https:\/\/analyse.optim.biz\/index.php?rest_route=%2Fwp%2Fv2%2Ftags&post=209693"}],"curies":[{"name":"wp","href":"https:\/\/api.w.org\/{rel}","templated":true}]}}