{"id":209690,"date":"2014-03-12T17:07:51","date_gmt":"2014-03-12T14:07:51","guid":{"rendered":"https:\/\/analyse.optim.biz\/?p=209690"},"modified":"2014-03-12T17:07:51","modified_gmt":"2014-03-12T14:07:51","slug":"crin-antonescu-nu-exclude-candidatura-lui-klaus-iohannis-la-prezidentiale","status":"publish","type":"post","link":"https:\/\/analyse.optim.biz\/?p=209690","title":{"rendered":"Crin Antonescu nu exclude candidatura lui Klaus Iohannis la preziden\u021biale"},"content":{"rendered":"<div class=\"entry data-app-meta data-app-meta-article\" data-embed-base-url-canonical=\"https:\/\/www.digi24.ro\/embed\/stiri\/actualitate\/politica\/crin-antonescu-nu-exclude-candidatura-lui-klaus-iohannis-la-prezidentiale-213591\">\n<p data-index=\"1\"><img decoding=\"async\" src=\"https:\/\/analyse.optim.biz\/wp-content\/uploads\/2024\/09\/anbnjnc9odawjmhhc2g9yju3mjqyytczm2eymgvlzdq2yzrjnjdhodflowiwntk-thumb_.jpg\" data-skip-htmlfix=\"1\" title=\"anbnjnc9odawjmhhc2g9yju3mjqyytczm2eymgvlzdq2yzrjnjdhodflowiwntk-thumb_\"><\/p>\n<p data-index=\"2\"><em><strong>Foto: Facebook<\/strong><\/em><\/p>\n<p data-index=\"3\">Crin Antonescu a fost \u00eentrebat, <a href=\"http:\/\/adevarul.ro\/arhiva-live\/news\/eveniment\/crin-antonescu-vorbeste-despre-viitorul-pnl--8_532047cc0d133766a8d5ba17\/index.html\" target=\"_blank\" data-skip-linkfix=\"1\" rel=\"noopener\"><strong>la\u00a0Adev\u0103rul Live<\/strong><\/a>, dac\u0103 liberalii analizeaz\u0103 posibilitatea unui schimb de candidatur\u0103 la preziden\u0163iale, pe modelul B\u0103sescu &#8211; Stolojan \u00een 2004, astfel \u00eenc\u00e2t\u00a0Klaus Iohannis\u00a0s\u0103 intre \u00een cursa pentru Cotroceni din partea PNL, informeaz\u0103 Mediafax.<\/p>\n<p data-index=\"4\">\u201eEvident c\u0103, dac\u0103 s-ar lua o asemenea decizie \u00een partid, nu a\u015f avea dec\u00e2t s\u0103 o respect. Dar sunt foarte multe elemente care fac &#8211; s\u0103 nu zicem imposibil &#8211; dar foarte pu\u0163in probabil\u0103 o asemenea variant\u0103. Unu, nici eu, nici Klaus Iohannis, nici noi \u00een PNL \u00een\u00a0general\u00a0nu confund\u0103m ceea ce de un an de zile s-a practicat, \u015fi anume scorul de \u00eencredere al cuiva cu inten\u0163ia de vot, la o adic\u0103, la preziden\u0163iale\u201d, a spus pre\u0219edintele liberal.<\/p>\n<p data-index=\"5\">\u201eKlaus Iohannis are una dintre cele mai mari cote de \u00eencredere, \u00een continuare cota lui, cel pu\u0163in pe cercet\u0103rile noastre a sporit u\u015for, nu a fost afectat\u0103 de conflictul cumva \u015fi \u00een jurul prezen\u0163ei lui \u00een Guvern, care a dus la ob\u015ftescul sf\u00e2r\u015fit al USL. Dar nu \u015ftim care ar fi inten\u0163ia de vot pentru <strong>Klaus Iohannis<\/strong> candidat la Pre\u015fedin\u0163ie, Klaus Iohannis nu are chestiunea asta \u00een agend\u0103\u201d, a declarat <strong>Crin Antonescu<\/strong>.<\/p>\n<p data-index=\"6\">De asemenea, liderul PNL a precizat c\u0103 nu este exclus un astfel de scenariu care s\u0103 conduc\u0103 la candidatura lui Iohannis.<\/p>\n<p data-index=\"7\">\u201eSigur c\u0103, dac\u0103 ajungem \u00een situa\u0163ia \u00een care suntem \u00een preg\u0103tirea preziden\u0163ialelor \u015fi vedem c\u0103 \u00een inten\u0163ie de vot la Pre\u015fedin\u0163ie Klaus Iohannis are \u00een mod clar, semnificativ mai mult dec\u00e2t mine, sigur c\u0103 orice partid se g\u00e2nde\u015fte \u015fi eu primul, ca pre\u015fedinte de partid m\u0103 g\u00e2ndesc: hai s\u0103 mergem cu cel care are mai multe \u015fanse. Nu e deloc scopul vie\u0163ii mele, nici m\u0103car scopul vie\u0163ii mele politice Pre\u015fedin\u0163ia cu orice pre\u0163\u201d, a mai spus pre\u015fedintele PNL. \u00a0<\/p>\n<\/div>\n<p> Source URL: https:\/\/www.digi24.ro\/stiri\/actualitate\/politica\/crin-antonescu-nu-exclude-candidatura-lui-klaus-iohannis-la-prezidentiale-213591<\/p>\n","protected":false},"excerpt":{"rendered":"<p>Foto: Facebook Crin Antonescu a fost \u00eentrebat, la\u00a0Adev\u0103rul Live, dac\u0103 liberalii analizeaz\u0103 posibilitatea unui schimb de candidatur\u0103 la preziden\u0163iale, pe modelul B\u0103sescu &#8211; Stolojan \u00een 2004, astfel \u00eenc\u00e2t\u00a0Klaus Iohannis\u00a0s\u0103 intre \u00een cursa pentru Cotroceni din partea PNL, informeaz\u0103 Mediafax. \u201eEvident c\u0103, dac\u0103 s-ar lua o asemenea decizie \u00een partid, nu a\u015f avea dec\u00e2t s\u0103 o [&hellip;]<\/p>\n","protected":false},"author":1,"featured_media":209691,"comment_status":"open","ping_status":"","sticky":false,"template":"","format":"standard","meta":{"footnotes":""},"categories":[2],"tags":[11],"class_list":["post-209690","post","type-post","status-publish","format-standard","has-post-thumbnail","hentry","category-politics","tag-digi24"],"_links":{"self":[{"href":"https:\/\/analyse.optim.biz\/index.php?rest_route=\/wp\/v2\/posts\/209690","targetHints":{"allow":["GET"]}}],"collection":[{"href":"https:\/\/analyse.optim.biz\/index.php?rest_route=\/wp\/v2\/posts"}],"about":[{"href":"https:\/\/analyse.optim.biz\/index.php?rest_route=\/wp\/v2\/types\/post"}],"author":[{"embeddable":true,"href":"https:\/\/analyse.optim.biz\/index.php?rest_route=\/wp\/v2\/users\/1"}],"replies":[{"embeddable":true,"href":"https:\/\/analyse.optim.biz\/index.php?rest_route=%2Fwp%2Fv2%2Fcomments&post=209690"}],"version-history":[{"count":0,"href":"https:\/\/analyse.optim.biz\/index.php?rest_route=\/wp\/v2\/posts\/209690\/revisions"}],"wp:featuredmedia":[{"embeddable":true,"href":"https:\/\/analyse.optim.biz\/index.php?rest_route=\/wp\/v2\/media\/209691"}],"wp:attachment":[{"href":"https:\/\/analyse.optim.biz\/index.php?rest_route=%2Fwp%2Fv2%2Fmedia&parent=209690"}],"wp:term":[{"taxonomy":"category","embeddable":true,"href":"https:\/\/analyse.optim.biz\/index.php?rest_route=%2Fwp%2Fv2%2Fcategories&post=209690"},{"taxonomy":"post_tag","embeddable":true,"href":"https:\/\/analyse.optim.biz\/index.php?rest_route=%2Fwp%2Fv2%2Ftags&post=209690"}],"curies":[{"name":"wp","href":"https:\/\/api.w.org\/{rel}","templated":true}]}}