{"id":2096876,"date":"2026-08-16T23:30:00","date_gmt":"2026-08-16T20:30:00","guid":{"rendered":"https:\/\/analyse.optim.biz\/?p=2096876"},"modified":"2026-08-16T23:30:00","modified_gmt":"2026-08-16T20:30:00","slug":"caldura-pana-deseara-apoi-furtuni-si-grindina-urmate-de-un-nou-val-de-canicula-temperaturile-scad-cu-10-grade","status":"publish","type":"post","link":"https:\/\/analyse.optim.biz\/?p=2096876","title":{"rendered":"C\u0103ldur\u0103 p\u00e2n\u0103 desear\u0103, apoi furtuni \u0219i grindin\u0103, urmate de un nou val de canicul\u0103. Temperaturile scad cu 10 grade"},"content":{"rendered":"<p>[analyse_image type=&#8221;featured&#8221; src=&#8221;&#8221;]<\/p>\n<div class=\"tdb-block-inner td-fix-index\"><a class=\"tdb-logo-a\" href=\"https:\/\/www.monitoruldevaslui.ro\/\"><span class=\"tdb-logo-img-wrap\"><img decoding=\"async\" class=\"tdb-logo-img td-retina-data\" data-retina=\"https:\/\/www.monitoruldevaslui.ro\/wp-content\/uploads\/2025\/07\/Monitorul-logo-motto-2.png\" src=\"https:\/\/www.monitoruldevaslui.ro\/wp-content\/uploads\/2025\/07\/Monitorul-logo-motto-2.png\" alt=\"Logo\" title><\/span><span class=\"tdb-logo-text-wrap\"><span class=\"tdb-logo-text-title\">News<\/span><span class=\"tdb-logo-text-tagline\">Hub<\/span><\/span><\/a><\/div>\n<div class=\"tdb-block-inner td-fix-index\"><a class=\"tdb-logo-a\" href=\"https:\/\/www.monitoruldevaslui.ro\/\"><span class=\"tdb-logo-img-wrap\"><img decoding=\"async\" class=\"tdb-logo-img td-retina-data\" data-retina=\"https:\/\/www.monitoruldevaslui.ro\/wp-content\/uploads\/2025\/07\/Monitorul-logo-motto-2.png\" src=\"https:\/\/www.monitoruldevaslui.ro\/wp-content\/uploads\/2025\/07\/Monitorul-logo-motto-2.png\" alt=\"Logo\" title><\/span><\/a><\/div>\n<div class=\"tdb-block-inner td-fix-index\">\n<div class=\"tdb-weather-deg-wrap\" data-block-uid=\"tdb_header_weather_uid\"><span class=\"tdb-weather-deg\">19.6<\/span><span class=\"tdb-weather-unit\">C<\/span><\/div>\n<div class=\"tdb-weather-city\">Vaslui<\/div>\n<\/div>\n<div class=\"td-post-content tagdiv-type\">\n<p class=\"wp-block-paragraph\"><strong>Administra\u021bia Na\u021bional\u0103 de Meteorologie a publicat prognoza valabil\u0103 pentru intervalul 17 august, ora 09:00 \u2013 24 august, ora 09:00.<\/strong><\/p>\n<div class=\"wp-block-image\">\n<figure class=\"aligncenter size-full is-resized\"><img loading=\"lazy\" decoding=\"async\" width=\"900\" height=\"600\" src=\"https:\/\/www.monitoruldevaslui.ro\/wp-content\/uploads\/2025\/08\/Vreme-canicula-caldura-ploi-furtuni-vijelii.png\" alt class=\"wp-image-95737\"><\/figure>\n<\/div>\n<p class=\"wp-block-paragraph\">Ast\u0103zi, 17 august\u00a02026, \u0219i \u00een noaptea urm\u0103toare, vremea va fi c\u0103lduroas\u0103, cu temperaturi maxime \u00eentre 32 \u0219i 34 de grade \u0219i minime \u00eentre 14 \u0219i 16 grade. Disconfortul termic va fi ridicat, iar indicele temperatur\u0103-umezeal\u0103 (ITU) va atinge, pe alocuri, pragul critic de 80 de unit\u0103\u021bi.<\/p>\n<p class=\"wp-block-paragraph\">Cerul va fi variabil, cu \u00eennor\u0103ri accentuate \u00een cursul nop\u021bii, c\u00e2nd pe arii restr\u00e2nse sunt a\u0219teptate averse de ploaie, \u00eenso\u021bite de desc\u0103rc\u0103ri electrice, cu cantit\u0103\u021bi de ap\u0103 de 5-10 litri pe metru p\u0103trat. V\u00e2ntul va sufla slab \u0219i moderat, cu intensific\u0103ri temporare ziua, de 40-50 km\/h, iar noaptea cu rafale locale de peste 50-60 km\/h.<\/p>\n<p class=\"wp-block-paragraph\"><strong>18-19 august: r\u0103cire brusc\u0103, averse toren\u021biale \u0219i grindin\u0103<\/strong><\/p>\n<p class=\"wp-block-paragraph\">\u00cencep\u00e2nd cu 18 august, vremea se va r\u0103ci semnificativ \u0219i va deveni instabil\u0103. Cerul va prezenta \u00eennor\u0103ri temporar accentuate, iar meteorologii anun\u021b\u0103 perioade cu instabilitate atmosferic\u0103 manifestat\u0103 prin averse toren\u021biale \u00eensemnate cantitativ (15-20 litri pe metru p\u0103trat), izolat vijelii, cu rafale de peste 50 km\/h, \u0219i grindin\u0103 de mici dimensiuni (1-2 cm).<\/p>\n<p class=\"wp-block-paragraph\">V\u00e2ntul va avea intensific\u0103ri cu rafale de 40-50 km\/h, iar local de peste 50-60 km\/h. Temperaturile maxime vor cobor\u00ee \u00eentre 24 \u0219i 26 de grade, iar cele minime \u00eentre 11 \u0219i 13 grade.<\/p>\n<p class=\"wp-block-paragraph\"><strong>19-21 august: \u00eenc\u0103lzire treptat\u0103, revenire la vreme c\u0103lduroas\u0103<\/strong><\/p>\n<p class=\"wp-block-paragraph\">Vremea se va \u00eenc\u0103lzi u\u0219or pe 19 august, cu maxime de 25-27 de grade \u0219i minime de 10-14 grade, sub un cer variabil \u0219i v\u00e2nt slab spre moderat, cu rafale de 40-50 km\/h.<\/p>\n<p class=\"wp-block-paragraph\">\u00cenc\u0103lzirea va continua pe 20 august, c\u00e2nd vremea va deveni din nou c\u0103lduroas\u0103, cu maxime \u00eentre 31 \u0219i 33 de grade \u0219i minime \u00eentre 13 \u0219i 15 grade. Cerul va fi variabil, mai senin noaptea, iar v\u00e2ntul va avea intensific\u0103ri temporare ziua, la munte, cu rafale de 45-55 km\/h.<\/p>\n<p class=\"wp-block-paragraph\">Pentru ultima parte a intervalului, meteorologii anun\u021b\u0103 vreme c\u0103lduroas\u0103, care va deveni local canicular\u0103 \u00een ultimele dou\u0103 zile. Izolat, mai ales \u00een zonele de munte, sunt a\u0219teptate averse slabe de ploaie, \u00eenso\u021bite de desc\u0103rc\u0103ri electrice.<\/p>\n<\/div>\n<p>[analyse_source url=&#8221;https:\/\/www.monitoruldevaslui.ro\/2026\/08\/caldura-deseara-furtuni-urmate-val-canicula-temperaturile\/#new_tab&#8221;]<\/p>\n","protected":false},"excerpt":{"rendered":"<p>[analyse_image type=&#8221;featured&#8221; src=&#8221;&#8221;] NewsHub 19.6C Vaslui Administra\u021bia Na\u021bional\u0103 de Meteorologie a publicat prognoza valabil\u0103 pentru intervalul 17 august, ora 09:00 \u2013 24 august, ora 09:00. Ast\u0103zi, 17 august\u00a02026, \u0219i \u00een noaptea urm\u0103toare, vremea va fi c\u0103lduroas\u0103, cu temperaturi maxime \u00eentre 32 \u0219i 34 de grade \u0219i minime \u00eentre 14 \u0219i 16 grade. Disconfortul termic va [&hellip;]<\/p>\n","protected":false},"author":1,"featured_media":0,"comment_status":"open","ping_status":"","sticky":false,"template":"","format":"standard","meta":{"footnotes":""},"categories":[89],"tags":[226,217],"class_list":["post-2096876","post","type-post","status-publish","format-standard","hentry","category-romania","tag-crawlmanager","tag-vaslui-robo-stiri-ro"],"_links":{"self":[{"href":"https:\/\/analyse.optim.biz\/index.php?rest_route=\/wp\/v2\/posts\/2096876","targetHints":{"allow":["GET"]}}],"collection":[{"href":"https:\/\/analyse.optim.biz\/index.php?rest_route=\/wp\/v2\/posts"}],"about":[{"href":"https:\/\/analyse.optim.biz\/index.php?rest_route=\/wp\/v2\/types\/post"}],"author":[{"embeddable":true,"href":"https:\/\/analyse.optim.biz\/index.php?rest_route=\/wp\/v2\/users\/1"}],"replies":[{"embeddable":true,"href":"https:\/\/analyse.optim.biz\/index.php?rest_route=%2Fwp%2Fv2%2Fcomments&post=2096876"}],"version-history":[{"count":0,"href":"https:\/\/analyse.optim.biz\/index.php?rest_route=\/wp\/v2\/posts\/2096876\/revisions"}],"wp:attachment":[{"href":"https:\/\/analyse.optim.biz\/index.php?rest_route=%2Fwp%2Fv2%2Fmedia&parent=2096876"}],"wp:term":[{"taxonomy":"category","embeddable":true,"href":"https:\/\/analyse.optim.biz\/index.php?rest_route=%2Fwp%2Fv2%2Fcategories&post=2096876"},{"taxonomy":"post_tag","embeddable":true,"href":"https:\/\/analyse.optim.biz\/index.php?rest_route=%2Fwp%2Fv2%2Ftags&post=2096876"}],"curies":[{"name":"wp","href":"https:\/\/api.w.org\/{rel}","templated":true}]}}