{"id":2096868,"date":"2026-08-17T06:04:54","date_gmt":"2026-08-17T03:04:54","guid":{"rendered":"https:\/\/analyse.optim.biz\/?p=2096868"},"modified":"2026-08-17T06:04:54","modified_gmt":"2026-08-17T03:04:54","slug":"a-murit-actrita-hayden-panettiere-la-36-de-ani","status":"publish","type":"post","link":"https:\/\/analyse.optim.biz\/?p=2096868","title":{"rendered":"A murit actri\u021ba Hayden Panettiere, la 36 de ani"},"content":{"rendered":"<p>[analyse_image type=&#8221;featured&#8221; src=&#8221;https:\/\/www.tion.ro\/wp-content\/uploads\/2026\/08\/+otf\/1200&#215;630\/s__SpCFf4wbZtAbFUBsAFzU5PVF9WRVJZX1NFQ1UsJ7+jwSEMtZPTJdvaMJOd17zih2x6S7qSC__cFxvFGKzERtAtGjrp5errQPvwnp63uu4D1jCMMGjW6OjWEA1I=\/694665411111412-scaled.jpg&#8221;]<\/p>\n<article id=\"post-2334582\" class>\n<div class=\"entry-content clearfix\">\n<div class=\"enewsArticleContent\">\n<p>\u00cen ultimii ani, actri\u021ba vorbise deschis despre depresia postnatal\u0103 \u0219i problemele de dependen\u021b\u0103, dificult\u0103\u021bi care au contribuit inclusiv la decizia de a renun\u021ba la custodia fiicei sale, Kaya.<\/p>\n<p>\u00cen 2023, \u0219i-a pierdut fratele mai mic, Jansen, iar moartea acestuia a afectat-o profund.<\/p>\n<p>Panettiere a \u00eenceput s\u0103 joace de mic\u0103 \u0219i a avut o carier\u0103 de peste trei decenii. A devenit celebr\u0103 ca Claire Bennet \u00een \u201eHeroes\u201d \u0219i ulterior ca Juliette Barnes \u00een \u201eNashville\u201d, av\u00e2nd \u0219i apari\u021bii \u00een filme precum \u201eRemember the Titans\u201d \u0219i \u201eBring It On: All or Nothing\u201d. \u00cen 2025 \u0219i-a publicat memoriile, \u201eThis Is Me: A Reckoning\u201d.<\/p>\n<div class=\"fbShareLikeTwitterAndEmailContainer\">\n<div class=\"wrapper\">\n<div class=\"email\">\n<div id=\"mailto-pop\" class=\"pop-form pop-form-mailto\">\n<div class=\"pop-form-header\">\n<h4>Trimite articolul<\/h4>\n<p><a class=\"pop-form-close\">X<\/a><\/div>\n<\/div>\n<\/div>\n<\/div>\n<\/div>\n<div class=\"comments\">\n<div class=\"top\">\n<div class=\"commentsNumber\"><span class=\"number\">0<\/span><span class=\"text\">Comentarii<\/span><\/div>\n<\/div>\n<div class=\"center\">\n<div id=\"respond\" class=\"comment-respond\">\n<h3 id=\"reply-title\" class=\"comment-reply-title\"><small><a rel=\"nofollow\" id=\"cancel-comment-reply-link\" href=\"https:\/\/www.tion.ro\/mapamond\/a-murit-actrita-hayden-panettiere-la-36-de-ani-2334582\/#respond\">Cancel reply<\/a><\/small><\/h3>\n<p class=\"comment-notes\"><span id=\"email-notes\">Your email address will not be published.<\/span><span class=\"required-field-message\">Required fields are marked <span class=\"required\">*<\/span><\/span><\/p>\n<p class=\"commentFormComment\"><span id=\"commentFormCount\"><br \/>\n                            inca<br \/>\n                            <span id=\"countCommentText\">1000<\/span><br \/>\n                            caractere ramase<br \/>\n                        <\/span><\/p>\n<\/div>\n<\/div>\n<div class=\"bottom\">\n<p class=\"forumDisclaimerHuRo\">\n            Citi\u021bi principiile noastre de moderare <a href=\"https:\/\/www.tion.ro\/reguli-postare-comentarii\/\" target=\"_blank\">aici<\/a>!\n        <\/p>\n<\/div>\n<\/div>\n<\/div>\n<\/div>\n<\/article>\n<div class=\"entry-content clearfix\">\n<div class=\"enewsArticleContent\">\n<p>\u00cen ultimii ani, actri\u021ba vorbise deschis despre depresia postnatal\u0103 \u0219i problemele de dependen\u021b\u0103, dificult\u0103\u021bi care au contribuit inclusiv la decizia de a renun\u021ba la custodia fiicei sale, Kaya.<\/p>\n<p>\u00cen 2023, \u0219i-a pierdut fratele mai mic, Jansen, iar moartea acestuia a afectat-o profund.<\/p>\n<p>Panettiere a \u00eenceput s\u0103 joace de mic\u0103 \u0219i a avut o carier\u0103 de peste trei decenii. A devenit celebr\u0103 ca Claire Bennet \u00een \u201eHeroes\u201d \u0219i ulterior ca Juliette Barnes \u00een \u201eNashville\u201d, av\u00e2nd \u0219i apari\u021bii \u00een filme precum \u201eRemember the Titans\u201d \u0219i \u201eBring It On: All or Nothing\u201d. \u00cen 2025 \u0219i-a publicat memoriile, \u201eThis Is Me: A Reckoning\u201d.<\/p>\n<div class=\"fbShareLikeTwitterAndEmailContainer\">\n<div class=\"wrapper\">\n<div class=\"email\">\n<div id=\"mailto-pop\" class=\"pop-form pop-form-mailto\">\n<div class=\"pop-form-header\">\n<h4>Trimite articolul<\/h4>\n<p><a class=\"pop-form-close\">X<\/a><\/div>\n<\/div>\n<\/div>\n<\/div>\n<\/div>\n<div class=\"comments\">\n<div class=\"top\">\n<div class=\"commentsNumber\"><span class=\"number\">0<\/span><span class=\"text\">Comentarii<\/span><\/div>\n<\/div>\n<div class=\"center\">\n<div id=\"respond\" class=\"comment-respond\">\n<h3 id=\"reply-title\" class=\"comment-reply-title\"><small><a rel=\"nofollow\" id=\"cancel-comment-reply-link\" href=\"https:\/\/www.tion.ro\/mapamond\/a-murit-actrita-hayden-panettiere-la-36-de-ani-2334582\/#respond\">Cancel reply<\/a><\/small><\/h3>\n<p class=\"comment-notes\"><span id=\"email-notes\">Your email address will not be published.<\/span><span class=\"required-field-message\">Required fields are marked <span class=\"required\">*<\/span><\/span><\/p>\n<p class=\"commentFormComment\"><span id=\"commentFormCount\"><br \/>\n                            inca<br \/>\n                            <span id=\"countCommentText\">1000<\/span><br \/>\n                            caractere ramase<br \/>\n                        <\/span><\/p>\n<\/div>\n<\/div>\n<div class=\"bottom\">\n<p class=\"forumDisclaimerHuRo\">\n            Citi\u021bi principiile noastre de moderare <a href=\"https:\/\/www.tion.ro\/reguli-postare-comentarii\/\" target=\"_blank\">aici<\/a>!\n        <\/p>\n<\/div>\n<\/div>\n<\/div>\n<\/div>\n<p>[analyse_source url=&#8221;https:\/\/www.tion.ro\/mapamond\/a-murit-actrita-hayden-panettiere-la-36-de-ani-2334582\/&#8221;]<\/p>\n","protected":false},"excerpt":{"rendered":"<p>[analyse_image type=&#8221;featured&#8221; src=&#8221;https:\/\/www.tion.ro\/wp-content\/uploads\/2026\/08\/+otf\/1200&#215;630\/s__SpCFf4wbZtAbFUBsAFzU5PVF9WRVJZX1NFQ1UsJ7+jwSEMtZPTJdvaMJOd17zih2x6S7qSC__cFxvFGKzERtAtGjrp5errQPvwnp63uu4D1jCMMGjW6OjWEA1I=\/694665411111412-scaled.jpg&#8221;] \u00cen ultimii ani, actri\u021ba vorbise deschis despre depresia postnatal\u0103 \u0219i problemele de dependen\u021b\u0103, dificult\u0103\u021bi care au contribuit inclusiv la decizia de a renun\u021ba la custodia fiicei sale, Kaya. \u00cen 2023, \u0219i-a pierdut fratele mai mic, Jansen, iar moartea acestuia a afectat-o profund. Panettiere a \u00eenceput s\u0103 joace de mic\u0103 \u0219i a avut [&hellip;]<\/p>\n","protected":false},"author":1,"featured_media":0,"comment_status":"open","ping_status":"","sticky":false,"template":"","format":"standard","meta":{"footnotes":""},"categories":[89],"tags":[226,191],"class_list":["post-2096868","post","type-post","status-publish","format-standard","hentry","category-romania","tag-crawlmanager","tag-tion-ro"],"_links":{"self":[{"href":"https:\/\/analyse.optim.biz\/index.php?rest_route=\/wp\/v2\/posts\/2096868","targetHints":{"allow":["GET"]}}],"collection":[{"href":"https:\/\/analyse.optim.biz\/index.php?rest_route=\/wp\/v2\/posts"}],"about":[{"href":"https:\/\/analyse.optim.biz\/index.php?rest_route=\/wp\/v2\/types\/post"}],"author":[{"embeddable":true,"href":"https:\/\/analyse.optim.biz\/index.php?rest_route=\/wp\/v2\/users\/1"}],"replies":[{"embeddable":true,"href":"https:\/\/analyse.optim.biz\/index.php?rest_route=%2Fwp%2Fv2%2Fcomments&post=2096868"}],"version-history":[{"count":0,"href":"https:\/\/analyse.optim.biz\/index.php?rest_route=\/wp\/v2\/posts\/2096868\/revisions"}],"wp:attachment":[{"href":"https:\/\/analyse.optim.biz\/index.php?rest_route=%2Fwp%2Fv2%2Fmedia&parent=2096868"}],"wp:term":[{"taxonomy":"category","embeddable":true,"href":"https:\/\/analyse.optim.biz\/index.php?rest_route=%2Fwp%2Fv2%2Fcategories&post=2096868"},{"taxonomy":"post_tag","embeddable":true,"href":"https:\/\/analyse.optim.biz\/index.php?rest_route=%2Fwp%2Fv2%2Ftags&post=2096868"}],"curies":[{"name":"wp","href":"https:\/\/api.w.org\/{rel}","templated":true}]}}