{"id":2096848,"date":"2024-11-22T19:10:13","date_gmt":"2024-11-22T16:10:13","guid":{"rendered":"https:\/\/analyse.optim.biz\/?p=2096848"},"modified":"2024-11-22T19:10:13","modified_gmt":"2024-11-22T16:10:13","slug":"p-anuntul-primariei-buzau-pentru-cele-trei-zile-de-alegeri","status":"publish","type":"post","link":"https:\/\/analyse.optim.biz\/?p=2096848","title":{"rendered":"(P) Anun\u021bul Prim\u0103riei Buz\u0103u, pentru cele trei zile de alegeri"},"content":{"rendered":"<p>[analyse_image type=&#8221;featured&#8221; src=&#8221;https:\/\/buzaulinreportaje.ro\/wp-content\/uploads\/2026\/07\/sigla-BUzau.pnghttps:\/\/buzaulinreportaje.ro\/wp-content\/uploads\/2026\/07\/sigla-BUzau.png&#8221;]<\/p>\n<div class=\"entry-content herald-entry-content\">\n<p class=\"wp-block-paragraph\"><strong><u>ANUN\u021a \u00a0IMPORTANT<\/u><\/strong><\/p>\n<p class=\"wp-block-paragraph\">\u00cen vederea asigur\u0103rii cadrului necesar desf\u0103\u0219ur\u0103rii \u00een condi\u021bii optime a procesului electoral pentru zilele de :<\/p>\n<p class=\"wp-block-paragraph\">\u2013<strong>24 noiembrie 2024 \u2013 alegeri Pre\u0219edintele Rom\u00e2niei TUR I<\/strong><\/p>\n<p class=\"wp-block-paragraph\"><strong>-01 decembrie 2024 \u2013 alegeri parlamentare,<\/strong><\/p>\n<p class=\"wp-block-paragraph\"><strong>-08 decembrie 2024 \u2013 alegeri Pre\u0219edintele Rom\u00e2niei TUR II,<\/strong><\/p>\n<p class=\"wp-block-paragraph\">Prim\u0103ria municipiului Buz\u0103u anun\u021b\u0103 urm\u0103toarele:<\/p>\n<p class=\"wp-block-paragraph\"><strong>Direc\u021bia de Eviden\u021bei Persoanei<\/strong>din Pia\u021ba Teatrului nr. 1 va lucra dup\u0103 urm\u0103torul program:<\/p>\n<p class=\"wp-block-paragraph\"><strong>\u2013 s\u00e2mb\u0103t\u0103: 23.11.2024, 30.11.2024 \u0219i 07.12.2024 \u2013 orele 08.00 \u2013 16.00;<\/strong><\/p>\n<p class=\"wp-block-paragraph\"><strong>\u2013 <\/strong><strong>duminic<\/strong><strong>\u0103: 24.11.2024, 01.12.2024 \u0219i 08.12.2024 \u2013 orele 07.00 \u2013 21.00.<\/strong><\/p>\n<p class=\"wp-block-paragraph\">\u00cen acest sens, vor fi preluate cererile pentru eliberarea actelor de identitate DOAR persoanelor care nu le de\u021bin sau, dup\u0103 caz, ori sunt \u00een posesia unui act de identitate al c\u0103rui termen de valabilitate a expirat.<\/p>\n<p class=\"wp-block-paragraph\"><strong>Directia Economic\u0103<\/strong> din Pia\u021ba Teatrului nr. 1 va lucra dup\u0103 urm\u0103torul program:<\/p>\n<p class=\"wp-block-paragraph\"><strong>\u00a0 \u2013 s\u00e2mb\u0103t\u0103: 23.11.2024, 30.11.2024 \u0219i 07.12.2024 \u2013 orele 08.00 \u2013 16.00;<\/strong><\/p>\n<p class=\"wp-block-paragraph\"><strong>\u00a0\u2013 <\/strong><strong>duminic<\/strong><strong>\u0103: 24.11.2024, 01.12.2024 \u0219i 08.12.2024 \u2013 orele 07.00 \u2013 21.00<\/strong>,<\/p>\n<p class=\"wp-block-paragraph\">pentru \u00eencasarea taxelor pentru eliberarea c\u0103r\u021bilor de identitate.<\/p>\n<p class=\"wp-block-paragraph\"><strong>Prim\u0103ria municipiului Buz\u0103u<\/strong><\/p>\n<div class=\"herald-share-content\">\n<div class=\"meks_ess layout-5-1 transparent no-labels solid\"><a href=\"https:\/\/buzaulinreportaje.ro\/p-anuntul-primariei-buzau-pentru-cele-trei-zile-de-alegeri\/\" class=\"meks_ess-item socicon-facebook\" data-url=\"http:\/\/www.facebook.com\/sharer\/sharer.php?u=https%3A%2F%2Fbuzaulinreportaje.ro%2Fp-anuntul-primariei-buzau-pentru-cele-trei-zile-de-alegeri%2F&amp;t=%28P%29%20Anun%C8%9Bul%20Prim%C4%83riei%20Buz%C4%83u%2C%20pentru%20cele%20trei%20zile%20de%20alegeri\"><span>Facebook<\/span><\/a><a href=\"https:\/\/api.whatsapp.com\/send?text=%28P%29%20Anun%C8%9Bul%20Prim%C4%83riei%20Buz%C4%83u%2C%20pentru%20cele%20trei%20zile%20de%20alegeri%20https%3A%2F%2Fbuzaulinreportaje.ro%2Fp-anuntul-primariei-buzau-pentru-cele-trei-zile-de-alegeri%2F\" class=\"meks_ess-item socicon-whatsapp prevent-share-popup\"><span>WhatsApp<\/span><\/a><a href=\"https:\/\/buzaulinreportaje.ro\/p-anuntul-primariei-buzau-pentru-cele-trei-zile-de-alegeri\/\" class=\"meks_ess-item socicon-twitter\" data-url=\"http:\/\/twitter.com\/intent\/tweet?url=https%3A%2F%2Fbuzaulinreportaje.ro%2Fp-anuntul-primariei-buzau-pentru-cele-trei-zile-de-alegeri%2F&amp;text=%28P%29%20Anun%C8%9Bul%20Prim%C4%83riei%20Buz%C4%83u%2C%20pentru%20cele%20trei%20zile%20de%20alegeri\"><span>X<\/span><\/a><\/div>\n<\/div>\n<\/div>\n<p>[analyse_source url=&#8221;https:\/\/buzaulinreportaje.ro\/p-anuntul-primariei-buzau-pentru-cele-trei-zile-de-alegeri\/&#8221;]<\/p>\n","protected":false},"excerpt":{"rendered":"<p>[analyse_image type=&#8221;featured&#8221; src=&#8221;https:\/\/buzaulinreportaje.ro\/wp-content\/uploads\/2026\/07\/sigla-BUzau.pnghttps:\/\/buzaulinreportaje.ro\/wp-content\/uploads\/2026\/07\/sigla-BUzau.png&#8221;] ANUN\u021a \u00a0IMPORTANT \u00cen vederea asigur\u0103rii cadrului necesar desf\u0103\u0219ur\u0103rii \u00een condi\u021bii optime a procesului electoral pentru zilele de : \u201324 noiembrie 2024 \u2013 alegeri Pre\u0219edintele Rom\u00e2niei TUR I -01 decembrie 2024 \u2013 alegeri parlamentare, -08 decembrie 2024 \u2013 alegeri Pre\u0219edintele Rom\u00e2niei TUR II, Prim\u0103ria municipiului Buz\u0103u anun\u021b\u0103 urm\u0103toarele: Direc\u021bia de Eviden\u021bei Persoaneidin Pia\u021ba [&hellip;]<\/p>\n","protected":false},"author":1,"featured_media":0,"comment_status":"open","ping_status":"","sticky":false,"template":"","format":"standard","meta":{"footnotes":""},"categories":[],"tags":[59,226],"class_list":["post-2096848","post","type-post","status-publish","format-standard","hentry","tag-buzaulinreportaje-ro","tag-crawlmanager"],"_links":{"self":[{"href":"https:\/\/analyse.optim.biz\/index.php?rest_route=\/wp\/v2\/posts\/2096848","targetHints":{"allow":["GET"]}}],"collection":[{"href":"https:\/\/analyse.optim.biz\/index.php?rest_route=\/wp\/v2\/posts"}],"about":[{"href":"https:\/\/analyse.optim.biz\/index.php?rest_route=\/wp\/v2\/types\/post"}],"author":[{"embeddable":true,"href":"https:\/\/analyse.optim.biz\/index.php?rest_route=\/wp\/v2\/users\/1"}],"replies":[{"embeddable":true,"href":"https:\/\/analyse.optim.biz\/index.php?rest_route=%2Fwp%2Fv2%2Fcomments&post=2096848"}],"version-history":[{"count":0,"href":"https:\/\/analyse.optim.biz\/index.php?rest_route=\/wp\/v2\/posts\/2096848\/revisions"}],"wp:attachment":[{"href":"https:\/\/analyse.optim.biz\/index.php?rest_route=%2Fwp%2Fv2%2Fmedia&parent=2096848"}],"wp:term":[{"taxonomy":"category","embeddable":true,"href":"https:\/\/analyse.optim.biz\/index.php?rest_route=%2Fwp%2Fv2%2Fcategories&post=2096848"},{"taxonomy":"post_tag","embeddable":true,"href":"https:\/\/analyse.optim.biz\/index.php?rest_route=%2Fwp%2Fv2%2Ftags&post=2096848"}],"curies":[{"name":"wp","href":"https:\/\/api.w.org\/{rel}","templated":true}]}}