{"id":2096787,"date":"2026-08-16T23:30:00","date_gmt":"2026-08-16T20:30:00","guid":{"rendered":"https:\/\/analyse.optim.biz\/?p=2096787"},"modified":"2026-08-16T23:30:00","modified_gmt":"2026-08-16T20:30:00","slug":"n-ati-terminat-vacanta-nu-nu-facem-si-noi-guvern-mesaj-al-deputatei-aur-laura-gherasim","status":"publish","type":"post","link":"https:\/\/analyse.optim.biz\/?p=2096787","title":{"rendered":"\u201eN-a\u021bi terminat vacan\u021ba, nu? Nu facem \u0219i noi Guvern?\u201d, mesaj\u00a0al deputatei AUR Laura Gherasim"},"content":{"rendered":"<p>[analyse_image type=&#8221;featured&#8221; src=&#8221;&#8221;]<\/p>\n<div class=\"tdb-block-inner td-fix-index\"><a class=\"tdb-logo-a\" href=\"https:\/\/www.monitoruldevaslui.ro\/\"><span class=\"tdb-logo-img-wrap\"><img decoding=\"async\" class=\"tdb-logo-img td-retina-data\" data-retina=\"https:\/\/www.monitoruldevaslui.ro\/wp-content\/uploads\/2025\/07\/Monitorul-logo-motto-2.png\" src=\"https:\/\/www.monitoruldevaslui.ro\/wp-content\/uploads\/2025\/07\/Monitorul-logo-motto-2.png\" alt=\"Logo\" title><\/span><span class=\"tdb-logo-text-wrap\"><span class=\"tdb-logo-text-title\">News<\/span><span class=\"tdb-logo-text-tagline\">Hub<\/span><\/span><\/a><\/div>\n<div class=\"tdb-block-inner td-fix-index\"><a class=\"tdb-logo-a\" href=\"https:\/\/www.monitoruldevaslui.ro\/\"><span class=\"tdb-logo-img-wrap\"><img decoding=\"async\" class=\"tdb-logo-img td-retina-data\" data-retina=\"https:\/\/www.monitoruldevaslui.ro\/wp-content\/uploads\/2025\/07\/Monitorul-logo-motto-2.png\" src=\"https:\/\/www.monitoruldevaslui.ro\/wp-content\/uploads\/2025\/07\/Monitorul-logo-motto-2.png\" alt=\"Logo\" title><\/span><\/a><\/div>\n<div class=\"tdb-block-inner td-fix-index\">\n<div class=\"tdb-weather-deg-wrap\" data-block-uid=\"tdb_header_weather_uid\"><span class=\"tdb-weather-deg\">20.1<\/span><span class=\"tdb-weather-unit\">C<\/span><\/div>\n<div class=\"tdb-weather-city\">Vaslui<\/div>\n<\/div>\n<div class=\"td-post-content tagdiv-type\">\n<p class=\"wp-block-paragraph\"><strong>\u00centr-un mesaj-pamflet, deputata AUR Laura Gherasim face un apel la responsabilitatea parlamentarilor, \u00eendemn\u00e2ndu-i s\u0103 fac\u0103 totu\u0219i ceva pentru aceast\u0103 \u021bar\u0103 \u0219i rom\u00e2nii care i-au pus \u00een func\u021bii. \u201eE Sf\u00e2nta Maria. Vine toamna. Veni\u021bi acas\u0103 \u0219i pune\u021bi \u021bara asta pe picioare, c\u0103 se duce pe apa s\u00e2mbetei!\u201d, este \u00eendemnul deputatei Gherasim.<\/strong><\/p>\n<div class=\"wp-block-image\">\n<figure class=\"aligncenter size-full is-resized\"><img loading=\"lazy\" decoding=\"async\" width=\"899\" height=\"600\" src=\"https:\/\/www.monitoruldevaslui.ro\/wp-content\/uploads\/2026\/01\/Laura-Gherasim-deputat-AUR-1.png\" alt class=\"wp-image-97636\"><\/figure>\n<\/div>\n<p class=\"wp-block-paragraph\">Rom\u00e2nia e \u00een criz\u0103! Criz\u0103 politic\u0103: nu avem Guvern de peste 100 de zile; criz\u0103 energetic\u0103, cu apeluri la popula\u021bie de a face economii la curent; criz\u0103 economic\u0103: infla\u021bie mare, deficit pe m\u0103sur\u0103, economia abia mi\u0219c\u0103\u2026 \u0218i se apropie termenul de 31 august, termenul final pentru PNRR, iar o serie de legi \u2013\u00a0jaloane \u00eenc\u0103 \u00ee\u0219i a\u0219teapt\u0103 votul! Guvernul (cel demis), nu are puteri depline, iar legislativul este \u00eenc\u0103 \u00een vacan\u021b\u0103\u2026 p\u00e2n\u0103 pe 1 septembrie.<\/p>\n<p class=\"wp-block-paragraph\">\u201eN-a\u021bi terminat vacan\u021ba, nu? Nu facem \u0219i noi Guvern? \u00centreb pentru c\u0103, \u00een ritmul \u0103sta, risc\u0103m s\u0103 v\u0103 deranj\u0103m din concediu cu lucruri m\u0103runte pentru voi: Rom\u00e2nia, un Guvern, ni\u0219te decizii bune pentru \u021bar\u0103\u201d, scrie deputata AUR Laura Gherasim, pe contul s\u0103u de socializare.<\/p>\n<p class=\"wp-block-paragraph\">\u201eSta\u021bi lini\u0219ti\u021bi. Nu v\u0103 gr\u0103bi\u021bi. Rom\u00e2nia poate s\u0103 mai a\u0219tepte p\u00e2n\u0103 v\u0103 hot\u0103r\u00e2\u021bi voi cine \u0219i ce prime\u0219te. P\u00e2n\u0103 la urm\u0103, nu pute\u021bi s\u0103 v\u0103 ocupa\u021bi \u015fi de \u021bar\u0103 \u0219i de vacan\u021b\u01ce \u015fi de \u00eemp\u0103r\u021birea func\u021biilor \u00een acela\u0219i timp. Sunt alte priorit\u0103\u021bi.<\/p>\n<p class=\"wp-block-paragraph\">O \u021bar\u0103 de condus, ministere de \u00eemp\u0103r\u021bit, func\u021bii de negociat\u2026 \u0219i vacan\u021ba care se termin\u0103. Complicat.\u201d, continu\u0103 parlamentarul vasluian, care, ironic, \u00ee\u0219i \u00eentreab\u0103 colegii: \u201eApropo, c\u00e2t mai e nota de plat\u0103 la Mykonos \u0219i Monaco? Tot pe la 20.000 de euro pe sear\u0103 sau s-a scumpit \u0219i acolo? Aud c\u01ce e plin de voi pe-acolo\u201d.<\/p>\n<p class=\"wp-block-paragraph\">Deputata Laura gherasim \u00ee\u0219i \u00eencheie postarea-pamflet cu un \u00eendemn c\u0103tre parlamentari: \u201eE Sf\u00e2nta Maria. Vine toamna. Veni\u021bi acas\u0103 \u0219i pune\u021bi \u021bara asta pe picioare, c\u0103 se duce pe apa s\u00e2mbetei!\u201d.<\/p>\n<\/div>\n<p>[analyse_source url=&#8221;https:\/\/www.monitoruldevaslui.ro\/2026\/08\/n-ati-terminat-vacanta-nu-nu-facem-si-noi-guvern-mesaj-al-deputatei-aur-laura-gherasim\/#new_tab&#8221;]<\/p>\n","protected":false},"excerpt":{"rendered":"<p>[analyse_image type=&#8221;featured&#8221; src=&#8221;&#8221;] NewsHub 20.1C Vaslui \u00centr-un mesaj-pamflet, deputata AUR Laura Gherasim face un apel la responsabilitatea parlamentarilor, \u00eendemn\u00e2ndu-i s\u0103 fac\u0103 totu\u0219i ceva pentru aceast\u0103 \u021bar\u0103 \u0219i rom\u00e2nii care i-au pus \u00een func\u021bii. \u201eE Sf\u00e2nta Maria. Vine toamna. Veni\u021bi acas\u0103 \u0219i pune\u021bi \u021bara asta pe picioare, c\u0103 se duce pe apa s\u00e2mbetei!\u201d, este \u00eendemnul deputatei [&hellip;]<\/p>\n","protected":false},"author":1,"featured_media":0,"comment_status":"open","ping_status":"","sticky":false,"template":"","format":"standard","meta":{"footnotes":""},"categories":[89],"tags":[226,217],"class_list":["post-2096787","post","type-post","status-publish","format-standard","hentry","category-romania","tag-crawlmanager","tag-vaslui-robo-stiri-ro"],"_links":{"self":[{"href":"https:\/\/analyse.optim.biz\/index.php?rest_route=\/wp\/v2\/posts\/2096787","targetHints":{"allow":["GET"]}}],"collection":[{"href":"https:\/\/analyse.optim.biz\/index.php?rest_route=\/wp\/v2\/posts"}],"about":[{"href":"https:\/\/analyse.optim.biz\/index.php?rest_route=\/wp\/v2\/types\/post"}],"author":[{"embeddable":true,"href":"https:\/\/analyse.optim.biz\/index.php?rest_route=\/wp\/v2\/users\/1"}],"replies":[{"embeddable":true,"href":"https:\/\/analyse.optim.biz\/index.php?rest_route=%2Fwp%2Fv2%2Fcomments&post=2096787"}],"version-history":[{"count":0,"href":"https:\/\/analyse.optim.biz\/index.php?rest_route=\/wp\/v2\/posts\/2096787\/revisions"}],"wp:attachment":[{"href":"https:\/\/analyse.optim.biz\/index.php?rest_route=%2Fwp%2Fv2%2Fmedia&parent=2096787"}],"wp:term":[{"taxonomy":"category","embeddable":true,"href":"https:\/\/analyse.optim.biz\/index.php?rest_route=%2Fwp%2Fv2%2Fcategories&post=2096787"},{"taxonomy":"post_tag","embeddable":true,"href":"https:\/\/analyse.optim.biz\/index.php?rest_route=%2Fwp%2Fv2%2Ftags&post=2096787"}],"curies":[{"name":"wp","href":"https:\/\/api.w.org\/{rel}","templated":true}]}}