{"id":2096785,"date":"2026-08-16T23:30:00","date_gmt":"2026-08-16T20:30:00","guid":{"rendered":"https:\/\/analyse.optim.biz\/?p=2096785"},"modified":"2026-08-16T23:30:00","modified_gmt":"2026-08-16T20:30:00","slug":"educatie-timpurie-in-judetul-vaslui-1-745-copii-232-parinti-si-20-de-educatori-inclusi-in-programul-start-in-educatie","status":"publish","type":"post","link":"https:\/\/analyse.optim.biz\/?p=2096785","title":{"rendered":"Educa\u021bie timpurie \u00een jude\u021bul Vaslui: 1.745 copii, 232 p\u0103rin\u021bi \u0219i 20 de educatori, inclu\u0219i \u00een programul \u201eStart \u00een educa\u021bie\u201d"},"content":{"rendered":"<p>[analyse_image type=&#8221;featured&#8221; src=&#8221;https:\/\/www.monitoruldevaslui.ro\/wp-content\/uploads\/2026\/08\/Proiect-educatie-copii-elevi-Start-educatie-saraci-Wordvision-scoala-rural-ghiozdanel-viitor.png&#8221;]<\/p>\n<div class=\"tdb-block-inner td-fix-index\"><a class=\"tdb-logo-a\" href=\"https:\/\/www.monitoruldevaslui.ro\/\"><span class=\"tdb-logo-img-wrap\"><img decoding=\"async\" class=\"tdb-logo-img td-retina-data\" data-retina=\"https:\/\/www.monitoruldevaslui.ro\/wp-content\/uploads\/2025\/07\/Monitorul-logo-motto-2.png\" src=\"https:\/\/www.monitoruldevaslui.ro\/wp-content\/uploads\/2025\/07\/Monitorul-logo-motto-2.png\" alt=\"Logo\" title><\/span><span class=\"tdb-logo-text-wrap\"><span class=\"tdb-logo-text-title\">News<\/span><span class=\"tdb-logo-text-tagline\">Hub<\/span><\/span><\/a><\/div>\n<div class=\"tdb-block-inner td-fix-index\"><a class=\"tdb-logo-a\" href=\"https:\/\/www.monitoruldevaslui.ro\/\"><span class=\"tdb-logo-img-wrap\"><img decoding=\"async\" class=\"tdb-logo-img td-retina-data\" data-retina=\"https:\/\/www.monitoruldevaslui.ro\/wp-content\/uploads\/2025\/07\/Monitorul-logo-motto-2.png\" src=\"https:\/\/www.monitoruldevaslui.ro\/wp-content\/uploads\/2025\/07\/Monitorul-logo-motto-2.png\" alt=\"Logo\" title><\/span><\/a><\/div>\n<div class=\"tdb-block-inner td-fix-index\">\n<div class=\"tdb-weather-deg-wrap\" data-block-uid=\"tdb_header_weather_uid\"><span class=\"tdb-weather-deg\">20.1<\/span><span class=\"tdb-weather-unit\">C<\/span><\/div>\n<div class=\"tdb-weather-city\">Vaslui<\/div>\n<\/div>\n<div class=\"td-post-content tagdiv-type\">\n<p class=\"wp-block-paragraph\"><strong>Programul derulat de Funda\u021bia World Vision Rom\u00e2nia \u0219i Funda\u021bia OMV Petrom ajunge \u00een anul \u0219colar 2025\u20132026 \u00een zeci de comunit\u0103\u021bi din jude\u021b. 1.745 copii, 232 p\u0103rin\u021bi \u0219i 20 de educatori beneficiaz\u0103 de resurse educa\u021bionale \u0219i interven\u021bii dedicate\u00a0educa\u021biei timpurii.\u00a0<\/strong><\/p>\n<div class=\"wp-block-image\">\n<figure class=\"aligncenter size-full is-resized\"><img loading=\"lazy\" decoding=\"async\" width=\"901\" height=\"600\" src=\"https:\/\/www.monitoruldevaslui.ro\/wp-content\/uploads\/2026\/08\/Proiect-educatie-copii-elevi-Start-educatie-saraci-Wordvision-scoala-rural-ghiozdanel-viitor.png\" alt class=\"wp-image-99959\"><\/figure>\n<\/div>\n<p class=\"wp-block-paragraph\">1.745 copii, 232 p\u0103rin\u021bi \u0219i 20 de educatori\u00a0sunt inclu\u0219i \u00een programul \u201eStart \u00een educa\u021bie\u201d, desf\u0103\u0219urat \u00een perioada octombrie 2025 \u2013\u00a0septembrie 2026 \u00een\u00a067\u00a0de comunit\u0103\u021bi vulnerabile din jude\u021b.<\/p>\n<p class=\"wp-block-paragraph\">Programul \u201eStart \u00een educa\u021bie\u201d este derulat de\u00a0Funda\u021bia World Vision Rom\u00e2nia \u0219i Funda\u021bia OMV Petrom\u00a0\u0219i urm\u0103re\u0219te sprijinirea copiilor pre\u0219colari printr-o interven\u021bie care \u00eei include at\u00e2t pe cei mici, c\u00e2t \u0219i familiile, gr\u0103dini\u021bele \u0219i cadrele didactice.<\/p>\n<p class=\"wp-block-paragraph\">\u201eGhiozd\u0103nel cu viitor\u201d pentru copiii inclu\u0219i \u00een program<\/p>\n<p class=\"wp-block-paragraph\">Una dintre componentele proiectului este distribuirea unui \u201eGhiozd\u0103nel cu viitor\u201d fiec\u0103rui copil pre\u0219colar participant. Acesta con\u021bine rechizite, c\u0103r\u021bi, jocuri educative \u0219i materiale destinate activit\u0103\u021bilor practice.<\/p>\n<p class=\"wp-block-paragraph\">Potrivit organizatorilor, materialele sunt adaptate v\u00e2rstei \u0219i urm\u0103resc dezvoltarea abilit\u0103\u021bilor cognitive, motrice \u0219i sociale, dar \u0219i stimularea particip\u0103rii constante a copiilor la gr\u0103dini\u021b\u0103. Resursele pot fi utilizate \u0219i acas\u0103, \u00een activit\u0103\u021bile desf\u0103\u0219urate \u00eempreun\u0103 cu p\u0103rin\u021bii.<\/p>\n<p class=\"wp-block-paragraph\">Dincolo de distribuirea materialelor, programul \u00eencearc\u0103 astfel s\u0103 abordeze educa\u021bia timpurie din mai multe direc\u021bii, inclusiv prin implicarea familiei \u0219i preg\u0103tirea educatorilor.<\/p>\n<p class=\"wp-block-paragraph\">O alt\u0103 component\u0103 vizeaz\u0103 dotarea unit\u0103\u021bilor de \u00eenv\u0103\u021b\u0103m\u00e2nt. Conform comunicatului,\u00a039\u00a0de gr\u0103dini\u021be\u00a0cuprinse \u00een program au primit kitul educa\u021bional \u201eABC Gr\u0103di\u201d, format din materiale \u0219i jocuri adaptate v\u00e2rstei pre\u0219colare.<\/p>\n<p class=\"wp-block-paragraph\">Acestea sunt destinate activit\u0103\u021bilor pentru dezvoltarea limbajului, motricit\u0103\u021bii, aten\u021biei \u0219i colabor\u0103rii \u00eentre copii \u0219i ofer\u0103 educatorilor instrumente suplimentare care pot fi integrate \u00een activitatea zilnic\u0103 de la grup\u0103.<\/p>\n<p class=\"wp-block-paragraph\">Prin componenta\u00a0\u201e\u0218coala p\u0103rin\u021bilor\u201d, adul\u021bii particip\u0103 la ateliere de educa\u021bie parental\u0103 \u00een cadrul c\u0103rora sunt abordate teme precum dezvoltarea emo\u021bional\u0103 a copilului, comunicarea \u00een familie \u0219i metodele de sprijin potrivite v\u00e2rstei pre\u0219colare.<\/p>\n<p class=\"wp-block-paragraph\">P\u0103rin\u021bii primesc, de asemenea, acces la instrumente \u0219i resurse practice, inclusiv un ghid pentru educa\u021bia timpurie \u0219i tutoriale video destinate familiilor cu copii de p\u00e2n\u0103 la \u0219ase ani.<\/p>\n<p class=\"wp-block-paragraph\">20\u00a0de educatori vasluieni\u00a0particip\u0103 la un curs acreditat,\u00a0\u201eBune practici \u00een educa\u021bia parental\u0103\u201d.<\/p>\n<p class=\"wp-block-paragraph\">Formarea urm\u0103re\u0219te dezvoltarea competen\u021belor de colaborare cu p\u0103rin\u021bii \u0219i utilizarea unor metode de lucru centrate pe nevoile copilului, astfel \u00eenc\u00e2t rela\u021bia dintre familie \u0219i gr\u0103dini\u021b\u0103 s\u0103 fie consolidat\u0103.<\/p>\n<p class=\"wp-block-paragraph\">Cadrele didactice au la dispozi\u021bie \u0219i ghidul de activit\u0103\u021bi \u201eJoc \u0219i Joac\u0103 \u2013\u00a0mi\u0219care \u0219i distrac\u021bie pentru cei mici\u201d. Totodat\u0103, organizatorii anun\u021b\u0103 c\u0103 p\u0103rin\u021bii, educatorii \u0219i speciali\u0219tii au acces la un hub na\u021bional de educa\u021bie timpurie, cu ghiduri, activit\u0103\u021bi practice, webinare, cursuri \u0219i programe de mentorat.<\/p>\n<p class=\"wp-block-paragraph\">Localit\u0103\u021bile din jude\u021bul Vaslui\u00a0care au beneficiat de proiect \u00een anul \u0219colar 2025 \u2013 2026\u00a0au fost Albe\u0219ti, B\u0103deana, B\u0103l\u021ba\u021bi, Berezeni, B\u00eerze\u0219ti, Bl\u0103ge\u0219ti, Bogdana, Bogd\u0103ne\u0219ti, Bo\u021be\u0219ti, Br\u0103h\u0103\u0219oaia, C\u0103pu\u0219neni, Cepe\u0219ti, Chirce\u0219ti, Chi\u021boc, Cod\u0103e\u0219ti, Corbu, Corni, Coroie\u0219ti, Crasna, Dode\u0219ti, Dume\u0219ti, Dume\u0219tii Vechi, Flore\u0219ti, Fundu V\u0103ii, Grivi\u021ba, Guge\u0219ti, H\u0103l\u0103re\u0219ti, Hreasca, Iana, Ive\u0219ti, Lacu Babei, Laza, Lipov\u0103\u021b, Micle\u0219ti, Mireni, Muntenii de Jos, Muntenii de Sus, Mu\u0219ata, Opri\u0219i\u021ba, Orgoie\u0219ti, P\u0103dureni, Perieni, Poiene\u0219ti, Pribe\u0219ti, Rafaila, R\u0103nceni, Recea, Rediu-Galian, Rusca, Satu Nou, S\u0103uca, Sili\u0219tea, \u0218tefan cel Mare, T\u0103t\u0103r\u0103ni, Telejna, Todire\u0219ti, Trestiana, Tutova, Ulea, Un\u021be\u0219ti, Valea Mare, Vaslui, V\u0103leni, Vinderei, Vizureni, Voine\u0219ti\u00a0\u0219i Z\u0103podeni.<\/p>\n<p class=\"wp-block-paragraph\"><strong>\u201eStart \u00een educa\u021bie\u201d, ajuns la al patrulea an<\/strong><\/p>\n<p class=\"wp-block-paragraph\">La nivel na\u021bional, potrivit datelor comunicate de organizatori, programul \u201eStart \u00een educa\u021bie\u201d vizeaz\u0103\u00a0240.000 de copii cu v\u00e2rste \u00eentre 3 \u0219i 6 ani, 50.000 de p\u0103rin\u021bi, 9.000 de educatori \u0219i 4.500 de gr\u0103dini\u021be\u00a0din comunit\u0103\u021bi defavorizate.<\/p>\n<p class=\"wp-block-paragraph\">Programul se afl\u0103 \u00een cel de-al patrulea an de implementare \u0219i are ca obiectiv declarat \u00eembun\u0103t\u0103\u021birea accesului copiilor vulnerabili la educa\u021bie timpurie \u0219i \u00eent\u0103rirea colabor\u0103rii dintre familie, unitatea de \u00eenv\u0103\u021b\u0103m\u00e2nt \u0219i comunitate.<\/p>\n<\/div>\n<p>[analyse_source url=&#8221;https:\/\/www.monitoruldevaslui.ro\/2026\/08\/educatie-timpurie-in-judetul-vaslui-1-745-copii-232-parinti-si-20-de-educatori-inclusi-in-programul-start-in-educatie\/#new_tab&#8221;]<\/p>\n","protected":false},"excerpt":{"rendered":"<p>[analyse_image type=&#8221;featured&#8221; src=&#8221;https:\/\/www.monitoruldevaslui.ro\/wp-content\/uploads\/2026\/08\/Proiect-educatie-copii-elevi-Start-educatie-saraci-Wordvision-scoala-rural-ghiozdanel-viitor.png&#8221;] NewsHub 20.1C Vaslui Programul derulat de Funda\u021bia World Vision Rom\u00e2nia \u0219i Funda\u021bia OMV Petrom ajunge \u00een anul \u0219colar 2025\u20132026 \u00een zeci de comunit\u0103\u021bi din jude\u021b. 1.745 copii, 232 p\u0103rin\u021bi \u0219i 20 de educatori beneficiaz\u0103 de resurse educa\u021bionale \u0219i interven\u021bii dedicate\u00a0educa\u021biei timpurii.\u00a0 1.745 copii, 232 p\u0103rin\u021bi \u0219i 20 de educatori\u00a0sunt inclu\u0219i \u00een programul [&hellip;]<\/p>\n","protected":false},"author":1,"featured_media":0,"comment_status":"open","ping_status":"","sticky":false,"template":"","format":"standard","meta":{"footnotes":""},"categories":[89],"tags":[226,217],"class_list":["post-2096785","post","type-post","status-publish","format-standard","hentry","category-romania","tag-crawlmanager","tag-vaslui-robo-stiri-ro"],"_links":{"self":[{"href":"https:\/\/analyse.optim.biz\/index.php?rest_route=\/wp\/v2\/posts\/2096785","targetHints":{"allow":["GET"]}}],"collection":[{"href":"https:\/\/analyse.optim.biz\/index.php?rest_route=\/wp\/v2\/posts"}],"about":[{"href":"https:\/\/analyse.optim.biz\/index.php?rest_route=\/wp\/v2\/types\/post"}],"author":[{"embeddable":true,"href":"https:\/\/analyse.optim.biz\/index.php?rest_route=\/wp\/v2\/users\/1"}],"replies":[{"embeddable":true,"href":"https:\/\/analyse.optim.biz\/index.php?rest_route=%2Fwp%2Fv2%2Fcomments&post=2096785"}],"version-history":[{"count":0,"href":"https:\/\/analyse.optim.biz\/index.php?rest_route=\/wp\/v2\/posts\/2096785\/revisions"}],"wp:attachment":[{"href":"https:\/\/analyse.optim.biz\/index.php?rest_route=%2Fwp%2Fv2%2Fmedia&parent=2096785"}],"wp:term":[{"taxonomy":"category","embeddable":true,"href":"https:\/\/analyse.optim.biz\/index.php?rest_route=%2Fwp%2Fv2%2Fcategories&post=2096785"},{"taxonomy":"post_tag","embeddable":true,"href":"https:\/\/analyse.optim.biz\/index.php?rest_route=%2Fwp%2Fv2%2Ftags&post=2096785"}],"curies":[{"name":"wp","href":"https:\/\/api.w.org\/{rel}","templated":true}]}}