{"id":2096783,"date":"2026-08-14T10:41:17","date_gmt":"2026-08-14T07:41:17","guid":{"rendered":"https:\/\/analyse.optim.biz\/?p=2096783"},"modified":"2026-08-14T10:41:17","modified_gmt":"2026-08-14T07:41:17","slug":"nationala-de-baschet-a-romaniei-infrunta-bulgaria-pe-danubius-arena","status":"publish","type":"post","link":"https:\/\/analyse.optim.biz\/?p=2096783","title":{"rendered":"Na\u021bionala de Baschet a Rom\u00e2niei \u00eenfrunt\u0103 Bulgaria pe Danubius Arena"},"content":{"rendered":"<p>[analyse_image type=&#8221;featured&#8221; src=&#8221;https:\/\/infotulcea.ro\/wp-content\/uploads\/2026\/08\/sala-de-sport.jpghttps:\/\/infotulcea.ro\/wp-content\/uploads\/2026\/08\/sala-de-sport.jpg&#8221;]<\/p>\n<div id=\"content\" class=\"site-content container\">\n<div id=\"main-content-row\" class=\"tie-row main-content-row\">\n<div class=\"main-content tie-col-md-8 tie-col-xs-12\" role=\"main\">\n<article id=\"the-post\" class=\"container-wrapper post-content tie-standard\">\n<header class=\"entry-header-outer\">\n<nav id=\"breadcrumb\"><a href=\"https:\/\/infotulcea.ro\/\"> Home<\/a><em class=\"delimiter\">\/<\/em><a href=\"https:\/\/infotulcea.ro\/categorie\/alte\/\">Alte sporturi<\/a><em class=\"delimiter\">\/<\/em><span class=\"current\">Na\u021bionala de Baschet a Rom\u00e2niei \u00eenfrunt\u0103 Bulgaria pe Danubius Arena<\/span><\/nav>\n<div class=\"entry-header\"><span class=\"post-cat-wrap\"><a class=\"post-cat tie-cat-54\" href=\"https:\/\/infotulcea.ro\/categorie\/alte\/\">Alte sporturi<\/a><\/span><\/p>\n<h1 class=\"post-title entry-title\">\n\t\t\tNa\u021bionala de Baschet a Rom\u00e2niei \u00eenfrunt\u0103 Bulgaria pe Danubius Arena\t\t<\/h1>\n<div class=\"single-post-meta post-meta clearfix\"><span class=\"author-meta single-author no-avatars\"><span class=\"meta-item meta-author-wrapper meta-author-9\"><span class=\"meta-author\"><a href=\"https:\/\/infotulcea.ro\/author\/redactia-2\/\" class=\"author-name tie-icon\" title=\"Redactia\">Redactia<\/a><\/span><\/span><\/span><span class=\"date meta-item tie-icon\">14 august 2026<\/span><\/p>\n<div class=\"tie-alignright\"><span class=\"meta-comment tie-icon meta-item fa-before\">0<\/span><span class=\"meta-views meta-item \"> 417 <\/span><span class=\"meta-reading-time meta-item\"> 1 minute read<\/span><\/div>\n<\/div>\n<\/div>\n<\/header>\n<div class=\"entry-content entry clearfix\">\n<p><strong>Meciul va avea loc duminic\u0103, 30 august 2026, \u00eencep\u00e2nd cu ora 18.00.<\/strong><br \/><strong>Federa\u021bia Rom\u00e2n\u0103 de Baschet, cu sprijinul Consiliului Jude\u021bean Tulcea, aduce,<\/strong><br \/><strong>din nou, la Tulcea, o competi\u021bie de nivel interna\u021bional: la sf\u00e2r\u0219itul acestei luni,<\/strong><br \/><strong>sportivii na\u021bionalei de baschet \u00eenfrunt\u0103 ehipa Bulgariei, \u00een precalific\u0103rile pentru<\/strong><br \/><strong>FIBA EuroBasket 2029.<\/strong><br \/>\nRom\u00e2nia face parte din Grupa D, al\u0103turi de Danemarca \u0219i Bulgaria, iar<br \/>\nc\u00e2\u0219tig\u0103toarea grupei se calific\u0103 direct \u00een preliminariile FIBA EuroBasket 2029.<br \/>\nCompeti\u021bia vine dup\u0103 succesul r\u0103sun\u0103tor al Campionatului European FIBA U18<source sizes=\"(max-width: 477px) 100vw, 477px\" type=\"image\/webp\" data-srcset=\"https:\/\/infotulcea.ro\/wp-content\/uploads\/2026\/08\/sala-de-sport-500x281.jpg.webp 500w, https:\/\/infotulcea.ro\/wp-content\/uploads\/2026\/08\/sala-de-sport-1024x576.jpg.webp 1024w, https:\/\/infotulcea.ro\/wp-content\/uploads\/2026\/08\/sala-de-sport-768x432.jpg.webp 768w, https:\/\/infotulcea.ro\/wp-content\/uploads\/2026\/08\/sala-de-sport-390x220.jpg.webp 390w, https:\/\/infotulcea.ro\/wp-content\/uploads\/2026\/08\/sala-de-sport.jpg.webp 1080w\" \/><\/p>\n<p><img loading=\"lazy\" decoding=\"async\" class=\" wp-image-40392 alignright\" src=\"https:\/\/infotulcea.ro\/wp-content\/uploads\/2026\/08\/sala-de-sport-500x281.jpg\" alt width=\"477\" height=\"268\"><br \/>\nWomen\u2019s Eurobasket, la care fiecare meci al tricolorelor s-a jucat cu sala la<br \/>\ncapacitate maxim\u0103, \u00eenregistr\u00e2nd, astfel, record european pentru baschet juvenil,<br \/>\ncu 31.616 spectatori.<br \/>\n\u201eAcest tip de competi\u021bii organizate la Tulcea reflect\u0103, pe de o parte, importan\u021ba<br \/>\n\u0219i necesitatea investi\u021biei privind construc\u021bia S\u0103lii Polivalente \u0219i, pe de alta parte,<br \/>\ndorin\u021ba extraordinar\u0103 a tulcenilor pentru sport de performan\u021b\u0103. La campionatul<br \/>\nanterior am avut un public de aur, am avut parte de un adev\u0103rat spectacol \u00een<br \/>\ntribune, care se desf\u0103\u0219ura \u00een paralel cu cel de pe terenul de joc. Le mul\u021bumesc<br \/>\n\u00eenc\u0103 o dat\u0103 tulcenilor pentru sus\u021binerea din timpul Campionatului European U<br \/>\n18 \u0219i \u00eei invit s\u0103 fie \u0219i pe data de 30 august 2026 al\u0103turi de noi, pe Danubius<br \/>\nArena. Hai Rom\u00e2nia!\u201c, a transmis pre\u0219edintele Consiliului Jude\u021bean Tulcea,<br \/>\nHoria Teodorescu.\n<\/div>\n<div id=\"post-extra-info\">\n<div class=\"theiaStickySidebar\">\n<div class=\"single-post-meta post-meta clearfix\"><span class=\"author-meta single-author no-avatars\"><span class=\"meta-item meta-author-wrapper meta-author-9\"><span class=\"meta-author\"><a href=\"https:\/\/infotulcea.ro\/author\/redactia-2\/\" class=\"author-name tie-icon\" title=\"Redactia\">Redactia<\/a><\/span><\/span><\/span><span class=\"date meta-item tie-icon\">14 august 2026<\/span><\/p>\n<div class=\"tie-alignright\"><span class=\"meta-comment tie-icon meta-item fa-before\">0<\/span><span class=\"meta-views meta-item \"> 417 <\/span><span class=\"meta-reading-time meta-item\"> 1 minute read<\/span><\/div>\n<\/div>\n<\/div>\n<\/div>\n<div id=\"share-buttons-bottom\" class=\"share-buttons share-buttons-bottom\">\n<div class=\"share-links  icons-only\">\n<div class=\"share-title\"><span> Share<\/span><\/div>\n<p><a href=\"https:\/\/www.facebook.com\/sharer.php?u=https:\/\/infotulcea.ro\/nationala-de-baschet-a-romaniei-infrunta-bulgaria-pe-danubius-arena\/\" rel=\"external noopener nofollow\" title=\"Facebook\" target=\"_blank\" class=\"facebook-share-btn \" data-raw=\"https:\/\/www.facebook.com\/sharer.php?u={post_link}\"><span class=\"screen-reader-text\">Facebook<\/span><\/a><a href=\"https:\/\/twitter.com\/intent\/tweet?text=Na%C8%9Bionala%20de%20Baschet%20a%20Rom%C3%A2niei%20%C3%AEnfrunt%C4%83%20Bulgaria%20pe%20Danubius%20Arena&amp;url=https:\/\/infotulcea.ro\/nationala-de-baschet-a-romaniei-infrunta-bulgaria-pe-danubius-arena\/\" rel=\"external noopener nofollow\" title=\"X\" target=\"_blank\" class=\"twitter-share-btn \" data-raw=\"https:\/\/twitter.com\/intent\/tweet?text={post_title}&amp;url={post_link}\"><span class=\"screen-reader-text\">X<\/span><\/a><a href=\"https:\/\/api.whatsapp.com\/send?text=Na%C8%9Bionala%20de%20Baschet%20a%20Rom%C3%A2niei%20%C3%AEnfrunt%C4%83%20Bulgaria%20pe%20Danubius%20Arena%20https:\/\/infotulcea.ro\/nationala-de-baschet-a-romaniei-infrunta-bulgaria-pe-danubius-arena\/\" rel=\"external noopener nofollow\" title=\"WhatsApp\" target=\"_blank\" class=\"whatsapp-share-btn \" data-raw=\"https:\/\/api.whatsapp.com\/send?text={post_title}%20{post_link}\"><span class=\"screen-reader-text\">WhatsApp<\/span><\/a><a href=\"https:\/\/telegram.me\/share\/url?url=https:\/\/infotulcea.ro\/nationala-de-baschet-a-romaniei-infrunta-bulgaria-pe-danubius-arena\/&amp;text=Na%C8%9Bionala%20de%20Baschet%20a%20Rom%C3%A2niei%20%C3%AEnfrunt%C4%83%20Bulgaria%20pe%20Danubius%20Arena\" rel=\"external noopener nofollow\" title=\"Telegram\" target=\"_blank\" class=\"telegram-share-btn \" data-raw=\"https:\/\/telegram.me\/share\/url?url={post_link}&amp;text={post_title}\"><span class=\"screen-reader-text\">Telegram<\/span><\/a><a href=\"mailto:?subject=Na%C8%9Bionala%20de%20Baschet%20a%20Rom%C3%A2niei%20%C3%AEnfrunt%C4%83%20Bulgaria%20pe%20Danubius%20Arena&amp;body=https:\/\/infotulcea.ro\/nationala-de-baschet-a-romaniei-infrunta-bulgaria-pe-danubius-arena\/\" rel=\"external noopener nofollow\" title=\"Share via Email\" target=\"_blank\" class=\"email-share-btn \" data-raw=\"mailto:?subject={post_title}&amp;body={post_link}\"><span class=\"screen-reader-text\">Share via Email<\/span><\/a><a href=\"https:\/\/infotulcea.ro\/nationala-de-baschet-a-romaniei-infrunta-bulgaria-pe-danubius-arena\/\" rel=\"external noopener nofollow\" title=\"Print\" target=\"_blank\" class=\"print-share-btn \" data-raw=\"#\"><span class=\"screen-reader-text\">Print<\/span><\/a><\/div>\n<\/div>\n<\/article>\n<div class=\"post-components\">\n<div id=\"related-posts\" class=\"container-wrapper has-extra-post\">\n<div class=\"mag-box-title the-global-title\">\n<h3>Related Articles<\/h3>\n<\/div>\n<div class=\"related-posts-list\">\n<div class=\"related-item tie-standard\"><a aria-label=\"Campioni europeni la Karate Kyokushin: Vlad Constantin UNCU \u0219i Albert P\u0102NU\u021a\u0102!\" href=\"https:\/\/infotulcea.ro\/campioni-europeni-la-karate-kyokushin-vlad-constantin-uncu-si-albert-panuta\/\" class=\"post-thumb\"><source type=\"image\/webp\" data-srcset=\"https:\/\/infotulcea.ro\/wp-content\/uploads\/2023\/04\/p1-ka-390x220.jpg.webp\" \/><img loading=\"lazy\" decoding=\"async\" width=\"390\" height=\"220\" src=\"https:\/\/infotulcea.ro\/wp-content\/uploads\/2023\/04\/p1-ka-390x220.jpg\" class=\"attachment-jannah-image-large size-jannah-image-large wp-post-image\" alt><\/a><\/p>\n<h3 class=\"post-title\"><a href=\"https:\/\/infotulcea.ro\/campioni-europeni-la-karate-kyokushin-vlad-constantin-uncu-si-albert-panuta\/\">Campioni europeni la Karate Kyokushin: Vlad Constantin UNCU \u0219i Albert P\u0102NU\u021a\u0102!<\/a><\/h3>\n<div class=\"post-meta clearfix\"><span class=\"date meta-item tie-icon\">25 aprilie 2023<\/span><\/div>\n<\/div>\n<div class=\"related-item tie-standard\"><a aria-label=\"Spartanii alearg\u0103 \u00een weekend la Autism 24h\" href=\"https:\/\/infotulcea.ro\/spartanii-alearga-in-weekend-la-autism-24h\/\" class=\"post-thumb\"><source type=\"image\/webp\" data-srcset=\"https:\/\/infotulcea.ro\/wp-content\/uploads\/2022\/09\/spartanii-2022-390x220.jpeg.webp\" \/><img loading=\"lazy\" decoding=\"async\" width=\"390\" height=\"220\" src=\"https:\/\/infotulcea.ro\/wp-content\/uploads\/2022\/09\/spartanii-2022-390x220.jpeg\" class=\"attachment-jannah-image-large size-jannah-image-large wp-post-image\" alt><\/a><\/p>\n<h3 class=\"post-title\"><a href=\"https:\/\/infotulcea.ro\/spartanii-alearga-in-weekend-la-autism-24h\/\">Spartanii alearg\u0103 \u00een weekend la Autism 24h<\/a><\/h3>\n<div class=\"post-meta clearfix\"><span class=\"date meta-item tie-icon\">6 septembrie 2022<\/span><\/div>\n<\/div>\n<div class=\"related-item tie-standard\"><a aria-label=\"Tulceni pe podiumul cpmpeti\u021biei de karate full contact Romanian Interna\u0163ional Cup!\" href=\"https:\/\/infotulcea.ro\/tulceni-pe-podiumul-cpmpetitiei-de-karate-full-contact-romanian-international-cup\/\" class=\"post-thumb\"><source type=\"image\/webp\" data-srcset=\"https:\/\/infotulcea.ro\/wp-content\/uploads\/2023\/09\/IMG-20230924-WA0047-390x220.jpg.webp\" \/><img loading=\"lazy\" decoding=\"async\" width=\"390\" height=\"220\" src=\"https:\/\/infotulcea.ro\/wp-content\/uploads\/2023\/09\/IMG-20230924-WA0047-390x220.jpg\" class=\"attachment-jannah-image-large size-jannah-image-large wp-post-image\" alt><\/a><\/p>\n<h3 class=\"post-title\"><a href=\"https:\/\/infotulcea.ro\/tulceni-pe-podiumul-cpmpetitiei-de-karate-full-contact-romanian-international-cup\/\">Tulceni pe podiumul cpmpeti\u021biei de karate full contact Romanian Interna\u0163ional Cup!<\/a><\/h3>\n<div class=\"post-meta clearfix\"><span class=\"date meta-item tie-icon\">25 septembrie 2023<\/span><\/div>\n<\/div>\n<div class=\"related-item tie-standard\"><a aria-label=\"\u00cenc\u0103 o vicecampioan\u0103 european\u0103 pentru Nippon Budo Sport Tulcea: Safca Alesia Riana!\" href=\"https:\/\/infotulcea.ro\/inca-o-vicecampioana-europeana-pentru-nippon-budo-sport-tulcea-safca-alesia-riana\/\" class=\"post-thumb\"><source type=\"image\/webp\" data-srcset=\"https:\/\/infotulcea.ro\/wp-content\/uploads\/2026\/05\/riana-390x220.jpeg.webp\" \/><img loading=\"lazy\" decoding=\"async\" width=\"390\" height=\"220\" src=\"https:\/\/infotulcea.ro\/wp-content\/uploads\/2026\/05\/riana-390x220.jpeg\" class=\"attachment-jannah-image-large size-jannah-image-large wp-post-image\" alt><\/a><\/p>\n<h3 class=\"post-title\"><a href=\"https:\/\/infotulcea.ro\/inca-o-vicecampioana-europeana-pentru-nippon-budo-sport-tulcea-safca-alesia-riana\/\">\u00cenc\u0103 o vicecampioan\u0103 european\u0103 pentru Nippon Budo Sport Tulcea: Safca Alesia Riana!<\/a><\/h3>\n<div class=\"post-meta clearfix\"><span class=\"date meta-item tie-icon\">10 mai 2026<\/span><\/div>\n<\/div>\n<\/div>\n<\/div>\n<div id=\"comments\" class=\"comments-area\">\n<div id=\"add-comment-block\" class=\"container-wrapper\">\n<div id=\"respond\" class=\"comment-respond\">\n<h3 id=\"reply-title\" class=\"comment-reply-title the-global-title\">Las\u0103 un r\u0103spuns <small><a rel=\"nofollow\" id=\"cancel-comment-reply-link\" href=\"https:\/\/infotulcea.ro\/nationala-de-baschet-a-romaniei-infrunta-bulgaria-pe-danubius-arena\/#respond\">Anuleaz\u0103 r\u0103spunsul<\/a><\/small><\/h3>\n<p class=\"comment-notes\"><span id=\"email-notes\">Adresa ta de email nu va fi publicat\u0103.<\/span><span class=\"required-field-message\">C\u00e2mpurile obligatorii sunt marcate cu <span class=\"required\">*<\/span><\/span><\/p>\n<\/div>\n<\/div>\n<\/div>\n<\/div>\n<\/div>\n<div id=\"check-also-box\" class=\"container-wrapper check-also-right\">\n<div class=\"widget-title the-global-title\">\n<div class=\"the-subtitle\">Check Also<\/div>\n<p><a href=\"https:\/\/infotulcea.ro\/nationala-de-baschet-a-romaniei-infrunta-bulgaria-pe-danubius-arena\/\" id=\"check-also-close\" class=\"remove\"><span class=\"screen-reader-text\">Close<\/span><\/a><\/div>\n<div class=\"widget posts-list-big-first has-first-big-post\">\n<ul class=\"posts-list-items\">\n<li class=\"widget-single-post-item widget-post-list tie-standard\">\n<div class=\"post-widget-thumbnail\"><a aria-label=\"Doi elevi din Greci, califica\u021bi la etapa na\u021bional\u0103 a ONSS la tetratlon\" href=\"https:\/\/infotulcea.ro\/doi-elevi-din-greci-calificati-la-etapa-nationala-a-onss-la-tetratlon\/\" class=\"post-thumb\"><span class=\"post-cat-wrap\"><span class=\"post-cat tie-cat-54\">Alte sporturi<\/span><\/span><source type=\"image\/webp\" data-srcset=\"https:\/\/infotulcea.ro\/wp-content\/uploads\/2026\/04\/matetovici-390x220.jpg.webp\" \/><img loading=\"lazy\" decoding=\"async\" width=\"390\" height=\"220\" src=\"https:\/\/infotulcea.ro\/wp-content\/uploads\/2026\/04\/matetovici-390x220.jpg\" class=\"attachment-jannah-image-large size-jannah-image-large wp-post-image\" alt><\/a><\/div>\n<div class=\"post-widget-body \"><a class=\"post-title the-subtitle\" href=\"https:\/\/infotulcea.ro\/doi-elevi-din-greci-calificati-la-etapa-nationala-a-onss-la-tetratlon\/\">Doi elevi din Greci, califica\u021bi la etapa na\u021bional\u0103 a ONSS la tetratlon<\/a><\/p>\n<div class=\"post-meta\"><span class=\"date meta-item tie-icon\">27 aprilie 2026<\/span><\/div>\n<\/div>\n<\/li>\n<\/ul>\n<\/div>\n<\/div>\n<aside class=\"sidebar tie-col-md-4 tie-col-xs-12 normal-side is-sticky\" aria-label=\"Primary Sidebar\">\n<div class=\"theiaStickySidebar\">\n<div id=\"media_image-19\" class=\"container-wrapper widget widget_media_image\"><a href=\"https:\/\/infotulcea.ro\/delta-dunarii-mai-accesibila-navrom-delta-creste-numarul-curselor-regulate-de-la-1-mai-2025\/\"><source sizes=\"(max-width: 500px) 100vw, 500px\" type=\"image\/webp\" data-srcset=\"https:\/\/infotulcea.ro\/wp-content\/uploads\/2025\/04\/navrom-delta-500x271.jpg.webp 500w, https:\/\/infotulcea.ro\/wp-content\/uploads\/2025\/04\/navrom-delta-1024x555.jpg.webp 1024w, https:\/\/infotulcea.ro\/wp-content\/uploads\/2025\/04\/navrom-delta-768x416.jpg.webp 768w, https:\/\/infotulcea.ro\/wp-content\/uploads\/2025\/04\/navrom-delta.jpg.webp 1080w\" \/><img loading=\"lazy\" decoding=\"async\" width=\"500\" height=\"271\" src=\"https:\/\/infotulcea.ro\/wp-content\/uploads\/2025\/04\/navrom-delta-500x271.jpg\" class=\"image wp-image-34487  attachment-medium size-medium\" alt><\/a><\/div>\n<div id=\"media_image-17\" class=\"container-wrapper widget widget_media_image\"><a href=\"https:\/\/www.facebook.com\/share\/p\/1DGAD1tLWN\/?mibextid=wwXIfr\" target=\"_blank\"><source sizes=\"(max-width: 500px) 100vw, 500px\" type=\"image\/webp\" data-srcset=\"https:\/\/infotulcea.ro\/wp-content\/uploads\/2026\/01\/IMG_1563-500x500.jpeg.webp 500w, https:\/\/infotulcea.ro\/wp-content\/uploads\/2026\/01\/IMG_1563-1024x1024.jpeg.webp 1024w, https:\/\/infotulcea.ro\/wp-content\/uploads\/2026\/01\/IMG_1563-250x250.jpeg.webp 250w, https:\/\/infotulcea.ro\/wp-content\/uploads\/2026\/01\/IMG_1563-768x768.jpeg.webp 768w, https:\/\/infotulcea.ro\/wp-content\/uploads\/2026\/01\/IMG_1563.jpeg.webp 1080w\" \/><img loading=\"lazy\" decoding=\"async\" width=\"500\" height=\"500\" src=\"https:\/\/infotulcea.ro\/wp-content\/uploads\/2026\/01\/IMG_1563-500x500.jpeg\" class=\"image wp-image-37932  attachment-medium size-medium\" alt title=\"Centrale pe lemne\"><\/a><\/div>\n<div id=\"media_image-18\" class=\"container-wrapper widget widget_media_image\"><a href=\"https:\/\/www.licitatia.ro\/site\/index-guest\"><img loading=\"lazy\" decoding=\"async\" width=\"500\" height=\"262\" src=\"https:\/\/infotulcea.ro\/wp-content\/uploads\/2025\/09\/licitatia-500x262.png\" class=\"image wp-image-36670  attachment-medium size-medium lazyload\" alt><img loading=\"lazy\" decoding=\"async\" width=\"500\" height=\"262\" src=\"https:\/\/infotulcea.ro\/wp-content\/uploads\/2025\/09\/licitatia-500x262.png\" class=\"image wp-image-36670  attachment-medium size-medium\" alt><\/a><\/div>\n<div id=\"media_image-27\" class=\"container-wrapper widget widget_media_image\"><a href=\"https:\/\/www.centrale-lemne-liepsnele.ro\/\"><img loading=\"lazy\" decoding=\"async\" width=\"500\" height=\"500\" src=\"https:\/\/infotulcea.ro\/wp-content\/uploads\/2025\/09\/Centrale-pe-Lemne-Liepsnele-500x500.png\" class=\"image wp-image-36541  attachment-medium size-medium lazyload\" alt=\"Centrala pe lemne\"><img loading=\"lazy\" decoding=\"async\" width=\"500\" height=\"500\" src=\"https:\/\/infotulcea.ro\/wp-content\/uploads\/2025\/09\/Centrale-pe-Lemne-Liepsnele-500x500.png\" class=\"image wp-image-36541  attachment-medium size-medium\" alt=\"Centrala pe lemne\"><\/a><\/div>\n<div id=\"media_image-28\" class=\"container-wrapper widget widget_media_image\"><a href=\"https:\/\/infotulcea.ro\/angajeaza-te-ro-platforma-ta-online-de-angajari-si-forta-de-munca\/\"><source sizes=\"(max-width: 500px) 100vw, 500px\" type=\"image\/webp\" data-srcset=\"https:\/\/infotulcea.ro\/wp-content\/uploads\/2025\/04\/banner-angajazate-1-500x305.jpg.webp 500w, https:\/\/infotulcea.ro\/wp-content\/uploads\/2025\/04\/banner-angajazate-1-1024x625.jpg.webp 1024w, https:\/\/infotulcea.ro\/wp-content\/uploads\/2025\/04\/banner-angajazate-1-768x469.jpg.webp 768w, https:\/\/infotulcea.ro\/wp-content\/uploads\/2025\/04\/banner-angajazate-1.jpg.webp 1080w\" \/><img loading=\"lazy\" decoding=\"async\" width=\"500\" height=\"305\" src=\"https:\/\/infotulcea.ro\/wp-content\/uploads\/2025\/04\/banner-angajazate-1-500x305.jpg\" class=\"image wp-image-34317  attachment-medium size-medium\" alt><\/a><\/div>\n<\/div>\n<\/aside>\n<\/div>\n<\/div>\n<div class=\"entry-content entry clearfix\">\n<p><strong>Meciul va avea loc duminic\u0103, 30 august 2026, \u00eencep\u00e2nd cu ora 18.00.<\/strong><br \/><strong>Federa\u021bia Rom\u00e2n\u0103 de Baschet, cu sprijinul Consiliului Jude\u021bean Tulcea, aduce,<\/strong><br \/><strong>din nou, la Tulcea, o competi\u021bie de nivel interna\u021bional: la sf\u00e2r\u0219itul acestei luni,<\/strong><br \/><strong>sportivii na\u021bionalei de baschet \u00eenfrunt\u0103 ehipa Bulgariei, \u00een precalific\u0103rile pentru<\/strong><br \/><strong>FIBA EuroBasket 2029.<\/strong><br \/>\nRom\u00e2nia face parte din Grupa D, al\u0103turi de Danemarca \u0219i Bulgaria, iar<br \/>\nc\u00e2\u0219tig\u0103toarea grupei se calific\u0103 direct \u00een preliminariile FIBA EuroBasket 2029.<br \/>\nCompeti\u021bia vine dup\u0103 succesul r\u0103sun\u0103tor al Campionatului European FIBA U18<source sizes=\"(max-width: 477px) 100vw, 477px\" type=\"image\/webp\" data-srcset=\"https:\/\/infotulcea.ro\/wp-content\/uploads\/2026\/08\/sala-de-sport-500x281.jpg.webp 500w, https:\/\/infotulcea.ro\/wp-content\/uploads\/2026\/08\/sala-de-sport-1024x576.jpg.webp 1024w, https:\/\/infotulcea.ro\/wp-content\/uploads\/2026\/08\/sala-de-sport-768x432.jpg.webp 768w, https:\/\/infotulcea.ro\/wp-content\/uploads\/2026\/08\/sala-de-sport-390x220.jpg.webp 390w, https:\/\/infotulcea.ro\/wp-content\/uploads\/2026\/08\/sala-de-sport.jpg.webp 1080w\" \/><\/p>\n<p><img loading=\"lazy\" decoding=\"async\" class=\" wp-image-40392 alignright\" src=\"https:\/\/infotulcea.ro\/wp-content\/uploads\/2026\/08\/sala-de-sport-500x281.jpg\" alt width=\"477\" height=\"268\"><br \/>\nWomen\u2019s Eurobasket, la care fiecare meci al tricolorelor s-a jucat cu sala la<br \/>\ncapacitate maxim\u0103, \u00eenregistr\u00e2nd, astfel, record european pentru baschet juvenil,<br \/>\ncu 31.616 spectatori.<br \/>\n\u201eAcest tip de competi\u021bii organizate la Tulcea reflect\u0103, pe de o parte, importan\u021ba<br \/>\n\u0219i necesitatea investi\u021biei privind construc\u021bia S\u0103lii Polivalente \u0219i, pe de alta parte,<br \/>\ndorin\u021ba extraordinar\u0103 a tulcenilor pentru sport de performan\u021b\u0103. La campionatul<br \/>\nanterior am avut un public de aur, am avut parte de un adev\u0103rat spectacol \u00een<br \/>\ntribune, care se desf\u0103\u0219ura \u00een paralel cu cel de pe terenul de joc. Le mul\u021bumesc<br \/>\n\u00eenc\u0103 o dat\u0103 tulcenilor pentru sus\u021binerea din timpul Campionatului European U<br \/>\n18 \u0219i \u00eei invit s\u0103 fie \u0219i pe data de 30 august 2026 al\u0103turi de noi, pe Danubius<br \/>\nArena. Hai Rom\u00e2nia!\u201c, a transmis pre\u0219edintele Consiliului Jude\u021bean Tulcea,<br \/>\nHoria Teodorescu.\n<\/div>\n<div class=\"articleBody\" data-key=\"articleBody\">Meciul va avea loc duminic\u0103, 30 august 2026, \u00eencep\u00e2nd cu ora 18.00.<br \/>\nFedera\u021bia Rom\u00e2n\u0103 de Baschet, cu sprijinul Consiliului Jude\u021bean Tulcea, aduce,<br \/>\ndin nou, la Tulcea, o competi\u021bie de nivel interna\u021bional: la sf\u00e2r\u0219itul acestei luni,<br \/>\nsportivii na\u021bionalei de baschet \u00eenfrunt\u0103 ehipa Bulgariei, \u00een precalific\u0103rile pentru<br \/>\nFIBA EuroBasket 2029.<br \/>\nRom\u00e2nia face parte din Grupa D, al\u0103turi de Danemarca \u0219i Bulgaria, iar<br \/>\nc\u00e2\u0219tig\u0103toarea grupei se calific\u0103 direct \u00een preliminariile FIBA EuroBasket 2029.<br \/>\nCompeti\u021bia vine dup\u0103 succesul r\u0103sun\u0103tor al Campionatului European FIBA U18<br \/>\nWomen\u2019s Eurobasket, la care fiecare meci al tricolorelor s-a jucat cu sala la<br \/>\ncapacitate maxim\u0103, \u00eenregistr\u00e2nd, astfel, record european pentru baschet juvenil,<br \/>\ncu 31.616 spectatori.<br \/>\n\u201eAcest tip de competi\u021bii organizate la Tulcea reflect\u0103, pe de o parte, importan\u021ba<br \/>\n\u0219i necesitatea investi\u021biei privind construc\u021bia S\u0103lii Polivalente \u0219i, pe de alta parte,<br \/>\ndorin\u021ba extraordinar\u0103 a tulcenilor pentru sport de performan\u021b\u0103. La campionatul<br \/>\nanterior am avut un public de aur, am avut parte de un adev\u0103rat spectacol \u00een<br \/>\ntribune, care se desf\u0103\u0219ura \u00een paralel cu cel de pe terenul de joc. Le mul\u021bumesc<br \/>\n\u00eenc\u0103 o dat\u0103 tulcenilor pentru sus\u021binerea din timpul Campionatului European U<br \/>\n18 \u0219i \u00eei invit s\u0103 fie \u0219i pe data de 30 august 2026 al\u0103turi de noi, pe Danubius<br \/>\nArena. Hai Rom\u00e2nia!\u201c, a transmis pre\u0219edintele Consiliului Jude\u021bean Tulcea,<br \/>\nHoria Teodorescu.<\/div>\n<p>[analyse_source url=&#8221;https:\/\/infotulcea.ro\/nationala-de-baschet-a-romaniei-infrunta-bulgaria-pe-danubius-arena\/&#8221;]<\/p>\n","protected":false},"excerpt":{"rendered":"<p>[analyse_image type=&#8221;featured&#8221; src=&#8221;https:\/\/infotulcea.ro\/wp-content\/uploads\/2026\/08\/sala-de-sport.jpghttps:\/\/infotulcea.ro\/wp-content\/uploads\/2026\/08\/sala-de-sport.jpg&#8221;] Home\/Alte sporturi\/Na\u021bionala de Baschet a Rom\u00e2niei \u00eenfrunt\u0103 Bulgaria pe Danubius Arena Alte sporturi Na\u021bionala de Baschet a Rom\u00e2niei \u00eenfrunt\u0103 Bulgaria pe Danubius Arena Redactia14 august 2026 0 417 1 minute read Meciul va avea loc duminic\u0103, 30 august 2026, \u00eencep\u00e2nd cu ora 18.00.Federa\u021bia Rom\u00e2n\u0103 de Baschet, cu sprijinul Consiliului Jude\u021bean Tulcea, aduce,din [&hellip;]<\/p>\n","protected":false},"author":1,"featured_media":0,"comment_status":"open","ping_status":"","sticky":false,"template":"","format":"standard","meta":{"footnotes":""},"categories":[89],"tags":[226,221],"class_list":["post-2096783","post","type-post","status-publish","format-standard","hentry","category-romania","tag-crawlmanager","tag-infotulcea-ro"],"_links":{"self":[{"href":"https:\/\/analyse.optim.biz\/index.php?rest_route=\/wp\/v2\/posts\/2096783","targetHints":{"allow":["GET"]}}],"collection":[{"href":"https:\/\/analyse.optim.biz\/index.php?rest_route=\/wp\/v2\/posts"}],"about":[{"href":"https:\/\/analyse.optim.biz\/index.php?rest_route=\/wp\/v2\/types\/post"}],"author":[{"embeddable":true,"href":"https:\/\/analyse.optim.biz\/index.php?rest_route=\/wp\/v2\/users\/1"}],"replies":[{"embeddable":true,"href":"https:\/\/analyse.optim.biz\/index.php?rest_route=%2Fwp%2Fv2%2Fcomments&post=2096783"}],"version-history":[{"count":0,"href":"https:\/\/analyse.optim.biz\/index.php?rest_route=\/wp\/v2\/posts\/2096783\/revisions"}],"wp:attachment":[{"href":"https:\/\/analyse.optim.biz\/index.php?rest_route=%2Fwp%2Fv2%2Fmedia&parent=2096783"}],"wp:term":[{"taxonomy":"category","embeddable":true,"href":"https:\/\/analyse.optim.biz\/index.php?rest_route=%2Fwp%2Fv2%2Fcategories&post=2096783"},{"taxonomy":"post_tag","embeddable":true,"href":"https:\/\/analyse.optim.biz\/index.php?rest_route=%2Fwp%2Fv2%2Ftags&post=2096783"}],"curies":[{"name":"wp","href":"https:\/\/api.w.org\/{rel}","templated":true}]}}