{"id":2096776,"date":"2026-08-04T13:22:00","date_gmt":"2026-08-04T10:22:00","guid":{"rendered":"https:\/\/analyse.optim.biz\/?p=2096776"},"modified":"2026-08-04T13:22:00","modified_gmt":"2026-08-04T10:22:00","slug":"incendiu-dupa-ce-a-copt-vinete-la-forasti-pagube-mari-dupa-ce-o-bucatarie-de-vara-s-a-facut-scrum","status":"publish","type":"post","link":"https:\/\/analyse.optim.biz\/?p=2096776","title":{"rendered":"Incendiu dup\u0103 ce a copt vinete, la For\u0103\u0219ti! Pagube mari dup\u0103 ce o buc\u0103t\u0103rie de var\u0103 s-a f\u0103cut scrum"},"content":{"rendered":"<p>[analyse_image type=&#8221;featured&#8221; src=&#8221;https:\/\/blogger.googleusercontent.com\/img\/b\/R29vZ2xl\/AVvXsEgqIbTwRQPW-A_e_Pfjd9A5pN_Qsf_0giXvP7UY8GD5Pj1wj2dzBn3ssg2jqYhPHsx5pvuM5f1xuDu4O3m6XSD2Q0OFBuSrtwY4FjZ1_QsmRZacKUN03HUINejgdwoa3E7IY5gfpptCdy-yGS-U5Ox_W-q66-5acYVxhsvt4ENEF4nPU4zW2_fIGuxc\/w1600\/pompieri-interventie-incendiu.jpg&#8221;]<\/p>\n<div class=\"post-body entry-content\" id=\"post-body\">\n<div class=\"separator\"><a href=\"https:\/\/blogger.googleusercontent.com\/img\/b\/R29vZ2xl\/AVvXsEgqIbTwRQPW-A_e_Pfjd9A5pN_Qsf_0giXvP7UY8GD5Pj1wj2dzBn3ssg2jqYhPHsx5pvuM5f1xuDu4O3m6XSD2Q0OFBuSrtwY4FjZ1_QsmRZacKUN03HUINejgdwoa3E7IY5gfpptCdy-yGS-U5Ox_W-q66-5acYVxhsvt4ENEF4nPU4zW2_fIGuxc\/s600\/pompieri-interventie-incendiu.jpg\"><img decoding=\"async\" alt=\"Incendiu dup\u0103 ce a copt vinete, la For\u0103\u0219ti! pagube mari dup\u0103 ce o buc\u0103t\u0103rie de var\u0103 s-a f\u0103cut scrum\" border=\"0\" height=\"335\" loading=\"lazy\" src=\"https:\/\/blogger.googleusercontent.com\/img\/b\/R29vZ2xl\/AVvXsEgqIbTwRQPW-A_e_Pfjd9A5pN_Qsf_0giXvP7UY8GD5Pj1wj2dzBn3ssg2jqYhPHsx5pvuM5f1xuDu4O3m6XSD2Q0OFBuSrtwY4FjZ1_QsmRZacKUN03HUINejgdwoa3E7IY5gfpptCdy-yGS-U5Ox_W-q66-5acYVxhsvt4ENEF4nPU4zW2_fIGuxc\/w640-h335-rw\/pompieri-interventie-incendiu.jpg\" title=\"Incendiu dup\u0103 ce a copt vinete, la For\u0103\u0219ti! pagube mari dup\u0103 ce o buc\u0103t\u0103rie de var\u0103 s-a f\u0103cut scrum\" width=\"640\"><\/a><\/div>\n<p><strong>O activitate casnic\u0103 de rutin\u0103 s-a \u00eencheiat cu interven\u021bia de urgen\u021b\u0103 a pompierilor, luni diminea\u021b\u0103, \u00een localitatea For\u0103\u0219ti, jude\u021bul Suceava. O anex\u0103 gospod\u0103reasc\u0103 utilizat\u0103 ca buc\u0103t\u0103rie de var\u0103 a fost cuprins\u0103 de fl\u0103c\u0103ri, proprietarii \u00eenregistr\u00e2nd pagube materiale semnificative \u00een doar c\u00e2teva minute.<\/strong><\/p>\n<p>Incidentul a fost raportat la data de 3 august 2026, la ora 07:16. Lucr\u0103torii Sec\u021biei de Poli\u021bie Rural\u0103 Vadu Moldovei au fost sesiza\u021bi prin intermediul num\u0103rului unic de urgen\u021b\u0103 112, de c\u0103tre un vecin, cu privire la izbucnirea unui incendiu la gospod\u0103ria situat\u0103 pe strada Rapsodului Popular din satul For\u0103\u0219ti.<\/p>\n<p>Echipa operativ\u0103 ajuns\u0103 la fa\u021ba locului a confirmat cele sesizate. Pentru stingerea fl\u0103c\u0103rilor au fost mobilizate dou\u0103 autospeciale din cadrul Inspectoratului pentru Situa\u021bii de Urgen\u021b\u0103 (I.S.U.) Bucovina \u2013 Deta\u0219amentul F\u0103lticeni, precum \u0219i o autospecial\u0103 din cadrul Prim\u0103riei Comunei For\u0103\u0219ti. Echipajele au ac\u021bionat rapid \u0219i au procedat la lichidarea focarelor.<\/p>\n<p>Din declara\u021biile proprietarului, Aurel D., a reie\u0219it c\u0103 \u00een diminea\u021ba respectiv\u0103 a folosit o sob\u0103 amplasat\u0103 \u00een imediata vecin\u0103tate a buc\u0103t\u0103riei de var\u0103 din lemn pentru a coace vinete. \u00cen jurul orei 07:00, b\u0103rbatul a finalizat activitatea \u0219i a intrat \u00een locuin\u021ba principal\u0103. La aproximativ 10 minute distan\u021b\u0103, proprietarii au observat c\u0103 anexa a luat foc.<\/p>\n<p>Ie\u0219ind \u00een curte, b\u0103rbatul a constatat c\u0103 burlanul metalic al sobei se desprinsese \u0219i c\u0103zuse pe structura din lemn a buc\u0103t\u0103riei de var\u0103, declan\u0219\u00e2nd incendiul.<\/p>\n<h3>F\u0103r\u0103 asigurare \u0219i cu o pagub\u0103 uria\u0219\u0103! Dosar penal deschis de poli\u021bi\u0219ti<\/h3>\n<p>Speciali\u0219tii din cadrul I.S.U. Bucovina au stabilit oficial cauza producerii evenimentului ca fiind efectul termic generat de burlanul metalic c\u0103zut pe anexa construit\u0103 din lemn. Datorit\u0103 interven\u021biei prompte, nu a existat riscul de propagare a fl\u0103c\u0103rilor la locuin\u021ba principal\u0103 a familiei sau la propriet\u0103\u021bile \u00eenvecinate. \u00cen incendiu au ars aproximativ 10 metri p\u0103tra\u021bi din acoperi\u0219ul anexei gospod\u0103re\u0219ti.<\/p>\n<p>Evenimentul nu s-a soldat cu victime omene\u0219ti, iar poli\u021bi\u0219tii au precizat c\u0103 nu exist\u0103 suspiciuni cu privire la circumstan\u021bele producerii focului. Familia afectat\u0103 nu de\u021binea o poli\u021b\u0103 de asigurare, iar prejudiciul estimat \u00een urma incendiului se ridic\u0103 la aproximativ 10.000 de lei.<\/p>\n<p>Conform procedurilor legale, lucr\u0103torii Postului de Poli\u021bie For\u0103\u0219ti au \u00eentocmit un dosar de cercetare penal\u0103 sub aspectul s\u0103v\u00e2r\u0219irii infrac\u021biunii de <strong>\u201edistrugere din culp\u0103\u201d<\/strong>, fapt\u0103 prev\u0103zut\u0103 \u0219i pedepsit\u0103 de art. 255, alin. 1 din Codul Penal.<\/p>\n<\/div>\n<div class=\"post-body entry-content\" id=\"post-body\">\n<div class=\"separator\"><a href=\"https:\/\/blogger.googleusercontent.com\/img\/b\/R29vZ2xl\/AVvXsEgqIbTwRQPW-A_e_Pfjd9A5pN_Qsf_0giXvP7UY8GD5Pj1wj2dzBn3ssg2jqYhPHsx5pvuM5f1xuDu4O3m6XSD2Q0OFBuSrtwY4FjZ1_QsmRZacKUN03HUINejgdwoa3E7IY5gfpptCdy-yGS-U5Ox_W-q66-5acYVxhsvt4ENEF4nPU4zW2_fIGuxc\/s600\/pompieri-interventie-incendiu.jpg\"><img decoding=\"async\" alt=\"Incendiu dup\u0103 ce a copt vinete, la For\u0103\u0219ti! pagube mari dup\u0103 ce o buc\u0103t\u0103rie de var\u0103 s-a f\u0103cut scrum\" border=\"0\" height=\"335\" loading=\"lazy\" src=\"https:\/\/blogger.googleusercontent.com\/img\/b\/R29vZ2xl\/AVvXsEgqIbTwRQPW-A_e_Pfjd9A5pN_Qsf_0giXvP7UY8GD5Pj1wj2dzBn3ssg2jqYhPHsx5pvuM5f1xuDu4O3m6XSD2Q0OFBuSrtwY4FjZ1_QsmRZacKUN03HUINejgdwoa3E7IY5gfpptCdy-yGS-U5Ox_W-q66-5acYVxhsvt4ENEF4nPU4zW2_fIGuxc\/w640-h335-rw\/pompieri-interventie-incendiu.jpg\" title=\"Incendiu dup\u0103 ce a copt vinete, la For\u0103\u0219ti! pagube mari dup\u0103 ce o buc\u0103t\u0103rie de var\u0103 s-a f\u0103cut scrum\" width=\"640\"><\/a><\/div>\n<p><strong>O activitate casnic\u0103 de rutin\u0103 s-a \u00eencheiat cu interven\u021bia de urgen\u021b\u0103 a pompierilor, luni diminea\u021b\u0103, \u00een localitatea For\u0103\u0219ti, jude\u021bul Suceava. O anex\u0103 gospod\u0103reasc\u0103 utilizat\u0103 ca buc\u0103t\u0103rie de var\u0103 a fost cuprins\u0103 de fl\u0103c\u0103ri, proprietarii \u00eenregistr\u00e2nd pagube materiale semnificative \u00een doar c\u00e2teva minute.<\/strong><\/p>\n<p>Incidentul a fost raportat la data de 3 august 2026, la ora 07:16. Lucr\u0103torii Sec\u021biei de Poli\u021bie Rural\u0103 Vadu Moldovei au fost sesiza\u021bi prin intermediul num\u0103rului unic de urgen\u021b\u0103 112, de c\u0103tre un vecin, cu privire la izbucnirea unui incendiu la gospod\u0103ria situat\u0103 pe strada Rapsodului Popular din satul For\u0103\u0219ti.<\/p>\n<p>Echipa operativ\u0103 ajuns\u0103 la fa\u021ba locului a confirmat cele sesizate. Pentru stingerea fl\u0103c\u0103rilor au fost mobilizate dou\u0103 autospeciale din cadrul Inspectoratului pentru Situa\u021bii de Urgen\u021b\u0103 (I.S.U.) Bucovina \u2013 Deta\u0219amentul F\u0103lticeni, precum \u0219i o autospecial\u0103 din cadrul Prim\u0103riei Comunei For\u0103\u0219ti. Echipajele au ac\u021bionat rapid \u0219i au procedat la lichidarea focarelor.<\/p>\n<p>Din declara\u021biile proprietarului, Aurel D., a reie\u0219it c\u0103 \u00een diminea\u021ba respectiv\u0103 a folosit o sob\u0103 amplasat\u0103 \u00een imediata vecin\u0103tate a buc\u0103t\u0103riei de var\u0103 din lemn pentru a coace vinete. \u00cen jurul orei 07:00, b\u0103rbatul a finalizat activitatea \u0219i a intrat \u00een locuin\u021ba principal\u0103. La aproximativ 10 minute distan\u021b\u0103, proprietarii au observat c\u0103 anexa a luat foc.<\/p>\n<p>Ie\u0219ind \u00een curte, b\u0103rbatul a constatat c\u0103 burlanul metalic al sobei se desprinsese \u0219i c\u0103zuse pe structura din lemn a buc\u0103t\u0103riei de var\u0103, declan\u0219\u00e2nd incendiul.<\/p>\n<h3>F\u0103r\u0103 asigurare \u0219i cu o pagub\u0103 uria\u0219\u0103! Dosar penal deschis de poli\u021bi\u0219ti<\/h3>\n<p>Speciali\u0219tii din cadrul I.S.U. Bucovina au stabilit oficial cauza producerii evenimentului ca fiind efectul termic generat de burlanul metalic c\u0103zut pe anexa construit\u0103 din lemn. Datorit\u0103 interven\u021biei prompte, nu a existat riscul de propagare a fl\u0103c\u0103rilor la locuin\u021ba principal\u0103 a familiei sau la propriet\u0103\u021bile \u00eenvecinate. \u00cen incendiu au ars aproximativ 10 metri p\u0103tra\u021bi din acoperi\u0219ul anexei gospod\u0103re\u0219ti.<\/p>\n<p>Evenimentul nu s-a soldat cu victime omene\u0219ti, iar poli\u021bi\u0219tii au precizat c\u0103 nu exist\u0103 suspiciuni cu privire la circumstan\u021bele producerii focului. Familia afectat\u0103 nu de\u021binea o poli\u021b\u0103 de asigurare, iar prejudiciul estimat \u00een urma incendiului se ridic\u0103 la aproximativ 10.000 de lei.<\/p>\n<p>Conform procedurilor legale, lucr\u0103torii Postului de Poli\u021bie For\u0103\u0219ti au \u00eentocmit un dosar de cercetare penal\u0103 sub aspectul s\u0103v\u00e2r\u0219irii infrac\u021biunii de <strong>\u201edistrugere din culp\u0103\u201d<\/strong>, fapt\u0103 prev\u0103zut\u0103 \u0219i pedepsit\u0103 de art. 255, alin. 1 din Codul Penal.<\/p>\n<\/div>\n<p>[analyse_source url=&#8221;https:\/\/www.stirisuceava.net\/2026\/08\/incendiu-dupa-ce-copt-vinete-la-forasti.html&#8221;]<\/p>\n","protected":false},"excerpt":{"rendered":"<p>[analyse_image type=&#8221;featured&#8221; src=&#8221;https:\/\/blogger.googleusercontent.com\/img\/b\/R29vZ2xl\/AVvXsEgqIbTwRQPW-A_e_Pfjd9A5pN_Qsf_0giXvP7UY8GD5Pj1wj2dzBn3ssg2jqYhPHsx5pvuM5f1xuDu4O3m6XSD2Q0OFBuSrtwY4FjZ1_QsmRZacKUN03HUINejgdwoa3E7IY5gfpptCdy-yGS-U5Ox_W-q66-5acYVxhsvt4ENEF4nPU4zW2_fIGuxc\/w1600\/pompieri-interventie-incendiu.jpg&#8221;] O activitate casnic\u0103 de rutin\u0103 s-a \u00eencheiat cu interven\u021bia de urgen\u021b\u0103 a pompierilor, luni diminea\u021b\u0103, \u00een localitatea For\u0103\u0219ti, jude\u021bul Suceava. O anex\u0103 gospod\u0103reasc\u0103 utilizat\u0103 ca buc\u0103t\u0103rie de var\u0103 a fost cuprins\u0103 de fl\u0103c\u0103ri, proprietarii \u00eenregistr\u00e2nd pagube materiale semnificative \u00een doar c\u00e2teva minute. Incidentul a fost raportat la data de 3 august 2026, [&hellip;]<\/p>\n","protected":false},"author":1,"featured_media":0,"comment_status":"open","ping_status":"","sticky":false,"template":"","format":"standard","meta":{"footnotes":""},"categories":[89],"tags":[226,172],"class_list":["post-2096776","post","type-post","status-publish","format-standard","hentry","category-romania","tag-crawlmanager","tag-stirisuceava-net"],"_links":{"self":[{"href":"https:\/\/analyse.optim.biz\/index.php?rest_route=\/wp\/v2\/posts\/2096776","targetHints":{"allow":["GET"]}}],"collection":[{"href":"https:\/\/analyse.optim.biz\/index.php?rest_route=\/wp\/v2\/posts"}],"about":[{"href":"https:\/\/analyse.optim.biz\/index.php?rest_route=\/wp\/v2\/types\/post"}],"author":[{"embeddable":true,"href":"https:\/\/analyse.optim.biz\/index.php?rest_route=\/wp\/v2\/users\/1"}],"replies":[{"embeddable":true,"href":"https:\/\/analyse.optim.biz\/index.php?rest_route=%2Fwp%2Fv2%2Fcomments&post=2096776"}],"version-history":[{"count":0,"href":"https:\/\/analyse.optim.biz\/index.php?rest_route=\/wp\/v2\/posts\/2096776\/revisions"}],"wp:attachment":[{"href":"https:\/\/analyse.optim.biz\/index.php?rest_route=%2Fwp%2Fv2%2Fmedia&parent=2096776"}],"wp:term":[{"taxonomy":"category","embeddable":true,"href":"https:\/\/analyse.optim.biz\/index.php?rest_route=%2Fwp%2Fv2%2Fcategories&post=2096776"},{"taxonomy":"post_tag","embeddable":true,"href":"https:\/\/analyse.optim.biz\/index.php?rest_route=%2Fwp%2Fv2%2Ftags&post=2096776"}],"curies":[{"name":"wp","href":"https:\/\/api.w.org\/{rel}","templated":true}]}}