{"id":2096751,"date":"2025-02-27T18:32:16","date_gmt":"2025-02-27T15:32:16","guid":{"rendered":"https:\/\/analyse.optim.biz\/?p=2096751"},"modified":"2025-02-27T18:32:16","modified_gmt":"2025-02-27T15:32:16","slug":"crin-antonescu-o-prima-vizita-electorala-la-buzau","status":"publish","type":"post","link":"https:\/\/analyse.optim.biz\/?p=2096751","title":{"rendered":"Crin Antonescu \u2013 o prim\u0103 vizit\u0103 electoral\u0103, la Buz\u0103u"},"content":{"rendered":"<p>[analyse_image type=&#8221;featured&#8221; src=&#8221;https:\/\/buzaulinreportaje.ro\/wp-content\/uploads\/2025\/02\/WhatsApp-Image-2025-02-27-at-16.04.36.jpeghttps:\/\/buzaulinreportaje.ro\/wp-content\/uploads\/2025\/02\/WhatsApp-Image-2025-02-27-at-16.04.36.jpeg&#8221;]<\/p>\n<div class=\"entry-content herald-entry-content\">\n<p class=\"has-large-font-size wp-block-paragraph\">La ora 10 a \u00eenceput vizita electoral\u0103 din 27 februarie 2025, la Buz\u0103u a candidatului la preziden\u021bialele din mai 2025, Crin Antonescu, sus\u021binut de Alian\u021ba Electoral\u0103 PSD-PNL-UDMR \u0219i Alian\u021ba Minorit\u0103\u021bilor din Rom\u00e2nia. Primul popas a avut loc la Vila Albatros, la un seminar despre sistemul de management al de\u0219eurilor, eveniment organizat de c\u0103tre Asocia\u021bia de Dezvoltare Intercomunitar\u0103 Buz\u0103u 2008. Nu a petrecut un ceas \u00een impozanta vil\u0103 \u00een care odinioar\u0103 venea protipendada \u021b\u0103rii s\u0103 serveasc\u0103 o cafea \u0219i-o vorb\u0103 aleas\u0103 cu Alexandru Marghiloman \u0219i candidatul Antonescu aplecat pentru a se \u00eent\u00e2lni cu primarii \u0219i apoi cu membrii partidelor din alian\u021ba electoral\u0103 care \u00eel sus\u021bine la preziden\u021biale.<\/p>\n<p class=\"has-large-font-size wp-block-paragraph\">Cu z\u00e2mbetul pe buze, dar \u0219i marcat spre mijlocul vizitei de buna primire la Buz\u0103u a venit Crin Antonescu \u00een jude\u021bul \u00een care se ob\u021bine cu fiecare sesiune de alegeri electorale minim 40 la sut\u0103 dintre sufragii \u00een contul social-democra\u021bilor. <\/p>\n<figure class=\"wp-block-image size-large\"><img loading=\"lazy\" decoding=\"async\" width=\"1024\" height=\"769\" src=\"https:\/\/buzaulinreportaje.ro\/wp-content\/uploads\/2025\/02\/WhatsApp-Image-2025-02-27-at-16.04.36-1024x769.jpeg\" alt class=\"wp-image-25104\"><\/figure>\n<p class=\"wp-block-paragraph\">Numai c\u0103, de data aceasta, \u021bara este \u00eentr-un mare pericol. Auzim imediat cine a spus astfel.<\/p>\n<p class=\"has-large-font-size wp-block-paragraph\">Un mesaj care a f\u0103cut lini\u0219te \u00een sala cu circa 500 de membrii social-democra\u021bi, dar \u0219i liberali, o alian\u021b\u0103 ref\u0103cut\u0103 la propriu la Buz\u0103u pentru ca \u00een alegerile preziden\u021biale din luna mai 2025 candidatul Crin Antonescu s\u0103 devin\u0103 pre\u0219edintele Rom\u00e2niei. Coordonator al evenimentului din Sala Mare a Consiliului Jude\u021bean Buz\u0103u a fost secretarul general al PSD Buz\u0103u, deputatul Romeo Lungu care a avut poate singurul discurs axat clar pe victorie pentru alegerile preziden\u021biale din mai 2025.<\/p>\n<p class=\"has-large-font-size wp-block-paragraph\">C\u0103 este un moment crucial pentru \u021bara \u00eens\u0103\u0219i a spus la scen\u0103 deschis\u0103 \u0219i pre\u0219edintele PSD Buz\u0103u, Lucian Roma\u0219canu. Acesta a reiterat evident c\u0103 \u00eenapoi nu este un drum pentru Rom\u00e2nia care s-a obi\u0219nuit \u00een ultimii 30 de ani cu dezvoltarea.<\/p>\n<p class=\"has-large-font-size wp-block-paragraph\">Pe scena S\u0103lii Mari au mai vorbit primarul Sorin C\u00e2rjan de la Rm. S\u0103rat, senatoarea Carmen Orban, eurodeputatul Andi Cristea care a dus subiectul c\u0103tre r\u0103zboiul hibrid prezent, dar mai ales candidatul alian\u021bei de guvernare Crin Antonescu. <\/p>\n<figure class=\"wp-block-gallery has-nested-images columns-default is-cropped wp-block-gallery-1 is-layout-flex wp-block-gallery-is-layout-flex\">\n<figure class=\"wp-block-image size-large\"><img decoding=\"async\" loading=\"lazy\" width=\"769\" height=\"1024\" src=\"https:\/\/buzaulinreportaje.ro\/wp-content\/uploads\/2025\/02\/WhatsApp-Image-2025-02-27-at-12.38.31-1-769x1024.jpeg\" alt class=\"wp-image-25114\"><\/figure>\n<figure class=\"wp-block-image size-large\"><img decoding=\"async\" loading=\"lazy\" width=\"1024\" height=\"768\" src=\"https:\/\/buzaulinreportaje.ro\/wp-content\/uploads\/2025\/02\/WhatsApp-Image-2025-02-27-at-15.13.37-1024x768.jpeg\" alt class=\"wp-image-25111\"><\/figure>\n<figure class=\"wp-block-image size-large\"><img decoding=\"async\" loading=\"lazy\" width=\"1024\" height=\"769\" src=\"https:\/\/buzaulinreportaje.ro\/wp-content\/uploads\/2025\/02\/WhatsApp-Image-2025-02-27-at-12.20.12-1024x769.jpeg\" alt class=\"wp-image-25115\"><\/figure>\n<figure class=\"wp-block-image size-large\"><img decoding=\"async\" loading=\"lazy\" width=\"1024\" height=\"768\" src=\"https:\/\/buzaulinreportaje.ro\/wp-content\/uploads\/2025\/02\/WhatsApp-Image-2025-02-27-at-15.13.35-1024x768.jpeg\" alt class=\"wp-image-25110\"><\/figure>\n<\/figure>\n<p class=\"has-large-font-size wp-block-paragraph\">31 de minute a durat discursul candidatului, la Buz\u0103u. Un discurs cu pu\u021bine sincope, \u00eens\u0103 al unui elitist care are memorie de istoric, cu detalii de politic\u0103 extern\u0103 \u0219i inser\u021bii bine definite despre plecarea din \u021bar\u0103 a fra\u021bilor Andrew \u0219i Tristan Tate versus Rom\u00e2nia care are trebui s\u0103 stea dreapt\u0103 \u0219i nu drep\u021bi \u00een fa\u021ba altor state, despre institu\u021bii precum OCDE spre care aspir\u0103 \u0219i Rom\u00e2nia, UE \u2013 din care Rom\u00e2nia nu trebuie s\u0103 ias\u0103, NATO \u2013 zidul de sus\u021binere pentru \u021bara noastr\u0103. De\u0219i, a plouat cu elemente de curaj \u00een discurs, candidatului Crin Antonescu i-a lipsit mentalitatea de c\u00e2\u0219tig\u0103tor, poate apanaj liberal, nicidecum dob\u00e2ndire rapid\u0103 de la social-democrat cum ar fi fost oportun s\u0103 fie. De pe margine se vede a\u0219a, \u00eens\u0103 un discurs care i-a convins pe primari, fie ei de la PSD sau de la PNL, plus unicul de la USR, \u0219i el prezent \u00een sal\u0103. Rasat, a\u0219a au caracterizat ale\u0219ii Buz\u0103ului. Asculta\u021bi dvs.! <\/p>\n<p class=\"has-large-font-size wp-block-paragraph\">Audien\u021ba socialo-democrato-liberal\u0103 a r\u0103mas totu\u0219i cu o \u00eentrebare \u2013 de ce nici un liberal nu a sus\u021binut discurs?  \u0218u\u0219otelile r\u0103m\u00e2n, desigur printre scaunele din Sala Mare a CJ, pentru c\u0103 de azi, reprezentan\u021bii celor dou\u0103 partide din alian\u021ba de guvernare au o misiune \u2013 s\u0103 scoat\u0103 \u021bara din pericol, iar Crin Antonescu s\u0103 devin\u0103 pre\u0219edintele tuturor rom\u00e2nilor! Potrivit sloganului de campanie <em>Rom\u00e2nia, \u00eenainte! <\/em>se poate!<\/p>\n<div class=\"wp-block-image\">\n<figure class=\"aligncenter size-large\"><img decoding=\"async\" loading=\"lazy\" width=\"1024\" height=\"683\" src=\"https:\/\/buzaulinreportaje.ro\/wp-content\/uploads\/2025\/02\/WhatsApp-Image-2025-02-27-at-20.27.06-1024x683.jpeg\" alt class=\"wp-image-25116\"><\/figure>\n<\/div>\n<div class=\"meta-tags\"><span>etichete<\/span><a href=\"https:\/\/buzaulinreportaje.ro\/tag\/andi-cristea\/\" rel=\"tag\">Andi Cristea<\/a><a href=\"https:\/\/buzaulinreportaje.ro\/tag\/constantin-toma\/\" rel=\"tag\">Constantin Toma<\/a><a href=\"https:\/\/buzaulinreportaje.ro\/tag\/crin-antonescu\/\" rel=\"tag\">Crin Antonescu<\/a><a href=\"https:\/\/buzaulinreportaje.ro\/tag\/inainte-lucian-romascanu\/\" rel=\"tag\">inainte! Lucian Roma\u0219canu<\/a><a href=\"https:\/\/buzaulinreportaje.ro\/tag\/romania\/\" rel=\"tag\">Romania<\/a><\/div>\n<div class=\"herald-share-content\">\n<div class=\"meks_ess layout-5-1 transparent no-labels solid\"><a href=\"https:\/\/buzaulinreportaje.ro\/crin-antonescu-o-prima-vizita-electorala-la-buzau\/\" class=\"meks_ess-item socicon-facebook\" data-url=\"http:\/\/www.facebook.com\/sharer\/sharer.php?u=https%3A%2F%2Fbuzaulinreportaje.ro%2Fcrin-antonescu-o-prima-vizita-electorala-la-buzau%2F&amp;t=Crin%20Antonescu%20%E2%80%93%20o%20prim%C4%83%20vizit%C4%83%20electoral%C4%83%2C%20la%20Buz%C4%83u\"><span>Facebook<\/span><\/a><a href=\"https:\/\/api.whatsapp.com\/send?text=Crin%20Antonescu%20%E2%80%93%20o%20prim%C4%83%20vizit%C4%83%20electoral%C4%83%2C%20la%20Buz%C4%83u%20https%3A%2F%2Fbuzaulinreportaje.ro%2Fcrin-antonescu-o-prima-vizita-electorala-la-buzau%2F\" class=\"meks_ess-item socicon-whatsapp prevent-share-popup\"><span>WhatsApp<\/span><\/a><a href=\"https:\/\/buzaulinreportaje.ro\/crin-antonescu-o-prima-vizita-electorala-la-buzau\/\" class=\"meks_ess-item socicon-twitter\" data-url=\"http:\/\/twitter.com\/intent\/tweet?url=https%3A%2F%2Fbuzaulinreportaje.ro%2Fcrin-antonescu-o-prima-vizita-electorala-la-buzau%2F&amp;text=Crin%20Antonescu%20%E2%80%93%20o%20prim%C4%83%20vizit%C4%83%20electoral%C4%83%2C%20la%20Buz%C4%83u\"><span>X<\/span><\/a><\/div>\n<\/div>\n<\/div>\n<p>[analyse_source url=&#8221;https:\/\/buzaulinreportaje.ro\/crin-antonescu-o-prima-vizita-electorala-la-buzau\/&#8221;]<\/p>\n","protected":false},"excerpt":{"rendered":"<p>[analyse_image type=&#8221;featured&#8221; src=&#8221;https:\/\/buzaulinreportaje.ro\/wp-content\/uploads\/2025\/02\/WhatsApp-Image-2025-02-27-at-16.04.36.jpeghttps:\/\/buzaulinreportaje.ro\/wp-content\/uploads\/2025\/02\/WhatsApp-Image-2025-02-27-at-16.04.36.jpeg&#8221;] La ora 10 a \u00eenceput vizita electoral\u0103 din 27 februarie 2025, la Buz\u0103u a candidatului la preziden\u021bialele din mai 2025, Crin Antonescu, sus\u021binut de Alian\u021ba Electoral\u0103 PSD-PNL-UDMR \u0219i Alian\u021ba Minorit\u0103\u021bilor din Rom\u00e2nia. Primul popas a avut loc la Vila Albatros, la un seminar despre sistemul de management al de\u0219eurilor, eveniment organizat de [&hellip;]<\/p>\n","protected":false},"author":1,"featured_media":0,"comment_status":"open","ping_status":"","sticky":false,"template":"","format":"standard","meta":{"footnotes":""},"categories":[],"tags":[59,226],"class_list":["post-2096751","post","type-post","status-publish","format-standard","hentry","tag-buzaulinreportaje-ro","tag-crawlmanager"],"_links":{"self":[{"href":"https:\/\/analyse.optim.biz\/index.php?rest_route=\/wp\/v2\/posts\/2096751","targetHints":{"allow":["GET"]}}],"collection":[{"href":"https:\/\/analyse.optim.biz\/index.php?rest_route=\/wp\/v2\/posts"}],"about":[{"href":"https:\/\/analyse.optim.biz\/index.php?rest_route=\/wp\/v2\/types\/post"}],"author":[{"embeddable":true,"href":"https:\/\/analyse.optim.biz\/index.php?rest_route=\/wp\/v2\/users\/1"}],"replies":[{"embeddable":true,"href":"https:\/\/analyse.optim.biz\/index.php?rest_route=%2Fwp%2Fv2%2Fcomments&post=2096751"}],"version-history":[{"count":0,"href":"https:\/\/analyse.optim.biz\/index.php?rest_route=\/wp\/v2\/posts\/2096751\/revisions"}],"wp:attachment":[{"href":"https:\/\/analyse.optim.biz\/index.php?rest_route=%2Fwp%2Fv2%2Fmedia&parent=2096751"}],"wp:term":[{"taxonomy":"category","embeddable":true,"href":"https:\/\/analyse.optim.biz\/index.php?rest_route=%2Fwp%2Fv2%2Fcategories&post=2096751"},{"taxonomy":"post_tag","embeddable":true,"href":"https:\/\/analyse.optim.biz\/index.php?rest_route=%2Fwp%2Fv2%2Ftags&post=2096751"}],"curies":[{"name":"wp","href":"https:\/\/api.w.org\/{rel}","templated":true}]}}