{"id":2096535,"date":"2026-08-16T15:26:50","date_gmt":"2026-08-16T12:26:50","guid":{"rendered":"https:\/\/analyse.optim.biz\/?p=2096535"},"modified":"2026-08-16T15:26:50","modified_gmt":"2026-08-16T12:26:50","slug":"familia-sfintilor-brancoveni-s-a-reintregit-azi-in-sinaxar-cu-sfanta-doamna-maria-brancoveanu","status":"publish","type":"post","link":"https:\/\/analyse.optim.biz\/?p=2096535","title":{"rendered":"Familia Sfin\u021bilor Br\u00e2ncoveni s-a re\u00eentregit azi \u00een Sinaxar cu Sf\u00e2nta Doamn\u0103 Maria Br\u00e2ncoveanu"},"content":{"rendered":"<p>[analyse_image type=&#8221;featured&#8221; src=&#8221;https:\/\/ortodoxinfo.ro\/wp-content\/uploads\/2026\/08\/Sf.-Maria-Brancoveanu-si-Sfintii-Martiri-Brancoveni_OrtodoxINFO.jpghttps:\/\/ortodoxinfo.ro\/wp-content\/uploads\/2026\/08\/Sf.-Maria-Brancoveanu-si-Sfintii-Martiri-Brancoveni_OrtodoxINFO.jpg&#8221;]<\/p>\n<article id=\"post-258655\" class=\"post-258655 post type-post status-publish format-standard has-post-thumbnail category-sfinti-si-sarbatori\">\n<header class=\"single-header\">\n<aside class=\"breadcrumb-wrap breadcrumb-yoast s-breadcrumb\">\n<div class=\"breadcrumb-inner\"><span><span><a href=\"https:\/\/ortodoxinfo.ro\/\">Prima pagin\u0103<\/a><\/span> \u00bb <span><a href=\"https:\/\/ortodoxinfo.ro\/blog\/\">Blog<\/a><\/span> \u00bb <span class=\"breadcrumb_last\" aria-current=\"page\">Familia Sfin\u021bilor Br\u00e2ncoveni s-a re\u00eentregit azi \u00een Sinaxar cu Sf\u00e2nta Doamn\u0103 Maria Br\u00e2ncoveanu<\/span><\/span><\/div>\n<\/aside>\n<h1 class=\"s-title fw-headline\">Familia Sfin\u021bilor Br\u00e2ncoveni s-a re\u00eentregit azi \u00een Sinaxar cu Sf\u00e2nta Doamn\u0103 Maria Br\u00e2ncoveanu<\/h1>\n<div class=\"single-meta meta-s-default yes-0\">\n<div class=\"smeta-in\"><a class=\"meta-el meta-avatar\" href=\"https:\/\/ortodoxinfo.ro\/author\/redactor\/\"><img loading=\"lazy\" decoding=\"async\" alt=\"OrtodoxINFO\" src=\"https:\/\/secure.gravatar.com\/avatar\/21010332354a182ce4de6016685c5586f21c51866d0ec5bc8ef383240b3c3e02?s=120&amp;r=g\" class=\"avatar avatar-120 photo\" height=\"120\" width=\"120\"><\/a><\/p>\n<div class=\"smeta-sec\">\n<div class=\"p-meta\">\n<div class=\"meta-inner is-meta\"><span class=\"meta-el meta-date\"><time datetime=\"2026-08-16T18:34:04+03:00\">16 august 2026<\/time><\/span><span class=\"meta-el meta-category meta-bold\"><a class=\"meta-separate category-1858\" href=\"https:\/\/ortodoxinfo.ro\/category\/credinta-ortodoxa\/sfinti-si-sarbatori\/\">Sfin\u021bi \u0219i s\u0103rb\u0103tori<\/a><\/span><span class=\"meta-el meta-view\">2.2k vizualiz\u0103ri\t\t<\/span><span class=\"meta-el meta-comment mobile-last-meta tablet-last-meta\"><a href=\"https:\/\/ortodoxinfo.ro\/2026\/08\/16\/familia-sfintilor-brancoveni-s-a-reintregit-azi-in-sinaxar-cu-sfanta-doamna-maria-brancoveanu\/#respond\">Comentarii<\/a><\/span><\/div>\n<\/div>\n<\/div>\n<\/div>\n<div class=\"smeta-extra\">\n<div class=\"t-shared-sec tooltips-n has-read-meta is-color\">\n<div class=\"t-shared-header is-meta\"><span class=\"share-label\">Share<\/span><\/div>\n<\/div>\n<div class=\"single-right-meta single-time-read is-meta\"><span class=\"meta-el meta-read\">2 Min Read<\/span><\/div>\n<\/div>\n<\/div>\n<\/header>\n<div class=\"grid-container\">\n<div class=\"s-ct\">\n<div class=\"s-feat-outer\">\n<div class=\"s-feat\">\n<div class=\"featured-lightbox-trigger\" data-source=\"https:\/\/ortodoxinfo.ro\/wp-content\/uploads\/2026\/08\/Sf.-Maria-Brancoveanu-si-Sfintii-Martiri-Brancoveni_OrtodoxINFO.jpg\" data-caption=\"Sf. Maria Brancoveanu si Sfintii Martiri Brancoveni_OrtodoxINFO\" data-attribution><img fetchpriority=\"high\" decoding=\"async\" width=\"860\" height=\"1194\" src=\"https:\/\/ortodoxinfo.ro\/wp-content\/uploads\/2026\/08\/Sf.-Maria-Brancoveanu-si-Sfintii-Martiri-Brancoveni_OrtodoxINFO-860x1194.jpg\" class=\"attachment-foxiz_crop_o1 size-foxiz_crop_o1 wp-post-image\" alt loading=\"eager\"><\/div>\n<\/div>\n<div class=\"feat-caption meta-text\"><span class=\"caption-text meta-bold\">Sf. Maria Brancoveanu si Sfintii Martiri Brancoveni_OrtodoxINFO<\/span><\/div>\n<\/div>\n<div class=\"s-ct-wrap has-lsl\">\n<div class=\"s-ct-inner\">\n<div class=\"l-shared-sec-outer show-mobile\">\n<div class=\"l-shared-sec\">\n<div class=\"l-shared-header meta-text\"><span class=\"share-label\">SHARE<\/span><\/div>\n<\/div>\n<\/div>\n<div class=\"e-ct-outer\">\n<div class=\"entry-top\">\n<div id=\"custom_html-3\" class=\"widget_text widget entry-widget clearfix widget_custom_html\">\n<div class=\"textwidget custom-html-widget\">\n<div><small><br \/>\n    OrtodoxINFO este supus unui sabotaj sistematic din partea reprezentan\u021bilor Google Rom\u00e2nia, at\u00e2t la afi\u0219\u0103ri c\u00e2t \u0219i \u00een rezultatele de c\u0103utare.<br \/>\n        Astfel c\u0103 veniturile din publicitate au sc\u0103zut de p\u00e2n\u0103 la <strong>10 ori<\/strong>. Situa\u021bia este similar\u0103 \u0219i pe Facebook.<\/p>\n<p>        V\u0103 invit\u0103m s\u0103 accesa\u021bi direct site-ul \u0219i s\u0103 v\u0103 abona\u021bi la notific\u0103ri.<\/p>\n<p>    Dac\u0103 dori\u021bi s\u0103 ne sus\u021bine\u021bi \u00een aceast\u0103 perioad\u0103 dificil\u0103, orice <a href=\"https:\/\/ortodoxinfo.ro\/donatii\/\">dona\u021bie<\/a> este binevenit\u0103.<br \/>\n    Dumnezeu s\u0103 v\u0103 r\u0103spl\u0103teasc\u0103!<br \/>\n<\/small><\/div>\n<\/div>\n<\/div>\n<\/div>\n<div class=\"entry-content rbct clearfix is-highlight-shares\">\n<p>Pe 15 august 1992, Constantin Br\u00e2ncoveanu cu fiii s\u0103i Constantin, \u0218tefan, Radu, Matei \u0219i cu sfetnicul Ianache au fost declara\u021bi sfin\u021bi martiri de Biserica Ortodox\u0103 Rom\u00e2n\u0103, fiind pr\u0103znui\u021bi pe 16 august, pentru a nu coincide cu s\u0103rb\u0103toarea Adormirii Maicii Domnului.<\/p>\n<p>Sf\u00e2r\u0219itul lor jertfelnic din 15 august 1714, \u00een urm\u0103 cu 311 ani, chiar \u00een ziua c\u00e2nd domnitorul \u00eemplinea 60 de ani, este descris astfel de Andrea Memno, ambasadorul vene\u021bian de la Constantinopol, obligat s\u0103 asiste la execu\u021bie.<\/p>\n<p>Martiriul lor a fost recunoscut de Biserica Ortodox\u0103 Rom\u00e2n\u0103, care 15 august 1992, i-a declarat sfin\u021bi. Racla cu moa\u0219tele Sf\u00e2ntului Voievod Martir Constantin Br\u00e2ncoveanu se afl\u0103 la Biserica Sf\u00e2ntul Gheorghe \u2013 Nou din Bucure\u0219ti, l\u0103ca\u0219ul de cult fiind una din ctitoriile sale.<\/p>\n<p>Ast\u0103zi a avut loc <strong>proclamarea local\u0103 a canoniz\u0103rii Sfintei Doamne Maria Br\u00e2ncoveanu la Biserica \u201eSf. Gheorghe\u201d \u2013 Nou din Capital\u0103 \u0219i astfel a fost prima ei pr\u0103znuire ca sf\u00e2nt\u0103 de c\u0103tre Biseric\u0103.<\/strong><\/p>\n<h3>Tomos sinodal<\/h3>\n<blockquote>\n<p>\u201eSf\u00e2nta Maria Br\u00e2ncoveanu a \u00eendurat \u00eenchisoarea, dispre\u021bul, foamea \u0219i lipsurile, dar nu a c\u0103zut \u00een dezn\u0103dejde, ci s-a \u00eent\u0103rit prin rug\u0103ciune \u0219i n\u0103dejde \u00een Dumnezeu\u201d, se arat\u0103 \u00een tomosul de proclamare.<\/p>\n<\/blockquote>\n<p>\u00cen act sunt prezentate \u00eencerc\u0103rile nenum\u0103rate prin care a trecut Sf\u00e2nta Doamn\u0103 Maria Br\u00e2ncoveanu dup\u0103 martirizarea so\u021bului \u0219i a fiilor ei, \u00een 1714.<\/p>\n<blockquote>\n<p>\u201eAbia \u00een anul 1716, Doamna Maria s-a putut \u00eentoarce \u00een Muntenia, fiind ajutat\u0103 de domnitorul Ioan Mavrocordat. \u00cen tain\u0103 \u0219i cu mare evlavie a adus moa\u0219tele Sfin\u021bilor Br\u00e2ncoveni din insula Halki, unde fuseser\u0103 \u00eengropate de c\u00e2\u021biva cre\u0219tini r\u00e2vnitori, \u0219i le-a a\u0219ezat \u00een Biserica\u00a0<em>Sf\u00e2ntul Gheorghe<\/em>\u00a0\u2013 Nou din Bucure\u0219ti, ctitoria lor, iar deasupra morm\u00e2ntului a pus o candel\u0103 care p\u00e2n\u0103 ast\u0103zi arde spre pomenirea Sf\u00e2ntului Voievod Martir\u201d.<\/p>\n<\/blockquote>\n<p>Printre altele, tomosul prevede: \u201ePentru ca evlavia drept-m\u0103ritorilor cre\u0219tini s\u0103 sporeasc\u0103 prin cinstirea \u0219i chemarea \u00een rug\u0103ciune a Sfintei Doamne Maria Br\u00e2ncoveanu, ea s\u0103 fie \u0219i ocrotitoare a unor biserici noi sau re\u00eennoite\u201d.<\/p>\n<p>\u00a0<\/p>\n<\/div>\n<div class=\"entry-bottom\">\n<div id=\"block-9\" class=\"widget entry-widget clearfix widget_block\">\n<div><a href=\"https:\/\/suspend.ro\" target=\"_blank\" rel=\"noopener noreferrer\"><img decoding=\"async\" src=\"https:\/\/ortodoxinfo.ro\/wp-content\/uploads\/2026\/08\/FB_IMG_1786185261439.jpg\" alt=\"Verific\u0103 pe suspend.ro \u2013 Parlamentarii din jude\u021bul t\u0103u sus\u021bin suspendarea lui Nicu\u0219or Dan?\"><\/a><\/div>\n<\/div>\n<\/div>\n<\/div>\n<\/div>\n<div class=\"e-shared-sec entry-sec\">\n<div class=\"e-shared-header h4\"><span>Distribuie<\/span><\/div>\n<div class=\"rbbsl tooltips-n effect-fadeout is-bg\"><a class=\"share-action share-trigger icon-facebook\" aria-label=\"Share on Facebook\" href=\"https:\/\/www.facebook.com\/sharer.php?u=https%3A%2F%2Fortodoxinfo.ro%2F2026%2F08%2F16%2Ffamilia-sfintilor-brancoveni-s-a-reintregit-azi-in-sinaxar-cu-sfanta-doamna-maria-brancoveanu%2F\" data-title=\"Facebook\" rel=\"nofollow\"><span>Facebook<\/span><\/a><a class=\"share-action share-trigger icon-twitter\" aria-label=\"Share on X\" href=\"https:\/\/twitter.com\/intent\/tweet?text=Familia+Sfin%C8%9Bilor+Br%C3%A2ncoveni+s-a+re%C3%AEntregit+azi+%C3%AEn+Sinaxar+cu+Sf%C3%A2nta+Doamn%C4%83+Maria+Br%C3%A2ncoveanu&amp;url=https%3A%2F%2Fortodoxinfo.ro%2F2026%2F08%2F16%2Ffamilia-sfintilor-brancoveni-s-a-reintregit-azi-in-sinaxar-cu-sfanta-doamna-maria-brancoveanu%2F&amp;via=ortodoxinforo\" data-title=\"X\" rel=\"nofollow\"><span>X<\/span><\/a><a class=\"share-action icon-whatsapp is-web\" aria-label=\"Share on Whatsapp\" href=\"https:\/\/web.whatsapp.com\/send?text=Familia+Sfin%C8%9Bilor+Br%C3%A2ncoveni+s-a+re%C3%AEntregit+azi+%C3%AEn+Sinaxar+cu+Sf%C3%A2nta+Doamn%C4%83+Maria+Br%C3%A2ncoveanu%20%E2%98%9E%20https%3A%2F%2Fortodoxinfo.ro%2F2026%2F08%2F16%2Ffamilia-sfintilor-brancoveni-s-a-reintregit-azi-in-sinaxar-cu-sfanta-doamna-maria-brancoveanu%2F\" target=\"_blank\" data-title=\"WhatsApp\" rel=\"nofollow\"><span>Whatsapp<\/span><\/a><a class=\"share-action icon-whatsapp is-mobile\" aria-label=\"Share on Whatsapp\" href=\"\/\/send?text=Familia+Sfin%C8%9Bilor+Br%C3%A2ncoveni+s-a+re%C3%AEntregit+azi+%C3%AEn+Sinaxar+cu+Sf%C3%A2nta+Doamn%C4%83+Maria+Br%C3%A2ncoveanu%20%E2%98%9E%20https%3A%2F%2Fortodoxinfo.ro%2F2026%2F08%2F16%2Ffamilia-sfintilor-brancoveni-s-a-reintregit-azi-in-sinaxar-cu-sfanta-doamna-maria-brancoveanu%2F\" target=\"_blank\" data-title=\"WhatsApp\" rel=\"nofollow\"><span>Whatsapp<\/span><\/a><a class=\"share-action share-trigger icon-telegram\" aria-label=\"Share on Telegram\" href=\"https:\/\/t.me\/share\/?url=https%3A%2F%2Fortodoxinfo.ro%2F2026%2F08%2F16%2Ffamilia-sfintilor-brancoveni-s-a-reintregit-azi-in-sinaxar-cu-sfanta-doamna-maria-brancoveanu%2F&amp;text=Familia+Sfin%C8%9Bilor+Br%C3%A2ncoveni+s-a+re%C3%AEntregit+azi+%C3%AEn+Sinaxar+cu+Sf%C3%A2nta+Doamn%C4%83+Maria+Br%C3%A2ncoveanu\" data-title=\"Telegram\" rel=\"nofollow\"><span>Telegram<\/span><\/a><a class=\"share-action icon-copy copy-trigger\" aria-label=\"Copy Link\" href=\"https:\/\/ortodoxinfo.ro\/2026\/08\/16\/familia-sfintilor-brancoveni-s-a-reintregit-azi-in-sinaxar-cu-sfanta-doamna-maria-brancoveanu\/\" data-copied=\"Copied!\" data-link=\"https:\/\/ortodoxinfo.ro\/2026\/08\/16\/familia-sfintilor-brancoveni-s-a-reintregit-azi-in-sinaxar-cu-sfanta-doamna-maria-brancoveanu\/\" rel=\"nofollow\" data-copy=\"Copy Link\"><span>Copy Link<\/span><\/a><a class=\"share-action icon-print\" aria-label=\"Print\" rel=\"nofollow\" data-title=\"Print\"><span>Print<\/span><\/a><\/div>\n<\/div>\n<\/div>\n<div id=\"tabs\" class=\"dntplgn_form_wrapper\"><span><\/p>\n<h2>\u0218tirile sunt sub cenzur\u0103! Sprijini\u021bi OrtodoxINFO!<\/h2>\n<p>Guvernul nu dore\u0219te aflarea adev\u0103rului despre lovitura de stat \u0219i \u00eengenuncherea Rom\u00e2niei. \u00cencerc\u0103m s\u0103 men\u021binem viu acest site \u0219i s\u0103 v\u0103 punem la dispozi\u021bie informa\u021bii care s\u0103 fac\u0103 lumin\u0103 \u00een cea mai mare provocare pe care o tr\u0103im. Jurnalismul independent al portalului OrtodoxINFO func\u021bioneaz\u0103 strict cu ajutorul cititorilor.<br \/>\nNe pute\u021bi sprijini printr-o <b><a href=\"https:\/\/ortodoxinfo.ro\/donatii\/\">dona\u021bie bancar\u0103<\/a> sau prin PayPal, complet\u00e2nd formularul de mai jos.<\/b><\/span><\/p>\n<ul>\n<li><a href=\"https:\/\/ortodoxinfo.ro\/2026\/08\/16\/familia-sfintilor-brancoveni-s-a-reintregit-azi-in-sinaxar-cu-sfanta-doamna-maria-brancoveanu\/#tabs-1\">Dona\u021bie lunar\u0103<\/a><\/li>\n<li><a href=\"https:\/\/ortodoxinfo.ro\/2026\/08\/16\/familia-sfintilor-brancoveni-s-a-reintregit-azi-in-sinaxar-cu-sfanta-doamna-maria-brancoveanu\/#tabs-2\">Doar acum<\/a><\/li>\n<\/ul>\n<div id=\"tabs-1\"><img loading=\"lazy\" decoding=\"async\" alt border=\"0\" src=\"https:\/\/www.paypalobjects.com\/en_US\/i\/scr\/pixel.gif\" width=\"1\" height=\"1\"><\/div>\n<div id=\"tabs-2\">\n<p>\t\t     \u20ac<\/p>\n<p>\t\t    <img loading=\"lazy\" decoding=\"async\" alt border=\"0\" src=\"https:\/\/www.paypalobjects.com\/en_US\/i\/scr\/pixel.gif\" width=\"1\" height=\"1\"><\/div>\n<p>Mul\u021bumim celor care ne-au ajutat p\u00e2n\u0103 acum!\n\t<\/p><\/div>\n<div class=\"comment-box-wrap entry-sec\">\n<div class=\"comment-box-header\"><span class=\"h3\">Las\u0103 un comentariu<\/span><\/div>\n<div class=\"comment-holder no-comment\">\n<div id=\"comments\" class=\"comments-area\">\n<div id=\"respond\" class=\"comment-respond\">\n<h3 id=\"reply-title\" class=\"comment-reply-title\">Las\u0103 un r\u0103spuns <small><a rel=\"nofollow\" id=\"cancel-comment-reply-link\" href=\"https:\/\/ortodoxinfo.ro\/2026\/08\/16\/familia-sfintilor-brancoveni-s-a-reintregit-azi-in-sinaxar-cu-sfanta-doamna-maria-brancoveanu\/#respond\">Anuleaz\u0103 r\u0103spunsul<\/a><\/small><\/h3>\n<p class=\"comment-notes\"><span id=\"email-notes\">Adresa ta de email nu va fi publicat\u0103.<\/span><span class=\"required-field-message\">C\u00e2mpurile obligatorii sunt marcate cu <span class=\"required\">*<\/span><\/span><\/p>\n<\/div>\n<\/div>\n<\/div>\n<\/div>\n<\/div>\n<div class=\"sidebar-wrap single-sidebar\">\n<div class=\"sidebar-inner clearfix\">\n<div id=\"widget-post-2\" class=\"widget rb-section w-sidebar clearfix widget-post\">\n<div class=\"block-h widget-heading heading-layout-1\">\n<div class=\"heading-inner\">\n<h4 class=\"heading-title\"><span>Articole recente<\/span><\/h4>\n<\/div>\n<\/div>\n<div class=\"widget-p-listing\">\n<div class=\"p-wrap p-small p-list-small-2\" data-pid=\"258682\">\n<div class=\"feat-holder\">\n<div class=\"p-featured ratio-v1\"><a class=\"p-flink\" href=\"https:\/\/ortodoxinfo.ro\/2026\/08\/16\/presedintele-romaniei-calin-georgescu-ridica-tara-judet-cu-judet-astazi-familia-prezidentiala-a-fost-prezenta-la-sf-liturghie-de-la-manastirea-brancoveni\/\" title=\"VIDEO \/ Pre\u0219edintele Rom\u00e2niei, C\u0103lin Georgescu, ridic\u0103 \u021aARA jude\u021b cu jude\u021b. Ast\u0103zi, familia preziden\u021bial\u0103 a fost prezent\u0103 la Sf. Liturghie de la M\u0103n\u0103stirea Br\u00e2ncoveni\"><img decoding=\"async\" width=\"150\" height=\"150\" src=\"https:\/\/ortodoxinfo.ro\/wp-content\/uploads\/2026\/08\/774631266_4563477547207224_8733666388760300985_n-1024x977-1-150x150.webp\" class=\"featured-img wp-post-image\" alt loading=\"lazy\"><\/a><\/div>\n<\/div>\n<div class=\"p-content\">\n<h5 class=\"entry-title\"><a class=\"p-url\" href=\"https:\/\/ortodoxinfo.ro\/2026\/08\/16\/presedintele-romaniei-calin-georgescu-ridica-tara-judet-cu-judet-astazi-familia-prezidentiala-a-fost-prezenta-la-sf-liturghie-de-la-manastirea-brancoveni\/\" rel=\"bookmark\">VIDEO \/ Pre\u0219edintele Rom\u00e2niei, C\u0103lin Georgescu, ridic\u0103 \u021aARA jude\u021b cu jude\u021b. Ast\u0103zi, familia preziden\u021bial\u0103 a fost prezent\u0103 la Sf. Liturghie de la M\u0103n\u0103stirea Br\u00e2ncoveni<\/a><\/h5>\n<div class=\"p-meta\">\n<div class=\"meta-inner is-meta\"><span class=\"meta-el meta-date\"><time datetime=\"2026-08-16T19:12:13+03:00\">16 august 2026<\/time><\/span><span class=\"meta-el meta-category meta-bold\"><a class=\"meta-separate category-19866\" href=\"https:\/\/ortodoxinfo.ro\/category\/lupta-pentru-romania\/\">Lupt\u0103 pentru Rom\u00e2nia<\/a><\/span><span class=\"meta-el meta-view\">6.5k vizualiz\u0103ri\t\t<\/span><\/div>\n<\/div>\n<\/div>\n<\/div>\n<div class=\"p-wrap p-small p-list-small-2\" data-pid=\"258664\">\n<div class=\"feat-holder\">\n<div class=\"p-featured ratio-v1\"><a class=\"p-flink\" href=\"https:\/\/ortodoxinfo.ro\/2026\/08\/16\/presedintii-a-50-de-tribunale-din-romania-cer-clarificari-despre-intalnirea-dintre-sefa-ccr-simina-tanasescu-si-ilie-bolojan\/\" title=\"Pre\u0219edin\u021bii a 50 de tribunale din Rom\u00e2nia cer clarific\u0103ri despre \u00eent\u00e2lnirea dintre \u0219efa CCR, Simina T\u0103n\u0103sescu \u0219i Ilie Bolojan\"><img decoding=\"async\" width=\"150\" height=\"150\" src=\"https:\/\/ortodoxinfo.ro\/wp-content\/uploads\/2026\/08\/https___www-gandul-ro__wp-content_uploads_2021_07_zeita-themis-justitie-1-1024x683-1.webp-150x150.webp\" class=\"featured-img wp-post-image\" alt loading=\"lazy\"><\/a><\/div>\n<\/div>\n<div class=\"p-content\">\n<h5 class=\"entry-title\"><a class=\"p-url\" href=\"https:\/\/ortodoxinfo.ro\/2026\/08\/16\/presedintii-a-50-de-tribunale-din-romania-cer-clarificari-despre-intalnirea-dintre-sefa-ccr-simina-tanasescu-si-ilie-bolojan\/\" rel=\"bookmark\">Pre\u0219edin\u021bii a 50 de tribunale din Rom\u00e2nia cer clarific\u0103ri despre \u00eent\u00e2lnirea dintre \u0219efa CCR, Simina T\u0103n\u0103sescu \u0219i Ilie Bolojan<\/a><\/h5>\n<div class=\"p-meta\">\n<div class=\"meta-inner is-meta\"><span class=\"meta-el meta-date\"><time datetime=\"2026-08-16T18:39:14+03:00\">16 august 2026<\/time><\/span><span class=\"meta-el meta-category meta-bold\"><a class=\"meta-separate category-19885\" href=\"https:\/\/ortodoxinfo.ro\/category\/anti-sistem\/anti-romanism\/asasinii-tarii\/\">Asasinii \u021b\u0103rii<\/a><\/span><span class=\"meta-el meta-view\">3k vizualiz\u0103ri\t\t<\/span><\/div>\n<\/div>\n<\/div>\n<\/div>\n<div class=\"p-wrap p-small p-list-small-2\" data-pid=\"258603\">\n<div class=\"feat-holder\">\n<div class=\"p-featured ratio-v1\"><a class=\"p-flink\" href=\"https:\/\/ortodoxinfo.ro\/2026\/08\/16\/mentalitate-de-pnlist-coclit-ciprian-ciucu-ii-numeste-dusmanii-democratiei-pe-romanii-care-l-au-huiduit-pe-bolojan\/\" title=\"Mentalitate de pnlist coclit: Ciprian Ciucu \u00eei nume\u0219te \u201edu\u0219manii democra\u021biei\u201d pe rom\u00e2nii care l-au huiduit pe Bolojan\"><img decoding=\"async\" width=\"150\" height=\"150\" src=\"https:\/\/ortodoxinfo.ro\/wp-content\/uploads\/2026\/08\/1786874403_ciucu-apara-prezenta-lui-bolojan-la-ziua-neurocontent-150x150.jpg\" class=\"featured-img wp-post-image\" alt loading=\"lazy\"><\/a><\/div>\n<\/div>\n<div class=\"p-content\">\n<h5 class=\"entry-title\"><a class=\"p-url\" href=\"https:\/\/ortodoxinfo.ro\/2026\/08\/16\/mentalitate-de-pnlist-coclit-ciprian-ciucu-ii-numeste-dusmanii-democratiei-pe-romanii-care-l-au-huiduit-pe-bolojan\/\" rel=\"bookmark\">Mentalitate de pnlist coclit: Ciprian Ciucu \u00eei nume\u0219te \u201edu\u0219manii democra\u021biei\u201d pe rom\u00e2nii care l-au huiduit pe Bolojan<\/a><\/h5>\n<div class=\"p-meta\">\n<div class=\"meta-inner is-meta\"><span class=\"meta-el meta-date\"><time datetime=\"2026-08-16T13:37:00+03:00\">16 august 2026<\/time><\/span><span class=\"meta-el meta-category meta-bold\"><a class=\"meta-separate category-19885\" href=\"https:\/\/ortodoxinfo.ro\/category\/anti-sistem\/anti-romanism\/asasinii-tarii\/\">Asasinii \u021b\u0103rii<\/a><\/span><span class=\"meta-el meta-view\">5.7k vizualiz\u0103ri\t\t<\/span><\/div>\n<\/div>\n<\/div>\n<\/div>\n<div class=\"p-wrap p-small p-list-small-2\" data-pid=\"258406\">\n<div class=\"feat-holder\">\n<div class=\"p-featured ratio-v1\"><a class=\"p-flink\" href=\"https:\/\/ortodoxinfo.ro\/2026\/08\/15\/leprele-de-la-usr-au-nenorocit-romania-chiar-si-cu-mainile-legate\/\" title=\"Leprele de la USR AU NENOROCIT ROM\u00c2NIA\u2026 chiar \u0219i CU \u201eM\u00c2INILE LEGATE\u201d\"><img decoding=\"async\" width=\"150\" height=\"150\" src=\"https:\/\/ortodoxinfo.ro\/wp-content\/uploads\/2026\/08\/WhatsApp-Image-2026-08-14-at-12.34.57-e1786709155802-150x150.jpeg\" class=\"featured-img wp-post-image\" alt loading=\"lazy\"><\/a><\/div>\n<\/div>\n<div class=\"p-content\">\n<h5 class=\"entry-title\"><a class=\"p-url\" href=\"https:\/\/ortodoxinfo.ro\/2026\/08\/15\/leprele-de-la-usr-au-nenorocit-romania-chiar-si-cu-mainile-legate\/\" rel=\"bookmark\">Leprele de la USR AU NENOROCIT ROM\u00c2NIA\u2026 chiar \u0219i CU \u201eM\u00c2INILE LEGATE\u201d<\/a><\/h5>\n<div class=\"p-meta\">\n<div class=\"meta-inner is-meta\"><span class=\"meta-el meta-date\"><time datetime=\"2026-08-15T19:05:43+03:00\">15 august 2026<\/time><\/span><span class=\"meta-el meta-category meta-bold\"><a class=\"meta-separate category-19885\" href=\"https:\/\/ortodoxinfo.ro\/category\/anti-sistem\/anti-romanism\/asasinii-tarii\/\">Asasinii \u021b\u0103rii<\/a><\/span><span class=\"meta-el meta-view\">12.6k vizualiz\u0103ri\t\t<\/span><\/div>\n<\/div>\n<\/div>\n<\/div>\n<\/div>\n<\/div>\n<div id=\"custom_html-2\" class=\"widget_text widget rb-section w-sidebar clearfix widget_custom_html\">\n<div class=\"block-h widget-heading heading-layout-1\">\n<div class=\"heading-inner\">\n<h4 class=\"heading-title\"><span>DONA\u021aII \u00een cont bancar<\/span><\/h4>\n<\/div>\n<\/div>\n<div class=\"textwidget custom-html-widget\">\n<table class=\"donatii\">\n<tbody>\n<tr>\n<th colspan=\"2\"><strong><span>Asicia\u021bia SMI-B<\/span><\/strong><\/th>\n<\/tr>\n<tr>\n<th>Cont LEI<\/th>\n<td>RO67CECEB00030RON2081955<\/td>\n<\/tr>\n<tr>\n<th>Cont EURO<\/th>\n<td>RO33CECEB000C1EUR2081978<\/td>\n<\/tr>\n<tr>\n<th>Cod SWIFT<\/th>\n<td>CECEROBU<\/td>\n<\/tr>\n<tr>\n<th colspan=\"2\"><strong>CEC BANK SA<\/strong><\/th>\n<\/tr>\n<\/tbody>\n<\/table>\n<\/div>\n<\/div>\n<\/div>\n<\/div>\n<\/div>\n<\/article>\n<div class=\"entry-content rbct clearfix is-highlight-shares\">\n<p>Pe 15 august 1992, Constantin Br\u00e2ncoveanu cu fiii s\u0103i Constantin, \u0218tefan, Radu, Matei \u0219i cu sfetnicul Ianache au fost declara\u021bi sfin\u021bi martiri de Biserica Ortodox\u0103 Rom\u00e2n\u0103, fiind pr\u0103znui\u021bi pe 16 august, pentru a nu coincide cu s\u0103rb\u0103toarea Adormirii Maicii Domnului.<\/p>\n<p>Sf\u00e2r\u0219itul lor jertfelnic din 15 august 1714, \u00een urm\u0103 cu 311 ani, chiar \u00een ziua c\u00e2nd domnitorul \u00eemplinea 60 de ani, este descris astfel de Andrea Memno, ambasadorul vene\u021bian de la Constantinopol, obligat s\u0103 asiste la execu\u021bie.<\/p>\n<p>Martiriul lor a fost recunoscut de Biserica Ortodox\u0103 Rom\u00e2n\u0103, care 15 august 1992, i-a declarat sfin\u021bi. Racla cu moa\u0219tele Sf\u00e2ntului Voievod Martir Constantin Br\u00e2ncoveanu se afl\u0103 la Biserica Sf\u00e2ntul Gheorghe \u2013 Nou din Bucure\u0219ti, l\u0103ca\u0219ul de cult fiind una din ctitoriile sale.<\/p>\n<p>Ast\u0103zi a avut loc <strong>proclamarea local\u0103 a canoniz\u0103rii Sfintei Doamne Maria Br\u00e2ncoveanu la Biserica \u201eSf. Gheorghe\u201d \u2013 Nou din Capital\u0103 \u0219i astfel a fost prima ei pr\u0103znuire ca sf\u00e2nt\u0103 de c\u0103tre Biseric\u0103.<\/strong><\/p>\n<h3>Tomos sinodal<\/h3>\n<blockquote>\n<p>\u201eSf\u00e2nta Maria Br\u00e2ncoveanu a \u00eendurat \u00eenchisoarea, dispre\u021bul, foamea \u0219i lipsurile, dar nu a c\u0103zut \u00een dezn\u0103dejde, ci s-a \u00eent\u0103rit prin rug\u0103ciune \u0219i n\u0103dejde \u00een Dumnezeu\u201d, se arat\u0103 \u00een tomosul de proclamare.<\/p>\n<\/blockquote>\n<p>\u00cen act sunt prezentate \u00eencerc\u0103rile nenum\u0103rate prin care a trecut Sf\u00e2nta Doamn\u0103 Maria Br\u00e2ncoveanu dup\u0103 martirizarea so\u021bului \u0219i a fiilor ei, \u00een 1714.<\/p>\n<blockquote>\n<p>\u201eAbia \u00een anul 1716, Doamna Maria s-a putut \u00eentoarce \u00een Muntenia, fiind ajutat\u0103 de domnitorul Ioan Mavrocordat. \u00cen tain\u0103 \u0219i cu mare evlavie a adus moa\u0219tele Sfin\u021bilor Br\u00e2ncoveni din insula Halki, unde fuseser\u0103 \u00eengropate de c\u00e2\u021biva cre\u0219tini r\u00e2vnitori, \u0219i le-a a\u0219ezat \u00een Biserica\u00a0<em>Sf\u00e2ntul Gheorghe<\/em>\u00a0\u2013 Nou din Bucure\u0219ti, ctitoria lor, iar deasupra morm\u00e2ntului a pus o candel\u0103 care p\u00e2n\u0103 ast\u0103zi arde spre pomenirea Sf\u00e2ntului Voievod Martir\u201d.<\/p>\n<\/blockquote>\n<p>Printre altele, tomosul prevede: \u201ePentru ca evlavia drept-m\u0103ritorilor cre\u0219tini s\u0103 sporeasc\u0103 prin cinstirea \u0219i chemarea \u00een rug\u0103ciune a Sfintei Doamne Maria Br\u00e2ncoveanu, ea s\u0103 fie \u0219i ocrotitoare a unor biserici noi sau re\u00eennoite\u201d.<\/p>\n<p>\u00a0<\/p>\n<\/div>\n<p>[analyse_source url=&#8221;https:\/\/ortodoxinfo.ro\/2026\/08\/16\/familia-sfintilor-brancoveni-s-a-reintregit-azi-in-sinaxar-cu-sfanta-doamna-maria-brancoveanu\/&#8221;]<\/p>\n","protected":false},"excerpt":{"rendered":"<p>[analyse_image type=&#8221;featured&#8221; src=&#8221;https:\/\/ortodoxinfo.ro\/wp-content\/uploads\/2026\/08\/Sf.-Maria-Brancoveanu-si-Sfintii-Martiri-Brancoveni_OrtodoxINFO.jpghttps:\/\/ortodoxinfo.ro\/wp-content\/uploads\/2026\/08\/Sf.-Maria-Brancoveanu-si-Sfintii-Martiri-Brancoveni_OrtodoxINFO.jpg&#8221;] Prima pagin\u0103 \u00bb Blog \u00bb Familia Sfin\u021bilor Br\u00e2ncoveni s-a re\u00eentregit azi \u00een Sinaxar cu Sf\u00e2nta Doamn\u0103 Maria Br\u00e2ncoveanu Familia Sfin\u021bilor Br\u00e2ncoveni s-a re\u00eentregit azi \u00een Sinaxar cu Sf\u00e2nta Doamn\u0103 Maria Br\u00e2ncoveanu 16 august 2026Sfin\u021bi \u0219i s\u0103rb\u0103tori2.2k vizualiz\u0103ri Comentarii Share 2 Min Read Sf. Maria Brancoveanu si Sfintii Martiri Brancoveni_OrtodoxINFO SHARE OrtodoxINFO este [&hellip;]<\/p>\n","protected":false},"author":1,"featured_media":0,"comment_status":"open","ping_status":"","sticky":false,"template":"","format":"standard","meta":{"footnotes":""},"categories":[89],"tags":[226,94],"class_list":["post-2096535","post","type-post","status-publish","format-standard","hentry","category-romania","tag-crawlmanager","tag-ortodoxinfo-ro"],"_links":{"self":[{"href":"https:\/\/analyse.optim.biz\/index.php?rest_route=\/wp\/v2\/posts\/2096535","targetHints":{"allow":["GET"]}}],"collection":[{"href":"https:\/\/analyse.optim.biz\/index.php?rest_route=\/wp\/v2\/posts"}],"about":[{"href":"https:\/\/analyse.optim.biz\/index.php?rest_route=\/wp\/v2\/types\/post"}],"author":[{"embeddable":true,"href":"https:\/\/analyse.optim.biz\/index.php?rest_route=\/wp\/v2\/users\/1"}],"replies":[{"embeddable":true,"href":"https:\/\/analyse.optim.biz\/index.php?rest_route=%2Fwp%2Fv2%2Fcomments&post=2096535"}],"version-history":[{"count":0,"href":"https:\/\/analyse.optim.biz\/index.php?rest_route=\/wp\/v2\/posts\/2096535\/revisions"}],"wp:attachment":[{"href":"https:\/\/analyse.optim.biz\/index.php?rest_route=%2Fwp%2Fv2%2Fmedia&parent=2096535"}],"wp:term":[{"taxonomy":"category","embeddable":true,"href":"https:\/\/analyse.optim.biz\/index.php?rest_route=%2Fwp%2Fv2%2Fcategories&post=2096535"},{"taxonomy":"post_tag","embeddable":true,"href":"https:\/\/analyse.optim.biz\/index.php?rest_route=%2Fwp%2Fv2%2Ftags&post=2096535"}],"curies":[{"name":"wp","href":"https:\/\/api.w.org\/{rel}","templated":true}]}}