{"id":2096533,"date":"2026-08-16T10:37:00","date_gmt":"2026-08-16T07:37:00","guid":{"rendered":"https:\/\/analyse.optim.biz\/?p=2096533"},"modified":"2026-08-16T10:37:00","modified_gmt":"2026-08-16T07:37:00","slug":"mentalitate-de-pnlist-coclit-ciprian-ciucu-ii-numeste-dusmanii-democratiei-pe-romanii-care-l-au-huiduit-pe-bolojan","status":"publish","type":"post","link":"https:\/\/analyse.optim.biz\/?p=2096533","title":{"rendered":"Mentalitate de pnlist coclit: Ciprian Ciucu \u00eei nume\u0219te \u201edu\u0219manii democra\u021biei\u201d pe rom\u00e2nii care l-au huiduit pe Bolojan"},"content":{"rendered":"<p>[analyse_image type=&#8221;featured&#8221; src=&#8221;https:\/\/ortodoxinfo.ro\/wp-content\/uploads\/2026\/08\/1786874403_ciucu-apara-prezenta-lui-bolojan-la-ziua-neurocontent.jpghttps:\/\/ortodoxinfo.ro\/wp-content\/uploads\/2026\/08\/1786874403_ciucu-apara-prezenta-lui-bolojan-la-ziua-neurocontent.jpg&#8221;]<\/p>\n<article id=\"post-258603\" class=\"post-258603 post type-post status-publish format-standard has-post-thumbnail category-asasinii-tarii\">\n<header class=\"single-header\">\n<aside class=\"breadcrumb-wrap breadcrumb-yoast s-breadcrumb\">\n<div class=\"breadcrumb-inner\"><span><span><a href=\"https:\/\/ortodoxinfo.ro\/\">Prima pagin\u0103<\/a><\/span> \u00bb <span><a href=\"https:\/\/ortodoxinfo.ro\/blog\/\">Blog<\/a><\/span> \u00bb <span class=\"breadcrumb_last\" aria-current=\"page\">Mentalitate de pnlist coclit: Ciprian Ciucu \u00eei nume\u0219te \u201edu\u0219manii democra\u021biei\u201d pe rom\u00e2nii care l-au huiduit pe Bolojan<\/span><\/span><\/div>\n<\/aside>\n<h1 class=\"s-title fw-headline\">Mentalitate de pnlist coclit: Ciprian Ciucu \u00eei nume\u0219te \u201edu\u0219manii democra\u021biei\u201d pe rom\u00e2nii care l-au huiduit pe Bolojan<\/h1>\n<div class=\"single-meta meta-s-default yes-0\">\n<div class=\"smeta-in\"><a class=\"meta-el meta-avatar\" href=\"https:\/\/ortodoxinfo.ro\/author\/redactor\/\"><img loading=\"lazy\" decoding=\"async\" alt=\"OrtodoxINFO\" src=\"https:\/\/secure.gravatar.com\/avatar\/21010332354a182ce4de6016685c5586f21c51866d0ec5bc8ef383240b3c3e02?s=120&amp;r=g\" class=\"avatar avatar-120 photo\" height=\"120\" width=\"120\"><\/a><\/p>\n<div class=\"smeta-sec\">\n<div class=\"p-meta\">\n<div class=\"meta-inner is-meta\"><span class=\"meta-el meta-date\"><time datetime=\"2026-08-16T13:37:00+03:00\">16 august 2026<\/time><\/span><span class=\"meta-el meta-category meta-bold\"><a class=\"meta-separate category-19885\" href=\"https:\/\/ortodoxinfo.ro\/category\/anti-sistem\/anti-romanism\/asasinii-tarii\/\">Asasinii \u021b\u0103rii<\/a><\/span><span class=\"meta-el meta-view\">5.7k vizualiz\u0103ri\t\t<\/span><span class=\"meta-el meta-comment mobile-last-meta tablet-last-meta\"><a href=\"https:\/\/ortodoxinfo.ro\/2026\/08\/16\/mentalitate-de-pnlist-coclit-ciprian-ciucu-ii-numeste-dusmanii-democratiei-pe-romanii-care-l-au-huiduit-pe-bolojan\/#respond\">Comentarii<\/a><\/span><\/div>\n<\/div>\n<\/div>\n<\/div>\n<div class=\"smeta-extra\">\n<div class=\"t-shared-sec tooltips-n has-read-meta is-color\">\n<div class=\"t-shared-header is-meta\"><span class=\"share-label\">Share<\/span><\/div>\n<\/div>\n<div class=\"single-right-meta single-time-read is-meta\"><span class=\"meta-el meta-read\">9 Min Read<\/span><\/div>\n<\/div>\n<\/div>\n<\/header>\n<div class=\"grid-container\">\n<div class=\"s-ct\">\n<div class=\"s-feat-outer\">\n<div class=\"s-feat\">\n<div class=\"featured-lightbox-trigger\" data-source=\"https:\/\/ortodoxinfo.ro\/wp-content\/uploads\/2026\/08\/1786874403_ciucu-apara-prezenta-lui-bolojan-la-ziua-neurocontent.jpg\" data-caption data-attribution><img fetchpriority=\"high\" decoding=\"async\" width=\"860\" height=\"574\" src=\"https:\/\/ortodoxinfo.ro\/wp-content\/uploads\/2026\/08\/1786874403_ciucu-apara-prezenta-lui-bolojan-la-ziua-neurocontent-860x574.jpg\" class=\"attachment-foxiz_crop_o1 size-foxiz_crop_o1 wp-post-image\" alt loading=\"eager\"><\/div>\n<\/div>\n<\/div>\n<div class=\"s-ct-wrap has-lsl\">\n<div class=\"s-ct-inner\">\n<div class=\"l-shared-sec-outer show-mobile\">\n<div class=\"l-shared-sec\">\n<div class=\"l-shared-header meta-text\"><span class=\"share-label\">SHARE<\/span><\/div>\n<\/div>\n<\/div>\n<div class=\"e-ct-outer\">\n<div class=\"entry-top\">\n<div id=\"custom_html-3\" class=\"widget_text widget entry-widget clearfix widget_custom_html\">\n<div class=\"textwidget custom-html-widget\">\n<div><small><br \/>\n    OrtodoxINFO este supus unui sabotaj sistematic din partea reprezentan\u021bilor Google Rom\u00e2nia, at\u00e2t la afi\u0219\u0103ri c\u00e2t \u0219i \u00een rezultatele de c\u0103utare.<br \/>\n        Astfel c\u0103 veniturile din publicitate au sc\u0103zut de p\u00e2n\u0103 la <strong>10 ori<\/strong>. Situa\u021bia este similar\u0103 \u0219i pe Facebook.<\/p>\n<p>        V\u0103 invit\u0103m s\u0103 accesa\u021bi direct site-ul \u0219i s\u0103 v\u0103 abona\u021bi la notific\u0103ri.<\/p>\n<p>    Dac\u0103 dori\u021bi s\u0103 ne sus\u021bine\u021bi \u00een aceast\u0103 perioad\u0103 dificil\u0103, orice <a href=\"https:\/\/ortodoxinfo.ro\/donatii\/\">dona\u021bie<\/a> este binevenit\u0103.<br \/>\n    Dumnezeu s\u0103 v\u0103 r\u0103spl\u0103teasc\u0103!<br \/>\n<\/small><\/div>\n<\/div>\n<\/div>\n<\/div>\n<div class=\"entry-content rbct clearfix is-highlight-shares\">\n<div class=\"ruby-table-contents rbtoc table-left table-fw-single-col\">\n<div class=\"toc-header\"><span class=\"h3\">Sumar<\/span><\/div>\n<div class=\"toc-content h5\"><a href=\"https:\/\/ortodoxinfo.ro\/2026\/08\/16\/mentalitate-de-pnlist-coclit-ciprian-ciucu-ii-numeste-dusmanii-democratiei-pe-romanii-care-l-au-huiduit-pe-bolojan\/#ciucu-transforma-huiduiala-intrun-atac-asupra-democratiei\" class=\"table-link no-link anchor-link\" data-index=\"rb-heading-index-0\">Ciucu transform\u0103 huiduiala \u00eentr-un atac asupra democra\u021biei<\/a><a href=\"https:\/\/ortodoxinfo.ro\/2026\/08\/16\/mentalitate-de-pnlist-coclit-ciprian-ciucu-ii-numeste-dusmanii-democratiei-pe-romanii-care-l-au-huiduit-pe-bolojan\/#oamenii-nu-sunt-obligati-sa-il-aplaude-pe-premier\" class=\"table-link no-link anchor-link\" data-index=\"rb-heading-index-1\">Oamenii nu sunt obliga\u021bi s\u0103 \u00eel aplaude pe premier<\/a><a href=\"https:\/\/ortodoxinfo.ro\/2026\/08\/16\/mentalitate-de-pnlist-coclit-ciprian-ciucu-ii-numeste-dusmanii-democratiei-pe-romanii-care-l-au-huiduit-pe-bolojan\/#adversarii-democratiei-expresia-care-inlocuieste-explicatiile\" class=\"table-link no-link anchor-link\" data-index=\"rb-heading-index-2\">\u201eAdversarii democra\u021biei\u201d, expresia care \u00eenlocuie\u0219te explica\u021biile<\/a><a href=\"https:\/\/ortodoxinfo.ro\/2026\/08\/16\/mentalitate-de-pnlist-coclit-ciprian-ciucu-ii-numeste-dusmanii-democratiei-pe-romanii-care-l-au-huiduit-pe-bolojan\/#romania-a-trecut-deja-prin-cea-mai-controversata-decizie-electorala-din-ultimii-35-de-ani\" class=\"table-link no-link anchor-link\" data-index=\"rb-heading-index-3\">Rom\u00e2nia a trecut deja prin cea mai controversat\u0103 decizie electoral\u0103 din ultimii 35 de ani<\/a><a href=\"https:\/\/ortodoxinfo.ro\/2026\/08\/16\/mentalitate-de-pnlist-coclit-ciprian-ciucu-ii-numeste-dusmanii-democratiei-pe-romanii-care-l-au-huiduit-pe-bolojan\/#ccr-a-anulat-votul-cetatenii-care-huiduie-sunt-insa-cei-etichetati\" class=\"table-link no-link anchor-link\" data-index=\"rb-heading-index-4\">CCR a anulat votul. Cet\u0103\u021benii care huiduie sunt \u00eens\u0103 cei eticheta\u021bi<\/a><a href=\"https:\/\/ortodoxinfo.ro\/2026\/08\/16\/mentalitate-de-pnlist-coclit-ciprian-ciucu-ii-numeste-dusmanii-democratiei-pe-romanii-care-l-au-huiduit-pe-bolojan\/#bolojan-poate-reprezenta-statul-si-poate-fi-huiduit-in-acelasi-timp\" class=\"table-link no-link anchor-link\" data-index=\"rb-heading-index-5\">Bolojan poate reprezenta statul \u0219i poate fi huiduit \u00een acela\u0219i timp<\/a><a href=\"https:\/\/ortodoxinfo.ro\/2026\/08\/16\/mentalitate-de-pnlist-coclit-ciprian-ciucu-ii-numeste-dusmanii-democratiei-pe-romanii-care-l-au-huiduit-pe-bolojan\/#un-politician-nu-poate-confisca-termenul-democratie\" class=\"table-link no-link anchor-link\" data-index=\"rb-heading-index-6\">Un politician nu poate confisca termenul \u201edemocra\u021bie\u201d<\/a><a href=\"https:\/\/ortodoxinfo.ro\/2026\/08\/16\/mentalitate-de-pnlist-coclit-ciprian-ciucu-ii-numeste-dusmanii-democratiei-pe-romanii-care-l-au-huiduit-pe-bolojan\/#huiduiala-nu-este-lovitura-de-stat\" class=\"table-link no-link anchor-link\" data-index=\"rb-heading-index-7\">Huiduiala nu este lovitur\u0103 de stat<\/a><\/div>\n<\/div>\n<p class=\"wp-block-paragraph\">Primarul ilegitim al Capitalei \u0219i prim-vicepre\u0219edintele PNL Ciprian Ciucu a reac\u021bionat dup\u0103 ce Ilie Bolojan a fost huiduit la Constan\u021ba, de Ziua Marinei, acuz\u00e2nd existen\u021ba unei \u201eregii\u201d puse la cale de \u201eadversarii democra\u021biei\u201d.<\/p>\n<p class=\"wp-block-paragraph\">Bolojan a fost \u00eent\u00e2mpinat cu huiduieli \u00een timpul discursului sus\u021binut pe 15 august, iar din mul\u021bime s-au auzit inclusiv scand\u0103ri precum \u201eBolojan, acas\u0103!\u201d.<\/p>\n<p class=\"wp-block-paragraph\">Ciucu nu a tratat momentul drept ceea ce este \u00een mod normal \u00eentr-o democra\u021bie \u2014 o manifestare public\u0103 de nemul\u021bumire \u2014 ci a sugerat c\u0103 reac\u021bia ar fi fost organizat\u0103 de persoane ostile democra\u021biei.<\/p>\n<p class=\"wp-block-paragraph\">\u201e\u0218tia c\u0103 va fi huiduit dup\u0103 toat\u0103 campania oribil\u0103 dus\u0103 \u00een acest an \u00eempotriva sa\u201d, a transmis liderul PNL. El a ad\u0103ugat c\u0103 Bolojan cuno\u0219tea \u0219i \u201eregia\u201d unor asemenea manifest\u0103ri, despre care a afirmat c\u0103 este organizat\u0103 de \u201eadversarii democra\u021biei\u201d.<\/p>\n<p class=\"wp-block-paragraph\">Eticheta este grav\u0103.<\/p>\n<p class=\"wp-block-paragraph\">\u00centr-o democra\u021bie, cet\u0103\u021beanul care huiduie un politician nu devine prin acest simplu fapt adversarul sistemului democratic.<\/p>\n<p class=\"wp-block-paragraph\">Dimpotriv\u0103, libertatea de exprimare presupune inclusiv dreptul oamenilor de a-\u0219i manifesta zgomotos nemul\u021bumirea fa\u021b\u0103 de cei care \u00eei conduc.<\/p>\n<h3 id=\"ciucu-transforma-huiduiala-intrun-atac-asupra-democratiei\" class=\"rb-heading-index-0 wp-block-heading\">Ciucu transform\u0103 huiduiala \u00eentr-un atac asupra democra\u021biei<\/h3>\n<p class=\"wp-block-paragraph\">Ciprian Ciucu \u00eencearc\u0103 s\u0103 prezinte episodul de la Constan\u021ba drept o ac\u021biune politic\u0103 preg\u0103tit\u0103 \u00eempotriva premierului.<\/p>\n<p class=\"wp-block-paragraph\">El afirm\u0103 c\u0103 Ilie Bolojan \u0219tia dinainte c\u0103 va fi huiduit, dup\u0103 o campanie pe care o calific\u0103 drept \u201eoribil\u0103\u201d, dar c\u0103 a mers la Ziua Marinei deoarece \u201ecineva trebuia s\u0103 fie acolo \u0219i s\u0103 reprezinte statul rom\u00e2n\u201d.<\/p>\n<div class=\"inline-single-ad ad_single_3_index alignfull\">\n<div class=\"ad-wrap ad-script-wrap\">\n<div class=\"ad-script non-adsense edge-padding\">\n<div>\n\u203c\ufe0f\u203c\ufe0f NU recunoa\u0219tem ca pre\u0219edinte al Rom\u00e2niei pe marioneta retard\u0103 Nicu\u0219or Dan! Rom\u00e2ni, boicota\u021bi aceast\u0103 f\u0103c\u0103tur\u0103, care ne face \u021bara de r\u00e2s! NU rom\u00e2nii l-au votat pe Nicusoro\u0219 &#8211; cu unele excep\u021bii de persoane infantile, manipulabile \u0219i chiar idioate &#8211; ci l-au ajutat Maia Soro\u0219, Emanuel Macrou \u0219i tr\u0103d\u0103torii de la B.E.C. \u0219i CCR!<br \/>\n La \u00eenchisoare cu cei care au fraudat alegerile!\n<\/div>\n<\/div>\n<\/div>\n<\/div>\n<p class=\"wp-block-paragraph\">Prezen\u021ba premierului la un eveniment oficial nu este \u00eens\u0103 pus\u0103 \u00een discu\u021bie.<\/p>\n<p class=\"wp-block-paragraph\">Problema este calificarea celor care l-au contestat drept \u201eadversari ai democra\u021biei\u201d.<\/p>\n<p class=\"wp-block-paragraph\">Un politician poate considera huiduielile nedrepte, organizate, exagerate sau motivate politic. Poate prezenta dovezi c\u0103 au existat persoane mobilizate special pentru protest.<\/p>\n<p class=\"wp-block-paragraph\">Dar simpla opozi\u021bie public\u0103 fa\u021b\u0103 de un premier nu este o agresiune \u00eempotriva democra\u021biei.<\/p>\n<p class=\"wp-block-paragraph\">Democra\u021bia nu \u00eenseamn\u0103 aplauze obligatorii pentru reprezentan\u021bii statului.<\/p>\n<h3 id=\"oamenii-nu-sunt-obligati-sa-il-aplaude-pe-premier\" class=\"rb-heading-index-1 wp-block-heading\">Oamenii nu sunt obliga\u021bi s\u0103 \u00eel aplaude pe premier<\/h3>\n<p class=\"wp-block-paragraph\">Ilie Bolojan ocup\u0103 una dintre cele mai importante func\u021bii politice din Rom\u00e2nia \u0219i a luat, \u00eempreun\u0103 cu Guvernul s\u0103u, decizii care au afectat direct veniturile, taxele \u0219i serviciile publice.<\/p>\n<p class=\"wp-block-paragraph\">Este firesc ca asemenea politici s\u0103 genereze at\u00e2t sus\u021binere, c\u00e2t \u0219i opozi\u021bie.<\/p>\n<p class=\"wp-block-paragraph\">Cet\u0103\u021benii prezen\u021bi la o ceremonie public\u0103 nu au obliga\u021bia s\u0103 ofere unui premier o zon\u0103 de confort.<\/p>\n<p class=\"wp-block-paragraph\">Pot s\u0103 \u00eel aplaude.<\/p>\n<p class=\"wp-block-paragraph\">Pot s\u0103 tac\u0103.<\/p>\n<p class=\"wp-block-paragraph\">Pot s\u0103 \u00eel huiduie.<\/p>\n<p class=\"wp-block-paragraph\">At\u00e2ta timp c\u00e2t manifestarea r\u0103m\u00e2ne pa\u0219nic\u0103 \u0219i \u00een limitele legii, toate reprezint\u0103 forme de exprimare public\u0103.<\/p>\n<p class=\"wp-block-paragraph\">C\u00e2nd liderii politici \u00eencep s\u0103 \u00eempart\u0103 popula\u021bia \u00eentre sus\u021bin\u0103tori respectabili \u0219i \u201eadversari ai democra\u021biei\u201d, doar pentru c\u0103 ace\u0219tia din urm\u0103 protesteaz\u0103, sensul democra\u021biei este r\u0103sturnat.<\/p>\n<h3 id=\"adversarii-democratiei-expresia-care-inlocuieste-explicatiile\" class=\"rb-heading-index-2 wp-block-heading\">\u201eAdversarii democra\u021biei\u201d, expresia care \u00eenlocuie\u0219te explica\u021biile<\/h3>\n<p class=\"wp-block-paragraph\">Ciucu nu a prezentat public dovezi c\u0103 toate persoanele care l-au huiduit pe Bolojan f\u0103ceau parte dintr-o opera\u021biune coordonat\u0103 \u00eempotriva democra\u021biei.<\/p>\n<p class=\"wp-block-paragraph\">A vorbit despre o \u201eregie\u201d. A vorbit despre \u201eadversari\u201d. A vorbit despre o campanie \u00eempotriva premierului. Dar \u00eentre existen\u021ba unei mobiliz\u0103ri politice \u0219i catalogarea manifestan\u021bilor drept adversari ai democra\u021biei este o diferen\u021b\u0103 uria\u0219\u0103.<\/p>\n<p class=\"wp-block-paragraph\">Partidele politice organizeaz\u0103 manifesta\u021bii. Sindicatele organizeaz\u0103 proteste. Grupurile civice mobilizeaz\u0103 cet\u0103\u021beni. Opozi\u021bia \u00eencearc\u0103 s\u0103 exploateze nemul\u021bumirea fa\u021b\u0103 de Guvern.<\/p>\n<p class=\"wp-block-paragraph\">Toate acestea fac parte din func\u021bionarea normal\u0103 a unei democra\u021bii.<\/p>\n<p class=\"wp-block-paragraph\">Dac\u0103 exist\u0103 probe privind o ac\u021biune ilegal\u0103, ele trebuie prezentate.<\/p>\n<p class=\"wp-block-paragraph\">Dac\u0103 nu exist\u0103, r\u0103m\u00e2ne doar o etichet\u0103 politic\u0103 aplicat\u0103 unor cet\u0103\u021beni care au \u00eendr\u0103znit s\u0103 huiduie puterea.<\/p>\n<h3 id=\"romania-a-trecut-deja-prin-cea-mai-controversata-decizie-electorala-din-ultimii-35-de-ani\" class=\"rb-heading-index-3 wp-block-heading\">Rom\u00e2nia a trecut deja prin cea mai controversat\u0103 decizie electoral\u0103 din ultimii 35 de ani<\/h3>\n<p class=\"wp-block-paragraph\">Ironia este cu at\u00e2t mai mare cu c\u00e2t expresia \u201eadversarii democra\u021biei\u201d este folosit\u0103 \u00eentr-o \u021bar\u0103 \u00een care dezbaterea privind \u00eens\u0103\u0219i func\u021bionarea democra\u021biei nu s-a \u00eencheiat dup\u0103 anularea alegerilor preziden\u021biale din decembrie 2024.<\/p>\n<p class=\"wp-block-paragraph\">Pe 6 decembrie 2024, Curtea Constitu\u021bional\u0103 a anulat \u00eentregul proces electoral preziden\u021bial \u0219i a dispus reluarea lui de la zero, dup\u0103 declasificarea unor documente provenite de la institu\u021biile de securitate.<\/p>\n<p class=\"wp-block-paragraph\">CCR a justificat m\u0103sura prin nereguli pe care le-a considerat suficient de grave pentru a afecta caracterul liber \u0219i corect al alegerilor. Curtea a invocat, \u00eentre altele, afectarea egalit\u0103\u021bii de \u0219anse \u00eentre candida\u021bi \u0219i distorsionarea procesului electoral.<\/p>\n<p class=\"wp-block-paragraph\">Decizia a r\u0103mas \u00eens\u0103 una dintre cele mai controversate din istoria postdecembrist\u0103 a Rom\u00e2niei \u0219i continu\u0103 s\u0103 fie criticat\u0103 de o parte a societ\u0103\u021bii \u0219i a clasei politice.<\/p>\n<p class=\"wp-block-paragraph\">Unii dintre contestatarii ei au calificat-o inclusiv drept o \u201elovitur\u0103 de stat constitu\u021bional\u0103\u201d. Aceasta este o caracterizare politic\u0103, nu o constatare juridic\u0103.<\/p>\n<p class=\"wp-block-paragraph\">Dar tocmai existen\u021ba unei asemenea rupturi de \u00eencredere ar trebui s\u0103 \u00eei fac\u0103 pe politicieni mult mai pruden\u021bi atunci c\u00e2nd vorbesc despre \u201edu\u0219manii democra\u021biei\u201d.<\/p>\n<h3 id=\"ccr-a-anulat-votul-cetatenii-care-huiduie-sunt-insa-cei-etichetati\" class=\"rb-heading-index-4 wp-block-heading\">CCR a anulat votul. Cet\u0103\u021benii care huiduie sunt \u00eens\u0103 cei eticheta\u021bi<\/h3>\n<p class=\"wp-block-paragraph\">Ciucu \u00eei nume\u0219te ast\u0103zi \u201eadversarii democra\u021biei\u201d pe cei despre care afirm\u0103 c\u0103 au organizat huiduielile \u00eempotriva lui Bolojan.<\/p>\n<p class=\"wp-block-paragraph\">Standardul este cel pu\u021bin curios.<\/p>\n<p class=\"wp-block-paragraph\">\u00cen decembrie 2024, milioane de voturi exprimate \u00eentr-un scrutin preziden\u021bial au fost anulate printr-o hot\u0103r\u00e2re f\u0103r\u0103 precedent a Cur\u021bii Constitu\u021bionale.<\/p>\n<p class=\"wp-block-paragraph\">Indiferent dac\u0103 decizia CCR este considerat\u0103 corect\u0103 sau profund gre\u0219it\u0103, acela a fost unul dintre cele mai importante momente pentru democra\u021bia rom\u00e2neasc\u0103.<\/p>\n<p class=\"wp-block-paragraph\">Dezbaterea asupra lui ar trebui s\u0103 fie incomparabil mai serioas\u0103 dec\u00e2t indignarea provocat\u0103 de c\u00e2teva sute de oameni care huiduie un premier la Constan\u021ba.<\/p>\n<p class=\"wp-block-paragraph\">Democra\u021bia nu este amenin\u021bat\u0103 pentru c\u0103 un politician este fluierat.<\/p>\n<p class=\"wp-block-paragraph\">Democra\u021bia devine vulnerabil\u0103 atunci c\u00e2nd cet\u0103\u021benii ajung s\u0103 cread\u0103 c\u0103 votul lor nu mai conteaz\u0103, c\u0103 institu\u021biile nu mai sunt impar\u021biale \u0219i c\u0103 orice critic al puterii poate fi etichetat drept extremist sau adversar al ordinii democratice.<\/p>\n<h3 id=\"bolojan-poate-reprezenta-statul-si-poate-fi-huiduit-in-acelasi-timp\" class=\"rb-heading-index-5 wp-block-heading\">Bolojan poate reprezenta statul \u0219i poate fi huiduit \u00een acela\u0219i timp<\/h3>\n<p class=\"wp-block-paragraph\">Argumentul lui Ciucu c\u0103 Bolojan a mers la Constan\u021ba pentru c\u0103 \u201ecineva trebuia s\u0103 reprezinte statul rom\u00e2n\u201d nu are leg\u0103tur\u0103 cu dreptul publicului de a reac\u021biona.<\/p>\n<p class=\"wp-block-paragraph\">Cele dou\u0103 lucruri nu se exclud.<\/p>\n<p class=\"wp-block-paragraph\">Bolojan avea dreptul \u0219i obliga\u021bia institu\u021bional\u0103 de a participa.<\/p>\n<p class=\"wp-block-paragraph\">Cet\u0103\u021benii aveau dreptul s\u0103 \u00ee\u0219i exprime nemul\u021bumirea.<\/p>\n<p class=\"wp-block-paragraph\">Un premier nu devine mai pu\u021bin reprezentant al statului pentru c\u0103 este huiduit.<\/p>\n<p class=\"wp-block-paragraph\">Iar cei care \u00eel huiduie nu \u00eenceteaz\u0103 s\u0103 fie cet\u0103\u021beni ai aceluia\u0219i stat.<\/p>\n<p class=\"wp-block-paragraph\">Aceasta este exact diferen\u021ba dintre reprezentarea institu\u021bional\u0103 \u0219i cultul personalit\u0103\u021bii.<\/p>\n<h3 id=\"un-politician-nu-poate-confisca-termenul-democratie\" class=\"rb-heading-index-6 wp-block-heading\">Un politician nu poate confisca termenul \u201edemocra\u021bie\u201d<\/h3>\n<p class=\"wp-block-paragraph\">Democra\u021bia nu apar\u021bine PNL.<\/p>\n<p class=\"wp-block-paragraph\">Nu apar\u021bine lui Ciprian Ciucu.<\/p>\n<p class=\"wp-block-paragraph\">Nu apar\u021bine lui Ilie Bolojan \u0219i nici adversarilor lor politici.<\/p>\n<p class=\"wp-block-paragraph\">Ea apar\u021bine cet\u0103\u021benilor, inclusiv celor care voteaz\u0103 \u00eempotriva puterii \u0219i celor care ies \u00een strad\u0103 sau huiduie la un eveniment public.<\/p>\n<p class=\"wp-block-paragraph\">Expresii precum \u201edu\u0219manii democra\u021biei\u201d sau \u201eadversarii democra\u021biei\u201d trebuie folosite cu maxim\u0103 responsabilitate.<\/p>\n<p class=\"wp-block-paragraph\">Altfel, ele devin simple arme retorice prin care orice form\u0103 de opozi\u021bie este delegitimat\u0103.<\/p>\n<p class=\"wp-block-paragraph\">Ast\u0103zi este un grup care \u00eel huiduie pe Bolojan.<\/p>\n<p class=\"wp-block-paragraph\">M\u00e2ine poate fi un protest \u00eempotriva taxelor.<\/p>\n<p class=\"wp-block-paragraph\">Poim\u00e2ine o manifesta\u021bie \u00eempotriva unei legi.<\/p>\n<p class=\"wp-block-paragraph\">Dac\u0103 fiecare contestare devine automat un atac asupra democra\u021biei, atunci democra\u021bia ajunge s\u0103 \u00eensemne doar lini\u0219te \u00een jurul celor afla\u021bi la putere.<\/p>\n<h3 id=\"huiduiala-nu-este-lovitura-de-stat\" class=\"rb-heading-index-7 wp-block-heading\">Huiduiala nu este lovitur\u0103 de stat<\/h3>\n<p class=\"wp-block-paragraph\">Ciprian Ciucu poate fi solidar cu Ilie Bolojan.<\/p>\n<p class=\"wp-block-paragraph\">Poate considera c\u0103 premierul este atacat nedrept.<\/p>\n<p class=\"wp-block-paragraph\">Poate sus\u021bine c\u0103 reformele acestuia sunt necesare \u0219i c\u0103 oamenii vor \u00een\u021belege rezultatele mai t\u00e2rziu.<\/p>\n<p class=\"wp-block-paragraph\">Dar nu poate transforma simpla nemul\u021bumire public\u0103 \u00eentr-o prob\u0103 de ostilitate fa\u021b\u0103 de democra\u021bie.<\/p>\n<p class=\"wp-block-paragraph\">Pe 15 august, la Constan\u021ba, un politician a fost huiduit.<\/p>\n<p class=\"wp-block-paragraph\">At\u00e2t.<\/p>\n<p class=\"wp-block-paragraph\">Nu a fost \u00eempiedicat s\u0103 vorbeasc\u0103 prin violen\u021b\u0103, statul nu a fost atacat, institu\u021biile nu au fost ocupate \u0219i ordinea constitu\u021bional\u0103 nu a fost r\u0103sturnat\u0103.<\/p>\n<p class=\"wp-block-paragraph\">Au existat oameni care nu \u00eel mai vor pe Bolojan \u0219i au spus-o zgomotos.<\/p>\n<p class=\"wp-block-paragraph\">\u00centr-o democra\u021bie, asta nu este problema.<\/p>\n<p class=\"wp-block-paragraph\">Problema \u00eencepe atunci c\u00e2nd puterea consider\u0103 c\u0103 numai aplauzele sunt democratice.<\/p>\n<\/div>\n<div class=\"entry-bottom\">\n<div id=\"block-9\" class=\"widget entry-widget clearfix widget_block\">\n<div><a href=\"https:\/\/suspend.ro\" target=\"_blank\" rel=\"noopener noreferrer\"><img decoding=\"async\" src=\"https:\/\/ortodoxinfo.ro\/wp-content\/uploads\/2026\/08\/FB_IMG_1786185261439.jpg\" alt=\"Verific\u0103 pe suspend.ro \u2013 Parlamentarii din jude\u021bul t\u0103u sus\u021bin suspendarea lui Nicu\u0219or Dan?\"><\/a><\/div>\n<\/div>\n<\/div>\n<\/div>\n<\/div>\n<div class=\"e-shared-sec entry-sec\">\n<div class=\"e-shared-header h4\"><span>Distribuie<\/span><\/div>\n<div class=\"rbbsl tooltips-n effect-fadeout is-bg\"><a class=\"share-action share-trigger icon-facebook\" aria-label=\"Share on Facebook\" href=\"https:\/\/www.facebook.com\/sharer.php?u=https%3A%2F%2Fortodoxinfo.ro%2F2026%2F08%2F16%2Fmentalitate-de-pnlist-coclit-ciprian-ciucu-ii-numeste-dusmanii-democratiei-pe-romanii-care-l-au-huiduit-pe-bolojan%2F\" data-title=\"Facebook\" rel=\"nofollow\"><span>Facebook<\/span><\/a><a class=\"share-action share-trigger icon-twitter\" aria-label=\"Share on X\" href=\"https:\/\/twitter.com\/intent\/tweet?text=Mentalitate+de+pnlist+coclit%3A+Ciprian+Ciucu+%C3%AEi+nume%C8%99te+%E2%80%9Edu%C8%99manii+democra%C8%9Biei%E2%80%9D+pe+rom%C3%A2nii+care+l-au+huiduit+pe+Bolojan&amp;url=https%3A%2F%2Fortodoxinfo.ro%2F2026%2F08%2F16%2Fmentalitate-de-pnlist-coclit-ciprian-ciucu-ii-numeste-dusmanii-democratiei-pe-romanii-care-l-au-huiduit-pe-bolojan%2F&amp;via=ortodoxinforo\" data-title=\"X\" rel=\"nofollow\"><span>X<\/span><\/a><a class=\"share-action icon-whatsapp is-web\" aria-label=\"Share on Whatsapp\" href=\"https:\/\/web.whatsapp.com\/send?text=Mentalitate+de+pnlist+coclit%3A+Ciprian+Ciucu+%C3%AEi+nume%C8%99te+%E2%80%9Edu%C8%99manii+democra%C8%9Biei%E2%80%9D+pe+rom%C3%A2nii+care+l-au+huiduit+pe+Bolojan%20%E2%98%9E%20https%3A%2F%2Fortodoxinfo.ro%2F2026%2F08%2F16%2Fmentalitate-de-pnlist-coclit-ciprian-ciucu-ii-numeste-dusmanii-democratiei-pe-romanii-care-l-au-huiduit-pe-bolojan%2F\" target=\"_blank\" data-title=\"WhatsApp\" rel=\"nofollow\"><span>Whatsapp<\/span><\/a><a class=\"share-action icon-whatsapp is-mobile\" aria-label=\"Share on Whatsapp\" href=\"\/\/send?text=Mentalitate+de+pnlist+coclit%3A+Ciprian+Ciucu+%C3%AEi+nume%C8%99te+%E2%80%9Edu%C8%99manii+democra%C8%9Biei%E2%80%9D+pe+rom%C3%A2nii+care+l-au+huiduit+pe+Bolojan%20%E2%98%9E%20https%3A%2F%2Fortodoxinfo.ro%2F2026%2F08%2F16%2Fmentalitate-de-pnlist-coclit-ciprian-ciucu-ii-numeste-dusmanii-democratiei-pe-romanii-care-l-au-huiduit-pe-bolojan%2F\" target=\"_blank\" data-title=\"WhatsApp\" rel=\"nofollow\"><span>Whatsapp<\/span><\/a><a class=\"share-action share-trigger icon-telegram\" aria-label=\"Share on Telegram\" href=\"https:\/\/t.me\/share\/?url=https%3A%2F%2Fortodoxinfo.ro%2F2026%2F08%2F16%2Fmentalitate-de-pnlist-coclit-ciprian-ciucu-ii-numeste-dusmanii-democratiei-pe-romanii-care-l-au-huiduit-pe-bolojan%2F&amp;text=Mentalitate+de+pnlist+coclit%3A+Ciprian+Ciucu+%C3%AEi+nume%C8%99te+%E2%80%9Edu%C8%99manii+democra%C8%9Biei%E2%80%9D+pe+rom%C3%A2nii+care+l-au+huiduit+pe+Bolojan\" data-title=\"Telegram\" rel=\"nofollow\"><span>Telegram<\/span><\/a><a class=\"share-action icon-copy copy-trigger\" aria-label=\"Copy Link\" href=\"https:\/\/ortodoxinfo.ro\/2026\/08\/16\/mentalitate-de-pnlist-coclit-ciprian-ciucu-ii-numeste-dusmanii-democratiei-pe-romanii-care-l-au-huiduit-pe-bolojan\/\" data-copied=\"Copied!\" data-link=\"https:\/\/ortodoxinfo.ro\/2026\/08\/16\/mentalitate-de-pnlist-coclit-ciprian-ciucu-ii-numeste-dusmanii-democratiei-pe-romanii-care-l-au-huiduit-pe-bolojan\/\" rel=\"nofollow\" data-copy=\"Copy Link\"><span>Copy Link<\/span><\/a><a class=\"share-action icon-print\" aria-label=\"Print\" rel=\"nofollow\" data-title=\"Print\"><span>Print<\/span><\/a><\/div>\n<\/div>\n<\/div>\n<div id=\"tabs\" class=\"dntplgn_form_wrapper\"><span><\/p>\n<h2>\u0218tirile sunt sub cenzur\u0103! Sprijini\u021bi OrtodoxINFO!<\/h2>\n<p>Guvernul nu dore\u0219te aflarea adev\u0103rului despre lovitura de stat \u0219i \u00eengenuncherea Rom\u00e2niei. \u00cencerc\u0103m s\u0103 men\u021binem viu acest site \u0219i s\u0103 v\u0103 punem la dispozi\u021bie informa\u021bii care s\u0103 fac\u0103 lumin\u0103 \u00een cea mai mare provocare pe care o tr\u0103im. Jurnalismul independent al portalului OrtodoxINFO func\u021bioneaz\u0103 strict cu ajutorul cititorilor.<br \/>\nNe pute\u021bi sprijini printr-o <b><a href=\"https:\/\/ortodoxinfo.ro\/donatii\/\">dona\u021bie bancar\u0103<\/a> sau prin PayPal, complet\u00e2nd formularul de mai jos.<\/b><\/span><\/p>\n<ul>\n<li><a href=\"https:\/\/ortodoxinfo.ro\/2026\/08\/16\/mentalitate-de-pnlist-coclit-ciprian-ciucu-ii-numeste-dusmanii-democratiei-pe-romanii-care-l-au-huiduit-pe-bolojan\/#tabs-1\">Dona\u021bie lunar\u0103<\/a><\/li>\n<li><a href=\"https:\/\/ortodoxinfo.ro\/2026\/08\/16\/mentalitate-de-pnlist-coclit-ciprian-ciucu-ii-numeste-dusmanii-democratiei-pe-romanii-care-l-au-huiduit-pe-bolojan\/#tabs-2\">Doar acum<\/a><\/li>\n<\/ul>\n<div id=\"tabs-1\"><img loading=\"lazy\" decoding=\"async\" alt border=\"0\" src=\"https:\/\/www.paypalobjects.com\/en_US\/i\/scr\/pixel.gif\" width=\"1\" height=\"1\"><\/div>\n<div id=\"tabs-2\">\n<p>\t\t     \u20ac<\/p>\n<p>\t\t    <img loading=\"lazy\" decoding=\"async\" alt border=\"0\" src=\"https:\/\/www.paypalobjects.com\/en_US\/i\/scr\/pixel.gif\" width=\"1\" height=\"1\"><\/div>\n<p>Mul\u021bumim celor care ne-au ajutat p\u00e2n\u0103 acum!\n\t<\/p><\/div>\n<div class=\"comment-box-wrap entry-sec\">\n<div class=\"comment-box-header\"><span class=\"h3\">Las\u0103 un comentariu<\/span><\/div>\n<div class=\"comment-holder no-comment\">\n<div id=\"comments\" class=\"comments-area\">\n<div id=\"respond\" class=\"comment-respond\">\n<h3 id=\"reply-title\" class=\"comment-reply-title\">Las\u0103 un r\u0103spuns <small><a rel=\"nofollow\" id=\"cancel-comment-reply-link\" href=\"https:\/\/ortodoxinfo.ro\/2026\/08\/16\/mentalitate-de-pnlist-coclit-ciprian-ciucu-ii-numeste-dusmanii-democratiei-pe-romanii-care-l-au-huiduit-pe-bolojan\/#respond\">Anuleaz\u0103 r\u0103spunsul<\/a><\/small><\/h3>\n<p class=\"comment-notes\"><span id=\"email-notes\">Adresa ta de email nu va fi publicat\u0103.<\/span><span class=\"required-field-message\">C\u00e2mpurile obligatorii sunt marcate cu <span class=\"required\">*<\/span><\/span><\/p>\n<\/div>\n<\/div>\n<\/div>\n<\/div>\n<\/div>\n<div class=\"sidebar-wrap single-sidebar\">\n<div class=\"sidebar-inner clearfix\">\n<div id=\"widget-post-2\" class=\"widget rb-section w-sidebar clearfix widget-post\">\n<div class=\"block-h widget-heading heading-layout-1\">\n<div class=\"heading-inner\">\n<h4 class=\"heading-title\"><span>Articole recente<\/span><\/h4>\n<\/div>\n<\/div>\n<div class=\"widget-p-listing\">\n<div class=\"p-wrap p-small p-list-small-2\" data-pid=\"258682\">\n<div class=\"feat-holder\">\n<div class=\"p-featured ratio-v1\"><a class=\"p-flink\" href=\"https:\/\/ortodoxinfo.ro\/2026\/08\/16\/presedintele-romaniei-calin-georgescu-ridica-tara-judet-cu-judet-astazi-familia-prezidentiala-a-fost-prezenta-la-sf-liturghie-de-la-manastirea-brancoveni\/\" title=\"VIDEO \/ Pre\u0219edintele Rom\u00e2niei, C\u0103lin Georgescu, ridic\u0103 \u021aARA jude\u021b cu jude\u021b. Ast\u0103zi, familia preziden\u021bial\u0103 a fost prezent\u0103 la Sf. Liturghie de la M\u0103n\u0103stirea Br\u00e2ncoveni\"><img decoding=\"async\" width=\"150\" height=\"150\" src=\"https:\/\/ortodoxinfo.ro\/wp-content\/uploads\/2026\/08\/774631266_4563477547207224_8733666388760300985_n-1024x977-1-150x150.webp\" class=\"featured-img wp-post-image\" alt loading=\"lazy\"><\/a><\/div>\n<\/div>\n<div class=\"p-content\">\n<h5 class=\"entry-title\"><a class=\"p-url\" href=\"https:\/\/ortodoxinfo.ro\/2026\/08\/16\/presedintele-romaniei-calin-georgescu-ridica-tara-judet-cu-judet-astazi-familia-prezidentiala-a-fost-prezenta-la-sf-liturghie-de-la-manastirea-brancoveni\/\" rel=\"bookmark\">VIDEO \/ Pre\u0219edintele Rom\u00e2niei, C\u0103lin Georgescu, ridic\u0103 \u021aARA jude\u021b cu jude\u021b. Ast\u0103zi, familia preziden\u021bial\u0103 a fost prezent\u0103 la Sf. Liturghie de la M\u0103n\u0103stirea Br\u00e2ncoveni<\/a><\/h5>\n<div class=\"p-meta\">\n<div class=\"meta-inner is-meta\"><span class=\"meta-el meta-date\"><time datetime=\"2026-08-16T19:12:13+03:00\">16 august 2026<\/time><\/span><span class=\"meta-el meta-category meta-bold\"><a class=\"meta-separate category-19866\" href=\"https:\/\/ortodoxinfo.ro\/category\/lupta-pentru-romania\/\">Lupt\u0103 pentru Rom\u00e2nia<\/a><\/span><span class=\"meta-el meta-view\">6.5k vizualiz\u0103ri\t\t<\/span><\/div>\n<\/div>\n<\/div>\n<\/div>\n<div class=\"p-wrap p-small p-list-small-2\" data-pid=\"258664\">\n<div class=\"feat-holder\">\n<div class=\"p-featured ratio-v1\"><a class=\"p-flink\" href=\"https:\/\/ortodoxinfo.ro\/2026\/08\/16\/presedintii-a-50-de-tribunale-din-romania-cer-clarificari-despre-intalnirea-dintre-sefa-ccr-simina-tanasescu-si-ilie-bolojan\/\" title=\"Pre\u0219edin\u021bii a 50 de tribunale din Rom\u00e2nia cer clarific\u0103ri despre \u00eent\u00e2lnirea dintre \u0219efa CCR, Simina T\u0103n\u0103sescu \u0219i Ilie Bolojan\"><img decoding=\"async\" width=\"150\" height=\"150\" src=\"https:\/\/ortodoxinfo.ro\/wp-content\/uploads\/2026\/08\/https___www-gandul-ro__wp-content_uploads_2021_07_zeita-themis-justitie-1-1024x683-1.webp-150x150.webp\" class=\"featured-img wp-post-image\" alt loading=\"lazy\"><\/a><\/div>\n<\/div>\n<div class=\"p-content\">\n<h5 class=\"entry-title\"><a class=\"p-url\" href=\"https:\/\/ortodoxinfo.ro\/2026\/08\/16\/presedintii-a-50-de-tribunale-din-romania-cer-clarificari-despre-intalnirea-dintre-sefa-ccr-simina-tanasescu-si-ilie-bolojan\/\" rel=\"bookmark\">Pre\u0219edin\u021bii a 50 de tribunale din Rom\u00e2nia cer clarific\u0103ri despre \u00eent\u00e2lnirea dintre \u0219efa CCR, Simina T\u0103n\u0103sescu \u0219i Ilie Bolojan<\/a><\/h5>\n<div class=\"p-meta\">\n<div class=\"meta-inner is-meta\"><span class=\"meta-el meta-date\"><time datetime=\"2026-08-16T18:39:14+03:00\">16 august 2026<\/time><\/span><span class=\"meta-el meta-category meta-bold\"><a class=\"meta-separate category-19885\" href=\"https:\/\/ortodoxinfo.ro\/category\/anti-sistem\/anti-romanism\/asasinii-tarii\/\">Asasinii \u021b\u0103rii<\/a><\/span><span class=\"meta-el meta-view\">3k vizualiz\u0103ri\t\t<\/span><\/div>\n<\/div>\n<\/div>\n<\/div>\n<div class=\"p-wrap p-small p-list-small-2\" data-pid=\"258655\">\n<div class=\"feat-holder\">\n<div class=\"p-featured ratio-v1\"><a class=\"p-flink\" href=\"https:\/\/ortodoxinfo.ro\/2026\/08\/16\/familia-sfintilor-brancoveni-s-a-reintregit-azi-in-sinaxar-cu-sfanta-doamna-maria-brancoveanu\/\" title=\"Familia Sfin\u021bilor Br\u00e2ncoveni s-a re\u00eentregit azi \u00een Sinaxar cu Sf\u00e2nta Doamn\u0103 Maria Br\u00e2ncoveanu\"><img decoding=\"async\" width=\"150\" height=\"150\" src=\"https:\/\/ortodoxinfo.ro\/wp-content\/uploads\/2026\/08\/Sf.-Maria-Brancoveanu-si-Sfintii-Martiri-Brancoveni_OrtodoxINFO-150x150.jpg\" class=\"featured-img wp-post-image\" alt loading=\"lazy\"><\/a><\/div>\n<\/div>\n<div class=\"p-content\">\n<h5 class=\"entry-title\"><a class=\"p-url\" href=\"https:\/\/ortodoxinfo.ro\/2026\/08\/16\/familia-sfintilor-brancoveni-s-a-reintregit-azi-in-sinaxar-cu-sfanta-doamna-maria-brancoveanu\/\" rel=\"bookmark\">Familia Sfin\u021bilor Br\u00e2ncoveni s-a re\u00eentregit azi \u00een Sinaxar cu Sf\u00e2nta Doamn\u0103 Maria Br\u00e2ncoveanu<\/a><\/h5>\n<div class=\"p-meta\">\n<div class=\"meta-inner is-meta\"><span class=\"meta-el meta-date\"><time datetime=\"2026-08-16T18:34:04+03:00\">16 august 2026<\/time><\/span><span class=\"meta-el meta-category meta-bold\"><a class=\"meta-separate category-1858\" href=\"https:\/\/ortodoxinfo.ro\/category\/credinta-ortodoxa\/sfinti-si-sarbatori\/\">Sfin\u021bi \u0219i s\u0103rb\u0103tori<\/a><\/span><span class=\"meta-el meta-view\">2.2k vizualiz\u0103ri\t\t<\/span><\/div>\n<\/div>\n<\/div>\n<\/div>\n<div class=\"p-wrap p-small p-list-small-2\" data-pid=\"258406\">\n<div class=\"feat-holder\">\n<div class=\"p-featured ratio-v1\"><a class=\"p-flink\" href=\"https:\/\/ortodoxinfo.ro\/2026\/08\/15\/leprele-de-la-usr-au-nenorocit-romania-chiar-si-cu-mainile-legate\/\" title=\"Leprele de la USR AU NENOROCIT ROM\u00c2NIA\u2026 chiar \u0219i CU \u201eM\u00c2INILE LEGATE\u201d\"><img decoding=\"async\" width=\"150\" height=\"150\" src=\"https:\/\/ortodoxinfo.ro\/wp-content\/uploads\/2026\/08\/WhatsApp-Image-2026-08-14-at-12.34.57-e1786709155802-150x150.jpeg\" class=\"featured-img wp-post-image\" alt loading=\"lazy\"><\/a><\/div>\n<\/div>\n<div class=\"p-content\">\n<h5 class=\"entry-title\"><a class=\"p-url\" href=\"https:\/\/ortodoxinfo.ro\/2026\/08\/15\/leprele-de-la-usr-au-nenorocit-romania-chiar-si-cu-mainile-legate\/\" rel=\"bookmark\">Leprele de la USR AU NENOROCIT ROM\u00c2NIA\u2026 chiar \u0219i CU \u201eM\u00c2INILE LEGATE\u201d<\/a><\/h5>\n<div class=\"p-meta\">\n<div class=\"meta-inner is-meta\"><span class=\"meta-el meta-date\"><time datetime=\"2026-08-15T19:05:43+03:00\">15 august 2026<\/time><\/span><span class=\"meta-el meta-category meta-bold\"><a class=\"meta-separate category-19885\" href=\"https:\/\/ortodoxinfo.ro\/category\/anti-sistem\/anti-romanism\/asasinii-tarii\/\">Asasinii \u021b\u0103rii<\/a><\/span><span class=\"meta-el meta-view\">12.6k vizualiz\u0103ri\t\t<\/span><\/div>\n<\/div>\n<\/div>\n<\/div>\n<\/div>\n<\/div>\n<div id=\"custom_html-2\" class=\"widget_text widget rb-section w-sidebar clearfix widget_custom_html\">\n<div class=\"block-h widget-heading heading-layout-1\">\n<div class=\"heading-inner\">\n<h4 class=\"heading-title\"><span>DONA\u021aII \u00een cont bancar<\/span><\/h4>\n<\/div>\n<\/div>\n<div class=\"textwidget custom-html-widget\">\n<table class=\"donatii\">\n<tbody>\n<tr>\n<th colspan=\"2\"><strong><span>Asicia\u021bia SMI-B<\/span><\/strong><\/th>\n<\/tr>\n<tr>\n<th>Cont LEI<\/th>\n<td>RO67CECEB00030RON2081955<\/td>\n<\/tr>\n<tr>\n<th>Cont EURO<\/th>\n<td>RO33CECEB000C1EUR2081978<\/td>\n<\/tr>\n<tr>\n<th>Cod SWIFT<\/th>\n<td>CECEROBU<\/td>\n<\/tr>\n<tr>\n<th colspan=\"2\"><strong>CEC BANK SA<\/strong><\/th>\n<\/tr>\n<\/tbody>\n<\/table>\n<\/div>\n<\/div>\n<\/div>\n<\/div>\n<\/div>\n<\/article>\n<div class=\"entry-content rbct clearfix is-highlight-shares\">\n<div class=\"ruby-table-contents rbtoc table-left table-fw-single-col\">\n<div class=\"toc-header\"><span class=\"h3\">Sumar<\/span><\/div>\n<div class=\"toc-content h5\"><a href=\"https:\/\/ortodoxinfo.ro\/2026\/08\/16\/mentalitate-de-pnlist-coclit-ciprian-ciucu-ii-numeste-dusmanii-democratiei-pe-romanii-care-l-au-huiduit-pe-bolojan\/#ciucu-transforma-huiduiala-intrun-atac-asupra-democratiei\" class=\"table-link no-link anchor-link\" data-index=\"rb-heading-index-0\">Ciucu transform\u0103 huiduiala \u00eentr-un atac asupra democra\u021biei<\/a><a href=\"https:\/\/ortodoxinfo.ro\/2026\/08\/16\/mentalitate-de-pnlist-coclit-ciprian-ciucu-ii-numeste-dusmanii-democratiei-pe-romanii-care-l-au-huiduit-pe-bolojan\/#oamenii-nu-sunt-obligati-sa-il-aplaude-pe-premier\" class=\"table-link no-link anchor-link\" data-index=\"rb-heading-index-1\">Oamenii nu sunt obliga\u021bi s\u0103 \u00eel aplaude pe premier<\/a><a href=\"https:\/\/ortodoxinfo.ro\/2026\/08\/16\/mentalitate-de-pnlist-coclit-ciprian-ciucu-ii-numeste-dusmanii-democratiei-pe-romanii-care-l-au-huiduit-pe-bolojan\/#adversarii-democratiei-expresia-care-inlocuieste-explicatiile\" class=\"table-link no-link anchor-link\" data-index=\"rb-heading-index-2\">\u201eAdversarii democra\u021biei\u201d, expresia care \u00eenlocuie\u0219te explica\u021biile<\/a><a href=\"https:\/\/ortodoxinfo.ro\/2026\/08\/16\/mentalitate-de-pnlist-coclit-ciprian-ciucu-ii-numeste-dusmanii-democratiei-pe-romanii-care-l-au-huiduit-pe-bolojan\/#romania-a-trecut-deja-prin-cea-mai-controversata-decizie-electorala-din-ultimii-35-de-ani\" class=\"table-link no-link anchor-link\" data-index=\"rb-heading-index-3\">Rom\u00e2nia a trecut deja prin cea mai controversat\u0103 decizie electoral\u0103 din ultimii 35 de ani<\/a><a href=\"https:\/\/ortodoxinfo.ro\/2026\/08\/16\/mentalitate-de-pnlist-coclit-ciprian-ciucu-ii-numeste-dusmanii-democratiei-pe-romanii-care-l-au-huiduit-pe-bolojan\/#ccr-a-anulat-votul-cetatenii-care-huiduie-sunt-insa-cei-etichetati\" class=\"table-link no-link anchor-link\" data-index=\"rb-heading-index-4\">CCR a anulat votul. Cet\u0103\u021benii care huiduie sunt \u00eens\u0103 cei eticheta\u021bi<\/a><a href=\"https:\/\/ortodoxinfo.ro\/2026\/08\/16\/mentalitate-de-pnlist-coclit-ciprian-ciucu-ii-numeste-dusmanii-democratiei-pe-romanii-care-l-au-huiduit-pe-bolojan\/#bolojan-poate-reprezenta-statul-si-poate-fi-huiduit-in-acelasi-timp\" class=\"table-link no-link anchor-link\" data-index=\"rb-heading-index-5\">Bolojan poate reprezenta statul \u0219i poate fi huiduit \u00een acela\u0219i timp<\/a><a href=\"https:\/\/ortodoxinfo.ro\/2026\/08\/16\/mentalitate-de-pnlist-coclit-ciprian-ciucu-ii-numeste-dusmanii-democratiei-pe-romanii-care-l-au-huiduit-pe-bolojan\/#un-politician-nu-poate-confisca-termenul-democratie\" class=\"table-link no-link anchor-link\" data-index=\"rb-heading-index-6\">Un politician nu poate confisca termenul \u201edemocra\u021bie\u201d<\/a><a href=\"https:\/\/ortodoxinfo.ro\/2026\/08\/16\/mentalitate-de-pnlist-coclit-ciprian-ciucu-ii-numeste-dusmanii-democratiei-pe-romanii-care-l-au-huiduit-pe-bolojan\/#huiduiala-nu-este-lovitura-de-stat\" class=\"table-link no-link anchor-link\" data-index=\"rb-heading-index-7\">Huiduiala nu este lovitur\u0103 de stat<\/a><\/div>\n<\/div>\n<p class=\"wp-block-paragraph\">Primarul ilegitim al Capitalei \u0219i prim-vicepre\u0219edintele PNL Ciprian Ciucu a reac\u021bionat dup\u0103 ce Ilie Bolojan a fost huiduit la Constan\u021ba, de Ziua Marinei, acuz\u00e2nd existen\u021ba unei \u201eregii\u201d puse la cale de \u201eadversarii democra\u021biei\u201d.<\/p>\n<p class=\"wp-block-paragraph\">Bolojan a fost \u00eent\u00e2mpinat cu huiduieli \u00een timpul discursului sus\u021binut pe 15 august, iar din mul\u021bime s-au auzit inclusiv scand\u0103ri precum \u201eBolojan, acas\u0103!\u201d.<\/p>\n<p class=\"wp-block-paragraph\">Ciucu nu a tratat momentul drept ceea ce este \u00een mod normal \u00eentr-o democra\u021bie \u2014 o manifestare public\u0103 de nemul\u021bumire \u2014 ci a sugerat c\u0103 reac\u021bia ar fi fost organizat\u0103 de persoane ostile democra\u021biei.<\/p>\n<p class=\"wp-block-paragraph\">\u201e\u0218tia c\u0103 va fi huiduit dup\u0103 toat\u0103 campania oribil\u0103 dus\u0103 \u00een acest an \u00eempotriva sa\u201d, a transmis liderul PNL. El a ad\u0103ugat c\u0103 Bolojan cuno\u0219tea \u0219i \u201eregia\u201d unor asemenea manifest\u0103ri, despre care a afirmat c\u0103 este organizat\u0103 de \u201eadversarii democra\u021biei\u201d.<\/p>\n<p class=\"wp-block-paragraph\">Eticheta este grav\u0103.<\/p>\n<p class=\"wp-block-paragraph\">\u00centr-o democra\u021bie, cet\u0103\u021beanul care huiduie un politician nu devine prin acest simplu fapt adversarul sistemului democratic.<\/p>\n<p class=\"wp-block-paragraph\">Dimpotriv\u0103, libertatea de exprimare presupune inclusiv dreptul oamenilor de a-\u0219i manifesta zgomotos nemul\u021bumirea fa\u021b\u0103 de cei care \u00eei conduc.<\/p>\n<h3 id=\"ciucu-transforma-huiduiala-intrun-atac-asupra-democratiei\" class=\"rb-heading-index-0 wp-block-heading\">Ciucu transform\u0103 huiduiala \u00eentr-un atac asupra democra\u021biei<\/h3>\n<p class=\"wp-block-paragraph\">Ciprian Ciucu \u00eencearc\u0103 s\u0103 prezinte episodul de la Constan\u021ba drept o ac\u021biune politic\u0103 preg\u0103tit\u0103 \u00eempotriva premierului.<\/p>\n<p class=\"wp-block-paragraph\">El afirm\u0103 c\u0103 Ilie Bolojan \u0219tia dinainte c\u0103 va fi huiduit, dup\u0103 o campanie pe care o calific\u0103 drept \u201eoribil\u0103\u201d, dar c\u0103 a mers la Ziua Marinei deoarece \u201ecineva trebuia s\u0103 fie acolo \u0219i s\u0103 reprezinte statul rom\u00e2n\u201d.<\/p>\n<div class=\"inline-single-ad ad_single_3_index alignfull\">\n<div class=\"ad-wrap ad-script-wrap\">\n<div class=\"ad-script non-adsense edge-padding\">\n<div>\n\u203c\ufe0f\u203c\ufe0f NU recunoa\u0219tem ca pre\u0219edinte al Rom\u00e2niei pe marioneta retard\u0103 Nicu\u0219or Dan! Rom\u00e2ni, boicota\u021bi aceast\u0103 f\u0103c\u0103tur\u0103, care ne face \u021bara de r\u00e2s! NU rom\u00e2nii l-au votat pe Nicusoro\u0219 &#8211; cu unele excep\u021bii de persoane infantile, manipulabile \u0219i chiar idioate &#8211; ci l-au ajutat Maia Soro\u0219, Emanuel Macrou \u0219i tr\u0103d\u0103torii de la B.E.C. \u0219i CCR!<br \/>\n La \u00eenchisoare cu cei care au fraudat alegerile!\n<\/div>\n<\/div>\n<\/div>\n<\/div>\n<p class=\"wp-block-paragraph\">Prezen\u021ba premierului la un eveniment oficial nu este \u00eens\u0103 pus\u0103 \u00een discu\u021bie.<\/p>\n<p class=\"wp-block-paragraph\">Problema este calificarea celor care l-au contestat drept \u201eadversari ai democra\u021biei\u201d.<\/p>\n<p class=\"wp-block-paragraph\">Un politician poate considera huiduielile nedrepte, organizate, exagerate sau motivate politic. Poate prezenta dovezi c\u0103 au existat persoane mobilizate special pentru protest.<\/p>\n<p class=\"wp-block-paragraph\">Dar simpla opozi\u021bie public\u0103 fa\u021b\u0103 de un premier nu este o agresiune \u00eempotriva democra\u021biei.<\/p>\n<p class=\"wp-block-paragraph\">Democra\u021bia nu \u00eenseamn\u0103 aplauze obligatorii pentru reprezentan\u021bii statului.<\/p>\n<h3 id=\"oamenii-nu-sunt-obligati-sa-il-aplaude-pe-premier\" class=\"rb-heading-index-1 wp-block-heading\">Oamenii nu sunt obliga\u021bi s\u0103 \u00eel aplaude pe premier<\/h3>\n<p class=\"wp-block-paragraph\">Ilie Bolojan ocup\u0103 una dintre cele mai importante func\u021bii politice din Rom\u00e2nia \u0219i a luat, \u00eempreun\u0103 cu Guvernul s\u0103u, decizii care au afectat direct veniturile, taxele \u0219i serviciile publice.<\/p>\n<p class=\"wp-block-paragraph\">Este firesc ca asemenea politici s\u0103 genereze at\u00e2t sus\u021binere, c\u00e2t \u0219i opozi\u021bie.<\/p>\n<p class=\"wp-block-paragraph\">Cet\u0103\u021benii prezen\u021bi la o ceremonie public\u0103 nu au obliga\u021bia s\u0103 ofere unui premier o zon\u0103 de confort.<\/p>\n<p class=\"wp-block-paragraph\">Pot s\u0103 \u00eel aplaude.<\/p>\n<p class=\"wp-block-paragraph\">Pot s\u0103 tac\u0103.<\/p>\n<p class=\"wp-block-paragraph\">Pot s\u0103 \u00eel huiduie.<\/p>\n<p class=\"wp-block-paragraph\">At\u00e2ta timp c\u00e2t manifestarea r\u0103m\u00e2ne pa\u0219nic\u0103 \u0219i \u00een limitele legii, toate reprezint\u0103 forme de exprimare public\u0103.<\/p>\n<p class=\"wp-block-paragraph\">C\u00e2nd liderii politici \u00eencep s\u0103 \u00eempart\u0103 popula\u021bia \u00eentre sus\u021bin\u0103tori respectabili \u0219i \u201eadversari ai democra\u021biei\u201d, doar pentru c\u0103 ace\u0219tia din urm\u0103 protesteaz\u0103, sensul democra\u021biei este r\u0103sturnat.<\/p>\n<h3 id=\"adversarii-democratiei-expresia-care-inlocuieste-explicatiile\" class=\"rb-heading-index-2 wp-block-heading\">\u201eAdversarii democra\u021biei\u201d, expresia care \u00eenlocuie\u0219te explica\u021biile<\/h3>\n<p class=\"wp-block-paragraph\">Ciucu nu a prezentat public dovezi c\u0103 toate persoanele care l-au huiduit pe Bolojan f\u0103ceau parte dintr-o opera\u021biune coordonat\u0103 \u00eempotriva democra\u021biei.<\/p>\n<p class=\"wp-block-paragraph\">A vorbit despre o \u201eregie\u201d. A vorbit despre \u201eadversari\u201d. A vorbit despre o campanie \u00eempotriva premierului. Dar \u00eentre existen\u021ba unei mobiliz\u0103ri politice \u0219i catalogarea manifestan\u021bilor drept adversari ai democra\u021biei este o diferen\u021b\u0103 uria\u0219\u0103.<\/p>\n<p class=\"wp-block-paragraph\">Partidele politice organizeaz\u0103 manifesta\u021bii. Sindicatele organizeaz\u0103 proteste. Grupurile civice mobilizeaz\u0103 cet\u0103\u021beni. Opozi\u021bia \u00eencearc\u0103 s\u0103 exploateze nemul\u021bumirea fa\u021b\u0103 de Guvern.<\/p>\n<p class=\"wp-block-paragraph\">Toate acestea fac parte din func\u021bionarea normal\u0103 a unei democra\u021bii.<\/p>\n<p class=\"wp-block-paragraph\">Dac\u0103 exist\u0103 probe privind o ac\u021biune ilegal\u0103, ele trebuie prezentate.<\/p>\n<p class=\"wp-block-paragraph\">Dac\u0103 nu exist\u0103, r\u0103m\u00e2ne doar o etichet\u0103 politic\u0103 aplicat\u0103 unor cet\u0103\u021beni care au \u00eendr\u0103znit s\u0103 huiduie puterea.<\/p>\n<h3 id=\"romania-a-trecut-deja-prin-cea-mai-controversata-decizie-electorala-din-ultimii-35-de-ani\" class=\"rb-heading-index-3 wp-block-heading\">Rom\u00e2nia a trecut deja prin cea mai controversat\u0103 decizie electoral\u0103 din ultimii 35 de ani<\/h3>\n<p class=\"wp-block-paragraph\">Ironia este cu at\u00e2t mai mare cu c\u00e2t expresia \u201eadversarii democra\u021biei\u201d este folosit\u0103 \u00eentr-o \u021bar\u0103 \u00een care dezbaterea privind \u00eens\u0103\u0219i func\u021bionarea democra\u021biei nu s-a \u00eencheiat dup\u0103 anularea alegerilor preziden\u021biale din decembrie 2024.<\/p>\n<p class=\"wp-block-paragraph\">Pe 6 decembrie 2024, Curtea Constitu\u021bional\u0103 a anulat \u00eentregul proces electoral preziden\u021bial \u0219i a dispus reluarea lui de la zero, dup\u0103 declasificarea unor documente provenite de la institu\u021biile de securitate.<\/p>\n<p class=\"wp-block-paragraph\">CCR a justificat m\u0103sura prin nereguli pe care le-a considerat suficient de grave pentru a afecta caracterul liber \u0219i corect al alegerilor. Curtea a invocat, \u00eentre altele, afectarea egalit\u0103\u021bii de \u0219anse \u00eentre candida\u021bi \u0219i distorsionarea procesului electoral.<\/p>\n<p class=\"wp-block-paragraph\">Decizia a r\u0103mas \u00eens\u0103 una dintre cele mai controversate din istoria postdecembrist\u0103 a Rom\u00e2niei \u0219i continu\u0103 s\u0103 fie criticat\u0103 de o parte a societ\u0103\u021bii \u0219i a clasei politice.<\/p>\n<p class=\"wp-block-paragraph\">Unii dintre contestatarii ei au calificat-o inclusiv drept o \u201elovitur\u0103 de stat constitu\u021bional\u0103\u201d. Aceasta este o caracterizare politic\u0103, nu o constatare juridic\u0103.<\/p>\n<p class=\"wp-block-paragraph\">Dar tocmai existen\u021ba unei asemenea rupturi de \u00eencredere ar trebui s\u0103 \u00eei fac\u0103 pe politicieni mult mai pruden\u021bi atunci c\u00e2nd vorbesc despre \u201edu\u0219manii democra\u021biei\u201d.<\/p>\n<h3 id=\"ccr-a-anulat-votul-cetatenii-care-huiduie-sunt-insa-cei-etichetati\" class=\"rb-heading-index-4 wp-block-heading\">CCR a anulat votul. Cet\u0103\u021benii care huiduie sunt \u00eens\u0103 cei eticheta\u021bi<\/h3>\n<p class=\"wp-block-paragraph\">Ciucu \u00eei nume\u0219te ast\u0103zi \u201eadversarii democra\u021biei\u201d pe cei despre care afirm\u0103 c\u0103 au organizat huiduielile \u00eempotriva lui Bolojan.<\/p>\n<p class=\"wp-block-paragraph\">Standardul este cel pu\u021bin curios.<\/p>\n<p class=\"wp-block-paragraph\">\u00cen decembrie 2024, milioane de voturi exprimate \u00eentr-un scrutin preziden\u021bial au fost anulate printr-o hot\u0103r\u00e2re f\u0103r\u0103 precedent a Cur\u021bii Constitu\u021bionale.<\/p>\n<p class=\"wp-block-paragraph\">Indiferent dac\u0103 decizia CCR este considerat\u0103 corect\u0103 sau profund gre\u0219it\u0103, acela a fost unul dintre cele mai importante momente pentru democra\u021bia rom\u00e2neasc\u0103.<\/p>\n<p class=\"wp-block-paragraph\">Dezbaterea asupra lui ar trebui s\u0103 fie incomparabil mai serioas\u0103 dec\u00e2t indignarea provocat\u0103 de c\u00e2teva sute de oameni care huiduie un premier la Constan\u021ba.<\/p>\n<p class=\"wp-block-paragraph\">Democra\u021bia nu este amenin\u021bat\u0103 pentru c\u0103 un politician este fluierat.<\/p>\n<p class=\"wp-block-paragraph\">Democra\u021bia devine vulnerabil\u0103 atunci c\u00e2nd cet\u0103\u021benii ajung s\u0103 cread\u0103 c\u0103 votul lor nu mai conteaz\u0103, c\u0103 institu\u021biile nu mai sunt impar\u021biale \u0219i c\u0103 orice critic al puterii poate fi etichetat drept extremist sau adversar al ordinii democratice.<\/p>\n<h3 id=\"bolojan-poate-reprezenta-statul-si-poate-fi-huiduit-in-acelasi-timp\" class=\"rb-heading-index-5 wp-block-heading\">Bolojan poate reprezenta statul \u0219i poate fi huiduit \u00een acela\u0219i timp<\/h3>\n<p class=\"wp-block-paragraph\">Argumentul lui Ciucu c\u0103 Bolojan a mers la Constan\u021ba pentru c\u0103 \u201ecineva trebuia s\u0103 reprezinte statul rom\u00e2n\u201d nu are leg\u0103tur\u0103 cu dreptul publicului de a reac\u021biona.<\/p>\n<p class=\"wp-block-paragraph\">Cele dou\u0103 lucruri nu se exclud.<\/p>\n<p class=\"wp-block-paragraph\">Bolojan avea dreptul \u0219i obliga\u021bia institu\u021bional\u0103 de a participa.<\/p>\n<p class=\"wp-block-paragraph\">Cet\u0103\u021benii aveau dreptul s\u0103 \u00ee\u0219i exprime nemul\u021bumirea.<\/p>\n<p class=\"wp-block-paragraph\">Un premier nu devine mai pu\u021bin reprezentant al statului pentru c\u0103 este huiduit.<\/p>\n<p class=\"wp-block-paragraph\">Iar cei care \u00eel huiduie nu \u00eenceteaz\u0103 s\u0103 fie cet\u0103\u021beni ai aceluia\u0219i stat.<\/p>\n<p class=\"wp-block-paragraph\">Aceasta este exact diferen\u021ba dintre reprezentarea institu\u021bional\u0103 \u0219i cultul personalit\u0103\u021bii.<\/p>\n<h3 id=\"un-politician-nu-poate-confisca-termenul-democratie\" class=\"rb-heading-index-6 wp-block-heading\">Un politician nu poate confisca termenul \u201edemocra\u021bie\u201d<\/h3>\n<p class=\"wp-block-paragraph\">Democra\u021bia nu apar\u021bine PNL.<\/p>\n<p class=\"wp-block-paragraph\">Nu apar\u021bine lui Ciprian Ciucu.<\/p>\n<p class=\"wp-block-paragraph\">Nu apar\u021bine lui Ilie Bolojan \u0219i nici adversarilor lor politici.<\/p>\n<p class=\"wp-block-paragraph\">Ea apar\u021bine cet\u0103\u021benilor, inclusiv celor care voteaz\u0103 \u00eempotriva puterii \u0219i celor care ies \u00een strad\u0103 sau huiduie la un eveniment public.<\/p>\n<p class=\"wp-block-paragraph\">Expresii precum \u201edu\u0219manii democra\u021biei\u201d sau \u201eadversarii democra\u021biei\u201d trebuie folosite cu maxim\u0103 responsabilitate.<\/p>\n<p class=\"wp-block-paragraph\">Altfel, ele devin simple arme retorice prin care orice form\u0103 de opozi\u021bie este delegitimat\u0103.<\/p>\n<p class=\"wp-block-paragraph\">Ast\u0103zi este un grup care \u00eel huiduie pe Bolojan.<\/p>\n<p class=\"wp-block-paragraph\">M\u00e2ine poate fi un protest \u00eempotriva taxelor.<\/p>\n<p class=\"wp-block-paragraph\">Poim\u00e2ine o manifesta\u021bie \u00eempotriva unei legi.<\/p>\n<p class=\"wp-block-paragraph\">Dac\u0103 fiecare contestare devine automat un atac asupra democra\u021biei, atunci democra\u021bia ajunge s\u0103 \u00eensemne doar lini\u0219te \u00een jurul celor afla\u021bi la putere.<\/p>\n<h3 id=\"huiduiala-nu-este-lovitura-de-stat\" class=\"rb-heading-index-7 wp-block-heading\">Huiduiala nu este lovitur\u0103 de stat<\/h3>\n<p class=\"wp-block-paragraph\">Ciprian Ciucu poate fi solidar cu Ilie Bolojan.<\/p>\n<p class=\"wp-block-paragraph\">Poate considera c\u0103 premierul este atacat nedrept.<\/p>\n<p class=\"wp-block-paragraph\">Poate sus\u021bine c\u0103 reformele acestuia sunt necesare \u0219i c\u0103 oamenii vor \u00een\u021belege rezultatele mai t\u00e2rziu.<\/p>\n<p class=\"wp-block-paragraph\">Dar nu poate transforma simpla nemul\u021bumire public\u0103 \u00eentr-o prob\u0103 de ostilitate fa\u021b\u0103 de democra\u021bie.<\/p>\n<p class=\"wp-block-paragraph\">Pe 15 august, la Constan\u021ba, un politician a fost huiduit.<\/p>\n<p class=\"wp-block-paragraph\">At\u00e2t.<\/p>\n<p class=\"wp-block-paragraph\">Nu a fost \u00eempiedicat s\u0103 vorbeasc\u0103 prin violen\u021b\u0103, statul nu a fost atacat, institu\u021biile nu au fost ocupate \u0219i ordinea constitu\u021bional\u0103 nu a fost r\u0103sturnat\u0103.<\/p>\n<p class=\"wp-block-paragraph\">Au existat oameni care nu \u00eel mai vor pe Bolojan \u0219i au spus-o zgomotos.<\/p>\n<p class=\"wp-block-paragraph\">\u00centr-o democra\u021bie, asta nu este problema.<\/p>\n<p class=\"wp-block-paragraph\">Problema \u00eencepe atunci c\u00e2nd puterea consider\u0103 c\u0103 numai aplauzele sunt democratice.<\/p>\n<\/div>\n<p>[analyse_source url=&#8221;https:\/\/ortodoxinfo.ro\/2026\/08\/16\/mentalitate-de-pnlist-coclit-ciprian-ciucu-ii-numeste-dusmanii-democratiei-pe-romanii-care-l-au-huiduit-pe-bolojan\/&#8221;]<\/p>\n","protected":false},"excerpt":{"rendered":"<p>[analyse_image type=&#8221;featured&#8221; src=&#8221;https:\/\/ortodoxinfo.ro\/wp-content\/uploads\/2026\/08\/1786874403_ciucu-apara-prezenta-lui-bolojan-la-ziua-neurocontent.jpghttps:\/\/ortodoxinfo.ro\/wp-content\/uploads\/2026\/08\/1786874403_ciucu-apara-prezenta-lui-bolojan-la-ziua-neurocontent.jpg&#8221;] Prima pagin\u0103 \u00bb Blog \u00bb Mentalitate de pnlist coclit: Ciprian Ciucu \u00eei nume\u0219te \u201edu\u0219manii democra\u021biei\u201d pe rom\u00e2nii care l-au huiduit pe Bolojan Mentalitate de pnlist coclit: Ciprian Ciucu \u00eei nume\u0219te \u201edu\u0219manii democra\u021biei\u201d pe rom\u00e2nii care l-au huiduit pe Bolojan 16 august 2026Asasinii \u021b\u0103rii5.7k vizualiz\u0103ri Comentarii Share 9 Min Read SHARE OrtodoxINFO este [&hellip;]<\/p>\n","protected":false},"author":1,"featured_media":0,"comment_status":"open","ping_status":"","sticky":false,"template":"","format":"standard","meta":{"footnotes":""},"categories":[89],"tags":[226,94],"class_list":["post-2096533","post","type-post","status-publish","format-standard","hentry","category-romania","tag-crawlmanager","tag-ortodoxinfo-ro"],"_links":{"self":[{"href":"https:\/\/analyse.optim.biz\/index.php?rest_route=\/wp\/v2\/posts\/2096533","targetHints":{"allow":["GET"]}}],"collection":[{"href":"https:\/\/analyse.optim.biz\/index.php?rest_route=\/wp\/v2\/posts"}],"about":[{"href":"https:\/\/analyse.optim.biz\/index.php?rest_route=\/wp\/v2\/types\/post"}],"author":[{"embeddable":true,"href":"https:\/\/analyse.optim.biz\/index.php?rest_route=\/wp\/v2\/users\/1"}],"replies":[{"embeddable":true,"href":"https:\/\/analyse.optim.biz\/index.php?rest_route=%2Fwp%2Fv2%2Fcomments&post=2096533"}],"version-history":[{"count":0,"href":"https:\/\/analyse.optim.biz\/index.php?rest_route=\/wp\/v2\/posts\/2096533\/revisions"}],"wp:attachment":[{"href":"https:\/\/analyse.optim.biz\/index.php?rest_route=%2Fwp%2Fv2%2Fmedia&parent=2096533"}],"wp:term":[{"taxonomy":"category","embeddable":true,"href":"https:\/\/analyse.optim.biz\/index.php?rest_route=%2Fwp%2Fv2%2Fcategories&post=2096533"},{"taxonomy":"post_tag","embeddable":true,"href":"https:\/\/analyse.optim.biz\/index.php?rest_route=%2Fwp%2Fv2%2Ftags&post=2096533"}],"curies":[{"name":"wp","href":"https:\/\/api.w.org\/{rel}","templated":true}]}}