{"id":2096530,"date":"2026-08-16T15:56:51","date_gmt":"2026-08-16T12:56:51","guid":{"rendered":"https:\/\/analyse.optim.biz\/?p=2096530"},"modified":"2026-08-16T15:56:51","modified_gmt":"2026-08-16T12:56:51","slug":"presedintii-a-50-de-tribunale-din-romania-cer-clarificari-despre-intalnirea-dintre-sefa-ccr-simina-tanasescu-si-ilie-bolojan","status":"publish","type":"post","link":"https:\/\/analyse.optim.biz\/?p=2096530","title":{"rendered":"Pre\u0219edin\u021bii a 50 de tribunale din Rom\u00e2nia cer clarific\u0103ri despre \u00eent\u00e2lnirea dintre \u0219efa CCR, Simina T\u0103n\u0103sescu \u0219i Ilie Bolojan"},"content":{"rendered":"<p>[analyse_image type=&#8221;featured&#8221; src=&#8221;https:\/\/ortodoxinfo.ro\/wp-content\/uploads\/2026\/08\/https___www-gandul-ro__wp-content_uploads_2021_07_zeita-themis-justitie-1-1024&#215;683-1.webp.webphttps:\/\/ortodoxinfo.ro\/wp-content\/uploads\/2026\/08\/https___www-gandul-ro__wp-content_uploads_2021_07_zeita-themis-justitie-1-1024&#215;683-1.webp.webp&#8221;]<\/p>\n<article id=\"post-258664\" class=\"post-258664 post type-post status-publish format-standard has-post-thumbnail category-asasinii-tarii\">\n<header class=\"single-header\">\n<aside class=\"breadcrumb-wrap breadcrumb-yoast s-breadcrumb\">\n<div class=\"breadcrumb-inner\"><span><span><a href=\"https:\/\/ortodoxinfo.ro\/\">Prima pagin\u0103<\/a><\/span> \u00bb <span><a href=\"https:\/\/ortodoxinfo.ro\/blog\/\">Blog<\/a><\/span> \u00bb <span class=\"breadcrumb_last\" aria-current=\"page\">Pre\u0219edin\u021bii a 50 de tribunale din Rom\u00e2nia cer clarific\u0103ri despre \u00eent\u00e2lnirea dintre \u0219efa CCR, Simina T\u0103n\u0103sescu \u0219i Ilie Bolojan<\/span><\/span><\/div>\n<\/aside>\n<h1 class=\"s-title fw-headline\">Pre\u0219edin\u021bii a 50 de tribunale din Rom\u00e2nia cer clarific\u0103ri despre \u00eent\u00e2lnirea dintre \u0219efa CCR, Simina T\u0103n\u0103sescu \u0219i Ilie Bolojan<\/h1>\n<div class=\"single-meta meta-s-default yes-0\">\n<div class=\"smeta-in\"><a class=\"meta-el meta-avatar\" href=\"https:\/\/ortodoxinfo.ro\/author\/redactor\/\"><img loading=\"lazy\" decoding=\"async\" alt=\"OrtodoxINFO\" src=\"https:\/\/secure.gravatar.com\/avatar\/21010332354a182ce4de6016685c5586f21c51866d0ec5bc8ef383240b3c3e02?s=120&amp;r=g\" class=\"avatar avatar-120 photo\" height=\"120\" width=\"120\"><\/a><\/p>\n<div class=\"smeta-sec\">\n<div class=\"p-meta\">\n<div class=\"meta-inner is-meta\"><span class=\"meta-el meta-date\"><time datetime=\"2026-08-16T18:39:14+03:00\">16 august 2026<\/time><\/span><span class=\"meta-el meta-category meta-bold\"><a class=\"meta-separate category-19885\" href=\"https:\/\/ortodoxinfo.ro\/category\/anti-sistem\/anti-romanism\/asasinii-tarii\/\">Asasinii \u021b\u0103rii<\/a><\/span><span class=\"meta-el meta-view\">3k vizualiz\u0103ri\t\t<\/span><span class=\"meta-el meta-comment mobile-last-meta tablet-last-meta\"><a href=\"https:\/\/ortodoxinfo.ro\/2026\/08\/16\/presedintii-a-50-de-tribunale-din-romania-cer-clarificari-despre-intalnirea-dintre-sefa-ccr-simina-tanasescu-si-ilie-bolojan\/#respond\">Comentarii<\/a><\/span><\/div>\n<\/div>\n<\/div>\n<\/div>\n<div class=\"smeta-extra\">\n<div class=\"t-shared-sec tooltips-n has-read-meta is-color\">\n<div class=\"t-shared-header is-meta\"><span class=\"share-label\">Share<\/span><\/div>\n<\/div>\n<div class=\"single-right-meta single-time-read is-meta\"><span class=\"meta-el meta-read\">4 Min Read<\/span><\/div>\n<\/div>\n<\/div>\n<\/header>\n<div class=\"grid-container\">\n<div class=\"s-ct\">\n<div class=\"s-feat-outer\">\n<div class=\"s-feat\">\n<div class=\"featured-lightbox-trigger\" data-source=\"https:\/\/ortodoxinfo.ro\/wp-content\/uploads\/2026\/08\/https___www-gandul-ro__wp-content_uploads_2021_07_zeita-themis-justitie-1-1024x683-1.webp.webp\" data-caption data-attribution><img fetchpriority=\"high\" decoding=\"async\" width=\"860\" height=\"484\" src=\"https:\/\/ortodoxinfo.ro\/wp-content\/uploads\/2026\/08\/https___www-gandul-ro__wp-content_uploads_2021_07_zeita-themis-justitie-1-1024x683-1.webp-860x484.webp\" class=\"attachment-foxiz_crop_o1 size-foxiz_crop_o1 wp-post-image\" alt loading=\"eager\"><\/div>\n<\/div>\n<\/div>\n<div class=\"s-ct-wrap has-lsl\">\n<div class=\"s-ct-inner\">\n<div class=\"l-shared-sec-outer show-mobile\">\n<div class=\"l-shared-sec\">\n<div class=\"l-shared-header meta-text\"><span class=\"share-label\">SHARE<\/span><\/div>\n<\/div>\n<\/div>\n<div class=\"e-ct-outer\">\n<div class=\"entry-top\">\n<div id=\"custom_html-3\" class=\"widget_text widget entry-widget clearfix widget_custom_html\">\n<div class=\"textwidget custom-html-widget\">\n<div><small><br \/>\n    OrtodoxINFO este supus unui sabotaj sistematic din partea reprezentan\u021bilor Google Rom\u00e2nia, at\u00e2t la afi\u0219\u0103ri c\u00e2t \u0219i \u00een rezultatele de c\u0103utare.<br \/>\n        Astfel c\u0103 veniturile din publicitate au sc\u0103zut de p\u00e2n\u0103 la <strong>10 ori<\/strong>. Situa\u021bia este similar\u0103 \u0219i pe Facebook.<\/p>\n<p>        V\u0103 invit\u0103m s\u0103 accesa\u021bi direct site-ul \u0219i s\u0103 v\u0103 abona\u021bi la notific\u0103ri.<\/p>\n<p>    Dac\u0103 dori\u021bi s\u0103 ne sus\u021bine\u021bi \u00een aceast\u0103 perioad\u0103 dificil\u0103, orice <a href=\"https:\/\/ortodoxinfo.ro\/donatii\/\">dona\u021bie<\/a> este binevenit\u0103.<br \/>\n    Dumnezeu s\u0103 v\u0103 r\u0103spl\u0103teasc\u0103!<br \/>\n<\/small><\/div>\n<\/div>\n<\/div>\n<\/div>\n<div class=\"entry-content rbct clearfix is-highlight-shares\">\n<div class=\"ruby-table-contents rbtoc table-left table-fw-single-col\">\n<div class=\"toc-header\"><span class=\"h3\">Sumar<\/span><\/div>\n<div class=\"toc-content h5\"><a href=\"https:\/\/ortodoxinfo.ro\/2026\/08\/16\/presedintii-a-50-de-tribunale-din-romania-cer-clarificari-despre-intalnirea-dintre-sefa-ccr-simina-tanasescu-si-ilie-bolojan\/#magistratii-cer-clarificarea-cadrului-intalnirii-bolojan-tanasescu\" class=\"table-link no-link anchor-link\" data-index=\"rb-heading-index-0\">Magistra\u021bii cer clarificarea cadrului \u00eent\u00e2lnirii Bolojan \u2013 T\u0103n\u0103sescu<\/a><a href=\"https:\/\/ortodoxinfo.ro\/2026\/08\/16\/presedintii-a-50-de-tribunale-din-romania-cer-clarificari-despre-intalnirea-dintre-sefa-ccr-simina-tanasescu-si-ilie-bolojan\/#presedintii-de-tribunale-invoca-jurisprudenta-curtii-europene-a-drepturilor-omului\" class=\"table-link no-link anchor-link\" data-index=\"rb-heading-index-1\">Pre\u0219edin\u021bii de tribunale invoc\u0103 jurispruden\u021ba Cur\u021bii Europene a Drepturilor Omului<\/a><a href=\"https:\/\/ortodoxinfo.ro\/2026\/08\/16\/presedintii-a-50-de-tribunale-din-romania-cer-clarificari-despre-intalnirea-dintre-sefa-ccr-simina-tanasescu-si-ilie-bolojan\/#ce-explicatii-cer-concret-presedintii-curtilor-de-apel\" class=\"table-link no-link anchor-link\" data-index=\"rb-heading-index-2\">Ce explica\u021bii cer concret pre\u0219edin\u021bii cur\u021bilor de apel<\/a><\/div>\n<\/div>\n<p id=\"p-0\">Pre\u0219edin\u021bii a 50 de tribunale din Rom\u00e2nia cer clarific\u0103ri publice privind \u00eent\u00e2lnirea dintre pre\u0219edinta Cur\u021bii Constitu\u021bionale, Elena-Simina T\u0103n\u0103sescu, \u0219i premierul demis Ilie Bolojan, despre care informa\u021biile ap\u0103rute \u00een spa\u021biul public spun c\u0103 ar fi avut loc \u00een biroul pre\u0219edintelui Senatului. Magistra\u021bii avertizeaz\u0103 c\u0103 lipsa de transparen\u021b\u0103 poate afecta aparen\u021ba de impar\u021bialitate a Cur\u021bii \u0219i \u00eencrederea public\u0103 \u00een deciziile acesteia.<\/p>\n<p id=\"p-1\">\u00centr-un comunicat comun, pre\u0219edin\u021bii tribunalelor invoc\u0103 standardele de independen\u021b\u0103 \u0219i impar\u021bialitate aplicabile justi\u021biei \u0219i sus\u021bin c\u0103 acestea trebuie respectate \u201ecu aceea\u0219i rigoare\u201d \u0219i \u00een cazul jurisdic\u021biei constitu\u021bionale.<\/p>\n<h3 id=\"magistratii-cer-clarificarea-cadrului-intalnirii-bolojan-tanasescu\" class=\"rb-heading-index-0\">Magistra\u021bii cer clarificarea cadrului \u00eent\u00e2lnirii Bolojan \u2013 T\u0103n\u0103sescu<\/h3>\n<p id=\"p-8\"><em>\u201eIndependen\u021ba \u0219i impar\u021bialitatea justi\u021biei presupun nu numai absen\u021ba oric\u0103rei influen\u021be<\/em><br \/><em>exterioare, ci \u0219i \u00eenl\u0103turarea oric\u0103rei aparen\u021be care ar putea genera \u00eendoieli legitime. Transparen\u021ba reprezint\u0103, din aceast\u0103 perspectiv\u0103, o garan\u021bie esen\u021bial\u0103 a \u00eencrederii publice \u00een actul de justi\u021bie\u201d,<\/em> se arat\u0103 \u00een comunicat.<\/p>\n<p id=\"p-9\">Ei cer s\u0103 fie clarificate existen\u021ba \u0219i cadrul \u00eent\u00e2lnirii, motivul pentru care aceasta ar fi avut loc \u00een biroul pre\u0219edintelui Senatului, precum \u0219i scopul \u0219i temele discu\u021biei. Demersul vine \u00eenaintea unei \u0219edin\u021be importante a CCR, programat\u0103 luni, 17 august, \u00een care Curtea urmeaz\u0103 s\u0103 dezbat\u0103 inclusiv sesiz\u0103rile privind Legea integrit\u0103\u021bii.<\/p>\n<h3 id=\"presedintii-de-tribunale-invoca-jurisprudenta-curtii-europene-a-drepturilor-omului\" class=\"rb-heading-index-1\">Pre\u0219edin\u021bii de tribunale invoc\u0103 jurispruden\u021ba Cur\u021bii Europene a Drepturilor Omului<\/h3>\n<p id=\"p-10\">Pre\u0219edin\u021bii de tribunale invoc\u0103 \u0219i precedentul din 2018, c\u00e2nd Elena-Simina T\u0103n\u0103sescu, pe atunci consilier preziden\u021bial, \u0219i-a dat demisia \u00een urma controverselor generate de \u00eent\u00e2lnirea cu un judec\u0103tor al CCR. Ei reamintesc pozi\u021bia exprimat\u0103 atunci de Administra\u021bia Preziden\u021bial\u0103, potrivit c\u0103reia era \u201einadmisibil\u201d ca \u00een spa\u021biul public s\u0103 planeze suspiciunea unei posibile imixtiuni \u00een activitatea Cur\u021bii, \u0219i sus\u021bin c\u0103 acela\u0219i standard trebuie s\u0103 r\u0103m\u00e2n\u0103 valabil \u0219i ast\u0103zi.<\/p>\n<p id=\"p-11\"><em>\u201eAceste exigen\u021be sunt aplicabile \u00een egal\u0103 m\u0103sur\u0103 justi\u021biei constitu\u021bionale. \u00cen cauza Sie\u0107<\/em><br \/><em>Obywatelska Watchdog Polska c. Poloniei, hot\u0103r\u00e2rea din 21 martie 2024, Curtea European\u0103 a Drepturilor Omului a subliniat interesul public al informa\u021biilor privind agendele \u00eent\u00e2lnirilor unor judec\u0103tori ai Cur\u021bii Constitu\u021bionale, \u00eentr-un context \u00een care existau suspiciuni privind contacte cu un om politic interesat de o cauz\u0103 aflat\u0103 \u00een examinarea Cur\u021bii\u201d,<\/em> se precizeaz\u0103 \u00een comunicat.<\/p>\n<h3 id=\"ce-explicatii-cer-concret-presedintii-curtilor-de-apel\" class=\"rb-heading-index-2\">Ce explica\u021bii cer concret pre\u0219edin\u021bii cur\u021bilor de apel<\/h3>\n<p id=\"p-12\">Judec\u0103torii vor s\u0103 fie clarificat, \u00een primul r\u00e2nd, dac\u0103 \u00eent\u00e2lnirea dintre Elena-Simina T\u0103n\u0103sescu \u0219i Ilie Bolojan a avut loc. Dac\u0103 r\u0103spunsul este da, ei cer s\u0103 se spun\u0103 \u00een ce condi\u021bii s-a desf\u0103\u0219urat, de ce a avut loc \u00een biroul pre\u0219edintelui Senatului, care a fost motivul \u00eent\u00e2lnirii \u0219i despre ce s-a discutat. Potrivit comunicatului de pres\u0103, aceste explica\u021bii sunt necesare pentru a opri specula\u021biile \u0219i pentru a proteja \u00eencrederea oamenilor \u00een CCR.<\/p>\n<p id=\"p-13\"><em>\u201ePentru \u00eenl\u0103turarea oric\u0103rei specula\u021bii \u0219i pentru protejarea \u00eencrederii publice \u00een jurisdic\u021bia constitu\u021bional\u0103, consider\u0103m necesar\u0103 clarificarea informa\u021biilor ap\u0103rute public, cu privire la existen\u021ba \u0219i cadrul \u00een care \u00eent\u00e2lnirea a avut loc, la motivul desf\u0103\u0219ur\u0103rii sale \u00een biroul pre\u0219edintelui Senatului, precum \u0219i la scopul \u0219i temele discutate\u201d,<\/em> au declarat judec\u0103torii Cur\u021bilor de Apel din Rom\u00e2nia.<\/p>\n<p id=\"p-14\">Judec\u0103torii spun c\u0103 acelea\u0219i reguli trebuie respectate la orice nivel al justi\u021biei<br \/>\nMesajul final al pre\u0219edin\u021bilor cur\u021bilor de apel este c\u0103 independen\u021ba, impar\u021bialitatea \u0219i transparen\u021ba nu trebuie cerute doar judec\u0103torilor din instan\u021bele obi\u0219nuite. Potrivit comunicatului de pres\u0103, acelea\u0219i reguli trebuie respectate cu aceea\u0219i stricte\u021be \u0219i de institu\u021biile care fac justi\u021bie constitu\u021bional\u0103.<\/p>\n<div class=\"inline-single-ad ad_single_3_index alignfull\">\n<div class=\"ad-wrap ad-script-wrap\">\n<div class=\"ad-script non-adsense edge-padding\">\n<div>\n\u203c\ufe0f\u203c\ufe0f NU recunoa\u0219tem ca pre\u0219edinte al Rom\u00e2niei pe marioneta retard\u0103 Nicu\u0219or Dan! Rom\u00e2ni, boicota\u021bi aceast\u0103 f\u0103c\u0103tur\u0103, care ne face \u021bara de r\u00e2s! NU rom\u00e2nii l-au votat pe Nicusoro\u0219 &#8211; cu unele excep\u021bii de persoane infantile, manipulabile \u0219i chiar idioate &#8211; ci l-au ajutat Maia Soro\u0219, Emanuel Macrou \u0219i tr\u0103d\u0103torii de la B.E.C. \u0219i CCR!<br \/>\n La \u00eenchisoare cu cei care au fraudat alegerile!\n<\/div>\n<\/div>\n<\/div>\n<\/div>\n<p id=\"p-15\">\u00cen \u00eencheiere, \u0219efii cur\u021bilor de apel spun c\u0103 respectarea acestor reguli \u00eent\u0103re\u0219te institu\u021biile, nu le sl\u0103be\u0219te. Potrivit comunicatului transmis de judec\u0103tori, transparen\u021ba \u0219i respectarea independen\u021bei justi\u021biei sunt necesare pentru ca oamenii s\u0103 aib\u0103 \u00eencredere \u00een institu\u021biile statului.<\/p>\n<\/div>\n<div class=\"entry-bottom\">\n<div id=\"block-9\" class=\"widget entry-widget clearfix widget_block\">\n<div><a href=\"https:\/\/suspend.ro\" target=\"_blank\" rel=\"noopener noreferrer\"><img decoding=\"async\" src=\"https:\/\/ortodoxinfo.ro\/wp-content\/uploads\/2026\/08\/FB_IMG_1786185261439.jpg\" alt=\"Verific\u0103 pe suspend.ro \u2013 Parlamentarii din jude\u021bul t\u0103u sus\u021bin suspendarea lui Nicu\u0219or Dan?\"><\/a><\/div>\n<\/div>\n<\/div>\n<\/div>\n<\/div>\n<div class=\"e-shared-sec entry-sec\">\n<div class=\"e-shared-header h4\"><span>Distribuie<\/span><\/div>\n<div class=\"rbbsl tooltips-n effect-fadeout is-bg\"><a class=\"share-action share-trigger icon-facebook\" aria-label=\"Share on Facebook\" href=\"https:\/\/www.facebook.com\/sharer.php?u=https%3A%2F%2Fortodoxinfo.ro%2F2026%2F08%2F16%2Fpresedintii-a-50-de-tribunale-din-romania-cer-clarificari-despre-intalnirea-dintre-sefa-ccr-simina-tanasescu-si-ilie-bolojan%2F\" data-title=\"Facebook\" rel=\"nofollow\"><span>Facebook<\/span><\/a><a class=\"share-action share-trigger icon-twitter\" aria-label=\"Share on X\" href=\"https:\/\/twitter.com\/intent\/tweet?text=Pre%C8%99edin%C8%9Bii+a+50+de+tribunale+din+Rom%C3%A2nia+cer+clarific%C4%83ri+despre+%C3%AEnt%C3%A2lnirea+dintre+%C8%99efa+CCR%2C+Simina+T%C4%83n%C4%83sescu+%C8%99i+Ilie+Bolojan&amp;url=https%3A%2F%2Fortodoxinfo.ro%2F2026%2F08%2F16%2Fpresedintii-a-50-de-tribunale-din-romania-cer-clarificari-despre-intalnirea-dintre-sefa-ccr-simina-tanasescu-si-ilie-bolojan%2F&amp;via=ortodoxinforo\" data-title=\"X\" rel=\"nofollow\"><span>X<\/span><\/a><a class=\"share-action icon-whatsapp is-web\" aria-label=\"Share on Whatsapp\" href=\"https:\/\/web.whatsapp.com\/send?text=Pre%C8%99edin%C8%9Bii+a+50+de+tribunale+din+Rom%C3%A2nia+cer+clarific%C4%83ri+despre+%C3%AEnt%C3%A2lnirea+dintre+%C8%99efa+CCR%2C+Simina+T%C4%83n%C4%83sescu+%C8%99i+Ilie+Bolojan%20%E2%98%9E%20https%3A%2F%2Fortodoxinfo.ro%2F2026%2F08%2F16%2Fpresedintii-a-50-de-tribunale-din-romania-cer-clarificari-despre-intalnirea-dintre-sefa-ccr-simina-tanasescu-si-ilie-bolojan%2F\" target=\"_blank\" data-title=\"WhatsApp\" rel=\"nofollow\"><span>Whatsapp<\/span><\/a><a class=\"share-action icon-whatsapp is-mobile\" aria-label=\"Share on Whatsapp\" href=\"\/\/send?text=Pre%C8%99edin%C8%9Bii+a+50+de+tribunale+din+Rom%C3%A2nia+cer+clarific%C4%83ri+despre+%C3%AEnt%C3%A2lnirea+dintre+%C8%99efa+CCR%2C+Simina+T%C4%83n%C4%83sescu+%C8%99i+Ilie+Bolojan%20%E2%98%9E%20https%3A%2F%2Fortodoxinfo.ro%2F2026%2F08%2F16%2Fpresedintii-a-50-de-tribunale-din-romania-cer-clarificari-despre-intalnirea-dintre-sefa-ccr-simina-tanasescu-si-ilie-bolojan%2F\" target=\"_blank\" data-title=\"WhatsApp\" rel=\"nofollow\"><span>Whatsapp<\/span><\/a><a class=\"share-action share-trigger icon-telegram\" aria-label=\"Share on Telegram\" href=\"https:\/\/t.me\/share\/?url=https%3A%2F%2Fortodoxinfo.ro%2F2026%2F08%2F16%2Fpresedintii-a-50-de-tribunale-din-romania-cer-clarificari-despre-intalnirea-dintre-sefa-ccr-simina-tanasescu-si-ilie-bolojan%2F&amp;text=Pre%C8%99edin%C8%9Bii+a+50+de+tribunale+din+Rom%C3%A2nia+cer+clarific%C4%83ri+despre+%C3%AEnt%C3%A2lnirea+dintre+%C8%99efa+CCR%2C+Simina+T%C4%83n%C4%83sescu+%C8%99i+Ilie+Bolojan\" data-title=\"Telegram\" rel=\"nofollow\"><span>Telegram<\/span><\/a><a class=\"share-action icon-copy copy-trigger\" aria-label=\"Copy Link\" href=\"https:\/\/ortodoxinfo.ro\/2026\/08\/16\/presedintii-a-50-de-tribunale-din-romania-cer-clarificari-despre-intalnirea-dintre-sefa-ccr-simina-tanasescu-si-ilie-bolojan\/\" data-copied=\"Copied!\" data-link=\"https:\/\/ortodoxinfo.ro\/2026\/08\/16\/presedintii-a-50-de-tribunale-din-romania-cer-clarificari-despre-intalnirea-dintre-sefa-ccr-simina-tanasescu-si-ilie-bolojan\/\" rel=\"nofollow\" data-copy=\"Copy Link\"><span>Copy Link<\/span><\/a><a class=\"share-action icon-print\" aria-label=\"Print\" rel=\"nofollow\" data-title=\"Print\"><span>Print<\/span><\/a><\/div>\n<\/div>\n<\/div>\n<div id=\"tabs\" class=\"dntplgn_form_wrapper\"><span><\/p>\n<h2>\u0218tirile sunt sub cenzur\u0103! Sprijini\u021bi OrtodoxINFO!<\/h2>\n<p>Guvernul nu dore\u0219te aflarea adev\u0103rului despre lovitura de stat \u0219i \u00eengenuncherea Rom\u00e2niei. \u00cencerc\u0103m s\u0103 men\u021binem viu acest site \u0219i s\u0103 v\u0103 punem la dispozi\u021bie informa\u021bii care s\u0103 fac\u0103 lumin\u0103 \u00een cea mai mare provocare pe care o tr\u0103im. Jurnalismul independent al portalului OrtodoxINFO func\u021bioneaz\u0103 strict cu ajutorul cititorilor.<br \/>\nNe pute\u021bi sprijini printr-o <b><a href=\"https:\/\/ortodoxinfo.ro\/donatii\/\">dona\u021bie bancar\u0103<\/a> sau prin PayPal, complet\u00e2nd formularul de mai jos.<\/b><\/span><\/p>\n<ul>\n<li><a href=\"https:\/\/ortodoxinfo.ro\/2026\/08\/16\/presedintii-a-50-de-tribunale-din-romania-cer-clarificari-despre-intalnirea-dintre-sefa-ccr-simina-tanasescu-si-ilie-bolojan\/#tabs-1\">Dona\u021bie lunar\u0103<\/a><\/li>\n<li><a href=\"https:\/\/ortodoxinfo.ro\/2026\/08\/16\/presedintii-a-50-de-tribunale-din-romania-cer-clarificari-despre-intalnirea-dintre-sefa-ccr-simina-tanasescu-si-ilie-bolojan\/#tabs-2\">Doar acum<\/a><\/li>\n<\/ul>\n<div id=\"tabs-1\"><img loading=\"lazy\" decoding=\"async\" alt border=\"0\" src=\"https:\/\/www.paypalobjects.com\/en_US\/i\/scr\/pixel.gif\" width=\"1\" height=\"1\"><\/div>\n<div id=\"tabs-2\">\n<p>\t\t     \u20ac<\/p>\n<p>\t\t    <img loading=\"lazy\" decoding=\"async\" alt border=\"0\" src=\"https:\/\/www.paypalobjects.com\/en_US\/i\/scr\/pixel.gif\" width=\"1\" height=\"1\"><\/div>\n<p>Mul\u021bumim celor care ne-au ajutat p\u00e2n\u0103 acum!\n\t<\/p><\/div>\n<div class=\"comment-box-wrap entry-sec\">\n<div class=\"comment-box-header\"><span class=\"h3\">Las\u0103 un comentariu<\/span><\/div>\n<div class=\"comment-holder no-comment\">\n<div id=\"comments\" class=\"comments-area\">\n<div id=\"respond\" class=\"comment-respond\">\n<h3 id=\"reply-title\" class=\"comment-reply-title\">Las\u0103 un r\u0103spuns <small><a rel=\"nofollow\" id=\"cancel-comment-reply-link\" href=\"https:\/\/ortodoxinfo.ro\/2026\/08\/16\/presedintii-a-50-de-tribunale-din-romania-cer-clarificari-despre-intalnirea-dintre-sefa-ccr-simina-tanasescu-si-ilie-bolojan\/#respond\">Anuleaz\u0103 r\u0103spunsul<\/a><\/small><\/h3>\n<p class=\"comment-notes\"><span id=\"email-notes\">Adresa ta de email nu va fi publicat\u0103.<\/span><span class=\"required-field-message\">C\u00e2mpurile obligatorii sunt marcate cu <span class=\"required\">*<\/span><\/span><\/p>\n<\/div>\n<\/div>\n<\/div>\n<\/div>\n<\/div>\n<div class=\"sidebar-wrap single-sidebar\">\n<div class=\"sidebar-inner clearfix\">\n<div id=\"widget-post-2\" class=\"widget rb-section w-sidebar clearfix widget-post\">\n<div class=\"block-h widget-heading heading-layout-1\">\n<div class=\"heading-inner\">\n<h4 class=\"heading-title\"><span>Articole recente<\/span><\/h4>\n<\/div>\n<\/div>\n<div class=\"widget-p-listing\">\n<div class=\"p-wrap p-small p-list-small-2\" data-pid=\"258682\">\n<div class=\"feat-holder\">\n<div class=\"p-featured ratio-v1\"><a class=\"p-flink\" href=\"https:\/\/ortodoxinfo.ro\/2026\/08\/16\/presedintele-romaniei-calin-georgescu-ridica-tara-judet-cu-judet-astazi-familia-prezidentiala-a-fost-prezenta-la-sf-liturghie-de-la-manastirea-brancoveni\/\" title=\"VIDEO \/ Pre\u0219edintele Rom\u00e2niei, C\u0103lin Georgescu, ridic\u0103 \u021aARA jude\u021b cu jude\u021b. Ast\u0103zi, familia preziden\u021bial\u0103 a fost prezent\u0103 la Sf. Liturghie de la M\u0103n\u0103stirea Br\u00e2ncoveni\"><img decoding=\"async\" width=\"150\" height=\"150\" src=\"https:\/\/ortodoxinfo.ro\/wp-content\/uploads\/2026\/08\/774631266_4563477547207224_8733666388760300985_n-1024x977-1-150x150.webp\" class=\"featured-img wp-post-image\" alt loading=\"lazy\"><\/a><\/div>\n<\/div>\n<div class=\"p-content\">\n<h5 class=\"entry-title\"><a class=\"p-url\" href=\"https:\/\/ortodoxinfo.ro\/2026\/08\/16\/presedintele-romaniei-calin-georgescu-ridica-tara-judet-cu-judet-astazi-familia-prezidentiala-a-fost-prezenta-la-sf-liturghie-de-la-manastirea-brancoveni\/\" rel=\"bookmark\">VIDEO \/ Pre\u0219edintele Rom\u00e2niei, C\u0103lin Georgescu, ridic\u0103 \u021aARA jude\u021b cu jude\u021b. Ast\u0103zi, familia preziden\u021bial\u0103 a fost prezent\u0103 la Sf. Liturghie de la M\u0103n\u0103stirea Br\u00e2ncoveni<\/a><\/h5>\n<div class=\"p-meta\">\n<div class=\"meta-inner is-meta\"><span class=\"meta-el meta-date\"><time datetime=\"2026-08-16T19:12:13+03:00\">16 august 2026<\/time><\/span><span class=\"meta-el meta-category meta-bold\"><a class=\"meta-separate category-19866\" href=\"https:\/\/ortodoxinfo.ro\/category\/lupta-pentru-romania\/\">Lupt\u0103 pentru Rom\u00e2nia<\/a><\/span><span class=\"meta-el meta-view\">6.5k vizualiz\u0103ri\t\t<\/span><\/div>\n<\/div>\n<\/div>\n<\/div>\n<div class=\"p-wrap p-small p-list-small-2\" data-pid=\"258655\">\n<div class=\"feat-holder\">\n<div class=\"p-featured ratio-v1\"><a class=\"p-flink\" href=\"https:\/\/ortodoxinfo.ro\/2026\/08\/16\/familia-sfintilor-brancoveni-s-a-reintregit-azi-in-sinaxar-cu-sfanta-doamna-maria-brancoveanu\/\" title=\"Familia Sfin\u021bilor Br\u00e2ncoveni s-a re\u00eentregit azi \u00een Sinaxar cu Sf\u00e2nta Doamn\u0103 Maria Br\u00e2ncoveanu\"><img decoding=\"async\" width=\"150\" height=\"150\" src=\"https:\/\/ortodoxinfo.ro\/wp-content\/uploads\/2026\/08\/Sf.-Maria-Brancoveanu-si-Sfintii-Martiri-Brancoveni_OrtodoxINFO-150x150.jpg\" class=\"featured-img wp-post-image\" alt loading=\"lazy\"><\/a><\/div>\n<\/div>\n<div class=\"p-content\">\n<h5 class=\"entry-title\"><a class=\"p-url\" href=\"https:\/\/ortodoxinfo.ro\/2026\/08\/16\/familia-sfintilor-brancoveni-s-a-reintregit-azi-in-sinaxar-cu-sfanta-doamna-maria-brancoveanu\/\" rel=\"bookmark\">Familia Sfin\u021bilor Br\u00e2ncoveni s-a re\u00eentregit azi \u00een Sinaxar cu Sf\u00e2nta Doamn\u0103 Maria Br\u00e2ncoveanu<\/a><\/h5>\n<div class=\"p-meta\">\n<div class=\"meta-inner is-meta\"><span class=\"meta-el meta-date\"><time datetime=\"2026-08-16T18:34:04+03:00\">16 august 2026<\/time><\/span><span class=\"meta-el meta-category meta-bold\"><a class=\"meta-separate category-1858\" href=\"https:\/\/ortodoxinfo.ro\/category\/credinta-ortodoxa\/sfinti-si-sarbatori\/\">Sfin\u021bi \u0219i s\u0103rb\u0103tori<\/a><\/span><span class=\"meta-el meta-view\">2.2k vizualiz\u0103ri\t\t<\/span><\/div>\n<\/div>\n<\/div>\n<\/div>\n<div class=\"p-wrap p-small p-list-small-2\" data-pid=\"258603\">\n<div class=\"feat-holder\">\n<div class=\"p-featured ratio-v1\"><a class=\"p-flink\" href=\"https:\/\/ortodoxinfo.ro\/2026\/08\/16\/mentalitate-de-pnlist-coclit-ciprian-ciucu-ii-numeste-dusmanii-democratiei-pe-romanii-care-l-au-huiduit-pe-bolojan\/\" title=\"Mentalitate de pnlist coclit: Ciprian Ciucu \u00eei nume\u0219te \u201edu\u0219manii democra\u021biei\u201d pe rom\u00e2nii care l-au huiduit pe Bolojan\"><img decoding=\"async\" width=\"150\" height=\"150\" src=\"https:\/\/ortodoxinfo.ro\/wp-content\/uploads\/2026\/08\/1786874403_ciucu-apara-prezenta-lui-bolojan-la-ziua-neurocontent-150x150.jpg\" class=\"featured-img wp-post-image\" alt loading=\"lazy\"><\/a><\/div>\n<\/div>\n<div class=\"p-content\">\n<h5 class=\"entry-title\"><a class=\"p-url\" href=\"https:\/\/ortodoxinfo.ro\/2026\/08\/16\/mentalitate-de-pnlist-coclit-ciprian-ciucu-ii-numeste-dusmanii-democratiei-pe-romanii-care-l-au-huiduit-pe-bolojan\/\" rel=\"bookmark\">Mentalitate de pnlist coclit: Ciprian Ciucu \u00eei nume\u0219te \u201edu\u0219manii democra\u021biei\u201d pe rom\u00e2nii care l-au huiduit pe Bolojan<\/a><\/h5>\n<div class=\"p-meta\">\n<div class=\"meta-inner is-meta\"><span class=\"meta-el meta-date\"><time datetime=\"2026-08-16T13:37:00+03:00\">16 august 2026<\/time><\/span><span class=\"meta-el meta-category meta-bold\"><a class=\"meta-separate category-19885\" href=\"https:\/\/ortodoxinfo.ro\/category\/anti-sistem\/anti-romanism\/asasinii-tarii\/\">Asasinii \u021b\u0103rii<\/a><\/span><span class=\"meta-el meta-view\">5.7k vizualiz\u0103ri\t\t<\/span><\/div>\n<\/div>\n<\/div>\n<\/div>\n<div class=\"p-wrap p-small p-list-small-2\" data-pid=\"258406\">\n<div class=\"feat-holder\">\n<div class=\"p-featured ratio-v1\"><a class=\"p-flink\" href=\"https:\/\/ortodoxinfo.ro\/2026\/08\/15\/leprele-de-la-usr-au-nenorocit-romania-chiar-si-cu-mainile-legate\/\" title=\"Leprele de la USR AU NENOROCIT ROM\u00c2NIA\u2026 chiar \u0219i CU \u201eM\u00c2INILE LEGATE\u201d\"><img decoding=\"async\" width=\"150\" height=\"150\" src=\"https:\/\/ortodoxinfo.ro\/wp-content\/uploads\/2026\/08\/WhatsApp-Image-2026-08-14-at-12.34.57-e1786709155802-150x150.jpeg\" class=\"featured-img wp-post-image\" alt loading=\"lazy\"><\/a><\/div>\n<\/div>\n<div class=\"p-content\">\n<h5 class=\"entry-title\"><a class=\"p-url\" href=\"https:\/\/ortodoxinfo.ro\/2026\/08\/15\/leprele-de-la-usr-au-nenorocit-romania-chiar-si-cu-mainile-legate\/\" rel=\"bookmark\">Leprele de la USR AU NENOROCIT ROM\u00c2NIA\u2026 chiar \u0219i CU \u201eM\u00c2INILE LEGATE\u201d<\/a><\/h5>\n<div class=\"p-meta\">\n<div class=\"meta-inner is-meta\"><span class=\"meta-el meta-date\"><time datetime=\"2026-08-15T19:05:43+03:00\">15 august 2026<\/time><\/span><span class=\"meta-el meta-category meta-bold\"><a class=\"meta-separate category-19885\" href=\"https:\/\/ortodoxinfo.ro\/category\/anti-sistem\/anti-romanism\/asasinii-tarii\/\">Asasinii \u021b\u0103rii<\/a><\/span><span class=\"meta-el meta-view\">12.6k vizualiz\u0103ri\t\t<\/span><\/div>\n<\/div>\n<\/div>\n<\/div>\n<\/div>\n<\/div>\n<div id=\"custom_html-2\" class=\"widget_text widget rb-section w-sidebar clearfix widget_custom_html\">\n<div class=\"block-h widget-heading heading-layout-1\">\n<div class=\"heading-inner\">\n<h4 class=\"heading-title\"><span>DONA\u021aII \u00een cont bancar<\/span><\/h4>\n<\/div>\n<\/div>\n<div class=\"textwidget custom-html-widget\">\n<table class=\"donatii\">\n<tbody>\n<tr>\n<th colspan=\"2\"><strong><span>Asicia\u021bia SMI-B<\/span><\/strong><\/th>\n<\/tr>\n<tr>\n<th>Cont LEI<\/th>\n<td>RO67CECEB00030RON2081955<\/td>\n<\/tr>\n<tr>\n<th>Cont EURO<\/th>\n<td>RO33CECEB000C1EUR2081978<\/td>\n<\/tr>\n<tr>\n<th>Cod SWIFT<\/th>\n<td>CECEROBU<\/td>\n<\/tr>\n<tr>\n<th colspan=\"2\"><strong>CEC BANK SA<\/strong><\/th>\n<\/tr>\n<\/tbody>\n<\/table>\n<\/div>\n<\/div>\n<\/div>\n<\/div>\n<\/div>\n<\/article>\n<div class=\"entry-content rbct clearfix is-highlight-shares\">\n<div class=\"ruby-table-contents rbtoc table-left table-fw-single-col\">\n<div class=\"toc-header\"><span class=\"h3\">Sumar<\/span><\/div>\n<div class=\"toc-content h5\"><a href=\"https:\/\/ortodoxinfo.ro\/2026\/08\/16\/presedintii-a-50-de-tribunale-din-romania-cer-clarificari-despre-intalnirea-dintre-sefa-ccr-simina-tanasescu-si-ilie-bolojan\/#magistratii-cer-clarificarea-cadrului-intalnirii-bolojan-tanasescu\" class=\"table-link no-link anchor-link\" data-index=\"rb-heading-index-0\">Magistra\u021bii cer clarificarea cadrului \u00eent\u00e2lnirii Bolojan \u2013 T\u0103n\u0103sescu<\/a><a href=\"https:\/\/ortodoxinfo.ro\/2026\/08\/16\/presedintii-a-50-de-tribunale-din-romania-cer-clarificari-despre-intalnirea-dintre-sefa-ccr-simina-tanasescu-si-ilie-bolojan\/#presedintii-de-tribunale-invoca-jurisprudenta-curtii-europene-a-drepturilor-omului\" class=\"table-link no-link anchor-link\" data-index=\"rb-heading-index-1\">Pre\u0219edin\u021bii de tribunale invoc\u0103 jurispruden\u021ba Cur\u021bii Europene a Drepturilor Omului<\/a><a href=\"https:\/\/ortodoxinfo.ro\/2026\/08\/16\/presedintii-a-50-de-tribunale-din-romania-cer-clarificari-despre-intalnirea-dintre-sefa-ccr-simina-tanasescu-si-ilie-bolojan\/#ce-explicatii-cer-concret-presedintii-curtilor-de-apel\" class=\"table-link no-link anchor-link\" data-index=\"rb-heading-index-2\">Ce explica\u021bii cer concret pre\u0219edin\u021bii cur\u021bilor de apel<\/a><\/div>\n<\/div>\n<p id=\"p-0\">Pre\u0219edin\u021bii a 50 de tribunale din Rom\u00e2nia cer clarific\u0103ri publice privind \u00eent\u00e2lnirea dintre pre\u0219edinta Cur\u021bii Constitu\u021bionale, Elena-Simina T\u0103n\u0103sescu, \u0219i premierul demis Ilie Bolojan, despre care informa\u021biile ap\u0103rute \u00een spa\u021biul public spun c\u0103 ar fi avut loc \u00een biroul pre\u0219edintelui Senatului. Magistra\u021bii avertizeaz\u0103 c\u0103 lipsa de transparen\u021b\u0103 poate afecta aparen\u021ba de impar\u021bialitate a Cur\u021bii \u0219i \u00eencrederea public\u0103 \u00een deciziile acesteia.<\/p>\n<p id=\"p-1\">\u00centr-un comunicat comun, pre\u0219edin\u021bii tribunalelor invoc\u0103 standardele de independen\u021b\u0103 \u0219i impar\u021bialitate aplicabile justi\u021biei \u0219i sus\u021bin c\u0103 acestea trebuie respectate \u201ecu aceea\u0219i rigoare\u201d \u0219i \u00een cazul jurisdic\u021biei constitu\u021bionale.<\/p>\n<h3 id=\"magistratii-cer-clarificarea-cadrului-intalnirii-bolojan-tanasescu\" class=\"rb-heading-index-0\">Magistra\u021bii cer clarificarea cadrului \u00eent\u00e2lnirii Bolojan \u2013 T\u0103n\u0103sescu<\/h3>\n<p id=\"p-8\"><em>\u201eIndependen\u021ba \u0219i impar\u021bialitatea justi\u021biei presupun nu numai absen\u021ba oric\u0103rei influen\u021be<\/em><br \/><em>exterioare, ci \u0219i \u00eenl\u0103turarea oric\u0103rei aparen\u021be care ar putea genera \u00eendoieli legitime. Transparen\u021ba reprezint\u0103, din aceast\u0103 perspectiv\u0103, o garan\u021bie esen\u021bial\u0103 a \u00eencrederii publice \u00een actul de justi\u021bie\u201d,<\/em> se arat\u0103 \u00een comunicat.<\/p>\n<p id=\"p-9\">Ei cer s\u0103 fie clarificate existen\u021ba \u0219i cadrul \u00eent\u00e2lnirii, motivul pentru care aceasta ar fi avut loc \u00een biroul pre\u0219edintelui Senatului, precum \u0219i scopul \u0219i temele discu\u021biei. Demersul vine \u00eenaintea unei \u0219edin\u021be importante a CCR, programat\u0103 luni, 17 august, \u00een care Curtea urmeaz\u0103 s\u0103 dezbat\u0103 inclusiv sesiz\u0103rile privind Legea integrit\u0103\u021bii.<\/p>\n<h3 id=\"presedintii-de-tribunale-invoca-jurisprudenta-curtii-europene-a-drepturilor-omului\" class=\"rb-heading-index-1\">Pre\u0219edin\u021bii de tribunale invoc\u0103 jurispruden\u021ba Cur\u021bii Europene a Drepturilor Omului<\/h3>\n<p id=\"p-10\">Pre\u0219edin\u021bii de tribunale invoc\u0103 \u0219i precedentul din 2018, c\u00e2nd Elena-Simina T\u0103n\u0103sescu, pe atunci consilier preziden\u021bial, \u0219i-a dat demisia \u00een urma controverselor generate de \u00eent\u00e2lnirea cu un judec\u0103tor al CCR. Ei reamintesc pozi\u021bia exprimat\u0103 atunci de Administra\u021bia Preziden\u021bial\u0103, potrivit c\u0103reia era \u201einadmisibil\u201d ca \u00een spa\u021biul public s\u0103 planeze suspiciunea unei posibile imixtiuni \u00een activitatea Cur\u021bii, \u0219i sus\u021bin c\u0103 acela\u0219i standard trebuie s\u0103 r\u0103m\u00e2n\u0103 valabil \u0219i ast\u0103zi.<\/p>\n<p id=\"p-11\"><em>\u201eAceste exigen\u021be sunt aplicabile \u00een egal\u0103 m\u0103sur\u0103 justi\u021biei constitu\u021bionale. \u00cen cauza Sie\u0107<\/em><br \/><em>Obywatelska Watchdog Polska c. Poloniei, hot\u0103r\u00e2rea din 21 martie 2024, Curtea European\u0103 a Drepturilor Omului a subliniat interesul public al informa\u021biilor privind agendele \u00eent\u00e2lnirilor unor judec\u0103tori ai Cur\u021bii Constitu\u021bionale, \u00eentr-un context \u00een care existau suspiciuni privind contacte cu un om politic interesat de o cauz\u0103 aflat\u0103 \u00een examinarea Cur\u021bii\u201d,<\/em> se precizeaz\u0103 \u00een comunicat.<\/p>\n<h3 id=\"ce-explicatii-cer-concret-presedintii-curtilor-de-apel\" class=\"rb-heading-index-2\">Ce explica\u021bii cer concret pre\u0219edin\u021bii cur\u021bilor de apel<\/h3>\n<p id=\"p-12\">Judec\u0103torii vor s\u0103 fie clarificat, \u00een primul r\u00e2nd, dac\u0103 \u00eent\u00e2lnirea dintre Elena-Simina T\u0103n\u0103sescu \u0219i Ilie Bolojan a avut loc. Dac\u0103 r\u0103spunsul este da, ei cer s\u0103 se spun\u0103 \u00een ce condi\u021bii s-a desf\u0103\u0219urat, de ce a avut loc \u00een biroul pre\u0219edintelui Senatului, care a fost motivul \u00eent\u00e2lnirii \u0219i despre ce s-a discutat. Potrivit comunicatului de pres\u0103, aceste explica\u021bii sunt necesare pentru a opri specula\u021biile \u0219i pentru a proteja \u00eencrederea oamenilor \u00een CCR.<\/p>\n<p id=\"p-13\"><em>\u201ePentru \u00eenl\u0103turarea oric\u0103rei specula\u021bii \u0219i pentru protejarea \u00eencrederii publice \u00een jurisdic\u021bia constitu\u021bional\u0103, consider\u0103m necesar\u0103 clarificarea informa\u021biilor ap\u0103rute public, cu privire la existen\u021ba \u0219i cadrul \u00een care \u00eent\u00e2lnirea a avut loc, la motivul desf\u0103\u0219ur\u0103rii sale \u00een biroul pre\u0219edintelui Senatului, precum \u0219i la scopul \u0219i temele discutate\u201d,<\/em> au declarat judec\u0103torii Cur\u021bilor de Apel din Rom\u00e2nia.<\/p>\n<p id=\"p-14\">Judec\u0103torii spun c\u0103 acelea\u0219i reguli trebuie respectate la orice nivel al justi\u021biei<br \/>\nMesajul final al pre\u0219edin\u021bilor cur\u021bilor de apel este c\u0103 independen\u021ba, impar\u021bialitatea \u0219i transparen\u021ba nu trebuie cerute doar judec\u0103torilor din instan\u021bele obi\u0219nuite. Potrivit comunicatului de pres\u0103, acelea\u0219i reguli trebuie respectate cu aceea\u0219i stricte\u021be \u0219i de institu\u021biile care fac justi\u021bie constitu\u021bional\u0103.<\/p>\n<div class=\"inline-single-ad ad_single_3_index alignfull\">\n<div class=\"ad-wrap ad-script-wrap\">\n<div class=\"ad-script non-adsense edge-padding\">\n<div>\n\u203c\ufe0f\u203c\ufe0f NU recunoa\u0219tem ca pre\u0219edinte al Rom\u00e2niei pe marioneta retard\u0103 Nicu\u0219or Dan! Rom\u00e2ni, boicota\u021bi aceast\u0103 f\u0103c\u0103tur\u0103, care ne face \u021bara de r\u00e2s! NU rom\u00e2nii l-au votat pe Nicusoro\u0219 &#8211; cu unele excep\u021bii de persoane infantile, manipulabile \u0219i chiar idioate &#8211; ci l-au ajutat Maia Soro\u0219, Emanuel Macrou \u0219i tr\u0103d\u0103torii de la B.E.C. \u0219i CCR!<br \/>\n La \u00eenchisoare cu cei care au fraudat alegerile!\n<\/div>\n<\/div>\n<\/div>\n<\/div>\n<p id=\"p-15\">\u00cen \u00eencheiere, \u0219efii cur\u021bilor de apel spun c\u0103 respectarea acestor reguli \u00eent\u0103re\u0219te institu\u021biile, nu le sl\u0103be\u0219te. Potrivit comunicatului transmis de judec\u0103tori, transparen\u021ba \u0219i respectarea independen\u021bei justi\u021biei sunt necesare pentru ca oamenii s\u0103 aib\u0103 \u00eencredere \u00een institu\u021biile statului.<\/p>\n<\/div>\n<p>[analyse_source url=&#8221;https:\/\/ortodoxinfo.ro\/2026\/08\/16\/presedintii-a-50-de-tribunale-din-romania-cer-clarificari-despre-intalnirea-dintre-sefa-ccr-simina-tanasescu-si-ilie-bolojan\/&#8221;]<\/p>\n","protected":false},"excerpt":{"rendered":"<p>[analyse_image type=&#8221;featured&#8221; src=&#8221;https:\/\/ortodoxinfo.ro\/wp-content\/uploads\/2026\/08\/https___www-gandul-ro__wp-content_uploads_2021_07_zeita-themis-justitie-1-1024&#215;683-1.webp.webphttps:\/\/ortodoxinfo.ro\/wp-content\/uploads\/2026\/08\/https___www-gandul-ro__wp-content_uploads_2021_07_zeita-themis-justitie-1-1024&#215;683-1.webp.webp&#8221;] Prima pagin\u0103 \u00bb Blog \u00bb Pre\u0219edin\u021bii a 50 de tribunale din Rom\u00e2nia cer clarific\u0103ri despre \u00eent\u00e2lnirea dintre \u0219efa CCR, Simina T\u0103n\u0103sescu \u0219i Ilie Bolojan Pre\u0219edin\u021bii a 50 de tribunale din Rom\u00e2nia cer clarific\u0103ri despre \u00eent\u00e2lnirea dintre \u0219efa CCR, Simina T\u0103n\u0103sescu \u0219i Ilie Bolojan 16 august 2026Asasinii \u021b\u0103rii3k vizualiz\u0103ri Comentarii Share 4 Min [&hellip;]<\/p>\n","protected":false},"author":1,"featured_media":0,"comment_status":"open","ping_status":"","sticky":false,"template":"","format":"standard","meta":{"footnotes":""},"categories":[89],"tags":[226,94],"class_list":["post-2096530","post","type-post","status-publish","format-standard","hentry","category-romania","tag-crawlmanager","tag-ortodoxinfo-ro"],"_links":{"self":[{"href":"https:\/\/analyse.optim.biz\/index.php?rest_route=\/wp\/v2\/posts\/2096530","targetHints":{"allow":["GET"]}}],"collection":[{"href":"https:\/\/analyse.optim.biz\/index.php?rest_route=\/wp\/v2\/posts"}],"about":[{"href":"https:\/\/analyse.optim.biz\/index.php?rest_route=\/wp\/v2\/types\/post"}],"author":[{"embeddable":true,"href":"https:\/\/analyse.optim.biz\/index.php?rest_route=\/wp\/v2\/users\/1"}],"replies":[{"embeddable":true,"href":"https:\/\/analyse.optim.biz\/index.php?rest_route=%2Fwp%2Fv2%2Fcomments&post=2096530"}],"version-history":[{"count":0,"href":"https:\/\/analyse.optim.biz\/index.php?rest_route=\/wp\/v2\/posts\/2096530\/revisions"}],"wp:attachment":[{"href":"https:\/\/analyse.optim.biz\/index.php?rest_route=%2Fwp%2Fv2%2Fmedia&parent=2096530"}],"wp:term":[{"taxonomy":"category","embeddable":true,"href":"https:\/\/analyse.optim.biz\/index.php?rest_route=%2Fwp%2Fv2%2Fcategories&post=2096530"},{"taxonomy":"post_tag","embeddable":true,"href":"https:\/\/analyse.optim.biz\/index.php?rest_route=%2Fwp%2Fv2%2Ftags&post=2096530"}],"curies":[{"name":"wp","href":"https:\/\/api.w.org\/{rel}","templated":true}]}}