{"id":2096442,"date":"2026-08-16T19:00:12","date_gmt":"2026-08-16T16:00:12","guid":{"rendered":"https:\/\/analyse.optim.biz\/?p=2096442"},"modified":"2026-08-16T19:00:12","modified_gmt":"2026-08-16T16:00:12","slug":"video-doi-frati-din-dodesti-de-17-si-19-ani-au-murit-inecati-la-olimp","status":"publish","type":"post","link":"https:\/\/analyse.optim.biz\/?p=2096442","title":{"rendered":"VIDEO Doi fra\u021bi din Dode\u0219ti, de 17 \u0219i 19 ani, au murit \u00eeneca\u021bi la Olimp"},"content":{"rendered":"<p>[analyse_image type=&#8221;featured&#8221; src=&#8221;https:\/\/vasluianul.ro\/wp-content\/uploads\/2026\/08\/frati-morti-litoral-dodesti-77.png&#8221;]<\/p>\n<div class=\"tdb-block-inner td-fix-index\"><time class=\"entry-date updated td-module-date\" datetime=\"2026-08-16T22:00:12+03:00\">august 16, 2026<\/time><\/div>\n<div class=\"tdb-block-inner td-fix-index\"><span>Updated:<\/span><time class=\"entry-date updated td-module-date\" datetime=\"2026-08-16T22:21:04+03:00\">august 16, 2026<\/time><\/div>\n<div class=\"tdb-block-inner td-fix-index\">\n<h1 class=\"tdb-title-text\">VIDEO Doi fra\u021bi din Dode\u0219ti, de 17 \u0219i 19 ani, au murit \u00eeneca\u021bi la Olimp<\/h1>\n<\/div>\n<div class=\"tdb-block-inner td-fix-index\"><a class=\"tdb-author-photo\" href=\"https:\/\/vasluianul.ro\/author\/adrian-preda\/\" title=\"Adrian Preda\"><img loading=\"lazy\" decoding=\"async\" alt=\"Adrian Preda\" src=\"https:\/\/secure.gravatar.com\/avatar\/66441e1e224d14d86219bbfb42e21a31709e2233c3c326193cfc82dd104a5ff3?s=34&amp;d=identicon&amp;r=g\" class=\"avatar avatar-34 photo\" height=\"34\" width=\"34\" data-eio=\"l\"><\/a><\/p>\n<div class=\"tdb-author-name-wrap\"><span class=\"tdb-author-by\">By<\/span><a class=\"tdb-author-name\" href=\"https:\/\/vasluianul.ro\/author\/adrian-preda\/\">Adrian Preda<\/a><\/div>\n<\/div>\n<div class=\"tdb-block-inner td-fix-index\"><a href=\"https:\/\/vasluianul.ro\/wp-content\/uploads\/2026\/08\/frati-morti-litoral-dodesti-77.png\" data-caption><img loading=\"lazy\" decoding=\"async\" width=\"1009\" height=\"596\" class=\"entry-thumb td-modal-image\" src=\"https:\/\/vasluianul.ro\/wp-content\/uploads\/2026\/08\/frati-morti-litoral-dodesti-77.png.webp\" alt title=\"frati morti litoral dodesti 77\" data-eio=\"l\"><\/a><\/div>\n<div class=\"td_block_wrap tdb_single_content tdi_83 td-pb-border-top td_block_template_1 td-post-content tagdiv-type\" data-td-block-uid=\"tdi_83\">\n<div class=\"tdb-block-inner td-fix-index\">\n<div class=\"vtp-article-views\" aria-label=\"Num\u0103r vizualiz\u0103ri articol\"><span class=\"vtp-eye\" aria-hidden=\"true\">\ud83d\udc41<\/span><strong>57<\/strong> vizualiz\u0103ri<\/div>\n<div class=\"qMYqUG_convSearchResultHighlightRoot\">\n<div class data-turn-id-container=\"ccf44413-9d39-4dd8-bd82-4ae55605721c\" data-is-intersecting=\"true\">\n<section class=\"text-token-text-primary w-full focus:outline-none has-data-writing-block:pointer-events-none [&amp;:has([data-writing-block])&gt;*]:pointer-events-auto R6Vx5W_threadScrollVars scroll-mb-[calc(var(--scroll-root-safe-area-inset-bottom,0px)+var(--thread-response-height))] scroll-mt-[calc(var(--header-height)+min(200px,max(70px,20svh)))]\" dir=\"auto\" data-turn-id=\"ccf44413-9d39-4dd8-bd82-4ae55605721c\" data-turn-id-container=\"ccf44413-9d39-4dd8-bd82-4ae55605721c\" data-testid=\"conversation-turn-178\" data-turn=\"assistant\">\n<div class=\"text-base my-auto mx-auto pb-8 [--thread-content-margin:var(--thread-content-margin-xs,calc(var(--spacing)*4))] @w-sm\/main:[--thread-content-margin:var(--thread-content-margin-sm,calc(var(--spacing)*6))] @w-lg\/main:[--thread-content-margin:var(--thread-content-margin-lg,calc(var(--spacing)*16))] px-(--thread-content-margin)\">\n<div class=\"[--thread-content-max-width:40rem] @w-lg\/main:[--thread-content-max-width:48rem] mx-auto max-w-(--thread-content-max-width) flex-1 group\/turn-messages focus-visible:outline-hidden relative flex w-full min-w-0 flex-col agent-turn\" data-conversation-screenshot-content>\n<div class=\"flex max-w-full flex-col gap-4 grow\">\n<div class=\"min-h-8 text-message relative flex w-full flex-col items-end gap-2 text-start break-words whitespace-normal outline-none keyboard-focused:focus-ring [.text-message+&amp;]:mt-1\" dir=\"auto\" data-message-author-role=\"assistant\" data-message-id=\"ccf44413-9d39-4dd8-bd82-4ae55605721c\" data-turn-start-message=\"true\" data-message-model-slug=\"gpt-5-6\">\n<div class=\"flex w-full flex-col gap-1 empty:hidden\">\n<div class=\"markdown prose dark:prose-invert wrap-break-word w-full light markdown-new-styling\">\n<p class=\"PDq2pG_selectionAnchorContainer\" data-start=\"91\" data-end=\"298\"><strong><span>O tragedie cumplit\u0103 a lovit o familie din jude\u021bul Vaslui. Doi fra\u021bi din comuna Dode\u0219ti, \u00een v\u00e2rst\u0103 de 17 \u0219i 19 ani, au murit \u00eeneca\u021bi, duminic\u0103, \u00een zona Faleza Olimp \u2013 Steaua de Mare, de pe litoralul rom\u00e2nesc.<\/span><\/strong><\/p>\n<div class=\"code-block code-block-1\"><a href=\"https:\/\/vasluianul.ro\/doi-frati-vaslui-inecati-olimp\/DESTINATION\"><img decoding=\"async\" src=\"https:\/\/vasluianul.ro\/wp-content\/uploads\/2022\/06\/reclama-vechia-roma-2.jpeg%0A\" data-eio=\"l\"><\/a><\/div>\n<div class=\"wp-video\"><video class=\"wp-video-shortcode\" id=\"video-84506-1\" width=\"696\" height=\"392\" preload=\"metadata\" controls=\"controls\"><source type=\"video\/mp4\" src=\"https:\/\/vasluianul.ro\/wp-content\/uploads\/2026\/08\/frati-morti-litoral-9.mp4?_=1\" \/><\/video><\/div>\n<div class=\"wp-video\"><video class=\"wp-video-shortcode\" id=\"video-84506-2\" width=\"696\" height=\"388\" preload=\"metadata\" controls=\"controls\"><source type=\"video\/mp4\" src=\"https:\/\/vasluianul.ro\/wp-content\/uploads\/2026\/08\/frati-morti-litoral-99.mp4?_=2\" \/><\/video><\/div>\n<p data-start=\"300\" data-end=\"469\"><span>Potrivit informa\u021biilor transmise de Inspectoratul pentru Situa\u021bii de Urgen\u021b\u0103 Constan\u021ba, salvatorii au fost alerta\u021bi dup\u0103 ce dou\u0103 persoane au fost date disp\u0103rute \u00een mare.<\/span><\/p>\n<aside class=\"vva-wrap\" aria-label=\"PUBLICITATE\">\n<div class=\"vva-label\">PUBLICITATE<\/div>\n<p><a class=\"vva-link\" href=\"https:\/\/www.facebook.com\/FamiliaSafir\" target=\"_blank\" rel=\"noopener sponsored\"><video class=\"vva-video\" data-max-seconds=\"21\" playsinline preload=\"metadata\" autoplay muted controls><source src=\"https:\/\/vasluianul.ro\/wp-content\/uploads\/2026\/07\/safir-campanie-iulie-2026.mp4\" \/><\/video><\/a><\/aside>\n<div class=\"vam4-ad vam4-device-all\" data-ad-id=\"1\">\n<div class=\"vam4-label\">PUBLICITATE<\/div>\n<div class=\"vam4-frame\"><a class=\"vam4-click\" href=\"https:\/\/www.facebook.com\/SilverMallVaslui\" target=\"_blank\" rel=\"sponsored noopener\"><img decoding=\"async\" src=\"https:\/\/vasluianul.ro\/wp-content\/uploads\/2026\/07\/fillis-1200x400px-AI.jpg.webp\" alt=\"Silver Mall\" loading=\"lazy\" data-eio=\"l\"><\/a><\/div>\n<\/div>\n<p data-start=\"471\" data-end=\"700\"><span>Pentru interven\u021bie au fost mobilizate Ambarca\u021biunea Mangalia \u0219i o autospecial\u0103 de stingere. Opera\u021biunea de c\u0103utare a fost extins\u0103 \u00een larg, fiind chema\u021bi \u0219i zece scafandri ai ISU Constan\u021ba, care au intervenit cu trei autospeciale.<\/span><\/p>\n<p data-start=\"702\" data-end=\"915\"><span>Primul g\u0103sit a fost adolescentul de 17 ani. T\u00e2n\u0103rul a fost scos din ap\u0103 de salvamari \u0219i predat echipajului Serviciului de Ambulan\u021b\u0103 Jude\u021bean Constan\u021ba. Cadrele medicale au \u00eenceput imediat manevrele de resuscitare.<\/span><\/p>\n<p data-start=\"917\" data-end=\"1067\"><span>Eforturile salvatorilor au fost \u00eens\u0103 zadarnice. Dup\u0103 aplicarea protocolului de resuscitare, medicii au fost nevoi\u021bi s\u0103 declare decesul adolescentului.<\/span><\/p>\n<h3 data-section-id=\"1w4y384\" data-start=\"1069\" data-end=\"1119\"><span>Fratele s\u0103u a fost c\u0103utat mai bine de dou\u0103 ore<\/span><\/h3>\n<p data-start=\"1121\" data-end=\"1269\"><span>\u00cen timp ce echipajele medicale \u00eencercau s\u0103-l salveze pe t\u00e2n\u0103rul de 17 ani, \u00een larg continuau c\u0103ut\u0103rile pentru fratele acestuia, \u00een v\u00e2rst\u0103 de 19 ani.<\/span><\/p>\n<p data-start=\"1271\" data-end=\"1458\"><span>Scafandrii \u0219i celelalte for\u021be mobilizate au c\u0103utat ore \u00een \u0219ir cea de-a doua victim\u0103. T\u00e2n\u0103rul de 19 ani a fost g\u0103sit \u0219i scos din mare dup\u0103 mai bine de dou\u0103 ore de la \u00eenceperea opera\u021biunii.<\/span><\/p>\n<div class=\"vam4-ad vam4-device-all\" data-ad-id=\"2\">\n<div class=\"vam4-label\">PUBLICITATE<\/div>\n<div class=\"vam4-frame\"><a class=\"vam4-click\" href=\"https:\/\/www.facebook.com\/filliscoffeeshop\" target=\"_blank\" rel=\"sponsored noopener\"><img decoding=\"async\" src=\"https:\/\/vasluianul.ro\/wp-content\/uploads\/2026\/07\/silver-mall-AI.jpg.webp\" alt=\"Filli`s\" loading=\"lazy\" data-eio=\"l\"><\/a><\/div>\n<\/div>\n<p data-start=\"1460\" data-end=\"1574\"><span>Din p\u0103cate, nici el nu a mai putut fi salvat. \u00cen ciuda interven\u021biei echipajelor medicale, a fost declarat decesul.<\/span><\/p>\n<p data-start=\"1576\" data-end=\"1650\"><span>Cei doi tineri erau fra\u021bi \u0219i proveneau din comuna Dode\u0219ti. Veniser\u0103 la munc\u0103 pe Litoral, \u00een aceast\u0103 var\u0103. Dumnezeu s\u0103-i ierte!<\/span><\/p>\n<div class=\"wp-video\"><video class=\"wp-video-shortcode\" id=\"video-84506-3\" width=\"696\" height=\"392\" preload=\"metadata\" controls=\"controls\"><source type=\"video\/mp4\" src=\"https:\/\/vasluianul.ro\/wp-content\/uploads\/2026\/08\/frati-morti-litoral-9.mp4?_=3\" \/><\/video><\/div>\n<\/div>\n<\/div>\n<\/div>\n<\/div>\n<\/div>\n<\/div>\n<\/section>\n<\/div>\n<\/div>\n<\/div>\n<\/div>\n<div class=\"tdb-block-inner td-fix-index\">\n<div class=\"vtp-article-views\" aria-label=\"Num\u0103r vizualiz\u0103ri articol\"><span class=\"vtp-eye\" aria-hidden=\"true\">\ud83d\udc41<\/span><strong>57<\/strong> vizualiz\u0103ri<\/div>\n<div class=\"qMYqUG_convSearchResultHighlightRoot\">\n<div class data-turn-id-container=\"ccf44413-9d39-4dd8-bd82-4ae55605721c\" data-is-intersecting=\"true\">\n<section class=\"text-token-text-primary w-full focus:outline-none has-data-writing-block:pointer-events-none [&amp;:has([data-writing-block])&gt;*]:pointer-events-auto R6Vx5W_threadScrollVars scroll-mb-[calc(var(--scroll-root-safe-area-inset-bottom,0px)+var(--thread-response-height))] scroll-mt-[calc(var(--header-height)+min(200px,max(70px,20svh)))]\" dir=\"auto\" data-turn-id=\"ccf44413-9d39-4dd8-bd82-4ae55605721c\" data-turn-id-container=\"ccf44413-9d39-4dd8-bd82-4ae55605721c\" data-testid=\"conversation-turn-178\" data-turn=\"assistant\">\n<div class=\"text-base my-auto mx-auto pb-8 [--thread-content-margin:var(--thread-content-margin-xs,calc(var(--spacing)*4))] @w-sm\/main:[--thread-content-margin:var(--thread-content-margin-sm,calc(var(--spacing)*6))] @w-lg\/main:[--thread-content-margin:var(--thread-content-margin-lg,calc(var(--spacing)*16))] px-(--thread-content-margin)\">\n<div class=\"[--thread-content-max-width:40rem] @w-lg\/main:[--thread-content-max-width:48rem] mx-auto max-w-(--thread-content-max-width) flex-1 group\/turn-messages focus-visible:outline-hidden relative flex w-full min-w-0 flex-col agent-turn\" data-conversation-screenshot-content>\n<div class=\"flex max-w-full flex-col gap-4 grow\">\n<div class=\"min-h-8 text-message relative flex w-full flex-col items-end gap-2 text-start break-words whitespace-normal outline-none keyboard-focused:focus-ring [.text-message+&amp;]:mt-1\" dir=\"auto\" data-message-author-role=\"assistant\" data-message-id=\"ccf44413-9d39-4dd8-bd82-4ae55605721c\" data-turn-start-message=\"true\" data-message-model-slug=\"gpt-5-6\">\n<div class=\"flex w-full flex-col gap-1 empty:hidden\">\n<div class=\"markdown prose dark:prose-invert wrap-break-word w-full light markdown-new-styling\">\n<p class=\"PDq2pG_selectionAnchorContainer\" data-start=\"91\" data-end=\"298\"><strong><span>O tragedie cumplit\u0103 a lovit o familie din jude\u021bul Vaslui. Doi fra\u021bi din comuna Dode\u0219ti, \u00een v\u00e2rst\u0103 de 17 \u0219i 19 ani, au murit \u00eeneca\u021bi, duminic\u0103, \u00een zona Faleza Olimp \u2013 Steaua de Mare, de pe litoralul rom\u00e2nesc.<\/span><\/strong><\/p>\n<div class=\"code-block code-block-1\"><a href=\"https:\/\/vasluianul.ro\/doi-frati-vaslui-inecati-olimp\/DESTINATION\"><img decoding=\"async\" src=\"https:\/\/vasluianul.ro\/wp-content\/uploads\/2022\/06\/reclama-vechia-roma-2.jpeg%0A\" data-eio=\"l\"><\/a><\/div>\n<div class=\"wp-video\"><video class=\"wp-video-shortcode\" id=\"video-84506-1\" width=\"696\" height=\"392\" preload=\"metadata\" controls=\"controls\"><source type=\"video\/mp4\" src=\"https:\/\/vasluianul.ro\/wp-content\/uploads\/2026\/08\/frati-morti-litoral-9.mp4?_=1\" \/><\/video><\/div>\n<div class=\"wp-video\"><video class=\"wp-video-shortcode\" id=\"video-84506-2\" width=\"696\" height=\"388\" preload=\"metadata\" controls=\"controls\"><source type=\"video\/mp4\" src=\"https:\/\/vasluianul.ro\/wp-content\/uploads\/2026\/08\/frati-morti-litoral-99.mp4?_=2\" \/><\/video><\/div>\n<p data-start=\"300\" data-end=\"469\"><span>Potrivit informa\u021biilor transmise de Inspectoratul pentru Situa\u021bii de Urgen\u021b\u0103 Constan\u021ba, salvatorii au fost alerta\u021bi dup\u0103 ce dou\u0103 persoane au fost date disp\u0103rute \u00een mare.<\/span><\/p>\n<aside class=\"vva-wrap\" aria-label=\"PUBLICITATE\">\n<div class=\"vva-label\">PUBLICITATE<\/div>\n<p><a class=\"vva-link\" href=\"https:\/\/www.facebook.com\/FamiliaSafir\" target=\"_blank\" rel=\"noopener sponsored\"><video class=\"vva-video\" data-max-seconds=\"21\" playsinline preload=\"metadata\" autoplay muted controls><source src=\"https:\/\/vasluianul.ro\/wp-content\/uploads\/2026\/07\/safir-campanie-iulie-2026.mp4\" \/><\/video><\/a><\/aside>\n<div class=\"vam4-ad vam4-device-all\" data-ad-id=\"1\">\n<div class=\"vam4-label\">PUBLICITATE<\/div>\n<div class=\"vam4-frame\"><a class=\"vam4-click\" href=\"https:\/\/www.facebook.com\/SilverMallVaslui\" target=\"_blank\" rel=\"sponsored noopener\"><img decoding=\"async\" src=\"https:\/\/vasluianul.ro\/wp-content\/uploads\/2026\/07\/fillis-1200x400px-AI.jpg.webp\" alt=\"Silver Mall\" loading=\"lazy\" data-eio=\"l\"><\/a><\/div>\n<\/div>\n<p data-start=\"471\" data-end=\"700\"><span>Pentru interven\u021bie au fost mobilizate Ambarca\u021biunea Mangalia \u0219i o autospecial\u0103 de stingere. Opera\u021biunea de c\u0103utare a fost extins\u0103 \u00een larg, fiind chema\u021bi \u0219i zece scafandri ai ISU Constan\u021ba, care au intervenit cu trei autospeciale.<\/span><\/p>\n<p data-start=\"702\" data-end=\"915\"><span>Primul g\u0103sit a fost adolescentul de 17 ani. T\u00e2n\u0103rul a fost scos din ap\u0103 de salvamari \u0219i predat echipajului Serviciului de Ambulan\u021b\u0103 Jude\u021bean Constan\u021ba. Cadrele medicale au \u00eenceput imediat manevrele de resuscitare.<\/span><\/p>\n<p data-start=\"917\" data-end=\"1067\"><span>Eforturile salvatorilor au fost \u00eens\u0103 zadarnice. Dup\u0103 aplicarea protocolului de resuscitare, medicii au fost nevoi\u021bi s\u0103 declare decesul adolescentului.<\/span><\/p>\n<h3 data-section-id=\"1w4y384\" data-start=\"1069\" data-end=\"1119\"><span>Fratele s\u0103u a fost c\u0103utat mai bine de dou\u0103 ore<\/span><\/h3>\n<p data-start=\"1121\" data-end=\"1269\"><span>\u00cen timp ce echipajele medicale \u00eencercau s\u0103-l salveze pe t\u00e2n\u0103rul de 17 ani, \u00een larg continuau c\u0103ut\u0103rile pentru fratele acestuia, \u00een v\u00e2rst\u0103 de 19 ani.<\/span><\/p>\n<p data-start=\"1271\" data-end=\"1458\"><span>Scafandrii \u0219i celelalte for\u021be mobilizate au c\u0103utat ore \u00een \u0219ir cea de-a doua victim\u0103. T\u00e2n\u0103rul de 19 ani a fost g\u0103sit \u0219i scos din mare dup\u0103 mai bine de dou\u0103 ore de la \u00eenceperea opera\u021biunii.<\/span><\/p>\n<div class=\"vam4-ad vam4-device-all\" data-ad-id=\"2\">\n<div class=\"vam4-label\">PUBLICITATE<\/div>\n<div class=\"vam4-frame\"><a class=\"vam4-click\" href=\"https:\/\/www.facebook.com\/filliscoffeeshop\" target=\"_blank\" rel=\"sponsored noopener\"><img decoding=\"async\" src=\"https:\/\/vasluianul.ro\/wp-content\/uploads\/2026\/07\/silver-mall-AI.jpg.webp\" alt=\"Filli`s\" loading=\"lazy\" data-eio=\"l\"><\/a><\/div>\n<\/div>\n<p data-start=\"1460\" data-end=\"1574\"><span>Din p\u0103cate, nici el nu a mai putut fi salvat. \u00cen ciuda interven\u021biei echipajelor medicale, a fost declarat decesul.<\/span><\/p>\n<p data-start=\"1576\" data-end=\"1650\"><span>Cei doi tineri erau fra\u021bi \u0219i proveneau din comuna Dode\u0219ti. Veniser\u0103 la munc\u0103 pe Litoral, \u00een aceast\u0103 var\u0103. Dumnezeu s\u0103-i ierte!<\/span><\/p>\n<div class=\"wp-video\"><video class=\"wp-video-shortcode\" id=\"video-84506-3\" width=\"696\" height=\"392\" preload=\"metadata\" controls=\"controls\"><source type=\"video\/mp4\" src=\"https:\/\/vasluianul.ro\/wp-content\/uploads\/2026\/08\/frati-morti-litoral-9.mp4?_=3\" \/><\/video><\/div>\n<\/div>\n<\/div>\n<\/div>\n<\/div>\n<\/div>\n<\/div>\n<\/section>\n<\/div>\n<\/div>\n<\/div>\n<div class=\"tdb-block-inner td-fix-index\"><a href=\"https:\/\/vasluianul.ro\/author\/adrian-preda\/\" class=\"tdb-author-photo\" title=\"Adrian Preda\"><img loading=\"lazy\" decoding=\"async\" alt=\"Adrian Preda\" src=\"https:\/\/secure.gravatar.com\/avatar\/66441e1e224d14d86219bbfb42e21a31709e2233c3c326193cfc82dd104a5ff3?s=96&amp;d=identicon&amp;r=g\" class=\"avatar avatar-96 photo\" height=\"96\" width=\"96\" data-eio=\"l\"><\/a><\/p>\n<div class=\"tdb-author-info\"><a href=\"https:\/\/vasluianul.ro\/author\/adrian-preda\/\" class=\"tdb-author-name\">Adrian Preda<\/a><\/div>\n<\/div>\n<div class=\"tdb-block-inner td-fix-index\">\n<div class=\"comments\" id=\"comments\">\n<div id=\"respond\" class=\"comment-respond\">\n<h3 id=\"reply-title\" class=\"comment-reply-title\">L\u0102SA\u021aI UN MESAJ <small><a rel=\"nofollow\" id=\"cancel-comment-reply-link\" href=\"https:\/\/vasluianul.ro\/doi-frati-vaslui-inecati-olimp\/#respond\">Renun\u021ba\u021bi la r\u0103spuns<\/a><\/small><\/h3>\n<div class=\"comment-form-input-wrap td-form-comment\">\n<div class=\"td-warning-comment\">V\u0103 rug\u0103m s\u0103 introduce\u021bi comentariul dvs.!<\/div>\n<\/div>\n<div class=\"comment-form-input-wrap td-form-author\">\n<div class=\"td-warning-author\">Introduce\u021bi aici numele dvs.<\/div>\n<\/div>\n<div class=\"comment-form-input-wrap td-form-email\">\n<div class=\"td-warning-email-error\">A\u021bi introdus o adres\u0103 de e-mail incorect\u0103!<\/div>\n<div class=\"td-warning-email\">V\u0103 rug\u0103m s\u0103 introduce\u021bi adresa dvs. de e-mail aici<\/div>\n<\/div>\n<\/div>\n<\/div>\n<\/div>\n<p>[analyse_source url=&#8221;https:\/\/vasluianul.ro\/doi-frati-vaslui-inecati-olimp\/#new_tab&#8221;]<\/p>\n","protected":false},"excerpt":{"rendered":"<p>[analyse_image type=&#8221;featured&#8221; src=&#8221;https:\/\/vasluianul.ro\/wp-content\/uploads\/2026\/08\/frati-morti-litoral-dodesti-77.png&#8221;] august 16, 2026 Updated:august 16, 2026 VIDEO Doi fra\u021bi din Dode\u0219ti, de 17 \u0219i 19 ani, au murit \u00eeneca\u021bi la Olimp ByAdrian Preda \ud83d\udc4157 vizualiz\u0103ri O tragedie cumplit\u0103 a lovit o familie din jude\u021bul Vaslui. Doi fra\u021bi din comuna Dode\u0219ti, \u00een v\u00e2rst\u0103 de 17 \u0219i 19 ani, au murit \u00eeneca\u021bi, duminic\u0103, \u00een [&hellip;]<\/p>\n","protected":false},"author":1,"featured_media":0,"comment_status":"open","ping_status":"","sticky":false,"template":"","format":"standard","meta":{"footnotes":""},"categories":[89],"tags":[226,217],"class_list":["post-2096442","post","type-post","status-publish","format-standard","hentry","category-romania","tag-crawlmanager","tag-vaslui-robo-stiri-ro"],"_links":{"self":[{"href":"https:\/\/analyse.optim.biz\/index.php?rest_route=\/wp\/v2\/posts\/2096442","targetHints":{"allow":["GET"]}}],"collection":[{"href":"https:\/\/analyse.optim.biz\/index.php?rest_route=\/wp\/v2\/posts"}],"about":[{"href":"https:\/\/analyse.optim.biz\/index.php?rest_route=\/wp\/v2\/types\/post"}],"author":[{"embeddable":true,"href":"https:\/\/analyse.optim.biz\/index.php?rest_route=\/wp\/v2\/users\/1"}],"replies":[{"embeddable":true,"href":"https:\/\/analyse.optim.biz\/index.php?rest_route=%2Fwp%2Fv2%2Fcomments&post=2096442"}],"version-history":[{"count":0,"href":"https:\/\/analyse.optim.biz\/index.php?rest_route=\/wp\/v2\/posts\/2096442\/revisions"}],"wp:attachment":[{"href":"https:\/\/analyse.optim.biz\/index.php?rest_route=%2Fwp%2Fv2%2Fmedia&parent=2096442"}],"wp:term":[{"taxonomy":"category","embeddable":true,"href":"https:\/\/analyse.optim.biz\/index.php?rest_route=%2Fwp%2Fv2%2Fcategories&post=2096442"},{"taxonomy":"post_tag","embeddable":true,"href":"https:\/\/analyse.optim.biz\/index.php?rest_route=%2Fwp%2Fv2%2Ftags&post=2096442"}],"curies":[{"name":"wp","href":"https:\/\/api.w.org\/{rel}","templated":true}]}}