{"id":2096440,"date":"2026-08-16T18:47:02","date_gmt":"2026-08-16T15:47:02","guid":{"rendered":"https:\/\/analyse.optim.biz\/?p=2096440"},"modified":"2026-08-16T18:47:02","modified_gmt":"2026-08-16T15:47:02","slug":"prima-autobaza-construita-la-barlad-dupa-1950-finalizata","status":"publish","type":"post","link":"https:\/\/analyse.optim.biz\/?p=2096440","title":{"rendered":"Prima autobaz\u0103 construit\u0103 la B\u00e2rlad dup\u0103 1950, finalizat\u0103"},"content":{"rendered":"<p>[analyse_image type=&#8221;featured&#8221; src=&#8221;https:\/\/www.ziarulobiectiv.ro\/wp-content\/uploads\/2026\/08\/autobaza-noua-barlad2_rezultat.jpg&#8221;]<\/p>\n<div class=\"td-post-content td-pb-padding-side\">\n<div class=\"td-post-featured-image\"><a href=\"https:\/\/www.ziarulobiectiv.ro\/wp-content\/uploads\/2026\/08\/autobaza-noua-barlad2_rezultat.jpg\" data-caption><img loading=\"lazy\" decoding=\"async\" width=\"640\" height=\"480\" class=\"entry-thumb td-modal-image\" src=\"https:\/\/sp-ao.shortpixel.ai\/client\/to_webp,q_glossy,ret_img,w_640,h_480\/https:\/\/www.ziarulobiectiv.ro\/wp-content\/uploads\/2026\/08\/autobaza-noua-barlad2_rezultat-640x480.jpg\" alt title=\"autobaza-noua-barlad2_rezultat\"><\/a><\/div>\n<p class=\"isSelectedEnd\">Municipiul B\u00e2rlad are, de acum, o autobaz\u0103 modern\u0103 pentru serviciul public de transport local. Investi\u021bia, \u00een valoare de 18,5 milioane de lei, realizat\u0103 din fonduri europene \u0219i locale, a fost finalizat\u0103, noul obiectiv fiind prima autobaz\u0103 construit\u0103 \u00een ora\u0219 dup\u0103 anul 1950.<\/p>\n<div><a href=\"https:\/\/news.google.com\/publications\/CAAqLQgKIidDQklTRndnTWFoTUtFWHBwWVhKMWJHOWlhV1ZqZEdsMkxuSnZLQUFQAQ?hl=ro&amp;gl=RO&amp;ceid=RO%3Aro\" target=\"_blank\" rel=\"noopener noreferrer\"><br \/>\n        \u2b50 Urm\u0103re\u0219te Ziarul Obiectiv pe Google News<br \/>\n    <\/a><\/div>\n<p><img loading=\"lazy\" decoding=\"async\" class=\"aligncenter wp-image-18638 size-full\" src=\"https:\/\/sp-ao.shortpixel.ai\/client\/to_webp,q_glossy,ret_img,w_935,h_701\/https:\/\/www.ziarulobiectiv.ro\/wp-content\/uploads\/2026\/08\/autobaza-noua-barlad3_rezultat.jpg\" alt width=\"935\" height=\"701\"><\/p>\n<p class=\"isSelectedEnd\">Noua baz\u0103 asigur\u0103 infrastructura necesar\u0103 pentru flota de transport a municipiului \u0219i dispune de sta\u021bii de \u00eenc\u0103rcare pentru autobuzele electrice, ateliere de \u00eentre\u021binere, zon\u0103 tehnic\u0103, birouri, sp\u0103l\u0103torie \u0219i o parcare generoas\u0103 pentru mijloacele de transport public.<\/p>\n<div class=\"lyte-wrapper\" title=\"Prima autobaz\u0103 construit\u0103 la B\u00e2rlad dup\u0103 1950, finalizat\u0103\">\n<div class=\"lyMe\" id=\"WYL_OJzIORmhLck\">\n<div><\/div>\n<div id=\"lyte_OJzIORmhLck\" data-src=\"https:\/\/i.ytimg.com\/vi\/OJzIORmhLck\/hqdefault.jpg\" class=\"pL\">\n<div class=\"tC\">\n<div class=\"tT\">Prima autobaz\u0103 construit\u0103 la B\u00e2rlad dup\u0103 1950, finalizat\u0103<\/div>\n<\/div>\n<\/div>\n<p><a href=\"https:\/\/youtu.be\/OJzIORmhLck\" rel=\"nofollow\"><img loading=\"lazy\" decoding=\"async\" src=\"https:\/\/i.ytimg.com\/vi\/OJzIORmhLck\/0.jpg\" alt=\"Prima autobaz\u0103 construit\u0103 la B\u00e2rlad dup\u0103 1950, finalizat\u0103\" width=\"640\" height=\"340\"><br \/>Uita-te la acest video de pe YouTube<\/a><\/div>\n<\/div>\n<p class=\"isSelectedEnd\">Finalizarea investi\u021biei marcheaz\u0103 o nou\u0103 etap\u0103 \u00een reconstruc\u021bia serviciului public de transport local, dup\u0103 ce acesta a revenit \u00een administrarea ora\u0219ului \u00een urma unei perioade de 17 ani \u00een care fusese concesionat operatorilor priva\u021bi.<\/p>\n<p class=\"isSelectedEnd\">Primarul Dumitru Boro\u0219 aminte\u0219te c\u0103, \u00een 2016, municipalitatea nu mai dispunea practic de nicio baz\u0103 material\u0103 proprie pentru acest serviciu.<\/p>\n<p><img loading=\"lazy\" decoding=\"async\" class=\"aligncenter wp-image-18639 size-full\" src=\"https:\/\/sp-ao.shortpixel.ai\/client\/to_webp,q_glossy,ret_img,w_1000,h_563\/https:\/\/www.ziarulobiectiv.ro\/wp-content\/uploads\/2026\/08\/autobaza-noua-barlad1_rezultat.jpg\" alt width=\"1000\" height=\"563\"><\/p>\n<p class=\"isSelectedEnd\">\u201eNu a fost simplu s\u0103 reconstruim de la zero serviciul public de transport local. \u00cen 2016, c\u00e2nd am venit la Prim\u0103rie, B\u00e2rladul nu avea nici m\u0103car un \u0219urub pentru transportul public. Nici m\u0103car un \u0219urub, dar\u0103mite un autobuz. Serviciul fusese concesionat timp de 17 ani unor operatori priva\u021bi, iar ora\u0219ul nu mai avea propria baz\u0103 material\u0103\u201d, a transmis primarul.<\/p>\n<p class=\"isSelectedEnd\">\u00cen prezent, flota aflat\u0103 la dispozi\u021bia serviciului public num\u0103r\u0103 16 autobuze electrice, \u0219apte autobuze pe combustibil \u0219i cinci microbuze.<\/p>\n<p><img decoding=\"async\" loading=\"lazy\" class=\"aligncenter wp-image-18641 size-full\" src=\"https:\/\/sp-ao.shortpixel.ai\/client\/to_webp,q_glossy,ret_img,w_1000,h_563\/https:\/\/www.ziarulobiectiv.ro\/wp-content\/uploads\/2026\/08\/boros-bobeica-hotoi-autobaza_rezultat.jpg\" alt width=\"1000\" height=\"563\"><\/p>\n<p class=\"isSelectedEnd\">\u00cen paralel cu \u00eennoirea parcului auto, re\u021beaua de transport a fost extins\u0103 c\u0103tre zone \u00een care mijloacele de transport \u00een comun nu circulaser\u0103 anterior. Printre str\u0103zile introduse \u00een traseele de transport public se num\u0103r\u0103 Epureanu, Constantin Hamangiu, Nicolae B\u0103lcescu, Drago\u0219 Vod\u0103, Vasile Milea, Mihai Viteazul, Col. Simionescu Sava, Popa \u0218apc\u0103, Paloda, Ioan Popescu, Vasile P\u00e2rvan \u0219i Cpt. Grigore Ignat.<\/p>\n<p>Noua autobaz\u0103 completeaz\u0103 astfel infrastructura construit\u0103 \u00een ultimii ani pentru revenirea transportului public sub controlul municipalit\u0103\u021bii \u0219i pentru trecerea treptat\u0103 la o flot\u0103 cu o component\u0103 electric\u0103 tot mai important\u0103.<\/p>\n<\/div>\n<p>[analyse_source url=&#8221;https:\/\/www.ziarulobiectiv.ro\/prima-autobaza-construita-la-barlad-dupa-1950-finalizata\/#new_tab&#8221;]<\/p>\n","protected":false},"excerpt":{"rendered":"<p>[analyse_image type=&#8221;featured&#8221; src=&#8221;https:\/\/www.ziarulobiectiv.ro\/wp-content\/uploads\/2026\/08\/autobaza-noua-barlad2_rezultat.jpg&#8221;] Municipiul B\u00e2rlad are, de acum, o autobaz\u0103 modern\u0103 pentru serviciul public de transport local. Investi\u021bia, \u00een valoare de 18,5 milioane de lei, realizat\u0103 din fonduri europene \u0219i locale, a fost finalizat\u0103, noul obiectiv fiind prima autobaz\u0103 construit\u0103 \u00een ora\u0219 dup\u0103 anul 1950. \u2b50 Urm\u0103re\u0219te Ziarul Obiectiv pe Google News Noua baz\u0103 asigur\u0103 [&hellip;]<\/p>\n","protected":false},"author":1,"featured_media":0,"comment_status":"open","ping_status":"","sticky":false,"template":"","format":"standard","meta":{"footnotes":""},"categories":[89],"tags":[226,217],"class_list":["post-2096440","post","type-post","status-publish","format-standard","hentry","category-romania","tag-crawlmanager","tag-vaslui-robo-stiri-ro"],"_links":{"self":[{"href":"https:\/\/analyse.optim.biz\/index.php?rest_route=\/wp\/v2\/posts\/2096440","targetHints":{"allow":["GET"]}}],"collection":[{"href":"https:\/\/analyse.optim.biz\/index.php?rest_route=\/wp\/v2\/posts"}],"about":[{"href":"https:\/\/analyse.optim.biz\/index.php?rest_route=\/wp\/v2\/types\/post"}],"author":[{"embeddable":true,"href":"https:\/\/analyse.optim.biz\/index.php?rest_route=\/wp\/v2\/users\/1"}],"replies":[{"embeddable":true,"href":"https:\/\/analyse.optim.biz\/index.php?rest_route=%2Fwp%2Fv2%2Fcomments&post=2096440"}],"version-history":[{"count":0,"href":"https:\/\/analyse.optim.biz\/index.php?rest_route=\/wp\/v2\/posts\/2096440\/revisions"}],"wp:attachment":[{"href":"https:\/\/analyse.optim.biz\/index.php?rest_route=%2Fwp%2Fv2%2Fmedia&parent=2096440"}],"wp:term":[{"taxonomy":"category","embeddable":true,"href":"https:\/\/analyse.optim.biz\/index.php?rest_route=%2Fwp%2Fv2%2Fcategories&post=2096440"},{"taxonomy":"post_tag","embeddable":true,"href":"https:\/\/analyse.optim.biz\/index.php?rest_route=%2Fwp%2Fv2%2Ftags&post=2096440"}],"curies":[{"name":"wp","href":"https:\/\/api.w.org\/{rel}","templated":true}]}}